{"id":6331,"date":"2026-04-24T05:20:17","date_gmt":"2026-04-24T08:20:17","guid":{"rendered":"https:\/\/radioportoseguro.com.br\/site\/2026\/04\/24\/missao-prega-a-criancas-do-oriente-medio-em-meio-a-guerra-precisam-ouvir-o-evangelho\/"},"modified":"2026-04-24T05:20:17","modified_gmt":"2026-04-24T08:20:17","slug":"missao-prega-a-criancas-do-oriente-medio-em-meio-a-guerra-precisam-ouvir-o-evangelho","status":"publish","type":"post","link":"https:\/\/radioportoseguro.com.br\/site\/2026\/04\/24\/missao-prega-a-criancas-do-oriente-medio-em-meio-a-guerra-precisam-ouvir-o-evangelho\/","title":{"rendered":"Miss\u00e3o prega a crian\u00e7as do Oriente M\u00e9dio em meio a guerra: \u2018Precisam ouvir o Evangelho\u2019"},"content":{"rendered":"<p><br \/>\n<br \/><\/p>\n<div>\n<p><span style=\"font-weight: 400;\">Ministros da <\/span><span style=\"color: #800000;\"><strong>Child Evangelism Fellowship <\/strong><\/span><span style=\"font-weight: 400;\">(CEF), uma das principais organiza\u00e7\u00f5es de evangelismo infantil do mundo, continuam levando Jesus a <\/span><span style=\"color: #800000;\"><strong>crian\u00e7as<\/strong><\/span><span style=\"font-weight: 400;\"> no <\/span><span style=\"color: #800000;\"><strong>Oriente M\u00e9dio<\/strong><\/span><span style=\"font-weight: 400;\">, mesmo em meio a <\/span><span style=\"color: #800000;\"><strong>guerra<\/strong><\/span><span style=\"font-weight: 400;\"> atual.<\/span><\/p>\n<p><span style=\"font-weight: 400;\">Segundo a CBN News, os evangelistas est\u00e3o enfrentando os perigos do conflito para pregar a crian\u00e7as que ainda n\u00e3o conhecem o Evangelho.<\/span><\/p>\n<p><span style=\"font-weight: 400;\">&#8220;Eu estava conversando com Saide, que \u00e9 nossa l\u00edder no L\u00edbano e ela disse: &#8216;A situa\u00e7\u00e3o est\u00e1 dif\u00edcil no momento. Bombas est\u00e3o perto da minha casa, mas ainda estamos oferecendo nosso minist\u00e9rio'&#8221;, contou Sam Rejoy, diretor do CEF no Oriente M\u00e9dio, \u00e0 CBN News.<\/span><\/p>\n<p><span style=\"font-weight: 400;\">\u201cNossa l\u00edder do Ir\u00e3, que \u00e9 refugiada em outro pa\u00eds, est\u00e1 t\u00e3o animada com o que est\u00e1 acontecendo porque acredita que Deus est\u00e1 fazendo isso para que seu povo possa ouvir o Evangelho\u201d, acrescentou.<\/span><\/p>\n<p><span style=\"font-weight: 400;\">E destacou: \u201cVoc\u00ea pode ver os nossos trabalhadores saindo, mesmo com m\u00edsseis voando ao redor, e eles ainda est\u00e3o se preparando para o minist\u00e9rio&#8221;.<\/span><\/p>\n<p><span style=\"font-weight: 400;\">O l\u00edder explicou que o trabalho da miss\u00e3o se tornou ainda mais urgente na regi\u00e3o afetada por conflitos. A equipe evangeliza at\u00e9 mesmo em campos de deslocados.<\/span><\/p>\n<p><span style=\"font-weight: 400;\">&#8220;Dois bilh\u00f5es de crian\u00e7as ao redor do mundo precisam ouvir o Evangelho e destes, cerca de 40% vivem no Oriente M\u00e9dio. E a quest\u00e3o \u00e9, como diz a B\u00edblia &#8216;Como eles ouvir\u00e3o o Evangelho se algu\u00e9m n\u00e3o for?'&#8221;, explicou Sam.<\/span><\/p>\n<p><span style=\"font-weight: 400;\">A CEF evangeliza as crian\u00e7as atrav\u00e9s dos Clubes de Boas Novas, que s\u00e3o encontros evangel\u00edsticos adaptados para a realidade local, feitos em casas, quintais, escolas e centros comunit\u00e1rios. A miss\u00e3o tamb\u00e9m usa a internet para alcan\u00e7ar o p\u00fablico infantil no Oriente M\u00e9dio.<\/span><\/p>\n<p><strong>Enfrentando persegui\u00e7\u00e3o<\/strong><\/p>\n<p><span style=\"font-weight: 400;\">Na regi\u00e3o hostil ao cristianismo, os evangelistas da CEF enfrentam restri\u00e7\u00f5es e persegui\u00e7\u00e3o para levar as Boas Novas.<\/span><\/p>\n<p><span style=\"font-weight: 400;\">&#8220;A guerra pode ser algo novo na regi\u00e3o agora, mas nossos trabalhadores e volunt\u00e1rios j\u00e1 enfrentaram muita oposi\u00e7\u00e3o e desafios. Muitas vezes enfrentam ataques pessoais ou s\u00e3o proibidos de compartilhar publicamente o Evangelho&#8221;, pontuou Sam.<\/span><\/p>\n<p><span style=\"font-weight: 400;\">Mesmo enfrentando dificuldades, o trabalho mission\u00e1rio tem dado muitos frutos. \u201cTinha um garotinho de 11 anos cuja fam\u00edlia foi baleada bem na frente dele, e ele escapou. Seu av\u00f4 o levou para um campo de refugiados e nossos trabalhadores o encontraram e compartilharam o Evangelho com ele e continuam ministrando a ele por todo o trauma psicol\u00f3gico que passou\u201d, afirmou o l\u00edder.<\/span><\/p>\n<\/div>\n<p><br \/>\n<br \/>Fonte: Guiame <\/p>\n","protected":false},"excerpt":{"rendered":"<p>Ministros da Child Evangelism Fellowship (CEF), uma das principais organiza\u00e7\u00f5es de evangelismo infantil do mundo, continuam levando Jesus a crian\u00e7as no Oriente M\u00e9dio, mesmo em meio a guerra atual. Segundo a CBN News, os evangelistas est\u00e3o enfrentando os perigos do conflito para pregar a crian\u00e7as que ainda n\u00e3o conhecem o Evangelho. &#8220;Eu estava conversando com [&hellip;]<\/p>\n","protected":false},"author":1,"featured_media":6332,"comment_status":"","ping_status":"open","sticky":false,"template":"","format":"standard","meta":{"footnotes":""},"categories":[43],"tags":[],"class_list":["post-6331","post","type-post","status-publish","format-standard","has-post-thumbnail","hentry","category-destaques"],"yoast_head":"<!-- This site is optimized with the Yoast SEO plugin v26.8 - https:\/\/yoast.com\/product\/yoast-seo-wordpress\/ -->\n<title>Miss\u00e3o prega a crian\u00e7as do Oriente M\u00e9dio em meio a guerra: \u2018Precisam ouvir o Evangelho\u2019 - R\u00e1dio Porto Seguro<\/title>\n<meta name=\"robots\" content=\"index, follow, max-snippet:-1, max-image-preview:large, max-video-preview:-1\" \/>\n<link rel=\"canonical\" href=\"https:\/\/radioportoseguro.com.br\/site\/2026\/04\/24\/missao-prega-a-criancas-do-oriente-medio-em-meio-a-guerra-precisam-ouvir-o-evangelho\/\" \/>\n<meta property=\"og:locale\" content=\"pt_BR\" \/>\n<meta property=\"og:type\" content=\"article\" \/>\n<meta property=\"og:title\" content=\"Miss\u00e3o prega a crian\u00e7as do Oriente M\u00e9dio em meio a guerra: \u2018Precisam ouvir o Evangelho\u2019 - R\u00e1dio Porto Seguro\" \/>\n<meta property=\"og:description\" content=\"Ministros da Child Evangelism Fellowship (CEF), uma das principais organiza\u00e7\u00f5es de evangelismo infantil do mundo, continuam levando Jesus a crian\u00e7as no Oriente M\u00e9dio, mesmo em meio a guerra atual. Segundo a CBN News, os evangelistas est\u00e3o enfrentando os perigos do conflito para pregar a crian\u00e7as que ainda n\u00e3o conhecem o Evangelho. &#8220;Eu estava conversando com [&hellip;]\" \/>\n<meta property=\"og:url\" content=\"https:\/\/radioportoseguro.com.br\/site\/2026\/04\/24\/missao-prega-a-criancas-do-oriente-medio-em-meio-a-guerra-precisam-ouvir-o-evangelho\/\" \/>\n<meta property=\"og:site_name\" content=\"R\u00e1dio Porto Seguro\" \/>\n<meta property=\"article:published_time\" content=\"2026-04-24T08:20:17+00:00\" \/>\n<meta property=\"og:image\" content=\"https:\/\/media.guiame.com.br\/archives\/2026\/04\/23\/274145978-criancas.jpeg\" \/>\n<meta name=\"author\" content=\"admin\" \/>\n<meta name=\"twitter:card\" content=\"summary_large_image\" \/>\n<meta name=\"twitter:label1\" content=\"Escrito por\" \/>\n\t<meta name=\"twitter:data1\" content=\"admin\" \/>\n\t<meta name=\"twitter:label2\" content=\"Est. tempo de leitura\" \/>\n\t<meta name=\"twitter:data2\" content=\"2 minutos\" \/>\n<script type=\"application\/ld+json\" class=\"yoast-schema-graph\">{\"@context\":\"https:\/\/schema.org\",\"@graph\":[{\"@type\":\"Article\",\"@id\":\"https:\/\/radioportoseguro.com.br\/site\/2026\/04\/24\/missao-prega-a-criancas-do-oriente-medio-em-meio-a-guerra-precisam-ouvir-o-evangelho\/#article\",\"isPartOf\":{\"@id\":\"https:\/\/radioportoseguro.com.br\/site\/2026\/04\/24\/missao-prega-a-criancas-do-oriente-medio-em-meio-a-guerra-precisam-ouvir-o-evangelho\/\"},\"author\":{\"name\":\"admin\",\"@id\":\"https:\/\/radioportoseguro.com.br\/site\/#\/schema\/person\/7630acdc320186f13639d3c067ec089b\"},\"headline\":\"Miss\u00e3o prega a crian\u00e7as do Oriente M\u00e9dio em meio a guerra: \u2018Precisam ouvir o Evangelho\u2019\",\"datePublished\":\"2026-04-24T08:20:17+00:00\",\"mainEntityOfPage\":{\"@id\":\"https:\/\/radioportoseguro.com.br\/site\/2026\/04\/24\/missao-prega-a-criancas-do-oriente-medio-em-meio-a-guerra-precisam-ouvir-o-evangelho\/\"},\"wordCount\":447,\"image\":{\"@id\":\"https:\/\/radioportoseguro.com.br\/site\/2026\/04\/24\/missao-prega-a-criancas-do-oriente-medio-em-meio-a-guerra-precisam-ouvir-o-evangelho\/#primaryimage\"},\"thumbnailUrl\":\"https:\/\/radioportoseguro.com.br\/site\/wp-content\/uploads\/2026\/04\/274145978-criancas.jpeg\",\"articleSection\":[\"Destaques\"],\"inLanguage\":\"pt-BR\"},{\"@type\":\"WebPage\",\"@id\":\"https:\/\/radioportoseguro.com.br\/site\/2026\/04\/24\/missao-prega-a-criancas-do-oriente-medio-em-meio-a-guerra-precisam-ouvir-o-evangelho\/\",\"url\":\"https:\/\/radioportoseguro.com.br\/site\/2026\/04\/24\/missao-prega-a-criancas-do-oriente-medio-em-meio-a-guerra-precisam-ouvir-o-evangelho\/\",\"name\":\"Miss\u00e3o prega a crian\u00e7as do Oriente M\u00e9dio em meio a guerra: \u2018Precisam ouvir o Evangelho\u2019 - R\u00e1dio Porto Seguro\",\"isPartOf\":{\"@id\":\"https:\/\/radioportoseguro.com.br\/site\/#website\"},\"primaryImageOfPage\":{\"@id\":\"https:\/\/radioportoseguro.com.br\/site\/2026\/04\/24\/missao-prega-a-criancas-do-oriente-medio-em-meio-a-guerra-precisam-ouvir-o-evangelho\/#primaryimage\"},\"image\":{\"@id\":\"https:\/\/radioportoseguro.com.br\/site\/2026\/04\/24\/missao-prega-a-criancas-do-oriente-medio-em-meio-a-guerra-precisam-ouvir-o-evangelho\/#primaryimage\"},\"thumbnailUrl\":\"https:\/\/radioportoseguro.com.br\/site\/wp-content\/uploads\/2026\/04\/274145978-criancas.jpeg\",\"datePublished\":\"2026-04-24T08:20:17+00:00\",\"author\":{\"@id\":\"https:\/\/radioportoseguro.com.br\/site\/#\/schema\/person\/7630acdc320186f13639d3c067ec089b\"},\"breadcrumb\":{\"@id\":\"https:\/\/radioportoseguro.com.br\/site\/2026\/04\/24\/missao-prega-a-criancas-do-oriente-medio-em-meio-a-guerra-precisam-ouvir-o-evangelho\/#breadcrumb\"},\"inLanguage\":\"pt-BR\",\"potentialAction\":[{\"@type\":\"ReadAction\",\"target\":[\"https:\/\/radioportoseguro.com.br\/site\/2026\/04\/24\/missao-prega-a-criancas-do-oriente-medio-em-meio-a-guerra-precisam-ouvir-o-evangelho\/\"]}]},{\"@type\":\"ImageObject\",\"inLanguage\":\"pt-BR\",\"@id\":\"https:\/\/radioportoseguro.com.br\/site\/2026\/04\/24\/missao-prega-a-criancas-do-oriente-medio-em-meio-a-guerra-precisam-ouvir-o-evangelho\/#primaryimage\",\"url\":\"https:\/\/radioportoseguro.com.br\/site\/wp-content\/uploads\/2026\/04\/274145978-criancas.jpeg\",\"contentUrl\":\"https:\/\/radioportoseguro.com.br\/site\/wp-content\/uploads\/2026\/04\/274145978-criancas.jpeg\",\"width\":1200,\"height\":600},{\"@type\":\"BreadcrumbList\",\"@id\":\"https:\/\/radioportoseguro.com.br\/site\/2026\/04\/24\/missao-prega-a-criancas-do-oriente-medio-em-meio-a-guerra-precisam-ouvir-o-evangelho\/#breadcrumb\",\"itemListElement\":[{\"@type\":\"ListItem\",\"position\":1,\"name\":\"In\u00edcio\",\"item\":\"https:\/\/radioportoseguro.com.br\/site\/\"},{\"@type\":\"ListItem\",\"position\":2,\"name\":\"Miss\u00e3o prega a crian\u00e7as do Oriente M\u00e9dio em meio a guerra: \u2018Precisam ouvir o Evangelho\u2019\"}]},{\"@type\":\"WebSite\",\"@id\":\"https:\/\/radioportoseguro.com.br\/site\/#website\",\"url\":\"https:\/\/radioportoseguro.com.br\/site\/\",\"name\":\"R\u00e1dio Porto Seguro\",\"description\":\"\",\"potentialAction\":[{\"@type\":\"SearchAction\",\"target\":{\"@type\":\"EntryPoint\",\"urlTemplate\":\"https:\/\/radioportoseguro.com.br\/site\/?s={search_term_string}\"},\"query-input\":{\"@type\":\"PropertyValueSpecification\",\"valueRequired\":true,\"valueName\":\"search_term_string\"}}],\"inLanguage\":\"pt-BR\"},{\"@type\":\"Person\",\"@id\":\"https:\/\/radioportoseguro.com.br\/site\/#\/schema\/person\/7630acdc320186f13639d3c067ec089b\",\"name\":\"admin\",\"image\":{\"@type\":\"ImageObject\",\"inLanguage\":\"pt-BR\",\"@id\":\"https:\/\/radioportoseguro.com.br\/site\/#\/schema\/person\/image\/\",\"url\":\"https:\/\/secure.gravatar.com\/avatar\/caacf4dc1eedb68fab0df8e1ed46c448e578b2466351bbcb61e47d2ac0caaef0?s=96&d=mm&r=g\",\"contentUrl\":\"https:\/\/secure.gravatar.com\/avatar\/caacf4dc1eedb68fab0df8e1ed46c448e578b2466351bbcb61e47d2ac0caaef0?s=96&d=mm&r=g\",\"caption\":\"admin\"},\"sameAs\":[\"https:\/\/radioportoseguro.com.br\/site\"],\"url\":\"https:\/\/radioportoseguro.com.br\/site\/author\/hezio\/\"}]}<\/script>\n<!-- \/ Yoast SEO plugin. -->","yoast_head_json":{"title":"Miss\u00e3o prega a crian\u00e7as do Oriente M\u00e9dio em meio a guerra: \u2018Precisam ouvir o Evangelho\u2019 - R\u00e1dio Porto Seguro","robots":{"index":"index","follow":"follow","max-snippet":"max-snippet:-1","max-image-preview":"max-image-preview:large","max-video-preview":"max-video-preview:-1"},"canonical":"https:\/\/radioportoseguro.com.br\/site\/2026\/04\/24\/missao-prega-a-criancas-do-oriente-medio-em-meio-a-guerra-precisam-ouvir-o-evangelho\/","og_locale":"pt_BR","og_type":"article","og_title":"Miss\u00e3o prega a crian\u00e7as do Oriente M\u00e9dio em meio a guerra: \u2018Precisam ouvir o Evangelho\u2019 - R\u00e1dio Porto Seguro","og_description":"Ministros da Child Evangelism Fellowship (CEF), uma das principais organiza\u00e7\u00f5es de evangelismo infantil do mundo, continuam levando Jesus a crian\u00e7as no Oriente M\u00e9dio, mesmo em meio a guerra atual. Segundo a CBN News, os evangelistas est\u00e3o enfrentando os perigos do conflito para pregar a crian\u00e7as que ainda n\u00e3o conhecem o Evangelho. &#8220;Eu estava conversando com [&hellip;]","og_url":"https:\/\/radioportoseguro.com.br\/site\/2026\/04\/24\/missao-prega-a-criancas-do-oriente-medio-em-meio-a-guerra-precisam-ouvir-o-evangelho\/","og_site_name":"R\u00e1dio Porto Seguro","article_published_time":"2026-04-24T08:20:17+00:00","og_image":[{"url":"https:\/\/media.guiame.com.br\/archives\/2026\/04\/23\/274145978-criancas.jpeg","type":"","width":"","height":""}],"author":"admin","twitter_card":"summary_large_image","twitter_misc":{"Escrito por":"admin","Est. tempo de leitura":"2 minutos"},"schema":{"@context":"https:\/\/schema.org","@graph":[{"@type":"Article","@id":"https:\/\/radioportoseguro.com.br\/site\/2026\/04\/24\/missao-prega-a-criancas-do-oriente-medio-em-meio-a-guerra-precisam-ouvir-o-evangelho\/#article","isPartOf":{"@id":"https:\/\/radioportoseguro.com.br\/site\/2026\/04\/24\/missao-prega-a-criancas-do-oriente-medio-em-meio-a-guerra-precisam-ouvir-o-evangelho\/"},"author":{"name":"admin","@id":"https:\/\/radioportoseguro.com.br\/site\/#\/schema\/person\/7630acdc320186f13639d3c067ec089b"},"headline":"Miss\u00e3o prega a crian\u00e7as do Oriente M\u00e9dio em meio a guerra: \u2018Precisam ouvir o Evangelho\u2019","datePublished":"2026-04-24T08:20:17+00:00","mainEntityOfPage":{"@id":"https:\/\/radioportoseguro.com.br\/site\/2026\/04\/24\/missao-prega-a-criancas-do-oriente-medio-em-meio-a-guerra-precisam-ouvir-o-evangelho\/"},"wordCount":447,"image":{"@id":"https:\/\/radioportoseguro.com.br\/site\/2026\/04\/24\/missao-prega-a-criancas-do-oriente-medio-em-meio-a-guerra-precisam-ouvir-o-evangelho\/#primaryimage"},"thumbnailUrl":"https:\/\/radioportoseguro.com.br\/site\/wp-content\/uploads\/2026\/04\/274145978-criancas.jpeg","articleSection":["Destaques"],"inLanguage":"pt-BR"},{"@type":"WebPage","@id":"https:\/\/radioportoseguro.com.br\/site\/2026\/04\/24\/missao-prega-a-criancas-do-oriente-medio-em-meio-a-guerra-precisam-ouvir-o-evangelho\/","url":"https:\/\/radioportoseguro.com.br\/site\/2026\/04\/24\/missao-prega-a-criancas-do-oriente-medio-em-meio-a-guerra-precisam-ouvir-o-evangelho\/","name":"Miss\u00e3o prega a crian\u00e7as do Oriente M\u00e9dio em meio a guerra: \u2018Precisam ouvir o Evangelho\u2019 - R\u00e1dio Porto Seguro","isPartOf":{"@id":"https:\/\/radioportoseguro.com.br\/site\/#website"},"primaryImageOfPage":{"@id":"https:\/\/radioportoseguro.com.br\/site\/2026\/04\/24\/missao-prega-a-criancas-do-oriente-medio-em-meio-a-guerra-precisam-ouvir-o-evangelho\/#primaryimage"},"image":{"@id":"https:\/\/radioportoseguro.com.br\/site\/2026\/04\/24\/missao-prega-a-criancas-do-oriente-medio-em-meio-a-guerra-precisam-ouvir-o-evangelho\/#primaryimage"},"thumbnailUrl":"https:\/\/radioportoseguro.com.br\/site\/wp-content\/uploads\/2026\/04\/274145978-criancas.jpeg","datePublished":"2026-04-24T08:20:17+00:00","author":{"@id":"https:\/\/radioportoseguro.com.br\/site\/#\/schema\/person\/7630acdc320186f13639d3c067ec089b"},"breadcrumb":{"@id":"https:\/\/radioportoseguro.com.br\/site\/2026\/04\/24\/missao-prega-a-criancas-do-oriente-medio-em-meio-a-guerra-precisam-ouvir-o-evangelho\/#breadcrumb"},"inLanguage":"pt-BR","potentialAction":[{"@type":"ReadAction","target":["https:\/\/radioportoseguro.com.br\/site\/2026\/04\/24\/missao-prega-a-criancas-do-oriente-medio-em-meio-a-guerra-precisam-ouvir-o-evangelho\/"]}]},{"@type":"ImageObject","inLanguage":"pt-BR","@id":"https:\/\/radioportoseguro.com.br\/site\/2026\/04\/24\/missao-prega-a-criancas-do-oriente-medio-em-meio-a-guerra-precisam-ouvir-o-evangelho\/#primaryimage","url":"https:\/\/radioportoseguro.com.br\/site\/wp-content\/uploads\/2026\/04\/274145978-criancas.jpeg","contentUrl":"https:\/\/radioportoseguro.com.br\/site\/wp-content\/uploads\/2026\/04\/274145978-criancas.jpeg","width":1200,"height":600},{"@type":"BreadcrumbList","@id":"https:\/\/radioportoseguro.com.br\/site\/2026\/04\/24\/missao-prega-a-criancas-do-oriente-medio-em-meio-a-guerra-precisam-ouvir-o-evangelho\/#breadcrumb","itemListElement":[{"@type":"ListItem","position":1,"name":"In\u00edcio","item":"https:\/\/radioportoseguro.com.br\/site\/"},{"@type":"ListItem","position":2,"name":"Miss\u00e3o prega a crian\u00e7as do Oriente M\u00e9dio em meio a guerra: \u2018Precisam ouvir o Evangelho\u2019"}]},{"@type":"WebSite","@id":"https:\/\/radioportoseguro.com.br\/site\/#website","url":"https:\/\/radioportoseguro.com.br\/site\/","name":"R\u00e1dio Porto Seguro","description":"","potentialAction":[{"@type":"SearchAction","target":{"@type":"EntryPoint","urlTemplate":"https:\/\/radioportoseguro.com.br\/site\/?s={search_term_string}"},"query-input":{"@type":"PropertyValueSpecification","valueRequired":true,"valueName":"search_term_string"}}],"inLanguage":"pt-BR"},{"@type":"Person","@id":"https:\/\/radioportoseguro.com.br\/site\/#\/schema\/person\/7630acdc320186f13639d3c067ec089b","name":"admin","image":{"@type":"ImageObject","inLanguage":"pt-BR","@id":"https:\/\/radioportoseguro.com.br\/site\/#\/schema\/person\/image\/","url":"https:\/\/secure.gravatar.com\/avatar\/caacf4dc1eedb68fab0df8e1ed46c448e578b2466351bbcb61e47d2ac0caaef0?s=96&d=mm&r=g","contentUrl":"https:\/\/secure.gravatar.com\/avatar\/caacf4dc1eedb68fab0df8e1ed46c448e578b2466351bbcb61e47d2ac0caaef0?s=96&d=mm&r=g","caption":"admin"},"sameAs":["https:\/\/radioportoseguro.com.br\/site"],"url":"https:\/\/radioportoseguro.com.br\/site\/author\/hezio\/"}]}},"_links":{"self":[{"href":"https:\/\/radioportoseguro.com.br\/site\/wp-json\/wp\/v2\/posts\/6331","targetHints":{"allow":["GET"]}}],"collection":[{"href":"https:\/\/radioportoseguro.com.br\/site\/wp-json\/wp\/v2\/posts"}],"about":[{"href":"https:\/\/radioportoseguro.com.br\/site\/wp-json\/wp\/v2\/types\/post"}],"author":[{"embeddable":true,"href":"https:\/\/radioportoseguro.com.br\/site\/wp-json\/wp\/v2\/users\/1"}],"replies":[{"embeddable":true,"href":"https:\/\/radioportoseguro.com.br\/site\/wp-json\/wp\/v2\/comments?post=6331"}],"version-history":[{"count":0,"href":"https:\/\/radioportoseguro.com.br\/site\/wp-json\/wp\/v2\/posts\/6331\/revisions"}],"wp:featuredmedia":[{"embeddable":true,"href":"https:\/\/radioportoseguro.com.br\/site\/wp-json\/wp\/v2\/media\/6332"}],"wp:attachment":[{"href":"https:\/\/radioportoseguro.com.br\/site\/wp-json\/wp\/v2\/media?parent=6331"}],"wp:term":[{"taxonomy":"category","embeddable":true,"href":"https:\/\/radioportoseguro.com.br\/site\/wp-json\/wp\/v2\/categories?post=6331"},{"taxonomy":"post_tag","embeddable":true,"href":"https:\/\/radioportoseguro.com.br\/site\/wp-json\/wp\/v2\/tags?post=6331"}],"curies":[{"name":"wp","href":"https:\/\/api.w.org\/{rel}","templated":true}]}}