{"id":6335,"date":"2026-04-24T07:26:03","date_gmt":"2026-04-24T10:26:03","guid":{"rendered":"https:\/\/radioportoseguro.com.br\/site\/2026\/04\/24\/jovem-e-curada-de-depressao-profunda-apos-clamar-a-deus-nao-sofro-mais-de-traumas\/"},"modified":"2026-04-24T07:26:03","modified_gmt":"2026-04-24T10:26:03","slug":"jovem-e-curada-de-depressao-profunda-apos-clamar-a-deus-nao-sofro-mais-de-traumas","status":"publish","type":"post","link":"https:\/\/radioportoseguro.com.br\/site\/2026\/04\/24\/jovem-e-curada-de-depressao-profunda-apos-clamar-a-deus-nao-sofro-mais-de-traumas\/","title":{"rendered":"Jovem \u00e9 curada de depress\u00e3o profunda ap\u00f3s clamar a Deus: \u201cN\u00e3o sofro mais de traumas\u201d"},"content":{"rendered":"<p><br \/>\n<br \/><\/p>\n<div>\n<p><span style=\"font-weight: 400;\">Annemarijn cresceu em uma fam\u00edlia crist\u00e3 na Holanda, mas nunca havia experimentado uma f\u00e9 viva em Deus, segundo a <\/span><span style=\"color: #800000;\"><strong>Revive<\/strong><\/span><span style=\"font-weight: 400;\">.<\/span><\/p>\n<p><span style=\"font-weight: 400;\">\u201cMeus pais acreditavam que Jesus havia morrido por eles, mas n\u00e3o foi muito mais profundo. \u00c9ramos obrigados a ir \u00e0 igreja toda semana, mas eu achava a igreja muito entediante. Quando olhei para o pastor, parecia que ele n\u00e3o vivia realmente a f\u00e9. Pensei: deve haver mais\u201d, contou ela, em entrevista ao Revive.<\/span><\/p>\n<p><span style=\"font-weight: 400;\">Annemarijn era uma menina alegre e tinha muitos amigos. Por\u00e9m, tudo mudou no Ensino M\u00e9dio.<\/span><\/p>\n<p><span style=\"font-weight: 400;\">Colegas espalharam boatos sobre ela e come\u00e7aram a fazer <\/span><span style=\"color: #800000;\"><strong>bullying<\/strong><\/span><span style=\"font-weight: 400;\">. Em seguida, a pandemia da Covid-19 chegou.\u00a0<\/span><\/p>\n<p><span style=\"font-weight: 400;\">Com as escolas fechadas, Annemarijn enfrentou a solid\u00e3o em casa. Al\u00e9m disso, ela lembrou que um homem havia abusado dela.\u00a0<\/span><\/p>\n<p><span style=\"font-weight: 400;\">\u201cEu me sentia muito sozinha. Os sentimentos de inseguran\u00e7a surgiam cada vez mais, porque eu n\u00e3o recebia mais a afirma\u00e7\u00e3o dos meus amigos. Com essa inseguran\u00e7a, traumas de abuso vieram \u00e0 tona de repente, com os quais eu nunca tinha lidado. Como eu estava sozinha em casa, n\u00e3o conseguia mais suprimir esses sentimentos\u201d, explicou ela.<\/span><\/p>\n<p><strong>Transtorno alimentar<\/strong><\/p>\n<p><span style=\"font-weight: 400;\">A adolescente foi diagnosticada com <\/span><span style=\"color: #800000;\"><strong>depress\u00e3o<\/strong><\/span><span style=\"font-weight: 400;\"> profunda e transtorno alimentar. \u201cEu tamb\u00e9m n\u00e3o queria mais viver. Eu s\u00f3 tinha pensamentos negativos e afastava todo mundo de mim. Tamb\u00e9m afastei Deus\u201d, observou.<\/span><\/p>\n<p><span style=\"font-weight: 400;\">&#8220;Eu estive em um lugar t\u00e3o escuro que n\u00e3o queria comer nem beber de jeito nenhum e ent\u00e3o pedi ajuda a Deus. Ele me respondeu atrav\u00e9s de uma amiga. Ela me enviou um vers\u00edculo b\u00edblico: &#8216;Ouvi sua ora\u00e7\u00e3o, vi suas l\u00e1grimas&#8217;. Percebi ent\u00e3o que Deus estava realmente ali\u201d.<\/span><\/p>\n<p><span style=\"font-weight: 400;\">Annemarijn recebeu tratamento m\u00e9dico com medica\u00e7\u00e3o e terapia, mas nada adiantou. Ele continuou lutando contra a depress\u00e3o e acabou se tornando viciada em drogas.<\/span><\/p>\n<p><span style=\"font-weight: 400;\">&#8220;Tudo era escuro e cinza. Tentei v\u00e1rias vezes acabar com minha vida, mas isso sempre falhava\u201d, afirmou.<\/span><\/p>\n<p><span style=\"font-weight: 400;\">\u201cEu tive um c\u00e3o de servi\u00e7o, porque n\u00e3o conseguia andar sozinha nas ruas por causa do medo extremo. Eu tinha medo de homens, por causa do que passei. Tamb\u00e9m n\u00e3o conseguia viajar de trem sem sofrer de dissocia\u00e7\u00e3o ou reviver traumas novamente&#8221;.<\/span><\/p>\n<p><strong>\u201cSenhor, me ajude a sair dessa\u201d<\/strong><\/p>\n<p><span style=\"font-weight: 400;\">At\u00e9 que certo dia, em completo desespero, a jovem clamou por socorro a Deus: \u201cSenhor, me ajude a sair dessa!\u201d.<\/span><\/p>\n<p><span style=\"font-weight: 400;\">Ent\u00e3o, Annemarrijn experimentou uma liberta\u00e7\u00e3o sobrenatural. Seu corpo come\u00e7ou a tremer e ela sentiu algo saindo dele.<\/span><\/p>\n<p><span style=\"font-weight: 400;\">\u201cUm esp\u00edrito de v\u00edcio saiu de mim. Eu gritei &#8216;Jesus!&#8217; e o tremor parou e eu soube que estava completamente livre do meu v\u00edcio\u201d, lembrou.<\/span><\/p>\n<p><span style=\"font-weight: 400;\">\u201cEu n\u00e3o sabia nada sobre liberta\u00e7\u00e3o, mas disse a Deus: &#8216;Se puderes tirar isso, leva o resto tamb\u00e9m\u2019\u201d.<\/span><\/p>\n<p><span style=\"font-weight: 400;\">Desde aquele dia, ela n\u00e3o sentiu mais vontade de usar drogas. Annemarrijn ainda sofria de depress\u00e3o e foi internada em uma cl\u00ednica para tratamento de trauma.<\/span><\/p>\n<p><span style=\"font-weight: 400;\">\u201cTodos pens\u00e1vamos que Deus usaria a cl\u00ednica para minha cura, mas no fim n\u00e3o deu certo. De repente, minha m\u00e3e soube de um culto de cura que ia acontecer. Antes, meus pais n\u00e3o gostavam nada disso, mas minha m\u00e3e parecia cheia de esperan\u00e7a e f\u00e9\u201d, comentou.<\/span><\/p>\n<p><strong>Palavra que liberta<\/strong><\/p>\n<p><span style=\"font-weight: 400;\">Os pais levaram a filha ao culto e viram o fruto de sua f\u00e9. \u201cQuando chegamos, me senti muito estranha. Continuei ouvindo vozes dizendo que eu precisava sair. Depois descobri que eram dem\u00f4nios\u201d, falou.<\/span><\/p>\n<p><span style=\"font-weight: 400;\">A jovem recebeu ora\u00e7\u00e3o no culto e foi curada da depress\u00e3o no mesmo instante. \u201cDeus mudou tudo. Desde que fui libertada, posso andar normalmente pelas ruas de novo, posso conversar com homens normalmente e n\u00e3o sofro mais de traumas!&#8221;, testemunhou ela.<\/span><\/p>\n<p><span style=\"font-weight: 400;\">Annemarrijn se aproximou de Deus atrav\u00e9s do estudo da B\u00edblia e teve sua identidade restaurada.\u00a0<\/span><\/p>\n<p><span style=\"font-weight: 400;\">&#8220;Acredito que <\/span><span style=\"color: #800000;\"><strong>a verdade da Palavra de Deus te liberta<\/strong><\/span><span style=\"font-weight: 400;\">. Tudo o que est\u00e1 em Sua Palavra \u00e9 verdade. Se voc\u00ea pedir revela\u00e7\u00e3o ao Esp\u00edrito Santo, a Palavra tamb\u00e9m ganhar\u00e1 vida para voc\u00ea. A Palavra de Deus me ajudou em todas as situa\u00e7\u00f5es. E essa mesma Palavra tem plena capacidade de te libertar e te manter livre\u201d, declarou.<\/span><\/p>\n<p><span style=\"font-weight: 400;\">Hoje, a jovem frequenta a escola b\u00edblica da Frontrunners Ministries e evangeliza nas ruas da Holanda.<\/span><\/p>\n<\/div>\n<p><br \/>\n<br \/>Fonte: Guiame <\/p>\n","protected":false},"excerpt":{"rendered":"<p>Annemarijn cresceu em uma fam\u00edlia crist\u00e3 na Holanda, mas nunca havia experimentado uma f\u00e9 viva em Deus, segundo a Revive. \u201cMeus pais acreditavam que Jesus havia morrido por eles, mas n\u00e3o foi muito mais profundo. \u00c9ramos obrigados a ir \u00e0 igreja toda semana, mas eu achava a igreja muito entediante. Quando olhei para o pastor, [&hellip;]<\/p>\n","protected":false},"author":1,"featured_media":6336,"comment_status":"","ping_status":"open","sticky":false,"template":"","format":"standard","meta":{"footnotes":""},"categories":[43],"tags":[],"class_list":["post-6335","post","type-post","status-publish","format-standard","has-post-thumbnail","hentry","category-destaques"],"yoast_head":"<!-- This site is optimized with the Yoast SEO plugin v26.8 - https:\/\/yoast.com\/product\/yoast-seo-wordpress\/ -->\n<title>Jovem \u00e9 curada de depress\u00e3o profunda ap\u00f3s clamar a Deus: \u201cN\u00e3o sofro mais de traumas\u201d - R\u00e1dio Porto Seguro<\/title>\n<meta name=\"robots\" content=\"index, follow, max-snippet:-1, max-image-preview:large, max-video-preview:-1\" \/>\n<link rel=\"canonical\" href=\"https:\/\/radioportoseguro.com.br\/site\/2026\/04\/24\/jovem-e-curada-de-depressao-profunda-apos-clamar-a-deus-nao-sofro-mais-de-traumas\/\" \/>\n<meta property=\"og:locale\" content=\"pt_BR\" \/>\n<meta property=\"og:type\" content=\"article\" \/>\n<meta property=\"og:title\" content=\"Jovem \u00e9 curada de depress\u00e3o profunda ap\u00f3s clamar a Deus: \u201cN\u00e3o sofro mais de traumas\u201d - R\u00e1dio Porto Seguro\" \/>\n<meta property=\"og:description\" content=\"Annemarijn cresceu em uma fam\u00edlia crist\u00e3 na Holanda, mas nunca havia experimentado uma f\u00e9 viva em Deus, segundo a Revive. \u201cMeus pais acreditavam que Jesus havia morrido por eles, mas n\u00e3o foi muito mais profundo. \u00c9ramos obrigados a ir \u00e0 igreja toda semana, mas eu achava a igreja muito entediante. Quando olhei para o pastor, [&hellip;]\" \/>\n<meta property=\"og:url\" content=\"https:\/\/radioportoseguro.com.br\/site\/2026\/04\/24\/jovem-e-curada-de-depressao-profunda-apos-clamar-a-deus-nao-sofro-mais-de-traumas\/\" \/>\n<meta property=\"og:site_name\" content=\"R\u00e1dio Porto Seguro\" \/>\n<meta property=\"article:published_time\" content=\"2026-04-24T10:26:03+00:00\" \/>\n<meta property=\"og:image\" content=\"https:\/\/media.guiame.com.br\/archives\/2026\/04\/23\/1071905763-annemarijn.JPG\" \/>\n<meta name=\"author\" content=\"admin\" \/>\n<meta name=\"twitter:card\" content=\"summary_large_image\" \/>\n<meta name=\"twitter:label1\" content=\"Escrito por\" \/>\n\t<meta name=\"twitter:data1\" content=\"admin\" \/>\n\t<meta name=\"twitter:label2\" content=\"Est. tempo de leitura\" \/>\n\t<meta name=\"twitter:data2\" content=\"4 minutos\" \/>\n<script type=\"application\/ld+json\" class=\"yoast-schema-graph\">{\"@context\":\"https:\/\/schema.org\",\"@graph\":[{\"@type\":\"Article\",\"@id\":\"https:\/\/radioportoseguro.com.br\/site\/2026\/04\/24\/jovem-e-curada-de-depressao-profunda-apos-clamar-a-deus-nao-sofro-mais-de-traumas\/#article\",\"isPartOf\":{\"@id\":\"https:\/\/radioportoseguro.com.br\/site\/2026\/04\/24\/jovem-e-curada-de-depressao-profunda-apos-clamar-a-deus-nao-sofro-mais-de-traumas\/\"},\"author\":{\"name\":\"admin\",\"@id\":\"https:\/\/radioportoseguro.com.br\/site\/#\/schema\/person\/7630acdc320186f13639d3c067ec089b\"},\"headline\":\"Jovem \u00e9 curada de depress\u00e3o profunda ap\u00f3s clamar a Deus: \u201cN\u00e3o sofro mais de traumas\u201d\",\"datePublished\":\"2026-04-24T10:26:03+00:00\",\"mainEntityOfPage\":{\"@id\":\"https:\/\/radioportoseguro.com.br\/site\/2026\/04\/24\/jovem-e-curada-de-depressao-profunda-apos-clamar-a-deus-nao-sofro-mais-de-traumas\/\"},\"wordCount\":753,\"image\":{\"@id\":\"https:\/\/radioportoseguro.com.br\/site\/2026\/04\/24\/jovem-e-curada-de-depressao-profunda-apos-clamar-a-deus-nao-sofro-mais-de-traumas\/#primaryimage\"},\"thumbnailUrl\":\"https:\/\/radioportoseguro.com.br\/site\/wp-content\/uploads\/2026\/04\/1071905763-annemarijn.JPG\",\"articleSection\":[\"Destaques\"],\"inLanguage\":\"pt-BR\"},{\"@type\":\"WebPage\",\"@id\":\"https:\/\/radioportoseguro.com.br\/site\/2026\/04\/24\/jovem-e-curada-de-depressao-profunda-apos-clamar-a-deus-nao-sofro-mais-de-traumas\/\",\"url\":\"https:\/\/radioportoseguro.com.br\/site\/2026\/04\/24\/jovem-e-curada-de-depressao-profunda-apos-clamar-a-deus-nao-sofro-mais-de-traumas\/\",\"name\":\"Jovem \u00e9 curada de depress\u00e3o profunda ap\u00f3s clamar a Deus: \u201cN\u00e3o sofro mais de traumas\u201d - R\u00e1dio Porto Seguro\",\"isPartOf\":{\"@id\":\"https:\/\/radioportoseguro.com.br\/site\/#website\"},\"primaryImageOfPage\":{\"@id\":\"https:\/\/radioportoseguro.com.br\/site\/2026\/04\/24\/jovem-e-curada-de-depressao-profunda-apos-clamar-a-deus-nao-sofro-mais-de-traumas\/#primaryimage\"},\"image\":{\"@id\":\"https:\/\/radioportoseguro.com.br\/site\/2026\/04\/24\/jovem-e-curada-de-depressao-profunda-apos-clamar-a-deus-nao-sofro-mais-de-traumas\/#primaryimage\"},\"thumbnailUrl\":\"https:\/\/radioportoseguro.com.br\/site\/wp-content\/uploads\/2026\/04\/1071905763-annemarijn.JPG\",\"datePublished\":\"2026-04-24T10:26:03+00:00\",\"author\":{\"@id\":\"https:\/\/radioportoseguro.com.br\/site\/#\/schema\/person\/7630acdc320186f13639d3c067ec089b\"},\"breadcrumb\":{\"@id\":\"https:\/\/radioportoseguro.com.br\/site\/2026\/04\/24\/jovem-e-curada-de-depressao-profunda-apos-clamar-a-deus-nao-sofro-mais-de-traumas\/#breadcrumb\"},\"inLanguage\":\"pt-BR\",\"potentialAction\":[{\"@type\":\"ReadAction\",\"target\":[\"https:\/\/radioportoseguro.com.br\/site\/2026\/04\/24\/jovem-e-curada-de-depressao-profunda-apos-clamar-a-deus-nao-sofro-mais-de-traumas\/\"]}]},{\"@type\":\"ImageObject\",\"inLanguage\":\"pt-BR\",\"@id\":\"https:\/\/radioportoseguro.com.br\/site\/2026\/04\/24\/jovem-e-curada-de-depressao-profunda-apos-clamar-a-deus-nao-sofro-mais-de-traumas\/#primaryimage\",\"url\":\"https:\/\/radioportoseguro.com.br\/site\/wp-content\/uploads\/2026\/04\/1071905763-annemarijn.JPG\",\"contentUrl\":\"https:\/\/radioportoseguro.com.br\/site\/wp-content\/uploads\/2026\/04\/1071905763-annemarijn.JPG\",\"width\":1200,\"height\":600},{\"@type\":\"BreadcrumbList\",\"@id\":\"https:\/\/radioportoseguro.com.br\/site\/2026\/04\/24\/jovem-e-curada-de-depressao-profunda-apos-clamar-a-deus-nao-sofro-mais-de-traumas\/#breadcrumb\",\"itemListElement\":[{\"@type\":\"ListItem\",\"position\":1,\"name\":\"In\u00edcio\",\"item\":\"https:\/\/radioportoseguro.com.br\/site\/\"},{\"@type\":\"ListItem\",\"position\":2,\"name\":\"Jovem \u00e9 curada de depress\u00e3o profunda ap\u00f3s clamar a Deus: \u201cN\u00e3o sofro mais de traumas\u201d\"}]},{\"@type\":\"WebSite\",\"@id\":\"https:\/\/radioportoseguro.com.br\/site\/#website\",\"url\":\"https:\/\/radioportoseguro.com.br\/site\/\",\"name\":\"R\u00e1dio Porto Seguro\",\"description\":\"\",\"potentialAction\":[{\"@type\":\"SearchAction\",\"target\":{\"@type\":\"EntryPoint\",\"urlTemplate\":\"https:\/\/radioportoseguro.com.br\/site\/?s={search_term_string}\"},\"query-input\":{\"@type\":\"PropertyValueSpecification\",\"valueRequired\":true,\"valueName\":\"search_term_string\"}}],\"inLanguage\":\"pt-BR\"},{\"@type\":\"Person\",\"@id\":\"https:\/\/radioportoseguro.com.br\/site\/#\/schema\/person\/7630acdc320186f13639d3c067ec089b\",\"name\":\"admin\",\"image\":{\"@type\":\"ImageObject\",\"inLanguage\":\"pt-BR\",\"@id\":\"https:\/\/radioportoseguro.com.br\/site\/#\/schema\/person\/image\/\",\"url\":\"https:\/\/secure.gravatar.com\/avatar\/caacf4dc1eedb68fab0df8e1ed46c448e578b2466351bbcb61e47d2ac0caaef0?s=96&d=mm&r=g\",\"contentUrl\":\"https:\/\/secure.gravatar.com\/avatar\/caacf4dc1eedb68fab0df8e1ed46c448e578b2466351bbcb61e47d2ac0caaef0?s=96&d=mm&r=g\",\"caption\":\"admin\"},\"sameAs\":[\"https:\/\/radioportoseguro.com.br\/site\"],\"url\":\"https:\/\/radioportoseguro.com.br\/site\/author\/hezio\/\"}]}<\/script>\n<!-- \/ Yoast SEO plugin. -->","yoast_head_json":{"title":"Jovem \u00e9 curada de depress\u00e3o profunda ap\u00f3s clamar a Deus: \u201cN\u00e3o sofro mais de traumas\u201d - R\u00e1dio Porto Seguro","robots":{"index":"index","follow":"follow","max-snippet":"max-snippet:-1","max-image-preview":"max-image-preview:large","max-video-preview":"max-video-preview:-1"},"canonical":"https:\/\/radioportoseguro.com.br\/site\/2026\/04\/24\/jovem-e-curada-de-depressao-profunda-apos-clamar-a-deus-nao-sofro-mais-de-traumas\/","og_locale":"pt_BR","og_type":"article","og_title":"Jovem \u00e9 curada de depress\u00e3o profunda ap\u00f3s clamar a Deus: \u201cN\u00e3o sofro mais de traumas\u201d - R\u00e1dio Porto Seguro","og_description":"Annemarijn cresceu em uma fam\u00edlia crist\u00e3 na Holanda, mas nunca havia experimentado uma f\u00e9 viva em Deus, segundo a Revive. \u201cMeus pais acreditavam que Jesus havia morrido por eles, mas n\u00e3o foi muito mais profundo. \u00c9ramos obrigados a ir \u00e0 igreja toda semana, mas eu achava a igreja muito entediante. Quando olhei para o pastor, [&hellip;]","og_url":"https:\/\/radioportoseguro.com.br\/site\/2026\/04\/24\/jovem-e-curada-de-depressao-profunda-apos-clamar-a-deus-nao-sofro-mais-de-traumas\/","og_site_name":"R\u00e1dio Porto Seguro","article_published_time":"2026-04-24T10:26:03+00:00","og_image":[{"url":"https:\/\/media.guiame.com.br\/archives\/2026\/04\/23\/1071905763-annemarijn.JPG","type":"","width":"","height":""}],"author":"admin","twitter_card":"summary_large_image","twitter_misc":{"Escrito por":"admin","Est. tempo de leitura":"4 minutos"},"schema":{"@context":"https:\/\/schema.org","@graph":[{"@type":"Article","@id":"https:\/\/radioportoseguro.com.br\/site\/2026\/04\/24\/jovem-e-curada-de-depressao-profunda-apos-clamar-a-deus-nao-sofro-mais-de-traumas\/#article","isPartOf":{"@id":"https:\/\/radioportoseguro.com.br\/site\/2026\/04\/24\/jovem-e-curada-de-depressao-profunda-apos-clamar-a-deus-nao-sofro-mais-de-traumas\/"},"author":{"name":"admin","@id":"https:\/\/radioportoseguro.com.br\/site\/#\/schema\/person\/7630acdc320186f13639d3c067ec089b"},"headline":"Jovem \u00e9 curada de depress\u00e3o profunda ap\u00f3s clamar a Deus: \u201cN\u00e3o sofro mais de traumas\u201d","datePublished":"2026-04-24T10:26:03+00:00","mainEntityOfPage":{"@id":"https:\/\/radioportoseguro.com.br\/site\/2026\/04\/24\/jovem-e-curada-de-depressao-profunda-apos-clamar-a-deus-nao-sofro-mais-de-traumas\/"},"wordCount":753,"image":{"@id":"https:\/\/radioportoseguro.com.br\/site\/2026\/04\/24\/jovem-e-curada-de-depressao-profunda-apos-clamar-a-deus-nao-sofro-mais-de-traumas\/#primaryimage"},"thumbnailUrl":"https:\/\/radioportoseguro.com.br\/site\/wp-content\/uploads\/2026\/04\/1071905763-annemarijn.JPG","articleSection":["Destaques"],"inLanguage":"pt-BR"},{"@type":"WebPage","@id":"https:\/\/radioportoseguro.com.br\/site\/2026\/04\/24\/jovem-e-curada-de-depressao-profunda-apos-clamar-a-deus-nao-sofro-mais-de-traumas\/","url":"https:\/\/radioportoseguro.com.br\/site\/2026\/04\/24\/jovem-e-curada-de-depressao-profunda-apos-clamar-a-deus-nao-sofro-mais-de-traumas\/","name":"Jovem \u00e9 curada de depress\u00e3o profunda ap\u00f3s clamar a Deus: \u201cN\u00e3o sofro mais de traumas\u201d - R\u00e1dio Porto Seguro","isPartOf":{"@id":"https:\/\/radioportoseguro.com.br\/site\/#website"},"primaryImageOfPage":{"@id":"https:\/\/radioportoseguro.com.br\/site\/2026\/04\/24\/jovem-e-curada-de-depressao-profunda-apos-clamar-a-deus-nao-sofro-mais-de-traumas\/#primaryimage"},"image":{"@id":"https:\/\/radioportoseguro.com.br\/site\/2026\/04\/24\/jovem-e-curada-de-depressao-profunda-apos-clamar-a-deus-nao-sofro-mais-de-traumas\/#primaryimage"},"thumbnailUrl":"https:\/\/radioportoseguro.com.br\/site\/wp-content\/uploads\/2026\/04\/1071905763-annemarijn.JPG","datePublished":"2026-04-24T10:26:03+00:00","author":{"@id":"https:\/\/radioportoseguro.com.br\/site\/#\/schema\/person\/7630acdc320186f13639d3c067ec089b"},"breadcrumb":{"@id":"https:\/\/radioportoseguro.com.br\/site\/2026\/04\/24\/jovem-e-curada-de-depressao-profunda-apos-clamar-a-deus-nao-sofro-mais-de-traumas\/#breadcrumb"},"inLanguage":"pt-BR","potentialAction":[{"@type":"ReadAction","target":["https:\/\/radioportoseguro.com.br\/site\/2026\/04\/24\/jovem-e-curada-de-depressao-profunda-apos-clamar-a-deus-nao-sofro-mais-de-traumas\/"]}]},{"@type":"ImageObject","inLanguage":"pt-BR","@id":"https:\/\/radioportoseguro.com.br\/site\/2026\/04\/24\/jovem-e-curada-de-depressao-profunda-apos-clamar-a-deus-nao-sofro-mais-de-traumas\/#primaryimage","url":"https:\/\/radioportoseguro.com.br\/site\/wp-content\/uploads\/2026\/04\/1071905763-annemarijn.JPG","contentUrl":"https:\/\/radioportoseguro.com.br\/site\/wp-content\/uploads\/2026\/04\/1071905763-annemarijn.JPG","width":1200,"height":600},{"@type":"BreadcrumbList","@id":"https:\/\/radioportoseguro.com.br\/site\/2026\/04\/24\/jovem-e-curada-de-depressao-profunda-apos-clamar-a-deus-nao-sofro-mais-de-traumas\/#breadcrumb","itemListElement":[{"@type":"ListItem","position":1,"name":"In\u00edcio","item":"https:\/\/radioportoseguro.com.br\/site\/"},{"@type":"ListItem","position":2,"name":"Jovem \u00e9 curada de depress\u00e3o profunda ap\u00f3s clamar a Deus: \u201cN\u00e3o sofro mais de traumas\u201d"}]},{"@type":"WebSite","@id":"https:\/\/radioportoseguro.com.br\/site\/#website","url":"https:\/\/radioportoseguro.com.br\/site\/","name":"R\u00e1dio Porto Seguro","description":"","potentialAction":[{"@type":"SearchAction","target":{"@type":"EntryPoint","urlTemplate":"https:\/\/radioportoseguro.com.br\/site\/?s={search_term_string}"},"query-input":{"@type":"PropertyValueSpecification","valueRequired":true,"valueName":"search_term_string"}}],"inLanguage":"pt-BR"},{"@type":"Person","@id":"https:\/\/radioportoseguro.com.br\/site\/#\/schema\/person\/7630acdc320186f13639d3c067ec089b","name":"admin","image":{"@type":"ImageObject","inLanguage":"pt-BR","@id":"https:\/\/radioportoseguro.com.br\/site\/#\/schema\/person\/image\/","url":"https:\/\/secure.gravatar.com\/avatar\/caacf4dc1eedb68fab0df8e1ed46c448e578b2466351bbcb61e47d2ac0caaef0?s=96&d=mm&r=g","contentUrl":"https:\/\/secure.gravatar.com\/avatar\/caacf4dc1eedb68fab0df8e1ed46c448e578b2466351bbcb61e47d2ac0caaef0?s=96&d=mm&r=g","caption":"admin"},"sameAs":["https:\/\/radioportoseguro.com.br\/site"],"url":"https:\/\/radioportoseguro.com.br\/site\/author\/hezio\/"}]}},"_links":{"self":[{"href":"https:\/\/radioportoseguro.com.br\/site\/wp-json\/wp\/v2\/posts\/6335","targetHints":{"allow":["GET"]}}],"collection":[{"href":"https:\/\/radioportoseguro.com.br\/site\/wp-json\/wp\/v2\/posts"}],"about":[{"href":"https:\/\/radioportoseguro.com.br\/site\/wp-json\/wp\/v2\/types\/post"}],"author":[{"embeddable":true,"href":"https:\/\/radioportoseguro.com.br\/site\/wp-json\/wp\/v2\/users\/1"}],"replies":[{"embeddable":true,"href":"https:\/\/radioportoseguro.com.br\/site\/wp-json\/wp\/v2\/comments?post=6335"}],"version-history":[{"count":0,"href":"https:\/\/radioportoseguro.com.br\/site\/wp-json\/wp\/v2\/posts\/6335\/revisions"}],"wp:featuredmedia":[{"embeddable":true,"href":"https:\/\/radioportoseguro.com.br\/site\/wp-json\/wp\/v2\/media\/6336"}],"wp:attachment":[{"href":"https:\/\/radioportoseguro.com.br\/site\/wp-json\/wp\/v2\/media?parent=6335"}],"wp:term":[{"taxonomy":"category","embeddable":true,"href":"https:\/\/radioportoseguro.com.br\/site\/wp-json\/wp\/v2\/categories?post=6335"},{"taxonomy":"post_tag","embeddable":true,"href":"https:\/\/radioportoseguro.com.br\/site\/wp-json\/wp\/v2\/tags?post=6335"}],"curies":[{"name":"wp","href":"https:\/\/api.w.org\/{rel}","templated":true}]}}