{"id":6337,"date":"2026-04-24T09:46:14","date_gmt":"2026-04-24T12:46:14","guid":{"rendered":"https:\/\/radioportoseguro.com.br\/site\/2026\/04\/24\/membro-do-pcc-se-converte-apos-ter-visao-em-cela-e-se-torna-pregador-a-graca-me-salvou\/"},"modified":"2026-04-24T09:46:14","modified_gmt":"2026-04-24T12:46:14","slug":"membro-do-pcc-se-converte-apos-ter-visao-em-cela-e-se-torna-pregador-a-graca-me-salvou","status":"publish","type":"post","link":"https:\/\/radioportoseguro.com.br\/site\/2026\/04\/24\/membro-do-pcc-se-converte-apos-ter-visao-em-cela-e-se-torna-pregador-a-graca-me-salvou\/","title":{"rendered":"Membro do PCC se converte ap\u00f3s ter vis\u00e3o em cela e se torna pregador: \u201cA gra\u00e7a me salvou\u201d"},"content":{"rendered":"<p><br \/>\n<br \/><\/p>\n<div>\n<p><span style=\"font-weight: 400;\">O <\/span><span style=\"color: #800000;\"><strong>pastor<\/strong><\/span><span style=\"font-weight: 400;\"> Juliano Fraga, um pregador pentecostal reconhecido no Brasil, foi <\/span><span style=\"color: #800000;\"><strong>resgatado<\/strong><\/span><span style=\"font-weight: 400;\"> por Jesus ap\u00f3s se perder no <\/span><span style=\"color: #800000;\"><strong>mundo do crime<\/strong><\/span><span style=\"font-weight: 400;\">.<\/span><\/p>\n<p><span style=\"font-weight: 400;\">Em participa\u00e7\u00e3o no podcast Bereano Prentecostal, Juliano contou que cresceu em uma fam\u00edlia n\u00e3o crist\u00e3 mas saud\u00e1vel em Campinas, no interior de S\u00e3o Paulo. Seu pai era policial militar e sua m\u00e3e dona de casa.<\/span><\/p>\n<p><span style=\"font-weight: 400;\">\u201cEu tive uma educa\u00e7\u00e3o muito boa, tive pais maravilhosos\u201d, disse o pastor. Apesar disso, Juliano se envolveu com m\u00e1s amizades na adolesc\u00eancia e acabou ingressando no crime.<\/span><\/p>\n<p><span style=\"font-weight: 400;\">Em 2005, ele foi preso, causando um baque para toda sua fam\u00edlia. Nessa \u00e9poca, Juliano namorava uma jovem, que era filha de uma l\u00edder do C\u00edrculo de Ora\u00e7\u00e3o.<\/span><\/p>\n<p><strong>Alvo de ora\u00e7\u00f5es<\/strong><\/p>\n<p><span style=\"font-weight: 400;\">Sem saber, o criminoso foi alvo de ora\u00e7\u00f5es da sogra e de sua igreja. \u201cMinha sogra orava muito na madrugada\u201d, contou ele.<\/span><\/p>\n<p><span style=\"font-weight: 400;\">Dentro da pris\u00e3o, Juliano mergulhou ainda mais no crime, se tornando membro da fac\u00e7\u00e3o PCC (Primeiro Comando da Capital). Para lidar com o \u00f3cio do encarceramento, ele tamb\u00e9m usava drogas.<\/span><\/p>\n<p><span style=\"font-weight: 400;\">Sem nunca ter tido contato com o Evangelho, o jovem n\u00e3o gostava dos crist\u00e3os que realizavam evangelismo dentro da penitenci\u00e1ria.\u00a0<\/span><\/p>\n<p><span style=\"font-weight: 400;\">\u201cTinha cultos l\u00e1 dentro. Eu n\u00e3o suportava crentes, porque para mim aquelas pessoas, que aprontaram como eu, falando de Jesus era algo muito paradoxal\u201d, lembrou Fraga.<\/span><\/p>\n<p><span style=\"font-weight: 400;\">Por\u00e9m, tr\u00eas anos depois, um membro do PCC \u2013 que hoje \u00e9 crist\u00e3o \u2013 convidou Juliano para ir a um culto da pris\u00e3o em um domingo.<\/span><\/p>\n<p><strong>Palavra prof\u00e9tica<\/strong><\/p>\n<p><span style=\"font-weight: 400;\">Mesmo sob efeito de drogas, ele decidiu aceitar o convite e foi \u00e0 reuni\u00e3o. Durante o culto, uma crist\u00e3 entregou uma profecia para Juliano.<\/span><\/p>\n<p><span style=\"font-weight: 400;\">\u201cEla me chamou pelo meu nome e disse: \u2018Assim diz o Senhor: Eu estou dando basta da sua vida no crime\u2019\u201d, relatou o pastor, ao podcast \u201cCrente como a gente\u201d.<\/span><\/p>\n<p><span style=\"font-weight: 400;\">A crist\u00e3 ainda afirmou que Deus o visitaria durante uma madrugada, mas que n\u00e3o era para ter medo.<\/span><\/p>\n<p><span style=\"font-weight: 400;\">\u201cPassado um tempo, eu estou dentro da cela no pres\u00eddio e tenho uma vis\u00e3o extraordin\u00e1ria. Eu acordo de madrugada em l\u00e1grimas, chorando descontroladamente. Para algu\u00e9m de uma fac\u00e7\u00e3o, chorar era muito estranho e era Deus falando comigo\u201d, testemunhou Fraga.<\/span><\/p>\n<p><span style=\"font-weight: 400;\">Impactado por Deus, Juliano come\u00e7ou a ler a B\u00edblia que havia ganhado de sua sogra. \u201cA partir de ent\u00e3o entrego minha vida para Jesus. Foi algo assim anormal, sair de uma fac\u00e7\u00e3o e ir pra igreja. Por\u00e9m, quando Deus chama n\u00e3o h\u00e1 possibilidade alguma do homem impedir\u201d, disse ele.<\/span><\/p>\n<p><strong>Do crime ao p\u00falpito<\/strong><\/p>\n<p><span style=\"font-weight: 400;\">Ap\u00f3s a convers\u00e3o, Juliano foi batizado na penitenci\u00e1ria e come\u00e7ou a estudar as Escrituras. \u201cFoi o per\u00edodo que eu mais cresci com Deus em conhecimento. Eu li a B\u00edblia, estudei muito, fiz diversos cursos de teologia EAD (Ensino \u00e0 Dist\u00e2ncia) e ali foi uma fase de prepara\u00e7\u00e3o no anonimato\u201d, observou.<\/span><\/p>\n<p><span style=\"font-weight: 400;\">Depois de 7 anos, o ex-membro do PCC foi libertado e iniciou seu minist\u00e9rio de prega\u00e7\u00e3o. Mais tarde, Juliano passou a liderar cultos em uma pris\u00e3o.<\/span><\/p>\n<p><span style=\"font-weight: 400;\">Hoje, ele atua como pregador itinerante e palestrante de teologia por todo o Brasil e outros pa\u00edses.<\/span><\/p>\n<p><span style=\"font-weight: 400;\">Juliano Fraga ressaltou que a gra\u00e7a de Deus tem o poder de alcan\u00e7ar o mais perdido dos pecadores.\u00a0<\/span><\/p>\n<p><span style=\"font-weight: 400;\">\u201cFiquei dez anos no sistema penitenci\u00e1rio, fazia parte de uma fac\u00e7\u00e3o, a gra\u00e7a entrou l\u00e1 dentro e me salvou. Jesus salva!\u201d, declarou ele, em v\u00eddeo da AD Franco Jatob\u00e1 no Instagram.<\/span><\/p>\n<p style=\"text-align: center;\"><span style=\"font-weight: 400;\"><div class=\"ose-youtube ose-uid-171dbffa44b04ed88871d031adacfe6c ose-embedpress-responsive\" style=\"width:600px; height:600px; max-height:600px; max-width:100%; display:inline-block;\" data-embed-type=\"Youtube\"><iframe allowFullScreen=\"true\" title=\"Bereano Podcast #6 | Pastor Juliano Fraga\" width=\"600\" height=\"600\" src=\"https:\/\/www.youtube.com\/embed\/HLAbWNLaTYo?feature=oembed&color=red&rel=0&controls=1&start=&end=&fs=0&iv_load_policy=0&autoplay=0&mute=0&modestbranding=0&cc_load_policy=1&playsinline=1\" frameborder=\"0\" allow=\"accelerometer; encrypted-media;accelerometer;autoplay;clipboard-write;gyroscope;picture-in-picture clipboard-write; encrypted-media; gyroscope; picture-in-picture; web-share\" referrerpolicy=\"strict-origin-when-cross-origin\" allowfullscreen><\/iframe><\/div><\/span><\/p>\n<\/div>\n<p><br \/>\n<br \/>Fonte: Guiame <\/p>\n","protected":false},"excerpt":{"rendered":"<p>O pastor Juliano Fraga, um pregador pentecostal reconhecido no Brasil, foi resgatado por Jesus ap\u00f3s se perder no mundo do crime. Em participa\u00e7\u00e3o no podcast Bereano Prentecostal, Juliano contou que cresceu em uma fam\u00edlia n\u00e3o crist\u00e3 mas saud\u00e1vel em Campinas, no interior de S\u00e3o Paulo. Seu pai era policial militar e sua m\u00e3e dona de [&hellip;]<\/p>\n","protected":false},"author":1,"featured_media":6338,"comment_status":"","ping_status":"open","sticky":false,"template":"","format":"standard","meta":{"footnotes":""},"categories":[43],"tags":[],"class_list":["post-6337","post","type-post","status-publish","format-standard","has-post-thumbnail","hentry","category-destaques"],"yoast_head":"<!-- This site is optimized with the Yoast SEO plugin v26.8 - https:\/\/yoast.com\/product\/yoast-seo-wordpress\/ -->\n<title>Membro do PCC se converte ap\u00f3s ter vis\u00e3o em cela e se torna pregador: \u201cA gra\u00e7a me salvou\u201d - R\u00e1dio Porto Seguro<\/title>\n<meta name=\"robots\" content=\"index, follow, max-snippet:-1, max-image-preview:large, max-video-preview:-1\" \/>\n<link rel=\"canonical\" href=\"https:\/\/radioportoseguro.com.br\/site\/2026\/04\/24\/membro-do-pcc-se-converte-apos-ter-visao-em-cela-e-se-torna-pregador-a-graca-me-salvou\/\" \/>\n<meta property=\"og:locale\" content=\"pt_BR\" \/>\n<meta property=\"og:type\" content=\"article\" \/>\n<meta property=\"og:title\" content=\"Membro do PCC se converte ap\u00f3s ter vis\u00e3o em cela e se torna pregador: \u201cA gra\u00e7a me salvou\u201d - R\u00e1dio Porto Seguro\" \/>\n<meta property=\"og:description\" content=\"O pastor Juliano Fraga, um pregador pentecostal reconhecido no Brasil, foi resgatado por Jesus ap\u00f3s se perder no mundo do crime. Em participa\u00e7\u00e3o no podcast Bereano Prentecostal, Juliano contou que cresceu em uma fam\u00edlia n\u00e3o crist\u00e3 mas saud\u00e1vel em Campinas, no interior de S\u00e3o Paulo. Seu pai era policial militar e sua m\u00e3e dona de [&hellip;]\" \/>\n<meta property=\"og:url\" content=\"https:\/\/radioportoseguro.com.br\/site\/2026\/04\/24\/membro-do-pcc-se-converte-apos-ter-visao-em-cela-e-se-torna-pregador-a-graca-me-salvou\/\" \/>\n<meta property=\"og:site_name\" content=\"R\u00e1dio Porto Seguro\" \/>\n<meta property=\"article:published_time\" content=\"2026-04-24T12:46:14+00:00\" \/>\n<meta property=\"og:image\" content=\"https:\/\/media.guiame.com.br\/archives\/2026\/04\/23\/4293164575-juliano-fraga.jpeg\" \/>\n<meta name=\"author\" content=\"admin\" \/>\n<meta name=\"twitter:card\" content=\"summary_large_image\" \/>\n<meta name=\"twitter:label1\" content=\"Escrito por\" \/>\n\t<meta name=\"twitter:data1\" content=\"admin\" \/>\n\t<meta name=\"twitter:label2\" content=\"Est. tempo de leitura\" \/>\n\t<meta name=\"twitter:data2\" content=\"3 minutos\" \/>\n<script type=\"application\/ld+json\" class=\"yoast-schema-graph\">{\"@context\":\"https:\/\/schema.org\",\"@graph\":[{\"@type\":\"Article\",\"@id\":\"https:\/\/radioportoseguro.com.br\/site\/2026\/04\/24\/membro-do-pcc-se-converte-apos-ter-visao-em-cela-e-se-torna-pregador-a-graca-me-salvou\/#article\",\"isPartOf\":{\"@id\":\"https:\/\/radioportoseguro.com.br\/site\/2026\/04\/24\/membro-do-pcc-se-converte-apos-ter-visao-em-cela-e-se-torna-pregador-a-graca-me-salvou\/\"},\"author\":{\"name\":\"admin\",\"@id\":\"https:\/\/radioportoseguro.com.br\/site\/#\/schema\/person\/7630acdc320186f13639d3c067ec089b\"},\"headline\":\"Membro do PCC se converte ap\u00f3s ter vis\u00e3o em cela e se torna pregador: \u201cA gra\u00e7a me salvou\u201d\",\"datePublished\":\"2026-04-24T12:46:14+00:00\",\"mainEntityOfPage\":{\"@id\":\"https:\/\/radioportoseguro.com.br\/site\/2026\/04\/24\/membro-do-pcc-se-converte-apos-ter-visao-em-cela-e-se-torna-pregador-a-graca-me-salvou\/\"},\"wordCount\":634,\"image\":{\"@id\":\"https:\/\/radioportoseguro.com.br\/site\/2026\/04\/24\/membro-do-pcc-se-converte-apos-ter-visao-em-cela-e-se-torna-pregador-a-graca-me-salvou\/#primaryimage\"},\"thumbnailUrl\":\"https:\/\/radioportoseguro.com.br\/site\/wp-content\/uploads\/2026\/04\/4293164575-juliano-fraga.jpeg\",\"articleSection\":[\"Destaques\"],\"inLanguage\":\"pt-BR\"},{\"@type\":\"WebPage\",\"@id\":\"https:\/\/radioportoseguro.com.br\/site\/2026\/04\/24\/membro-do-pcc-se-converte-apos-ter-visao-em-cela-e-se-torna-pregador-a-graca-me-salvou\/\",\"url\":\"https:\/\/radioportoseguro.com.br\/site\/2026\/04\/24\/membro-do-pcc-se-converte-apos-ter-visao-em-cela-e-se-torna-pregador-a-graca-me-salvou\/\",\"name\":\"Membro do PCC se converte ap\u00f3s ter vis\u00e3o em cela e se torna pregador: \u201cA gra\u00e7a me salvou\u201d - R\u00e1dio Porto Seguro\",\"isPartOf\":{\"@id\":\"https:\/\/radioportoseguro.com.br\/site\/#website\"},\"primaryImageOfPage\":{\"@id\":\"https:\/\/radioportoseguro.com.br\/site\/2026\/04\/24\/membro-do-pcc-se-converte-apos-ter-visao-em-cela-e-se-torna-pregador-a-graca-me-salvou\/#primaryimage\"},\"image\":{\"@id\":\"https:\/\/radioportoseguro.com.br\/site\/2026\/04\/24\/membro-do-pcc-se-converte-apos-ter-visao-em-cela-e-se-torna-pregador-a-graca-me-salvou\/#primaryimage\"},\"thumbnailUrl\":\"https:\/\/radioportoseguro.com.br\/site\/wp-content\/uploads\/2026\/04\/4293164575-juliano-fraga.jpeg\",\"datePublished\":\"2026-04-24T12:46:14+00:00\",\"author\":{\"@id\":\"https:\/\/radioportoseguro.com.br\/site\/#\/schema\/person\/7630acdc320186f13639d3c067ec089b\"},\"breadcrumb\":{\"@id\":\"https:\/\/radioportoseguro.com.br\/site\/2026\/04\/24\/membro-do-pcc-se-converte-apos-ter-visao-em-cela-e-se-torna-pregador-a-graca-me-salvou\/#breadcrumb\"},\"inLanguage\":\"pt-BR\",\"potentialAction\":[{\"@type\":\"ReadAction\",\"target\":[\"https:\/\/radioportoseguro.com.br\/site\/2026\/04\/24\/membro-do-pcc-se-converte-apos-ter-visao-em-cela-e-se-torna-pregador-a-graca-me-salvou\/\"]}]},{\"@type\":\"ImageObject\",\"inLanguage\":\"pt-BR\",\"@id\":\"https:\/\/radioportoseguro.com.br\/site\/2026\/04\/24\/membro-do-pcc-se-converte-apos-ter-visao-em-cela-e-se-torna-pregador-a-graca-me-salvou\/#primaryimage\",\"url\":\"https:\/\/radioportoseguro.com.br\/site\/wp-content\/uploads\/2026\/04\/4293164575-juliano-fraga.jpeg\",\"contentUrl\":\"https:\/\/radioportoseguro.com.br\/site\/wp-content\/uploads\/2026\/04\/4293164575-juliano-fraga.jpeg\",\"width\":1200,\"height\":600},{\"@type\":\"BreadcrumbList\",\"@id\":\"https:\/\/radioportoseguro.com.br\/site\/2026\/04\/24\/membro-do-pcc-se-converte-apos-ter-visao-em-cela-e-se-torna-pregador-a-graca-me-salvou\/#breadcrumb\",\"itemListElement\":[{\"@type\":\"ListItem\",\"position\":1,\"name\":\"In\u00edcio\",\"item\":\"https:\/\/radioportoseguro.com.br\/site\/\"},{\"@type\":\"ListItem\",\"position\":2,\"name\":\"Membro do PCC se converte ap\u00f3s ter vis\u00e3o em cela e se torna pregador: \u201cA gra\u00e7a me salvou\u201d\"}]},{\"@type\":\"WebSite\",\"@id\":\"https:\/\/radioportoseguro.com.br\/site\/#website\",\"url\":\"https:\/\/radioportoseguro.com.br\/site\/\",\"name\":\"R\u00e1dio Porto Seguro\",\"description\":\"\",\"potentialAction\":[{\"@type\":\"SearchAction\",\"target\":{\"@type\":\"EntryPoint\",\"urlTemplate\":\"https:\/\/radioportoseguro.com.br\/site\/?s={search_term_string}\"},\"query-input\":{\"@type\":\"PropertyValueSpecification\",\"valueRequired\":true,\"valueName\":\"search_term_string\"}}],\"inLanguage\":\"pt-BR\"},{\"@type\":\"Person\",\"@id\":\"https:\/\/radioportoseguro.com.br\/site\/#\/schema\/person\/7630acdc320186f13639d3c067ec089b\",\"name\":\"admin\",\"image\":{\"@type\":\"ImageObject\",\"inLanguage\":\"pt-BR\",\"@id\":\"https:\/\/radioportoseguro.com.br\/site\/#\/schema\/person\/image\/\",\"url\":\"https:\/\/secure.gravatar.com\/avatar\/caacf4dc1eedb68fab0df8e1ed46c448e578b2466351bbcb61e47d2ac0caaef0?s=96&d=mm&r=g\",\"contentUrl\":\"https:\/\/secure.gravatar.com\/avatar\/caacf4dc1eedb68fab0df8e1ed46c448e578b2466351bbcb61e47d2ac0caaef0?s=96&d=mm&r=g\",\"caption\":\"admin\"},\"sameAs\":[\"https:\/\/radioportoseguro.com.br\/site\"],\"url\":\"https:\/\/radioportoseguro.com.br\/site\/author\/hezio\/\"}]}<\/script>\n<!-- \/ Yoast SEO plugin. -->","yoast_head_json":{"title":"Membro do PCC se converte ap\u00f3s ter vis\u00e3o em cela e se torna pregador: \u201cA gra\u00e7a me salvou\u201d - R\u00e1dio Porto Seguro","robots":{"index":"index","follow":"follow","max-snippet":"max-snippet:-1","max-image-preview":"max-image-preview:large","max-video-preview":"max-video-preview:-1"},"canonical":"https:\/\/radioportoseguro.com.br\/site\/2026\/04\/24\/membro-do-pcc-se-converte-apos-ter-visao-em-cela-e-se-torna-pregador-a-graca-me-salvou\/","og_locale":"pt_BR","og_type":"article","og_title":"Membro do PCC se converte ap\u00f3s ter vis\u00e3o em cela e se torna pregador: \u201cA gra\u00e7a me salvou\u201d - R\u00e1dio Porto Seguro","og_description":"O pastor Juliano Fraga, um pregador pentecostal reconhecido no Brasil, foi resgatado por Jesus ap\u00f3s se perder no mundo do crime. Em participa\u00e7\u00e3o no podcast Bereano Prentecostal, Juliano contou que cresceu em uma fam\u00edlia n\u00e3o crist\u00e3 mas saud\u00e1vel em Campinas, no interior de S\u00e3o Paulo. Seu pai era policial militar e sua m\u00e3e dona de [&hellip;]","og_url":"https:\/\/radioportoseguro.com.br\/site\/2026\/04\/24\/membro-do-pcc-se-converte-apos-ter-visao-em-cela-e-se-torna-pregador-a-graca-me-salvou\/","og_site_name":"R\u00e1dio Porto Seguro","article_published_time":"2026-04-24T12:46:14+00:00","og_image":[{"url":"https:\/\/media.guiame.com.br\/archives\/2026\/04\/23\/4293164575-juliano-fraga.jpeg","type":"","width":"","height":""}],"author":"admin","twitter_card":"summary_large_image","twitter_misc":{"Escrito por":"admin","Est. tempo de leitura":"3 minutos"},"schema":{"@context":"https:\/\/schema.org","@graph":[{"@type":"Article","@id":"https:\/\/radioportoseguro.com.br\/site\/2026\/04\/24\/membro-do-pcc-se-converte-apos-ter-visao-em-cela-e-se-torna-pregador-a-graca-me-salvou\/#article","isPartOf":{"@id":"https:\/\/radioportoseguro.com.br\/site\/2026\/04\/24\/membro-do-pcc-se-converte-apos-ter-visao-em-cela-e-se-torna-pregador-a-graca-me-salvou\/"},"author":{"name":"admin","@id":"https:\/\/radioportoseguro.com.br\/site\/#\/schema\/person\/7630acdc320186f13639d3c067ec089b"},"headline":"Membro do PCC se converte ap\u00f3s ter vis\u00e3o em cela e se torna pregador: \u201cA gra\u00e7a me salvou\u201d","datePublished":"2026-04-24T12:46:14+00:00","mainEntityOfPage":{"@id":"https:\/\/radioportoseguro.com.br\/site\/2026\/04\/24\/membro-do-pcc-se-converte-apos-ter-visao-em-cela-e-se-torna-pregador-a-graca-me-salvou\/"},"wordCount":634,"image":{"@id":"https:\/\/radioportoseguro.com.br\/site\/2026\/04\/24\/membro-do-pcc-se-converte-apos-ter-visao-em-cela-e-se-torna-pregador-a-graca-me-salvou\/#primaryimage"},"thumbnailUrl":"https:\/\/radioportoseguro.com.br\/site\/wp-content\/uploads\/2026\/04\/4293164575-juliano-fraga.jpeg","articleSection":["Destaques"],"inLanguage":"pt-BR"},{"@type":"WebPage","@id":"https:\/\/radioportoseguro.com.br\/site\/2026\/04\/24\/membro-do-pcc-se-converte-apos-ter-visao-em-cela-e-se-torna-pregador-a-graca-me-salvou\/","url":"https:\/\/radioportoseguro.com.br\/site\/2026\/04\/24\/membro-do-pcc-se-converte-apos-ter-visao-em-cela-e-se-torna-pregador-a-graca-me-salvou\/","name":"Membro do PCC se converte ap\u00f3s ter vis\u00e3o em cela e se torna pregador: \u201cA gra\u00e7a me salvou\u201d - R\u00e1dio Porto Seguro","isPartOf":{"@id":"https:\/\/radioportoseguro.com.br\/site\/#website"},"primaryImageOfPage":{"@id":"https:\/\/radioportoseguro.com.br\/site\/2026\/04\/24\/membro-do-pcc-se-converte-apos-ter-visao-em-cela-e-se-torna-pregador-a-graca-me-salvou\/#primaryimage"},"image":{"@id":"https:\/\/radioportoseguro.com.br\/site\/2026\/04\/24\/membro-do-pcc-se-converte-apos-ter-visao-em-cela-e-se-torna-pregador-a-graca-me-salvou\/#primaryimage"},"thumbnailUrl":"https:\/\/radioportoseguro.com.br\/site\/wp-content\/uploads\/2026\/04\/4293164575-juliano-fraga.jpeg","datePublished":"2026-04-24T12:46:14+00:00","author":{"@id":"https:\/\/radioportoseguro.com.br\/site\/#\/schema\/person\/7630acdc320186f13639d3c067ec089b"},"breadcrumb":{"@id":"https:\/\/radioportoseguro.com.br\/site\/2026\/04\/24\/membro-do-pcc-se-converte-apos-ter-visao-em-cela-e-se-torna-pregador-a-graca-me-salvou\/#breadcrumb"},"inLanguage":"pt-BR","potentialAction":[{"@type":"ReadAction","target":["https:\/\/radioportoseguro.com.br\/site\/2026\/04\/24\/membro-do-pcc-se-converte-apos-ter-visao-em-cela-e-se-torna-pregador-a-graca-me-salvou\/"]}]},{"@type":"ImageObject","inLanguage":"pt-BR","@id":"https:\/\/radioportoseguro.com.br\/site\/2026\/04\/24\/membro-do-pcc-se-converte-apos-ter-visao-em-cela-e-se-torna-pregador-a-graca-me-salvou\/#primaryimage","url":"https:\/\/radioportoseguro.com.br\/site\/wp-content\/uploads\/2026\/04\/4293164575-juliano-fraga.jpeg","contentUrl":"https:\/\/radioportoseguro.com.br\/site\/wp-content\/uploads\/2026\/04\/4293164575-juliano-fraga.jpeg","width":1200,"height":600},{"@type":"BreadcrumbList","@id":"https:\/\/radioportoseguro.com.br\/site\/2026\/04\/24\/membro-do-pcc-se-converte-apos-ter-visao-em-cela-e-se-torna-pregador-a-graca-me-salvou\/#breadcrumb","itemListElement":[{"@type":"ListItem","position":1,"name":"In\u00edcio","item":"https:\/\/radioportoseguro.com.br\/site\/"},{"@type":"ListItem","position":2,"name":"Membro do PCC se converte ap\u00f3s ter vis\u00e3o em cela e se torna pregador: \u201cA gra\u00e7a me salvou\u201d"}]},{"@type":"WebSite","@id":"https:\/\/radioportoseguro.com.br\/site\/#website","url":"https:\/\/radioportoseguro.com.br\/site\/","name":"R\u00e1dio Porto Seguro","description":"","potentialAction":[{"@type":"SearchAction","target":{"@type":"EntryPoint","urlTemplate":"https:\/\/radioportoseguro.com.br\/site\/?s={search_term_string}"},"query-input":{"@type":"PropertyValueSpecification","valueRequired":true,"valueName":"search_term_string"}}],"inLanguage":"pt-BR"},{"@type":"Person","@id":"https:\/\/radioportoseguro.com.br\/site\/#\/schema\/person\/7630acdc320186f13639d3c067ec089b","name":"admin","image":{"@type":"ImageObject","inLanguage":"pt-BR","@id":"https:\/\/radioportoseguro.com.br\/site\/#\/schema\/person\/image\/","url":"https:\/\/secure.gravatar.com\/avatar\/caacf4dc1eedb68fab0df8e1ed46c448e578b2466351bbcb61e47d2ac0caaef0?s=96&d=mm&r=g","contentUrl":"https:\/\/secure.gravatar.com\/avatar\/caacf4dc1eedb68fab0df8e1ed46c448e578b2466351bbcb61e47d2ac0caaef0?s=96&d=mm&r=g","caption":"admin"},"sameAs":["https:\/\/radioportoseguro.com.br\/site"],"url":"https:\/\/radioportoseguro.com.br\/site\/author\/hezio\/"}]}},"_links":{"self":[{"href":"https:\/\/radioportoseguro.com.br\/site\/wp-json\/wp\/v2\/posts\/6337","targetHints":{"allow":["GET"]}}],"collection":[{"href":"https:\/\/radioportoseguro.com.br\/site\/wp-json\/wp\/v2\/posts"}],"about":[{"href":"https:\/\/radioportoseguro.com.br\/site\/wp-json\/wp\/v2\/types\/post"}],"author":[{"embeddable":true,"href":"https:\/\/radioportoseguro.com.br\/site\/wp-json\/wp\/v2\/users\/1"}],"replies":[{"embeddable":true,"href":"https:\/\/radioportoseguro.com.br\/site\/wp-json\/wp\/v2\/comments?post=6337"}],"version-history":[{"count":0,"href":"https:\/\/radioportoseguro.com.br\/site\/wp-json\/wp\/v2\/posts\/6337\/revisions"}],"wp:featuredmedia":[{"embeddable":true,"href":"https:\/\/radioportoseguro.com.br\/site\/wp-json\/wp\/v2\/media\/6338"}],"wp:attachment":[{"href":"https:\/\/radioportoseguro.com.br\/site\/wp-json\/wp\/v2\/media?parent=6337"}],"wp:term":[{"taxonomy":"category","embeddable":true,"href":"https:\/\/radioportoseguro.com.br\/site\/wp-json\/wp\/v2\/categories?post=6337"},{"taxonomy":"post_tag","embeddable":true,"href":"https:\/\/radioportoseguro.com.br\/site\/wp-json\/wp\/v2\/tags?post=6337"}],"curies":[{"name":"wp","href":"https:\/\/api.w.org\/{rel}","templated":true}]}}