{"id":6352,"date":"2026-04-24T20:36:55","date_gmt":"2026-04-24T23:36:55","guid":{"rendered":"https:\/\/radioportoseguro.com.br\/site\/2026\/04\/24\/mirante-com-letreiro-jesus-e-inaugurado-por-igreja-em-sao-paulo\/"},"modified":"2026-04-24T20:36:55","modified_gmt":"2026-04-24T23:36:55","slug":"mirante-com-letreiro-jesus-e-inaugurado-por-igreja-em-sao-paulo","status":"publish","type":"post","link":"https:\/\/radioportoseguro.com.br\/site\/2026\/04\/24\/mirante-com-letreiro-jesus-e-inaugurado-por-igreja-em-sao-paulo\/","title":{"rendered":"Mirante com letreiro \u201cJesus\u201d \u00e9 inaugurado por igreja em S\u00e3o Paulo"},"content":{"rendered":"<p><br \/>\n<\/p>\n<div>\n<p>A Igreja L\u00edrio inaugurou um mirante com o letreiro \u201cJesus\u201d no bairro de Itaquera, Zona Leste de S\u00e3o Paulo. Constru\u00edda dentro do <span style=\"color: #800000;\"><strong>estacionamento da igreja<\/strong><\/span>, a estrutura se tornou um novo ponto de atra\u00e7\u00e3o na regi\u00e3o e, segundo a lideran\u00e7a, nasceu com o prop\u00f3sito de restaurar o territ\u00f3rio, fortalecer a f\u00e9 e aproximar pessoas de Cristo.<\/p>\n<blockquote class=\"instagram-media\" style=\"background: #FFF; border: 0; border-radius: 3px; box-shadow: 0 0 1px 0 rgba(0,0,0,0.5),0 1px 10px 0 rgba(0,0,0,0.15); margin: 1px; max-width: 540px; min-width: 326px; padding: 0; width: calc(100% - 2px);\" data-instgrm-captioned=\"\" data-instgrm-permalink=\"https:\/\/www.instagram.com\/p\/DXVcculDJ57\/?utm_source=ig_embed&amp;utm_campaign=loading\" data-instgrm-version=\"14\"><p>&#13;<br \/>\n&#13;\n<\/p><\/blockquote>\n<p>Em entrevista ao <strong>Guiame<\/strong>, o pastor Diego Menin, l\u00edder da L\u00edrio, afirmou que o projeto come\u00e7ou muito antes da instala\u00e7\u00e3o das letras gigantes.<\/p>\n<p>\u201cAquele terreno onde hoje est\u00e1 o nome JESUS era um lugar completamente abandonado. Tinha lixo, uso irregular, pessoas em situa\u00e7\u00e3o muito dif\u00edcil, inclusive <span style=\"color: #800000;\"><strong>uso de drogas<\/strong><\/span>, e at\u00e9 resist\u00eancia quando a gente chegou\u201d, disse.<\/p>\n<p>Segundo Menin, a iniciativa reflete a identidade da L\u00edrio, fundada em 1979, que carrega o compromisso de alcan\u00e7ar vidas por meio do <span style=\"color: #800000;\"><strong>Evangelho de Cristo<\/strong><\/span>, mantendo valores b\u00edblicos e uma comunica\u00e7\u00e3o contempor\u00e2nea.<\/p>\n<p>\u201cEnt\u00e3o o primeiro movimento n\u00e3o foi construir, foi restaurar o ambiente. Isso tem tudo a ver com a nossa identidade\u201d, declarou o pastor.<\/p>\n<p><strong>Lembrete para quem serve<\/strong><\/p>\n<p>O pastor explicou que o letreiro tamb\u00e9m tem um significado interno para a comunidade local, que atualmente conta com mais de 300 volunt\u00e1rios servindo nos cultos.<\/p>\n<p style=\"text-align: left;\">\u201cSomos uma igreja profundamente cristoc\u00eantrica. Precisamos de algo que nos lembre constantemente o porqu\u00ea estamos aqui. Para n\u00e3o cair no autom\u00e1tico. Para que as tarefas n\u00e3o fiquem pesadas. Para que o servi\u00e7o nunca substitua o sentido\u201d, disse.<\/p>\n<p><\/p>\n<p style=\"text-align: center;\"><sup><span style=\"color: #808080;\">Pastor Diego Menin, l\u00edder da Igreja L\u00edrio, em SP. (Foto: Arquivo pessoal)<\/span><\/sup><\/p>\n<p>Ele acrescentou que o nome de Jesus ajuda a alinhar o cora\u00e7\u00e3o daqueles que servem.<\/p>\n<p>\u201cQuando a gente chega na igreja e v\u00ea aquele nome, aquilo aciona algo dentro de n\u00f3s. A gente lembra o porqu\u00ea e, principalmente, para quem estamos ali. Porque o motivo n\u00e3o somos n\u00f3s. O motivo \u00e9 Jesus.\u201d<\/p>\n<p><strong>Letreiro representa tr\u00eas declara\u00e7\u00f5es<\/strong><\/p>\n<p>Para o pastor, o nome \u201cJesus\u201d no alto do espa\u00e7o comunica uma mensagem em tr\u00eas n\u00edveis: interno, externo e evangel\u00edstico.<\/p>\n<p style=\"padding-left: 30px;\"><strong>1. Interno: lembrar o verdadeiro motivo<\/strong><\/p>\n<p>Menin explicou que a estrutura confronta uma vis\u00e3o consumista da f\u00e9, em que pessoas frequentam a igreja apenas em busca de benef\u00edcios pessoais.<\/p>\n<p>\u201c\u00c9 para confrontar uma mentalidade que cresceu muito hoje: de gente que vai para a igreja como cliente, buscando s\u00f3 uma experi\u00eancia que atenda suas pr\u00f3prias necessidades.\u201d<\/p>\n<p>Ele tamb\u00e9m disse que o letreiro ajuda a alinhar os mais de 300 volunt\u00e1rios que servem nos cultos da comunidade.<\/p>\n<p>\u201cQuando a gente chega na igreja, olha para o lado e v\u00ea aquele nome, aquilo aciona algo dentro de n\u00f3s. A gente lembra o porqu\u00ea e, principalmente, para quem estamos ali.\u201d<\/p>\n<p>O pastor acrescentou:<\/p>\n<p>\u201cQuem lembra do motivo n\u00e3o se ofende com qualquer coisa. Quem lembra do motivo n\u00e3o se perde em detalhes. Quem lembra do motivo vive tudo de forma diferente. Porque o motivo n\u00e3o somos n\u00f3s. O motivo \u00e9 Jesus.\u201d<\/p>\n<p style=\"padding-left: 30px;\"><strong>2. Externo: mensagem para a cidade<\/strong><\/p>\n<p>O segundo significado, segundo ele, \u00e9 p\u00fablico: uma declara\u00e7\u00e3o espiritual para a cidade e para a regi\u00e3o de Itaquera.<\/p>\n<p>\u201cN\u00f3s cremos que existe um nome que est\u00e1 acima de todo nome: o nome de Jesus. E n\u00f3s decidimos elevar esse nome ao lugar mais alto do nosso espa\u00e7o.\u201d<\/p>\n<p>Ele refor\u00e7ou que Cristo deve ser mais vis\u00edvel do que qualquer marca institucional.<\/p>\n<p>\u201cMais do que qualquer marca, mais do que qualquer identidade visual, Ele \u00e9 a verdadeira marca. Mais do que o nome da igreja, \u00e9 o nome de Jesus que precisa ser visto.\u201d<\/p>\n<p style=\"padding-left: 30px;\"><strong>3. Ponte para alcan\u00e7ar vidas<\/strong><\/p>\n<p>O terceiro ponto \u00e9 o evangel\u00edstico. Para o l\u00edder, o monumento pode funcionar como porta de entrada para encontros reais com Deus.<\/p>\n<p>\u201cN\u00e3o \u00e9 sobre o monumento em si, mas sobre o que ele pode provocar. Se algo chama aten\u00e7\u00e3o, e isso faz algu\u00e9m se aproximar, e essa pessoa encontra Jesus de verdade, ent\u00e3o j\u00e1 cumpriu o prop\u00f3sito.\u201d<\/p>\n<p><strong>Investimento em regi\u00e3o esquecida<\/strong><\/p>\n<p>Menin destacou ainda que, enquanto muitas igrejas buscam \u00e1reas mais valorizadas, a decis\u00e3o da comunidade foi permanecer e investir onde muitos n\u00e3o investem.<\/p>\n<p>\u201cHoje a gente v\u00ea pessoas de v\u00e1rias regi\u00f5es da cidade sendo atra\u00eddas para um lugar que antes era ignorado.\u201d<\/p>\n<p>A constru\u00e7\u00e3o foi conclu\u00edda em cerca de um m\u00eas e meio, com planejamento pr\u00e9vio, equipe preparada e dentro da realidade da igreja. Sobre a repercuss\u00e3o no bairro, ele afirmou que houve apoio e tamb\u00e9m questionamentos.<\/p>\n<p>\u201cMuita gente recebeu com alegria, se sentiu representada, e outros questionaram. Mas toda transforma\u00e7\u00e3o relevante sempre gera rea\u00e7\u00e3o\u201d, afirmou.<\/p>\n<p><strong>Sem misticismo<\/strong><\/p>\n<p>Por fim, o pastor esclareceu que a igreja n\u00e3o atribui poder espiritual \u00e0 estrutura em si.<\/p>\n<p>\u201cA gente n\u00e3o acredita que o poder est\u00e1 na letra, na estrutura ou na imagem. O poder do nome de Jesus est\u00e1 na f\u00e9. O que existe ali \u00e9 um recurso visual que chama aten\u00e7\u00e3o e lembra o que \u00e9 mais importante.\u201d<\/p>\n<p>Segundo a lideran\u00e7a, a inaugura\u00e7\u00e3o simboliza mais do que a entrega de um mirante, mas \u201ca marca de um processo de restaura\u00e7\u00e3o daquele territ\u00f3rio.\u201d<\/p>\n<p>Ele conclui dizendo que \u201cn\u00e3o s\u00e3o s\u00f3 letras grandes, \u00e9 um lembrete constante do motivo e uma declara\u00e7\u00e3o vis\u00edvel de quem est\u00e1 acima de tudo.\u201d<\/p>\n<\/div>\n<p><script async src=\"\/\/www.instagram.com\/embed.js\"><\/script><br \/>\n<br \/><br \/>\n<br \/>Fonte: Guiame <\/p>\n","protected":false},"excerpt":{"rendered":"<p>A Igreja L\u00edrio inaugurou um mirante com o letreiro \u201cJesus\u201d no bairro de Itaquera, Zona Leste de S\u00e3o Paulo. Constru\u00edda dentro do estacionamento da igreja, a estrutura se tornou um novo ponto de atra\u00e7\u00e3o na regi\u00e3o e, segundo a lideran\u00e7a, nasceu com o prop\u00f3sito de restaurar o territ\u00f3rio, fortalecer a f\u00e9 e aproximar pessoas de [&hellip;]<\/p>\n","protected":false},"author":1,"featured_media":6353,"comment_status":"","ping_status":"open","sticky":false,"template":"","format":"standard","meta":{"footnotes":""},"categories":[43],"tags":[],"class_list":["post-6352","post","type-post","status-publish","format-standard","has-post-thumbnail","hentry","category-destaques"],"yoast_head":"<!-- This site is optimized with the Yoast SEO plugin v26.8 - https:\/\/yoast.com\/product\/yoast-seo-wordpress\/ -->\n<title>Mirante com letreiro \u201cJesus\u201d \u00e9 inaugurado por igreja em S\u00e3o Paulo - R\u00e1dio Porto Seguro<\/title>\n<meta name=\"robots\" content=\"index, follow, max-snippet:-1, max-image-preview:large, max-video-preview:-1\" \/>\n<link rel=\"canonical\" href=\"https:\/\/radioportoseguro.com.br\/site\/2026\/04\/24\/mirante-com-letreiro-jesus-e-inaugurado-por-igreja-em-sao-paulo\/\" \/>\n<meta property=\"og:locale\" content=\"pt_BR\" \/>\n<meta property=\"og:type\" content=\"article\" \/>\n<meta property=\"og:title\" content=\"Mirante com letreiro \u201cJesus\u201d \u00e9 inaugurado por igreja em S\u00e3o Paulo - R\u00e1dio Porto Seguro\" \/>\n<meta property=\"og:description\" content=\"A Igreja L\u00edrio inaugurou um mirante com o letreiro \u201cJesus\u201d no bairro de Itaquera, Zona Leste de S\u00e3o Paulo. Constru\u00edda dentro do estacionamento da igreja, a estrutura se tornou um novo ponto de atra\u00e7\u00e3o na regi\u00e3o e, segundo a lideran\u00e7a, nasceu com o prop\u00f3sito de restaurar o territ\u00f3rio, fortalecer a f\u00e9 e aproximar pessoas de [&hellip;]\" \/>\n<meta property=\"og:url\" content=\"https:\/\/radioportoseguro.com.br\/site\/2026\/04\/24\/mirante-com-letreiro-jesus-e-inaugurado-por-igreja-em-sao-paulo\/\" \/>\n<meta property=\"og:site_name\" content=\"R\u00e1dio Porto Seguro\" \/>\n<meta property=\"article:published_time\" content=\"2026-04-24T23:36:55+00:00\" \/>\n<meta property=\"og:image\" content=\"https:\/\/thumbor.guiame.com.br\/unsafe\/smart\/https:\/\/media.guiame.com.br\/archives\/2026\/04\/23\/4030568867-diego-menin.png\" \/>\n<meta name=\"author\" content=\"admin\" \/>\n<meta name=\"twitter:card\" content=\"summary_large_image\" \/>\n<meta name=\"twitter:label1\" content=\"Escrito por\" \/>\n\t<meta name=\"twitter:data1\" content=\"admin\" \/>\n\t<meta name=\"twitter:label2\" content=\"Est. tempo de leitura\" \/>\n\t<meta name=\"twitter:data2\" content=\"5 minutos\" \/>\n<script type=\"application\/ld+json\" class=\"yoast-schema-graph\">{\"@context\":\"https:\/\/schema.org\",\"@graph\":[{\"@type\":\"Article\",\"@id\":\"https:\/\/radioportoseguro.com.br\/site\/2026\/04\/24\/mirante-com-letreiro-jesus-e-inaugurado-por-igreja-em-sao-paulo\/#article\",\"isPartOf\":{\"@id\":\"https:\/\/radioportoseguro.com.br\/site\/2026\/04\/24\/mirante-com-letreiro-jesus-e-inaugurado-por-igreja-em-sao-paulo\/\"},\"author\":{\"name\":\"admin\",\"@id\":\"https:\/\/radioportoseguro.com.br\/site\/#\/schema\/person\/7630acdc320186f13639d3c067ec089b\"},\"headline\":\"Mirante com letreiro \u201cJesus\u201d \u00e9 inaugurado por igreja em S\u00e3o Paulo\",\"datePublished\":\"2026-04-24T23:36:55+00:00\",\"mainEntityOfPage\":{\"@id\":\"https:\/\/radioportoseguro.com.br\/site\/2026\/04\/24\/mirante-com-letreiro-jesus-e-inaugurado-por-igreja-em-sao-paulo\/\"},\"wordCount\":932,\"image\":{\"@id\":\"https:\/\/radioportoseguro.com.br\/site\/2026\/04\/24\/mirante-com-letreiro-jesus-e-inaugurado-por-igreja-em-sao-paulo\/#primaryimage\"},\"thumbnailUrl\":\"https:\/\/radioportoseguro.com.br\/site\/wp-content\/uploads\/2026\/04\/2548835050-mirante-jesus1.png\",\"articleSection\":[\"Destaques\"],\"inLanguage\":\"pt-BR\"},{\"@type\":\"WebPage\",\"@id\":\"https:\/\/radioportoseguro.com.br\/site\/2026\/04\/24\/mirante-com-letreiro-jesus-e-inaugurado-por-igreja-em-sao-paulo\/\",\"url\":\"https:\/\/radioportoseguro.com.br\/site\/2026\/04\/24\/mirante-com-letreiro-jesus-e-inaugurado-por-igreja-em-sao-paulo\/\",\"name\":\"Mirante com letreiro \u201cJesus\u201d \u00e9 inaugurado por igreja em S\u00e3o Paulo - R\u00e1dio Porto Seguro\",\"isPartOf\":{\"@id\":\"https:\/\/radioportoseguro.com.br\/site\/#website\"},\"primaryImageOfPage\":{\"@id\":\"https:\/\/radioportoseguro.com.br\/site\/2026\/04\/24\/mirante-com-letreiro-jesus-e-inaugurado-por-igreja-em-sao-paulo\/#primaryimage\"},\"image\":{\"@id\":\"https:\/\/radioportoseguro.com.br\/site\/2026\/04\/24\/mirante-com-letreiro-jesus-e-inaugurado-por-igreja-em-sao-paulo\/#primaryimage\"},\"thumbnailUrl\":\"https:\/\/radioportoseguro.com.br\/site\/wp-content\/uploads\/2026\/04\/2548835050-mirante-jesus1.png\",\"datePublished\":\"2026-04-24T23:36:55+00:00\",\"author\":{\"@id\":\"https:\/\/radioportoseguro.com.br\/site\/#\/schema\/person\/7630acdc320186f13639d3c067ec089b\"},\"breadcrumb\":{\"@id\":\"https:\/\/radioportoseguro.com.br\/site\/2026\/04\/24\/mirante-com-letreiro-jesus-e-inaugurado-por-igreja-em-sao-paulo\/#breadcrumb\"},\"inLanguage\":\"pt-BR\",\"potentialAction\":[{\"@type\":\"ReadAction\",\"target\":[\"https:\/\/radioportoseguro.com.br\/site\/2026\/04\/24\/mirante-com-letreiro-jesus-e-inaugurado-por-igreja-em-sao-paulo\/\"]}]},{\"@type\":\"ImageObject\",\"inLanguage\":\"pt-BR\",\"@id\":\"https:\/\/radioportoseguro.com.br\/site\/2026\/04\/24\/mirante-com-letreiro-jesus-e-inaugurado-por-igreja-em-sao-paulo\/#primaryimage\",\"url\":\"https:\/\/radioportoseguro.com.br\/site\/wp-content\/uploads\/2026\/04\/2548835050-mirante-jesus1.png\",\"contentUrl\":\"https:\/\/radioportoseguro.com.br\/site\/wp-content\/uploads\/2026\/04\/2548835050-mirante-jesus1.png\",\"width\":1200,\"height\":600},{\"@type\":\"BreadcrumbList\",\"@id\":\"https:\/\/radioportoseguro.com.br\/site\/2026\/04\/24\/mirante-com-letreiro-jesus-e-inaugurado-por-igreja-em-sao-paulo\/#breadcrumb\",\"itemListElement\":[{\"@type\":\"ListItem\",\"position\":1,\"name\":\"In\u00edcio\",\"item\":\"https:\/\/radioportoseguro.com.br\/site\/\"},{\"@type\":\"ListItem\",\"position\":2,\"name\":\"Mirante com letreiro \u201cJesus\u201d \u00e9 inaugurado por igreja em S\u00e3o Paulo\"}]},{\"@type\":\"WebSite\",\"@id\":\"https:\/\/radioportoseguro.com.br\/site\/#website\",\"url\":\"https:\/\/radioportoseguro.com.br\/site\/\",\"name\":\"R\u00e1dio Porto Seguro\",\"description\":\"\",\"potentialAction\":[{\"@type\":\"SearchAction\",\"target\":{\"@type\":\"EntryPoint\",\"urlTemplate\":\"https:\/\/radioportoseguro.com.br\/site\/?s={search_term_string}\"},\"query-input\":{\"@type\":\"PropertyValueSpecification\",\"valueRequired\":true,\"valueName\":\"search_term_string\"}}],\"inLanguage\":\"pt-BR\"},{\"@type\":\"Person\",\"@id\":\"https:\/\/radioportoseguro.com.br\/site\/#\/schema\/person\/7630acdc320186f13639d3c067ec089b\",\"name\":\"admin\",\"image\":{\"@type\":\"ImageObject\",\"inLanguage\":\"pt-BR\",\"@id\":\"https:\/\/radioportoseguro.com.br\/site\/#\/schema\/person\/image\/\",\"url\":\"https:\/\/secure.gravatar.com\/avatar\/caacf4dc1eedb68fab0df8e1ed46c448e578b2466351bbcb61e47d2ac0caaef0?s=96&d=mm&r=g\",\"contentUrl\":\"https:\/\/secure.gravatar.com\/avatar\/caacf4dc1eedb68fab0df8e1ed46c448e578b2466351bbcb61e47d2ac0caaef0?s=96&d=mm&r=g\",\"caption\":\"admin\"},\"sameAs\":[\"https:\/\/radioportoseguro.com.br\/site\"],\"url\":\"https:\/\/radioportoseguro.com.br\/site\/author\/hezio\/\"}]}<\/script>\n<!-- \/ Yoast SEO plugin. -->","yoast_head_json":{"title":"Mirante com letreiro \u201cJesus\u201d \u00e9 inaugurado por igreja em S\u00e3o Paulo - R\u00e1dio Porto Seguro","robots":{"index":"index","follow":"follow","max-snippet":"max-snippet:-1","max-image-preview":"max-image-preview:large","max-video-preview":"max-video-preview:-1"},"canonical":"https:\/\/radioportoseguro.com.br\/site\/2026\/04\/24\/mirante-com-letreiro-jesus-e-inaugurado-por-igreja-em-sao-paulo\/","og_locale":"pt_BR","og_type":"article","og_title":"Mirante com letreiro \u201cJesus\u201d \u00e9 inaugurado por igreja em S\u00e3o Paulo - R\u00e1dio Porto Seguro","og_description":"A Igreja L\u00edrio inaugurou um mirante com o letreiro \u201cJesus\u201d no bairro de Itaquera, Zona Leste de S\u00e3o Paulo. Constru\u00edda dentro do estacionamento da igreja, a estrutura se tornou um novo ponto de atra\u00e7\u00e3o na regi\u00e3o e, segundo a lideran\u00e7a, nasceu com o prop\u00f3sito de restaurar o territ\u00f3rio, fortalecer a f\u00e9 e aproximar pessoas de [&hellip;]","og_url":"https:\/\/radioportoseguro.com.br\/site\/2026\/04\/24\/mirante-com-letreiro-jesus-e-inaugurado-por-igreja-em-sao-paulo\/","og_site_name":"R\u00e1dio Porto Seguro","article_published_time":"2026-04-24T23:36:55+00:00","og_image":[{"url":"https:\/\/thumbor.guiame.com.br\/unsafe\/smart\/https:\/\/media.guiame.com.br\/archives\/2026\/04\/23\/4030568867-diego-menin.png","type":"","width":"","height":""}],"author":"admin","twitter_card":"summary_large_image","twitter_misc":{"Escrito por":"admin","Est. tempo de leitura":"5 minutos"},"schema":{"@context":"https:\/\/schema.org","@graph":[{"@type":"Article","@id":"https:\/\/radioportoseguro.com.br\/site\/2026\/04\/24\/mirante-com-letreiro-jesus-e-inaugurado-por-igreja-em-sao-paulo\/#article","isPartOf":{"@id":"https:\/\/radioportoseguro.com.br\/site\/2026\/04\/24\/mirante-com-letreiro-jesus-e-inaugurado-por-igreja-em-sao-paulo\/"},"author":{"name":"admin","@id":"https:\/\/radioportoseguro.com.br\/site\/#\/schema\/person\/7630acdc320186f13639d3c067ec089b"},"headline":"Mirante com letreiro \u201cJesus\u201d \u00e9 inaugurado por igreja em S\u00e3o Paulo","datePublished":"2026-04-24T23:36:55+00:00","mainEntityOfPage":{"@id":"https:\/\/radioportoseguro.com.br\/site\/2026\/04\/24\/mirante-com-letreiro-jesus-e-inaugurado-por-igreja-em-sao-paulo\/"},"wordCount":932,"image":{"@id":"https:\/\/radioportoseguro.com.br\/site\/2026\/04\/24\/mirante-com-letreiro-jesus-e-inaugurado-por-igreja-em-sao-paulo\/#primaryimage"},"thumbnailUrl":"https:\/\/radioportoseguro.com.br\/site\/wp-content\/uploads\/2026\/04\/2548835050-mirante-jesus1.png","articleSection":["Destaques"],"inLanguage":"pt-BR"},{"@type":"WebPage","@id":"https:\/\/radioportoseguro.com.br\/site\/2026\/04\/24\/mirante-com-letreiro-jesus-e-inaugurado-por-igreja-em-sao-paulo\/","url":"https:\/\/radioportoseguro.com.br\/site\/2026\/04\/24\/mirante-com-letreiro-jesus-e-inaugurado-por-igreja-em-sao-paulo\/","name":"Mirante com letreiro \u201cJesus\u201d \u00e9 inaugurado por igreja em S\u00e3o Paulo - R\u00e1dio Porto Seguro","isPartOf":{"@id":"https:\/\/radioportoseguro.com.br\/site\/#website"},"primaryImageOfPage":{"@id":"https:\/\/radioportoseguro.com.br\/site\/2026\/04\/24\/mirante-com-letreiro-jesus-e-inaugurado-por-igreja-em-sao-paulo\/#primaryimage"},"image":{"@id":"https:\/\/radioportoseguro.com.br\/site\/2026\/04\/24\/mirante-com-letreiro-jesus-e-inaugurado-por-igreja-em-sao-paulo\/#primaryimage"},"thumbnailUrl":"https:\/\/radioportoseguro.com.br\/site\/wp-content\/uploads\/2026\/04\/2548835050-mirante-jesus1.png","datePublished":"2026-04-24T23:36:55+00:00","author":{"@id":"https:\/\/radioportoseguro.com.br\/site\/#\/schema\/person\/7630acdc320186f13639d3c067ec089b"},"breadcrumb":{"@id":"https:\/\/radioportoseguro.com.br\/site\/2026\/04\/24\/mirante-com-letreiro-jesus-e-inaugurado-por-igreja-em-sao-paulo\/#breadcrumb"},"inLanguage":"pt-BR","potentialAction":[{"@type":"ReadAction","target":["https:\/\/radioportoseguro.com.br\/site\/2026\/04\/24\/mirante-com-letreiro-jesus-e-inaugurado-por-igreja-em-sao-paulo\/"]}]},{"@type":"ImageObject","inLanguage":"pt-BR","@id":"https:\/\/radioportoseguro.com.br\/site\/2026\/04\/24\/mirante-com-letreiro-jesus-e-inaugurado-por-igreja-em-sao-paulo\/#primaryimage","url":"https:\/\/radioportoseguro.com.br\/site\/wp-content\/uploads\/2026\/04\/2548835050-mirante-jesus1.png","contentUrl":"https:\/\/radioportoseguro.com.br\/site\/wp-content\/uploads\/2026\/04\/2548835050-mirante-jesus1.png","width":1200,"height":600},{"@type":"BreadcrumbList","@id":"https:\/\/radioportoseguro.com.br\/site\/2026\/04\/24\/mirante-com-letreiro-jesus-e-inaugurado-por-igreja-em-sao-paulo\/#breadcrumb","itemListElement":[{"@type":"ListItem","position":1,"name":"In\u00edcio","item":"https:\/\/radioportoseguro.com.br\/site\/"},{"@type":"ListItem","position":2,"name":"Mirante com letreiro \u201cJesus\u201d \u00e9 inaugurado por igreja em S\u00e3o Paulo"}]},{"@type":"WebSite","@id":"https:\/\/radioportoseguro.com.br\/site\/#website","url":"https:\/\/radioportoseguro.com.br\/site\/","name":"R\u00e1dio Porto Seguro","description":"","potentialAction":[{"@type":"SearchAction","target":{"@type":"EntryPoint","urlTemplate":"https:\/\/radioportoseguro.com.br\/site\/?s={search_term_string}"},"query-input":{"@type":"PropertyValueSpecification","valueRequired":true,"valueName":"search_term_string"}}],"inLanguage":"pt-BR"},{"@type":"Person","@id":"https:\/\/radioportoseguro.com.br\/site\/#\/schema\/person\/7630acdc320186f13639d3c067ec089b","name":"admin","image":{"@type":"ImageObject","inLanguage":"pt-BR","@id":"https:\/\/radioportoseguro.com.br\/site\/#\/schema\/person\/image\/","url":"https:\/\/secure.gravatar.com\/avatar\/caacf4dc1eedb68fab0df8e1ed46c448e578b2466351bbcb61e47d2ac0caaef0?s=96&d=mm&r=g","contentUrl":"https:\/\/secure.gravatar.com\/avatar\/caacf4dc1eedb68fab0df8e1ed46c448e578b2466351bbcb61e47d2ac0caaef0?s=96&d=mm&r=g","caption":"admin"},"sameAs":["https:\/\/radioportoseguro.com.br\/site"],"url":"https:\/\/radioportoseguro.com.br\/site\/author\/hezio\/"}]}},"_links":{"self":[{"href":"https:\/\/radioportoseguro.com.br\/site\/wp-json\/wp\/v2\/posts\/6352","targetHints":{"allow":["GET"]}}],"collection":[{"href":"https:\/\/radioportoseguro.com.br\/site\/wp-json\/wp\/v2\/posts"}],"about":[{"href":"https:\/\/radioportoseguro.com.br\/site\/wp-json\/wp\/v2\/types\/post"}],"author":[{"embeddable":true,"href":"https:\/\/radioportoseguro.com.br\/site\/wp-json\/wp\/v2\/users\/1"}],"replies":[{"embeddable":true,"href":"https:\/\/radioportoseguro.com.br\/site\/wp-json\/wp\/v2\/comments?post=6352"}],"version-history":[{"count":0,"href":"https:\/\/radioportoseguro.com.br\/site\/wp-json\/wp\/v2\/posts\/6352\/revisions"}],"wp:featuredmedia":[{"embeddable":true,"href":"https:\/\/radioportoseguro.com.br\/site\/wp-json\/wp\/v2\/media\/6353"}],"wp:attachment":[{"href":"https:\/\/radioportoseguro.com.br\/site\/wp-json\/wp\/v2\/media?parent=6352"}],"wp:term":[{"taxonomy":"category","embeddable":true,"href":"https:\/\/radioportoseguro.com.br\/site\/wp-json\/wp\/v2\/categories?post=6352"},{"taxonomy":"post_tag","embeddable":true,"href":"https:\/\/radioportoseguro.com.br\/site\/wp-json\/wp\/v2\/tags?post=6352"}],"curies":[{"name":"wp","href":"https:\/\/api.w.org\/{rel}","templated":true}]}}