{"id":6354,"date":"2026-04-24T22:43:27","date_gmt":"2026-04-25T01:43:27","guid":{"rendered":"https:\/\/radioportoseguro.com.br\/site\/2026\/04\/24\/filme-dos-irmaos-kendrick-gravado-no-brasil-em-portugues-estreia-em-setembro\/"},"modified":"2026-04-24T22:43:27","modified_gmt":"2026-04-25T01:43:27","slug":"filme-dos-irmaos-kendrick-gravado-no-brasil-em-portugues-estreia-em-setembro","status":"publish","type":"post","link":"https:\/\/radioportoseguro.com.br\/site\/2026\/04\/24\/filme-dos-irmaos-kendrick-gravado-no-brasil-em-portugues-estreia-em-setembro\/","title":{"rendered":"Filme dos Irm\u00e3os Kendrick gravado no Brasil em portugu\u00eas estreia em setembro"},"content":{"rendered":"<p><br \/>\n<br \/><\/p>\n<div>\n<p><span style=\"font-weight: 400;\">O novo filme dos cineastas crist\u00e3os Alex e Stephen Kendrick, gravado no Brasil em portugu\u00eas, vai estrear no dia 24 de setembro nos cinemas do pa\u00eds.<\/span><\/p>\n<p><span style=\"font-weight: 400;\">Segundo o portal Crosswalk, <\/span><span style=\"color: #800000;\"><strong>\u201cA Igni\u00e7\u00e3o\u201d<\/strong><\/span><span style=\"font-weight: 400;\"> \u00e9 uma releitura do primeiro longa dos irm\u00e3os Kendrick, \u201cA Virada\u201d, lan\u00e7ado em 2003. A produ\u00e7\u00e3o atual contou com um or\u00e7amento maior e elenco e equipe mais experientes.<\/span><\/p>\n<p><span style=\"font-weight: 400;\">Ambientado no Rio de Janeiro, o enredo conta a hist\u00f3ria de Noah Silva, um vendedor talentoso de carros usados que tenta ganhar dinheiro a qualquer custo, at\u00e9 que seu neg\u00f3cio e sua fam\u00edlia come\u00e7am a desmoronar.\u00a0<\/span><\/p>\n<p><span style=\"font-weight: 400;\">Na trama, Noah embarca em uma dif\u00edcil jornada para reconstruir sua integridade e reconquistar o amor da esposa e do filho.<\/span><\/p>\n<p><span style=\"font-weight: 400;\">Filmado no Brasil em portugu\u00eas, a nova produ\u00e7\u00e3o conta com um elenco brasileiro, incluindo Mario Bregieira, P\u00e9rola Faria, Gui Tavares, Felipe Folgosi, Adriano Canind\u00e9, Elizeu Rodrigues e Alex Kendrick.<\/span><\/p>\n<p><span style=\"font-weight: 400;\">\u201cA Igni\u00e7\u00e3o\u201d foi escrito por Alex Kendrick e dirigido por Alessandro Barros, e ser\u00e1 lan\u00e7ado pela Affirm Films.<\/span><\/p>\n<p><strong>Resposta de ora\u00e7\u00e3o<\/strong><\/p>\n<p><span style=\"font-weight: 400;\">Segundo um comunicado dos produtores \u00e0 imprensa, a ideia de produzir um filme em l\u00edngua portuguesa surgiu ap\u00f3s o <\/span><span style=\"color: #800000;\"><strong>sucesso de \u201cA Forja\u201d<\/strong><\/span><span style=\"font-weight: 400;\">, dos irm\u00e3os Kendrick, no Brasil em 2024.<\/span><\/p>\n<p><span style=\"font-weight: 400;\">Al\u00e9m disso, durante eventos promocionais do filme, l\u00edderes crist\u00e3os brasileiros relataram a Alex e Stephen sobre o desejo de produzir filmes crist\u00e3os dentro da pr\u00f3pria cultura.<\/span><\/p>\n<p><span style=\"font-weight: 400;\">&#8220;Os cineastas brasileiros tinham todo o talento e ingredientes na cozinha, mas queriam que ajud\u00e1ssemos a produzir algo inspirador no Brasil com a qualidade que viram em \u2018A Forja\u2019&#8221;, comentou Alex.<\/span><\/p>\n<p><span style=\"font-weight: 400;\">E Stephen completou: \u201cO que normalmente leva meses de prepara\u00e7\u00e3o aconteceu em dias. Foi incr\u00edvel. N\u00e3o conhec\u00edamos a l\u00edngua, os recursos locais ou a cultura, mas vimos Deus nos ajudar a fazer mais em menos tempo\u201d.<\/span><\/p>\n<p><span style=\"font-weight: 400;\">\u201cDescobrimos que pastores brasileiros estavam orando por isso h\u00e1 cinco anos. O filme \u00e9 melhor filmado, atuado do que o original, e a hist\u00f3ria \u00e9 igualmente poderosa. Estou realmente animado para ver como o p\u00fablico vai reagir a essa nova vers\u00e3o nos cinemas neste outono\u201d.<\/span><\/p>\n<p><span style=\"font-weight: 400;\">Nos Estados Unidos, \u201cA Igni\u00e7\u00e3o\u201d ser\u00e1 lan\u00e7ado em 16 de outubro, com dublagem em ingl\u00eas e legendas.<\/span><\/p>\n<p><span style=\"font-weight: 400;\">Os cineastas crist\u00e3os Alex e Stephen Kendrick s\u00e3o conhecidos por seus grandes sucessos como \u201c\u00c0 Prova de Fogo\u201d, \u201cQuarto de Guerra\u201d e \u201cA Forja\u201d.<\/span><\/p>\n<\/div>\n<p><br \/>\n<br \/>Fonte: Guiame <\/p>\n","protected":false},"excerpt":{"rendered":"<p>O novo filme dos cineastas crist\u00e3os Alex e Stephen Kendrick, gravado no Brasil em portugu\u00eas, vai estrear no dia 24 de setembro nos cinemas do pa\u00eds. Segundo o portal Crosswalk, \u201cA Igni\u00e7\u00e3o\u201d \u00e9 uma releitura do primeiro longa dos irm\u00e3os Kendrick, \u201cA Virada\u201d, lan\u00e7ado em 2003. A produ\u00e7\u00e3o atual contou com um or\u00e7amento maior e [&hellip;]<\/p>\n","protected":false},"author":1,"featured_media":6355,"comment_status":"","ping_status":"open","sticky":false,"template":"","format":"standard","meta":{"footnotes":""},"categories":[43],"tags":[],"class_list":["post-6354","post","type-post","status-publish","format-standard","has-post-thumbnail","hentry","category-destaques"],"yoast_head":"<!-- This site is optimized with the Yoast SEO plugin v26.8 - https:\/\/yoast.com\/product\/yoast-seo-wordpress\/ -->\n<title>Filme dos Irm\u00e3os Kendrick gravado no Brasil em portugu\u00eas estreia em setembro - R\u00e1dio Porto Seguro<\/title>\n<meta name=\"robots\" content=\"index, follow, max-snippet:-1, max-image-preview:large, max-video-preview:-1\" \/>\n<link rel=\"canonical\" href=\"https:\/\/radioportoseguro.com.br\/site\/2026\/04\/24\/filme-dos-irmaos-kendrick-gravado-no-brasil-em-portugues-estreia-em-setembro\/\" \/>\n<meta property=\"og:locale\" content=\"pt_BR\" \/>\n<meta property=\"og:type\" content=\"article\" \/>\n<meta property=\"og:title\" content=\"Filme dos Irm\u00e3os Kendrick gravado no Brasil em portugu\u00eas estreia em setembro - R\u00e1dio Porto Seguro\" \/>\n<meta property=\"og:description\" content=\"O novo filme dos cineastas crist\u00e3os Alex e Stephen Kendrick, gravado no Brasil em portugu\u00eas, vai estrear no dia 24 de setembro nos cinemas do pa\u00eds. Segundo o portal Crosswalk, \u201cA Igni\u00e7\u00e3o\u201d \u00e9 uma releitura do primeiro longa dos irm\u00e3os Kendrick, \u201cA Virada\u201d, lan\u00e7ado em 2003. A produ\u00e7\u00e3o atual contou com um or\u00e7amento maior e [&hellip;]\" \/>\n<meta property=\"og:url\" content=\"https:\/\/radioportoseguro.com.br\/site\/2026\/04\/24\/filme-dos-irmaos-kendrick-gravado-no-brasil-em-portugues-estreia-em-setembro\/\" \/>\n<meta property=\"og:site_name\" content=\"R\u00e1dio Porto Seguro\" \/>\n<meta property=\"article:published_time\" content=\"2026-04-25T01:43:27+00:00\" \/>\n<meta property=\"og:image\" content=\"https:\/\/media.guiame.com.br\/archives\/2024\/08\/27\/1335093807-.png\" \/>\n<meta name=\"author\" content=\"admin\" \/>\n<meta name=\"twitter:card\" content=\"summary_large_image\" \/>\n<meta name=\"twitter:label1\" content=\"Escrito por\" \/>\n\t<meta name=\"twitter:data1\" content=\"admin\" \/>\n\t<meta name=\"twitter:label2\" content=\"Est. tempo de leitura\" \/>\n\t<meta name=\"twitter:data2\" content=\"2 minutos\" \/>\n<script type=\"application\/ld+json\" class=\"yoast-schema-graph\">{\"@context\":\"https:\/\/schema.org\",\"@graph\":[{\"@type\":\"Article\",\"@id\":\"https:\/\/radioportoseguro.com.br\/site\/2026\/04\/24\/filme-dos-irmaos-kendrick-gravado-no-brasil-em-portugues-estreia-em-setembro\/#article\",\"isPartOf\":{\"@id\":\"https:\/\/radioportoseguro.com.br\/site\/2026\/04\/24\/filme-dos-irmaos-kendrick-gravado-no-brasil-em-portugues-estreia-em-setembro\/\"},\"author\":{\"name\":\"admin\",\"@id\":\"https:\/\/radioportoseguro.com.br\/site\/#\/schema\/person\/7630acdc320186f13639d3c067ec089b\"},\"headline\":\"Filme dos Irm\u00e3os Kendrick gravado no Brasil em portugu\u00eas estreia em setembro\",\"datePublished\":\"2026-04-25T01:43:27+00:00\",\"mainEntityOfPage\":{\"@id\":\"https:\/\/radioportoseguro.com.br\/site\/2026\/04\/24\/filme-dos-irmaos-kendrick-gravado-no-brasil-em-portugues-estreia-em-setembro\/\"},\"wordCount\":426,\"image\":{\"@id\":\"https:\/\/radioportoseguro.com.br\/site\/2026\/04\/24\/filme-dos-irmaos-kendrick-gravado-no-brasil-em-portugues-estreia-em-setembro\/#primaryimage\"},\"thumbnailUrl\":\"https:\/\/radioportoseguro.com.br\/site\/wp-content\/uploads\/2026\/04\/1335093807-.png\",\"articleSection\":[\"Destaques\"],\"inLanguage\":\"pt-BR\"},{\"@type\":\"WebPage\",\"@id\":\"https:\/\/radioportoseguro.com.br\/site\/2026\/04\/24\/filme-dos-irmaos-kendrick-gravado-no-brasil-em-portugues-estreia-em-setembro\/\",\"url\":\"https:\/\/radioportoseguro.com.br\/site\/2026\/04\/24\/filme-dos-irmaos-kendrick-gravado-no-brasil-em-portugues-estreia-em-setembro\/\",\"name\":\"Filme dos Irm\u00e3os Kendrick gravado no Brasil em portugu\u00eas estreia em setembro - R\u00e1dio Porto Seguro\",\"isPartOf\":{\"@id\":\"https:\/\/radioportoseguro.com.br\/site\/#website\"},\"primaryImageOfPage\":{\"@id\":\"https:\/\/radioportoseguro.com.br\/site\/2026\/04\/24\/filme-dos-irmaos-kendrick-gravado-no-brasil-em-portugues-estreia-em-setembro\/#primaryimage\"},\"image\":{\"@id\":\"https:\/\/radioportoseguro.com.br\/site\/2026\/04\/24\/filme-dos-irmaos-kendrick-gravado-no-brasil-em-portugues-estreia-em-setembro\/#primaryimage\"},\"thumbnailUrl\":\"https:\/\/radioportoseguro.com.br\/site\/wp-content\/uploads\/2026\/04\/1335093807-.png\",\"datePublished\":\"2026-04-25T01:43:27+00:00\",\"author\":{\"@id\":\"https:\/\/radioportoseguro.com.br\/site\/#\/schema\/person\/7630acdc320186f13639d3c067ec089b\"},\"breadcrumb\":{\"@id\":\"https:\/\/radioportoseguro.com.br\/site\/2026\/04\/24\/filme-dos-irmaos-kendrick-gravado-no-brasil-em-portugues-estreia-em-setembro\/#breadcrumb\"},\"inLanguage\":\"pt-BR\",\"potentialAction\":[{\"@type\":\"ReadAction\",\"target\":[\"https:\/\/radioportoseguro.com.br\/site\/2026\/04\/24\/filme-dos-irmaos-kendrick-gravado-no-brasil-em-portugues-estreia-em-setembro\/\"]}]},{\"@type\":\"ImageObject\",\"inLanguage\":\"pt-BR\",\"@id\":\"https:\/\/radioportoseguro.com.br\/site\/2026\/04\/24\/filme-dos-irmaos-kendrick-gravado-no-brasil-em-portugues-estreia-em-setembro\/#primaryimage\",\"url\":\"https:\/\/radioportoseguro.com.br\/site\/wp-content\/uploads\/2026\/04\/1335093807-.png\",\"contentUrl\":\"https:\/\/radioportoseguro.com.br\/site\/wp-content\/uploads\/2026\/04\/1335093807-.png\",\"width\":1200,\"height\":600},{\"@type\":\"BreadcrumbList\",\"@id\":\"https:\/\/radioportoseguro.com.br\/site\/2026\/04\/24\/filme-dos-irmaos-kendrick-gravado-no-brasil-em-portugues-estreia-em-setembro\/#breadcrumb\",\"itemListElement\":[{\"@type\":\"ListItem\",\"position\":1,\"name\":\"In\u00edcio\",\"item\":\"https:\/\/radioportoseguro.com.br\/site\/\"},{\"@type\":\"ListItem\",\"position\":2,\"name\":\"Filme dos Irm\u00e3os Kendrick gravado no Brasil em portugu\u00eas estreia em setembro\"}]},{\"@type\":\"WebSite\",\"@id\":\"https:\/\/radioportoseguro.com.br\/site\/#website\",\"url\":\"https:\/\/radioportoseguro.com.br\/site\/\",\"name\":\"R\u00e1dio Porto Seguro\",\"description\":\"\",\"potentialAction\":[{\"@type\":\"SearchAction\",\"target\":{\"@type\":\"EntryPoint\",\"urlTemplate\":\"https:\/\/radioportoseguro.com.br\/site\/?s={search_term_string}\"},\"query-input\":{\"@type\":\"PropertyValueSpecification\",\"valueRequired\":true,\"valueName\":\"search_term_string\"}}],\"inLanguage\":\"pt-BR\"},{\"@type\":\"Person\",\"@id\":\"https:\/\/radioportoseguro.com.br\/site\/#\/schema\/person\/7630acdc320186f13639d3c067ec089b\",\"name\":\"admin\",\"image\":{\"@type\":\"ImageObject\",\"inLanguage\":\"pt-BR\",\"@id\":\"https:\/\/radioportoseguro.com.br\/site\/#\/schema\/person\/image\/\",\"url\":\"https:\/\/secure.gravatar.com\/avatar\/caacf4dc1eedb68fab0df8e1ed46c448e578b2466351bbcb61e47d2ac0caaef0?s=96&d=mm&r=g\",\"contentUrl\":\"https:\/\/secure.gravatar.com\/avatar\/caacf4dc1eedb68fab0df8e1ed46c448e578b2466351bbcb61e47d2ac0caaef0?s=96&d=mm&r=g\",\"caption\":\"admin\"},\"sameAs\":[\"https:\/\/radioportoseguro.com.br\/site\"],\"url\":\"https:\/\/radioportoseguro.com.br\/site\/author\/hezio\/\"}]}<\/script>\n<!-- \/ Yoast SEO plugin. -->","yoast_head_json":{"title":"Filme dos Irm\u00e3os Kendrick gravado no Brasil em portugu\u00eas estreia em setembro - R\u00e1dio Porto Seguro","robots":{"index":"index","follow":"follow","max-snippet":"max-snippet:-1","max-image-preview":"max-image-preview:large","max-video-preview":"max-video-preview:-1"},"canonical":"https:\/\/radioportoseguro.com.br\/site\/2026\/04\/24\/filme-dos-irmaos-kendrick-gravado-no-brasil-em-portugues-estreia-em-setembro\/","og_locale":"pt_BR","og_type":"article","og_title":"Filme dos Irm\u00e3os Kendrick gravado no Brasil em portugu\u00eas estreia em setembro - R\u00e1dio Porto Seguro","og_description":"O novo filme dos cineastas crist\u00e3os Alex e Stephen Kendrick, gravado no Brasil em portugu\u00eas, vai estrear no dia 24 de setembro nos cinemas do pa\u00eds. Segundo o portal Crosswalk, \u201cA Igni\u00e7\u00e3o\u201d \u00e9 uma releitura do primeiro longa dos irm\u00e3os Kendrick, \u201cA Virada\u201d, lan\u00e7ado em 2003. A produ\u00e7\u00e3o atual contou com um or\u00e7amento maior e [&hellip;]","og_url":"https:\/\/radioportoseguro.com.br\/site\/2026\/04\/24\/filme-dos-irmaos-kendrick-gravado-no-brasil-em-portugues-estreia-em-setembro\/","og_site_name":"R\u00e1dio Porto Seguro","article_published_time":"2026-04-25T01:43:27+00:00","og_image":[{"url":"https:\/\/media.guiame.com.br\/archives\/2024\/08\/27\/1335093807-.png","type":"","width":"","height":""}],"author":"admin","twitter_card":"summary_large_image","twitter_misc":{"Escrito por":"admin","Est. tempo de leitura":"2 minutos"},"schema":{"@context":"https:\/\/schema.org","@graph":[{"@type":"Article","@id":"https:\/\/radioportoseguro.com.br\/site\/2026\/04\/24\/filme-dos-irmaos-kendrick-gravado-no-brasil-em-portugues-estreia-em-setembro\/#article","isPartOf":{"@id":"https:\/\/radioportoseguro.com.br\/site\/2026\/04\/24\/filme-dos-irmaos-kendrick-gravado-no-brasil-em-portugues-estreia-em-setembro\/"},"author":{"name":"admin","@id":"https:\/\/radioportoseguro.com.br\/site\/#\/schema\/person\/7630acdc320186f13639d3c067ec089b"},"headline":"Filme dos Irm\u00e3os Kendrick gravado no Brasil em portugu\u00eas estreia em setembro","datePublished":"2026-04-25T01:43:27+00:00","mainEntityOfPage":{"@id":"https:\/\/radioportoseguro.com.br\/site\/2026\/04\/24\/filme-dos-irmaos-kendrick-gravado-no-brasil-em-portugues-estreia-em-setembro\/"},"wordCount":426,"image":{"@id":"https:\/\/radioportoseguro.com.br\/site\/2026\/04\/24\/filme-dos-irmaos-kendrick-gravado-no-brasil-em-portugues-estreia-em-setembro\/#primaryimage"},"thumbnailUrl":"https:\/\/radioportoseguro.com.br\/site\/wp-content\/uploads\/2026\/04\/1335093807-.png","articleSection":["Destaques"],"inLanguage":"pt-BR"},{"@type":"WebPage","@id":"https:\/\/radioportoseguro.com.br\/site\/2026\/04\/24\/filme-dos-irmaos-kendrick-gravado-no-brasil-em-portugues-estreia-em-setembro\/","url":"https:\/\/radioportoseguro.com.br\/site\/2026\/04\/24\/filme-dos-irmaos-kendrick-gravado-no-brasil-em-portugues-estreia-em-setembro\/","name":"Filme dos Irm\u00e3os Kendrick gravado no Brasil em portugu\u00eas estreia em setembro - R\u00e1dio Porto Seguro","isPartOf":{"@id":"https:\/\/radioportoseguro.com.br\/site\/#website"},"primaryImageOfPage":{"@id":"https:\/\/radioportoseguro.com.br\/site\/2026\/04\/24\/filme-dos-irmaos-kendrick-gravado-no-brasil-em-portugues-estreia-em-setembro\/#primaryimage"},"image":{"@id":"https:\/\/radioportoseguro.com.br\/site\/2026\/04\/24\/filme-dos-irmaos-kendrick-gravado-no-brasil-em-portugues-estreia-em-setembro\/#primaryimage"},"thumbnailUrl":"https:\/\/radioportoseguro.com.br\/site\/wp-content\/uploads\/2026\/04\/1335093807-.png","datePublished":"2026-04-25T01:43:27+00:00","author":{"@id":"https:\/\/radioportoseguro.com.br\/site\/#\/schema\/person\/7630acdc320186f13639d3c067ec089b"},"breadcrumb":{"@id":"https:\/\/radioportoseguro.com.br\/site\/2026\/04\/24\/filme-dos-irmaos-kendrick-gravado-no-brasil-em-portugues-estreia-em-setembro\/#breadcrumb"},"inLanguage":"pt-BR","potentialAction":[{"@type":"ReadAction","target":["https:\/\/radioportoseguro.com.br\/site\/2026\/04\/24\/filme-dos-irmaos-kendrick-gravado-no-brasil-em-portugues-estreia-em-setembro\/"]}]},{"@type":"ImageObject","inLanguage":"pt-BR","@id":"https:\/\/radioportoseguro.com.br\/site\/2026\/04\/24\/filme-dos-irmaos-kendrick-gravado-no-brasil-em-portugues-estreia-em-setembro\/#primaryimage","url":"https:\/\/radioportoseguro.com.br\/site\/wp-content\/uploads\/2026\/04\/1335093807-.png","contentUrl":"https:\/\/radioportoseguro.com.br\/site\/wp-content\/uploads\/2026\/04\/1335093807-.png","width":1200,"height":600},{"@type":"BreadcrumbList","@id":"https:\/\/radioportoseguro.com.br\/site\/2026\/04\/24\/filme-dos-irmaos-kendrick-gravado-no-brasil-em-portugues-estreia-em-setembro\/#breadcrumb","itemListElement":[{"@type":"ListItem","position":1,"name":"In\u00edcio","item":"https:\/\/radioportoseguro.com.br\/site\/"},{"@type":"ListItem","position":2,"name":"Filme dos Irm\u00e3os Kendrick gravado no Brasil em portugu\u00eas estreia em setembro"}]},{"@type":"WebSite","@id":"https:\/\/radioportoseguro.com.br\/site\/#website","url":"https:\/\/radioportoseguro.com.br\/site\/","name":"R\u00e1dio Porto Seguro","description":"","potentialAction":[{"@type":"SearchAction","target":{"@type":"EntryPoint","urlTemplate":"https:\/\/radioportoseguro.com.br\/site\/?s={search_term_string}"},"query-input":{"@type":"PropertyValueSpecification","valueRequired":true,"valueName":"search_term_string"}}],"inLanguage":"pt-BR"},{"@type":"Person","@id":"https:\/\/radioportoseguro.com.br\/site\/#\/schema\/person\/7630acdc320186f13639d3c067ec089b","name":"admin","image":{"@type":"ImageObject","inLanguage":"pt-BR","@id":"https:\/\/radioportoseguro.com.br\/site\/#\/schema\/person\/image\/","url":"https:\/\/secure.gravatar.com\/avatar\/caacf4dc1eedb68fab0df8e1ed46c448e578b2466351bbcb61e47d2ac0caaef0?s=96&d=mm&r=g","contentUrl":"https:\/\/secure.gravatar.com\/avatar\/caacf4dc1eedb68fab0df8e1ed46c448e578b2466351bbcb61e47d2ac0caaef0?s=96&d=mm&r=g","caption":"admin"},"sameAs":["https:\/\/radioportoseguro.com.br\/site"],"url":"https:\/\/radioportoseguro.com.br\/site\/author\/hezio\/"}]}},"_links":{"self":[{"href":"https:\/\/radioportoseguro.com.br\/site\/wp-json\/wp\/v2\/posts\/6354","targetHints":{"allow":["GET"]}}],"collection":[{"href":"https:\/\/radioportoseguro.com.br\/site\/wp-json\/wp\/v2\/posts"}],"about":[{"href":"https:\/\/radioportoseguro.com.br\/site\/wp-json\/wp\/v2\/types\/post"}],"author":[{"embeddable":true,"href":"https:\/\/radioportoseguro.com.br\/site\/wp-json\/wp\/v2\/users\/1"}],"replies":[{"embeddable":true,"href":"https:\/\/radioportoseguro.com.br\/site\/wp-json\/wp\/v2\/comments?post=6354"}],"version-history":[{"count":0,"href":"https:\/\/radioportoseguro.com.br\/site\/wp-json\/wp\/v2\/posts\/6354\/revisions"}],"wp:featuredmedia":[{"embeddable":true,"href":"https:\/\/radioportoseguro.com.br\/site\/wp-json\/wp\/v2\/media\/6355"}],"wp:attachment":[{"href":"https:\/\/radioportoseguro.com.br\/site\/wp-json\/wp\/v2\/media?parent=6354"}],"wp:term":[{"taxonomy":"category","embeddable":true,"href":"https:\/\/radioportoseguro.com.br\/site\/wp-json\/wp\/v2\/categories?post=6354"},{"taxonomy":"post_tag","embeddable":true,"href":"https:\/\/radioportoseguro.com.br\/site\/wp-json\/wp\/v2\/tags?post=6354"}],"curies":[{"name":"wp","href":"https:\/\/api.w.org\/{rel}","templated":true}]}}