{"id":6360,"date":"2026-04-25T03:05:49","date_gmt":"2026-04-25T06:05:49","guid":{"rendered":"https:\/\/radioportoseguro.com.br\/site\/2026\/04\/25\/viciado-na-infancia-pelos-pais-homem-se-rende-a-deus-ao-ouvir-jesus-chamar-seu-nome\/"},"modified":"2026-04-25T03:05:49","modified_gmt":"2026-04-25T06:05:49","slug":"viciado-na-infancia-pelos-pais-homem-se-rende-a-deus-ao-ouvir-jesus-chamar-seu-nome","status":"publish","type":"post","link":"https:\/\/radioportoseguro.com.br\/site\/2026\/04\/25\/viciado-na-infancia-pelos-pais-homem-se-rende-a-deus-ao-ouvir-jesus-chamar-seu-nome\/","title":{"rendered":"Viciado na inf\u00e2ncia pelos pais, homem se rende a Deus ao ouvir Jesus chamar seu nome"},"content":{"rendered":"<p><br \/>\n<br \/><\/p>\n<div>\n<p>Criado por pais <span style=\"color: #800000;\"><strong>viciados em drogas<\/strong><\/span>, a inf\u00e2ncia de Zach Rocke o deixou com d\u00favidas sobre seu pr\u00f3prio valor. A disfun\u00e7\u00e3o familiar, juntamente com o <span style=\"color: #800000;\"><strong>abuso sexual<\/strong> <\/span>sofrido por uma bab\u00e1, destruiu a inf\u00e2ncia de Zach.\u00a0<\/p>\n<p>Ainda menino, ele chegou a experimentar drogas induzido pelos pr\u00f3prios pais.<\/p>\n<p>\u201cQuando eu tinha uns oito anos, as primeiras drogas que experimentei foram dos meus pais. Era maconha. Eu achava que era normal. Uma inf\u00e2ncia normal\u201d, conta Zach, balan\u00e7ando a cabe\u00e7a.<\/p>\n<p>\u201cIsso me desconectou de mim mesmo e me destruiu por dentro. Guardar isso \u2013 ter sua inoc\u00eancia roubada \u2013 d\u00f3i muito. Voc\u00ea come\u00e7a a se perguntar: \u2018O que h\u00e1 de errado comigo? O que eu fiz para merecer isso? Ser\u00e1 que estou fazendo algo errado?\u2019 Isso te destr\u00f3i. Destr\u00f3i qualquer um\u201d, confessa.\u00a0<\/p>\n<p>Zach lidou com a situa\u00e7\u00e3o da mesma forma que seus pais ensinaram a ele: usando drogas.<\/p>\n<p>\u201cVoc\u00ea olha para as pessoas na sua vida que deveriam ser l\u00edderes confi\u00e1veis \u200b\u200b\u2013 seus pais, que deveriam te amar \u2013 e voc\u00ea as v\u00ea fazendo isso e continua fazendo tamb\u00e9m, e isso acaba se tornando parte de voc\u00ea\u201d, explica ele.<\/p>\n<p>\u201cEra normal. Por anos eu pensei: \u2018Sempre vou usar drogas. Isso \u00e9 normal\u2019, porque eu via minha m\u00e3e fazendo isso. Eu a via repetidamente\u201d, acrescenta com um suspiro.\u00a0<\/p>\n<p><strong>Viciado em drogas<\/strong><\/p>\n<p>N\u00e3o demorou muito para que as drogas consumissem sua vida, levando Zach a um caminho de destrui\u00e7\u00e3o.<\/p>\n<p>\u201cEra impar\u00e1vel. Era como um trem desgovernado. Aos quatorze anos, eu j\u00e1 usava coca\u00edna e era internado em reformat\u00f3rios\u201d, ele relembra, com tristeza.<\/p>\n<p>\u201cEu n\u00e3o precisava procurar drogas. Elas me encontravam porque eu estava sempre em busca de aceita\u00e7\u00e3o e da pr\u00f3xima dose. E eu encontrava outras pessoas que buscavam a mesma coisa, e isso quase se tornou um h\u00e1bito. Virou um h\u00e1bito para mim\u201d, ele reflete.\u00a0<\/p>\n<p>Por mais de uma d\u00e9cada, as drogas mantiveram a dor e o trauma de Zach sob controle.<\/p>\n<p>At\u00e9 que, em 2012, aos 27 anos, Zach se viu sem-teto em Oklahoma.<\/p>\n<p><strong>Igreja e ora\u00e7\u00f5es<\/strong><\/p>\n<p>Uma <span style=\"color: #800000;\"><strong>igreja local<\/strong><\/span> o ajudou a encontrar trabalho, moradia e o convidou para o culto de domingo, onde Zach entregou sua vida a Jesus.<\/p>\n<p>\u201cEu simplesmente corri para o altar \u2013 provavelmente me joguei no tapete \u2013 comecei a chorar: \u2018Jesus, fa\u00e7a de mim o homem que o Senhor quer que eu seja; entrego minha vida a Ti\u2019\u201d, ele relembra, com os olhos brilhando.<\/p>\n<p>\u201cE quando levantei a cabe\u00e7a, havia provavelmente dez ou quinze homens da igreja ao meu redor, orando por mim\u201d, ele recorda com carinho.\u00a0<\/p>\n<p><strong>Caindo em tenta\u00e7\u00e3o<\/strong><\/p>\n<p>Zach trabalhou como pe\u00e3o de fazenda por dois anos e conseguiu se manter s\u00f3brio. No entanto, quando descobriu uma boca de fumo de metanfetamina nas proximidades, a tenta\u00e7\u00e3o foi irresist\u00edvel.<\/p>\n<p>\u201cAcho que n\u00e3o estava pronto para abrir m\u00e3o de certas partes de mim; n\u00e3o me rendi completamente. Uma decis\u00e3o ruim levou a outra, e acabei pior do que antes. Reca\u00ed direto na autocr\u00edtica\u201d, admite.<\/p>\n<p>\u201cEu costumava dizer para mim mesmo: \u2018Voc\u00ea se perdeu \u2013 voc\u00ea tinha tudo para dar certo. O que aconteceu?\u2019 Acabei me envolvendo com metanfetamina, e voc\u00ea quer falar de uma droga que \u00e9 pura maldade, demon\u00edaca?\u201d, diz ele, baixando a voz para um sussurro.\u00a0<\/p>\n<p>Mergulhado ainda mais no v\u00edcio, a autoestima de Zach estava no n\u00edvel mais baixo poss\u00edvel.<\/p>\n<p><strong>\u2018Jesus me chamou pelo nome\u2019<\/strong><\/p>\n<p>Quando um ex-viciado lhe contou como o Desafio Jovem (Teen Challenge) o havia transformado, Zach, agora com 30 anos, decidiu experimentar.<\/p>\n<p>\u201cEu disse a mim mesmo que ia para o Desafio Jovem porque precisava me encontrar. Mas fui para o Desafio Jovem e encontrei Jesus\u201d, ele sorri.<\/p>\n<p>\u201cComecei a ler a B\u00edblia novamente, comecei a orar, a buscar o Senhor. O momento decisivo para mim\u2026 na verdade, foi em um sonho\u201d, observa.\u00a0<\/p>\n<p>\u201cEu ouvi o Senhor dizer \u2018Zacarias\u2019. E no sonho, acordei e disse: \u2018Sim, Senhor?\u2019 \u2013 e eu estava chorando. Ele disse: \u2018Por causa do grande n\u00famero de pessoas com iniquidade, o amor de muitos esfriar\u00e1\u2019. Eu n\u00e3o sabia na \u00e9poca, mas \u00e9 Mateus 24:12. Mas eu ouvi, acordei e estava chorando. E naquele instante, prometi a mim mesmo que n\u00e3o esfriaria, que permaneceria sempre fervoroso pelo Senhor\u201d, ele conta, com a paix\u00e3o transbordando.<\/p>\n<p>\u201cAquele foi o momento que me impactou, o momento em que me rendi. Lembro-me de me ajoelhar e simplesmente dizer: \u2018Tudo \u00e9 Teu, Senhor. Eu sou todo Teu. N\u00e3o quero esfriar\u2019. E nunca mais olhei para tr\u00e1s\u201d, afirma.<\/p>\n<p><strong>Chamado ao minist\u00e9rio<\/strong><\/p>\n<p>Zach aprofundou seu relacionamento com Deus e, por meio do Desafio Jovem, conseguiu se livrar do v\u00edcio em drogas.<\/p>\n<p>L\u00e1, ele conheceu Andrea e os dois se casaram em 2017.<\/p>\n<p>\u201cQuer falar da gra\u00e7a de Deus? Me casei com a filha de um pastor. Uma ex-presidi\u00e1ria, ex-viciada em drogas, ex-usu\u00e1ria de agulhas \u2013 me casei com a filha de um pastor e fui chamado para o minist\u00e9rio\u201d, ele se maravilha.<\/p>\n<p>\u201cMinha esposa e eu acabamos trabalhando em uma igreja como pastores auxiliares de jovens. E s\u00f3 o Senhor pode fazer isso\u201d, ele enfatiza.\u00a0<\/p>\n<p>Hoje, Zach vive uma nova vida, compartilhando com outros como o amor e a gra\u00e7a de Deus o satisfizeram em todos os sentidos.<\/p>\n<p>\u201cEncontrei tudo o que precisava. Encontrei um amigo, encontrei conforto. Toda a minha vergonha desapareceu. Encontrei um lar, encontrei uma fam\u00edlia \u2013 tudo o que eu buscava nas drogas e naquele estilo de vida, todos os desejos, foram completamente removidos e substitu\u00eddos pelo amor, pelo poder, pela gra\u00e7a e pela miseric\u00f3rdia de Deus\u201d, compartilha ele.\u00a0<\/p>\n<p>\u201cIsso me faz saber que tenho um prop\u00f3sito \u2013 saber que o Deus do universo, o Deus no c\u00e9u, de alguma forma achou por bem continuar a me resgatar, me salvar e me trazer para c\u00e1\u2026 me ter aqui\u201d, conclui ele, com um sorriso de gratid\u00e3o se espalhando pelo rosto.<\/p>\n<p>\u00a0<\/p>\n<\/div>\n<p><br \/>\n<br \/>Fonte: Guiame <\/p>\n","protected":false},"excerpt":{"rendered":"<p>Criado por pais viciados em drogas, a inf\u00e2ncia de Zach Rocke o deixou com d\u00favidas sobre seu pr\u00f3prio valor. A disfun\u00e7\u00e3o familiar, juntamente com o abuso sexual sofrido por uma bab\u00e1, destruiu a inf\u00e2ncia de Zach.\u00a0 Ainda menino, ele chegou a experimentar drogas induzido pelos pr\u00f3prios pais. \u201cQuando eu tinha uns oito anos, as primeiras [&hellip;]<\/p>\n","protected":false},"author":1,"featured_media":6361,"comment_status":"","ping_status":"open","sticky":false,"template":"","format":"standard","meta":{"footnotes":""},"categories":[43],"tags":[],"class_list":["post-6360","post","type-post","status-publish","format-standard","has-post-thumbnail","hentry","category-destaques"],"yoast_head":"<!-- This site is optimized with the Yoast SEO plugin v26.8 - https:\/\/yoast.com\/product\/yoast-seo-wordpress\/ -->\n<title>Viciado na inf\u00e2ncia pelos pais, homem se rende a Deus ao ouvir Jesus chamar seu nome - R\u00e1dio Porto Seguro<\/title>\n<meta name=\"robots\" content=\"index, follow, max-snippet:-1, max-image-preview:large, max-video-preview:-1\" \/>\n<link rel=\"canonical\" href=\"https:\/\/radioportoseguro.com.br\/site\/2026\/04\/25\/viciado-na-infancia-pelos-pais-homem-se-rende-a-deus-ao-ouvir-jesus-chamar-seu-nome\/\" \/>\n<meta property=\"og:locale\" content=\"pt_BR\" \/>\n<meta property=\"og:type\" content=\"article\" \/>\n<meta property=\"og:title\" content=\"Viciado na inf\u00e2ncia pelos pais, homem se rende a Deus ao ouvir Jesus chamar seu nome - R\u00e1dio Porto Seguro\" \/>\n<meta property=\"og:description\" content=\"Criado por pais viciados em drogas, a inf\u00e2ncia de Zach Rocke o deixou com d\u00favidas sobre seu pr\u00f3prio valor. A disfun\u00e7\u00e3o familiar, juntamente com o abuso sexual sofrido por uma bab\u00e1, destruiu a inf\u00e2ncia de Zach.\u00a0 Ainda menino, ele chegou a experimentar drogas induzido pelos pr\u00f3prios pais. \u201cQuando eu tinha uns oito anos, as primeiras [&hellip;]\" \/>\n<meta property=\"og:url\" content=\"https:\/\/radioportoseguro.com.br\/site\/2026\/04\/25\/viciado-na-infancia-pelos-pais-homem-se-rende-a-deus-ao-ouvir-jesus-chamar-seu-nome\/\" \/>\n<meta property=\"og:site_name\" content=\"R\u00e1dio Porto Seguro\" \/>\n<meta property=\"article:published_time\" content=\"2026-04-25T06:05:49+00:00\" \/>\n<meta property=\"og:image\" content=\"https:\/\/media.guiame.com.br\/archives\/2026\/04\/22\/2256682640-zach-rocke.png\" \/>\n<meta name=\"author\" content=\"admin\" \/>\n<meta name=\"twitter:card\" content=\"summary_large_image\" \/>\n<meta name=\"twitter:label1\" content=\"Escrito por\" \/>\n\t<meta name=\"twitter:data1\" content=\"admin\" \/>\n\t<meta name=\"twitter:label2\" content=\"Est. tempo de leitura\" \/>\n\t<meta name=\"twitter:data2\" content=\"5 minutos\" \/>\n<script type=\"application\/ld+json\" class=\"yoast-schema-graph\">{\"@context\":\"https:\/\/schema.org\",\"@graph\":[{\"@type\":\"Article\",\"@id\":\"https:\/\/radioportoseguro.com.br\/site\/2026\/04\/25\/viciado-na-infancia-pelos-pais-homem-se-rende-a-deus-ao-ouvir-jesus-chamar-seu-nome\/#article\",\"isPartOf\":{\"@id\":\"https:\/\/radioportoseguro.com.br\/site\/2026\/04\/25\/viciado-na-infancia-pelos-pais-homem-se-rende-a-deus-ao-ouvir-jesus-chamar-seu-nome\/\"},\"author\":{\"name\":\"admin\",\"@id\":\"https:\/\/radioportoseguro.com.br\/site\/#\/schema\/person\/7630acdc320186f13639d3c067ec089b\"},\"headline\":\"Viciado na inf\u00e2ncia pelos pais, homem se rende a Deus ao ouvir Jesus chamar seu nome\",\"datePublished\":\"2026-04-25T06:05:49+00:00\",\"mainEntityOfPage\":{\"@id\":\"https:\/\/radioportoseguro.com.br\/site\/2026\/04\/25\/viciado-na-infancia-pelos-pais-homem-se-rende-a-deus-ao-ouvir-jesus-chamar-seu-nome\/\"},\"wordCount\":1028,\"image\":{\"@id\":\"https:\/\/radioportoseguro.com.br\/site\/2026\/04\/25\/viciado-na-infancia-pelos-pais-homem-se-rende-a-deus-ao-ouvir-jesus-chamar-seu-nome\/#primaryimage\"},\"thumbnailUrl\":\"https:\/\/radioportoseguro.com.br\/site\/wp-content\/uploads\/2026\/04\/2256682640-zach-rocke.png\",\"articleSection\":[\"Destaques\"],\"inLanguage\":\"pt-BR\"},{\"@type\":\"WebPage\",\"@id\":\"https:\/\/radioportoseguro.com.br\/site\/2026\/04\/25\/viciado-na-infancia-pelos-pais-homem-se-rende-a-deus-ao-ouvir-jesus-chamar-seu-nome\/\",\"url\":\"https:\/\/radioportoseguro.com.br\/site\/2026\/04\/25\/viciado-na-infancia-pelos-pais-homem-se-rende-a-deus-ao-ouvir-jesus-chamar-seu-nome\/\",\"name\":\"Viciado na inf\u00e2ncia pelos pais, homem se rende a Deus ao ouvir Jesus chamar seu nome - R\u00e1dio Porto Seguro\",\"isPartOf\":{\"@id\":\"https:\/\/radioportoseguro.com.br\/site\/#website\"},\"primaryImageOfPage\":{\"@id\":\"https:\/\/radioportoseguro.com.br\/site\/2026\/04\/25\/viciado-na-infancia-pelos-pais-homem-se-rende-a-deus-ao-ouvir-jesus-chamar-seu-nome\/#primaryimage\"},\"image\":{\"@id\":\"https:\/\/radioportoseguro.com.br\/site\/2026\/04\/25\/viciado-na-infancia-pelos-pais-homem-se-rende-a-deus-ao-ouvir-jesus-chamar-seu-nome\/#primaryimage\"},\"thumbnailUrl\":\"https:\/\/radioportoseguro.com.br\/site\/wp-content\/uploads\/2026\/04\/2256682640-zach-rocke.png\",\"datePublished\":\"2026-04-25T06:05:49+00:00\",\"author\":{\"@id\":\"https:\/\/radioportoseguro.com.br\/site\/#\/schema\/person\/7630acdc320186f13639d3c067ec089b\"},\"breadcrumb\":{\"@id\":\"https:\/\/radioportoseguro.com.br\/site\/2026\/04\/25\/viciado-na-infancia-pelos-pais-homem-se-rende-a-deus-ao-ouvir-jesus-chamar-seu-nome\/#breadcrumb\"},\"inLanguage\":\"pt-BR\",\"potentialAction\":[{\"@type\":\"ReadAction\",\"target\":[\"https:\/\/radioportoseguro.com.br\/site\/2026\/04\/25\/viciado-na-infancia-pelos-pais-homem-se-rende-a-deus-ao-ouvir-jesus-chamar-seu-nome\/\"]}]},{\"@type\":\"ImageObject\",\"inLanguage\":\"pt-BR\",\"@id\":\"https:\/\/radioportoseguro.com.br\/site\/2026\/04\/25\/viciado-na-infancia-pelos-pais-homem-se-rende-a-deus-ao-ouvir-jesus-chamar-seu-nome\/#primaryimage\",\"url\":\"https:\/\/radioportoseguro.com.br\/site\/wp-content\/uploads\/2026\/04\/2256682640-zach-rocke.png\",\"contentUrl\":\"https:\/\/radioportoseguro.com.br\/site\/wp-content\/uploads\/2026\/04\/2256682640-zach-rocke.png\",\"width\":1200,\"height\":600},{\"@type\":\"BreadcrumbList\",\"@id\":\"https:\/\/radioportoseguro.com.br\/site\/2026\/04\/25\/viciado-na-infancia-pelos-pais-homem-se-rende-a-deus-ao-ouvir-jesus-chamar-seu-nome\/#breadcrumb\",\"itemListElement\":[{\"@type\":\"ListItem\",\"position\":1,\"name\":\"In\u00edcio\",\"item\":\"https:\/\/radioportoseguro.com.br\/site\/\"},{\"@type\":\"ListItem\",\"position\":2,\"name\":\"Viciado na inf\u00e2ncia pelos pais, homem se rende a Deus ao ouvir Jesus chamar seu nome\"}]},{\"@type\":\"WebSite\",\"@id\":\"https:\/\/radioportoseguro.com.br\/site\/#website\",\"url\":\"https:\/\/radioportoseguro.com.br\/site\/\",\"name\":\"R\u00e1dio Porto Seguro\",\"description\":\"\",\"potentialAction\":[{\"@type\":\"SearchAction\",\"target\":{\"@type\":\"EntryPoint\",\"urlTemplate\":\"https:\/\/radioportoseguro.com.br\/site\/?s={search_term_string}\"},\"query-input\":{\"@type\":\"PropertyValueSpecification\",\"valueRequired\":true,\"valueName\":\"search_term_string\"}}],\"inLanguage\":\"pt-BR\"},{\"@type\":\"Person\",\"@id\":\"https:\/\/radioportoseguro.com.br\/site\/#\/schema\/person\/7630acdc320186f13639d3c067ec089b\",\"name\":\"admin\",\"image\":{\"@type\":\"ImageObject\",\"inLanguage\":\"pt-BR\",\"@id\":\"https:\/\/radioportoseguro.com.br\/site\/#\/schema\/person\/image\/\",\"url\":\"https:\/\/secure.gravatar.com\/avatar\/caacf4dc1eedb68fab0df8e1ed46c448e578b2466351bbcb61e47d2ac0caaef0?s=96&d=mm&r=g\",\"contentUrl\":\"https:\/\/secure.gravatar.com\/avatar\/caacf4dc1eedb68fab0df8e1ed46c448e578b2466351bbcb61e47d2ac0caaef0?s=96&d=mm&r=g\",\"caption\":\"admin\"},\"sameAs\":[\"https:\/\/radioportoseguro.com.br\/site\"],\"url\":\"https:\/\/radioportoseguro.com.br\/site\/author\/hezio\/\"}]}<\/script>\n<!-- \/ Yoast SEO plugin. -->","yoast_head_json":{"title":"Viciado na inf\u00e2ncia pelos pais, homem se rende a Deus ao ouvir Jesus chamar seu nome - R\u00e1dio Porto Seguro","robots":{"index":"index","follow":"follow","max-snippet":"max-snippet:-1","max-image-preview":"max-image-preview:large","max-video-preview":"max-video-preview:-1"},"canonical":"https:\/\/radioportoseguro.com.br\/site\/2026\/04\/25\/viciado-na-infancia-pelos-pais-homem-se-rende-a-deus-ao-ouvir-jesus-chamar-seu-nome\/","og_locale":"pt_BR","og_type":"article","og_title":"Viciado na inf\u00e2ncia pelos pais, homem se rende a Deus ao ouvir Jesus chamar seu nome - R\u00e1dio Porto Seguro","og_description":"Criado por pais viciados em drogas, a inf\u00e2ncia de Zach Rocke o deixou com d\u00favidas sobre seu pr\u00f3prio valor. A disfun\u00e7\u00e3o familiar, juntamente com o abuso sexual sofrido por uma bab\u00e1, destruiu a inf\u00e2ncia de Zach.\u00a0 Ainda menino, ele chegou a experimentar drogas induzido pelos pr\u00f3prios pais. \u201cQuando eu tinha uns oito anos, as primeiras [&hellip;]","og_url":"https:\/\/radioportoseguro.com.br\/site\/2026\/04\/25\/viciado-na-infancia-pelos-pais-homem-se-rende-a-deus-ao-ouvir-jesus-chamar-seu-nome\/","og_site_name":"R\u00e1dio Porto Seguro","article_published_time":"2026-04-25T06:05:49+00:00","og_image":[{"url":"https:\/\/media.guiame.com.br\/archives\/2026\/04\/22\/2256682640-zach-rocke.png","type":"","width":"","height":""}],"author":"admin","twitter_card":"summary_large_image","twitter_misc":{"Escrito por":"admin","Est. tempo de leitura":"5 minutos"},"schema":{"@context":"https:\/\/schema.org","@graph":[{"@type":"Article","@id":"https:\/\/radioportoseguro.com.br\/site\/2026\/04\/25\/viciado-na-infancia-pelos-pais-homem-se-rende-a-deus-ao-ouvir-jesus-chamar-seu-nome\/#article","isPartOf":{"@id":"https:\/\/radioportoseguro.com.br\/site\/2026\/04\/25\/viciado-na-infancia-pelos-pais-homem-se-rende-a-deus-ao-ouvir-jesus-chamar-seu-nome\/"},"author":{"name":"admin","@id":"https:\/\/radioportoseguro.com.br\/site\/#\/schema\/person\/7630acdc320186f13639d3c067ec089b"},"headline":"Viciado na inf\u00e2ncia pelos pais, homem se rende a Deus ao ouvir Jesus chamar seu nome","datePublished":"2026-04-25T06:05:49+00:00","mainEntityOfPage":{"@id":"https:\/\/radioportoseguro.com.br\/site\/2026\/04\/25\/viciado-na-infancia-pelos-pais-homem-se-rende-a-deus-ao-ouvir-jesus-chamar-seu-nome\/"},"wordCount":1028,"image":{"@id":"https:\/\/radioportoseguro.com.br\/site\/2026\/04\/25\/viciado-na-infancia-pelos-pais-homem-se-rende-a-deus-ao-ouvir-jesus-chamar-seu-nome\/#primaryimage"},"thumbnailUrl":"https:\/\/radioportoseguro.com.br\/site\/wp-content\/uploads\/2026\/04\/2256682640-zach-rocke.png","articleSection":["Destaques"],"inLanguage":"pt-BR"},{"@type":"WebPage","@id":"https:\/\/radioportoseguro.com.br\/site\/2026\/04\/25\/viciado-na-infancia-pelos-pais-homem-se-rende-a-deus-ao-ouvir-jesus-chamar-seu-nome\/","url":"https:\/\/radioportoseguro.com.br\/site\/2026\/04\/25\/viciado-na-infancia-pelos-pais-homem-se-rende-a-deus-ao-ouvir-jesus-chamar-seu-nome\/","name":"Viciado na inf\u00e2ncia pelos pais, homem se rende a Deus ao ouvir Jesus chamar seu nome - R\u00e1dio Porto Seguro","isPartOf":{"@id":"https:\/\/radioportoseguro.com.br\/site\/#website"},"primaryImageOfPage":{"@id":"https:\/\/radioportoseguro.com.br\/site\/2026\/04\/25\/viciado-na-infancia-pelos-pais-homem-se-rende-a-deus-ao-ouvir-jesus-chamar-seu-nome\/#primaryimage"},"image":{"@id":"https:\/\/radioportoseguro.com.br\/site\/2026\/04\/25\/viciado-na-infancia-pelos-pais-homem-se-rende-a-deus-ao-ouvir-jesus-chamar-seu-nome\/#primaryimage"},"thumbnailUrl":"https:\/\/radioportoseguro.com.br\/site\/wp-content\/uploads\/2026\/04\/2256682640-zach-rocke.png","datePublished":"2026-04-25T06:05:49+00:00","author":{"@id":"https:\/\/radioportoseguro.com.br\/site\/#\/schema\/person\/7630acdc320186f13639d3c067ec089b"},"breadcrumb":{"@id":"https:\/\/radioportoseguro.com.br\/site\/2026\/04\/25\/viciado-na-infancia-pelos-pais-homem-se-rende-a-deus-ao-ouvir-jesus-chamar-seu-nome\/#breadcrumb"},"inLanguage":"pt-BR","potentialAction":[{"@type":"ReadAction","target":["https:\/\/radioportoseguro.com.br\/site\/2026\/04\/25\/viciado-na-infancia-pelos-pais-homem-se-rende-a-deus-ao-ouvir-jesus-chamar-seu-nome\/"]}]},{"@type":"ImageObject","inLanguage":"pt-BR","@id":"https:\/\/radioportoseguro.com.br\/site\/2026\/04\/25\/viciado-na-infancia-pelos-pais-homem-se-rende-a-deus-ao-ouvir-jesus-chamar-seu-nome\/#primaryimage","url":"https:\/\/radioportoseguro.com.br\/site\/wp-content\/uploads\/2026\/04\/2256682640-zach-rocke.png","contentUrl":"https:\/\/radioportoseguro.com.br\/site\/wp-content\/uploads\/2026\/04\/2256682640-zach-rocke.png","width":1200,"height":600},{"@type":"BreadcrumbList","@id":"https:\/\/radioportoseguro.com.br\/site\/2026\/04\/25\/viciado-na-infancia-pelos-pais-homem-se-rende-a-deus-ao-ouvir-jesus-chamar-seu-nome\/#breadcrumb","itemListElement":[{"@type":"ListItem","position":1,"name":"In\u00edcio","item":"https:\/\/radioportoseguro.com.br\/site\/"},{"@type":"ListItem","position":2,"name":"Viciado na inf\u00e2ncia pelos pais, homem se rende a Deus ao ouvir Jesus chamar seu nome"}]},{"@type":"WebSite","@id":"https:\/\/radioportoseguro.com.br\/site\/#website","url":"https:\/\/radioportoseguro.com.br\/site\/","name":"R\u00e1dio Porto Seguro","description":"","potentialAction":[{"@type":"SearchAction","target":{"@type":"EntryPoint","urlTemplate":"https:\/\/radioportoseguro.com.br\/site\/?s={search_term_string}"},"query-input":{"@type":"PropertyValueSpecification","valueRequired":true,"valueName":"search_term_string"}}],"inLanguage":"pt-BR"},{"@type":"Person","@id":"https:\/\/radioportoseguro.com.br\/site\/#\/schema\/person\/7630acdc320186f13639d3c067ec089b","name":"admin","image":{"@type":"ImageObject","inLanguage":"pt-BR","@id":"https:\/\/radioportoseguro.com.br\/site\/#\/schema\/person\/image\/","url":"https:\/\/secure.gravatar.com\/avatar\/caacf4dc1eedb68fab0df8e1ed46c448e578b2466351bbcb61e47d2ac0caaef0?s=96&d=mm&r=g","contentUrl":"https:\/\/secure.gravatar.com\/avatar\/caacf4dc1eedb68fab0df8e1ed46c448e578b2466351bbcb61e47d2ac0caaef0?s=96&d=mm&r=g","caption":"admin"},"sameAs":["https:\/\/radioportoseguro.com.br\/site"],"url":"https:\/\/radioportoseguro.com.br\/site\/author\/hezio\/"}]}},"_links":{"self":[{"href":"https:\/\/radioportoseguro.com.br\/site\/wp-json\/wp\/v2\/posts\/6360","targetHints":{"allow":["GET"]}}],"collection":[{"href":"https:\/\/radioportoseguro.com.br\/site\/wp-json\/wp\/v2\/posts"}],"about":[{"href":"https:\/\/radioportoseguro.com.br\/site\/wp-json\/wp\/v2\/types\/post"}],"author":[{"embeddable":true,"href":"https:\/\/radioportoseguro.com.br\/site\/wp-json\/wp\/v2\/users\/1"}],"replies":[{"embeddable":true,"href":"https:\/\/radioportoseguro.com.br\/site\/wp-json\/wp\/v2\/comments?post=6360"}],"version-history":[{"count":0,"href":"https:\/\/radioportoseguro.com.br\/site\/wp-json\/wp\/v2\/posts\/6360\/revisions"}],"wp:featuredmedia":[{"embeddable":true,"href":"https:\/\/radioportoseguro.com.br\/site\/wp-json\/wp\/v2\/media\/6361"}],"wp:attachment":[{"href":"https:\/\/radioportoseguro.com.br\/site\/wp-json\/wp\/v2\/media?parent=6360"}],"wp:term":[{"taxonomy":"category","embeddable":true,"href":"https:\/\/radioportoseguro.com.br\/site\/wp-json\/wp\/v2\/categories?post=6360"},{"taxonomy":"post_tag","embeddable":true,"href":"https:\/\/radioportoseguro.com.br\/site\/wp-json\/wp\/v2\/tags?post=6360"}],"curies":[{"name":"wp","href":"https:\/\/api.w.org\/{rel}","templated":true}]}}