{"id":6362,"date":"2026-04-25T05:14:56","date_gmt":"2026-04-25T08:14:56","guid":{"rendered":"https:\/\/radioportoseguro.com.br\/site\/2026\/04\/25\/milei-visita-israel-vai-ao-muro-das-lamentacoes-e-confirma-embaixada-em-jerusalem\/"},"modified":"2026-04-25T05:14:56","modified_gmt":"2026-04-25T08:14:56","slug":"milei-visita-israel-vai-ao-muro-das-lamentacoes-e-confirma-embaixada-em-jerusalem","status":"publish","type":"post","link":"https:\/\/radioportoseguro.com.br\/site\/2026\/04\/25\/milei-visita-israel-vai-ao-muro-das-lamentacoes-e-confirma-embaixada-em-jerusalem\/","title":{"rendered":"Milei visita Israel, vai ao Muro das Lamenta\u00e7\u00f5es e confirma embaixada em Jerusal\u00e9m"},"content":{"rendered":"<p><br \/>\n<\/p>\n<div>\n<p>O presidente da Argentina, <span style=\"color: #800000;\"><strong>Javier Milei<\/strong>,<\/span> chegou a Israel neste domingo (19) para uma visita oficial marcada pelo fortalecimento das rela\u00e7\u00f5es diplom\u00e1ticas entre os dois pa\u00edses e pela confirma\u00e7\u00e3o da abertura da <span style=\"color: #800000;\"><strong>embaixada argentina em Jerusal\u00e9m<\/strong><\/span>.<\/p>\n<p>Assim que desembarcou no pa\u00eds, Milei seguiu diretamente para o <span style=\"color: #800000;\"><strong>Muro das Lamenta\u00e7\u00f5es<\/strong>,<\/span> um dos locais mais sagrados do juda\u00edsmo.<\/p>\n<blockquote class=\"instagram-media\" style=\"background: #FFF; border: 0; border-radius: 3px; box-shadow: 0 0 1px 0 rgba(0,0,0,0.5),0 1px 10px 0 rgba(0,0,0,0.15); margin: 1px; max-width: 540px; min-width: 326px; padding: 0; width: calc(100% - 2px);\" data-instgrm-captioned=\"\" data-instgrm-permalink=\"https:\/\/www.instagram.com\/reel\/DXVWGOsjXZQ\/?utm_source=ig_embed&amp;utm_campaign=loading\" data-instgrm-version=\"14\"><p>&#13;<br \/>\n&#13;\n<\/p><\/blockquote>\n<p>\u00c9 a terceira visita oficial do presidente argentino a Israel desde que assumiu o cargo e, novamente, ele escolheu iniciar sua agenda no centro espiritual do povo judeu.<\/p>\n<p>Recebido por autoridades religiosas, Milei participou de um momento de ora\u00e7\u00e3o, recitou um salmo e demonstrou forte emo\u00e7\u00e3o durante a visita.<\/p>\n<p>Segundo relatos da imprensa local, Milei afirmou considerar aquele o lugar mais importante para ele.<\/p>\n<p>Durante a agenda oficial, Milei se reuniu com o primeiro-ministro Benjamin Netanyahu.<\/p>\n<p>Segundo o Times of Israel, os l\u00edderes tamb\u00e9m assinaram os Acordos de Isaac e uma s\u00e9rie de compromissos estrat\u00e9gicos nas \u00e1reas de seguran\u00e7a e intelig\u00eancia artificial.<\/p>\n<p>O nome dos acordos faz refer\u00eancia aos <span style=\"color: #800000;\"><strong>Acordos de Abra\u00e3o<\/strong>,<\/span> assinados em 2020, que normalizaram as rela\u00e7\u00f5es com diversos pa\u00edses \u00e1rabes e visam promover la\u00e7os com pa\u00edses do Hemisf\u00e9rio Ocidental.<\/p>\n<p>Tamb\u00e9m foi anunciado que voos diretos entre os dois pa\u00edses come\u00e7ar\u00e3o at\u00e9 o final do ano.<\/p>\n<p><strong>Acordos de Isaac<\/strong><\/p>\n<p>Ao se encontrarem em Jerusal\u00e9m, os dois l\u00edderes se cumprimentaram com um abra\u00e7o. Em tom descontra\u00eddo, Netanyahu comentou a semelhan\u00e7a entre \u201cJavier\u201d e a palavra hebraica <em>chaver<\/em>, que significa amigo.<\/p>\n<p>Antes da reuni\u00e3o, ambos posaram para os fot\u00f3grafos fazendo sinal de positivo, enquanto Netanyahu declarou ao presidente argentino Javier Milei: \u201cFico muito feliz em saber que voc\u00ea est\u00e1 aqui\u201d.<\/p>\n<p style=\"text-align: left;\">Os l\u00edderes tamb\u00e9m foram acompanhados pelo ministro das Rela\u00e7\u00f5es Exteriores, Gideon Sa&#8217;ar, pela ministra dos Transportes, Miri Regev, pelo ministro das Finan\u00e7as, Bezalel Smotrich, e pelo embaixador dos Estados Unidos em Israel, Mike Huckabee.<\/p>\n<p><\/p>\n<p style=\"text-align: center;\"><span style=\"color: #808080;\"><sup>Milei (\u00e0 esquerda), Netanyahu (ao centro) e o embaixador dos EUA em Israel, Mike Huckabee, em uma cerim\u00f4nia em Jerusal\u00e9m em 19 de abril de 2026. (Kobi Gideon\/ GPO)<\/sup><\/span><\/p>\n<p>Durante discurso na cerim\u00f4nia de assinatura dos Acordos de Isaac, realizada no gabinete do primeiro-ministro, Benjamin Netanyahu afirmou que as recentes mudan\u00e7as pol\u00edticas na Am\u00e9rica do Sul \u2014 em prov\u00e1vel refer\u00eancia \u00e0 elei\u00e7\u00e3o de governos de direita e pr\u00f3-Ocidente \u2014 representam o retorno da \u201calian\u00e7a da liberdade\u201d.<\/p>\n<p>\u201cTudo come\u00e7a com n\u00f3s dois e com o apoio que sempre existe por parte dos EUA para as sociedades livres\u201d, disse ele, expressando a esperan\u00e7a de que o modelo dos Acordos de Abra\u00e3o possa ser aplicado \u00e0 Am\u00e9rica Latina.<\/p>\n<p>&#8220;Tivemos Abra\u00e3o, e agora temos Isaque. O que ser\u00e3o os Acordos de Jac\u00f3?&#8221;, brincou o primeiro-ministro.<\/p>\n<p>A Iniciativa Milei reunir\u00e1 \u201cos descendentes de Isaac e as na\u00e7\u00f5es da tradi\u00e7\u00e3o judaico-crist\u00e3, em defesa da liberdade e da democracia, e na luta contra o terrorismo, o antissemitismo e o tr\u00e1fico de drogas\u201d, segundo declara\u00e7\u00e3o conjunta divulgada posteriormente pelos governos.<\/p>\n<p>Milei classificou o lan\u00e7amento dos acordos como &#8220;um momento hist\u00f3rico para nossas na\u00e7\u00f5es&#8221;.<\/p>\n<p>\u201cIsso n\u00e3o apenas fortalecer\u00e1 a rela\u00e7\u00e3o entre a Argentina e Israel, unidos por valores compartilhados, mas tamb\u00e9m representa um passo rumo a um hemisf\u00e9rio mais livre e pr\u00f3spero\u201d, disse ele.<\/p>\n<p>\u201cA Argentina e Israel s\u00e3o irm\u00e3os na dor desde o ataque terrorista \u00e0 embaixada em Buenos Aires\u201d, acrescentou, referindo-se ao atentado mortal de 1992 contra a embaixada de Israel na Argentina, atribu\u00eddo ao Ir\u00e3.<\/p>\n<p><strong>Embaixada em Jerusal\u00e9m<\/strong><\/p>\n<p>No in\u00edcio do ano, a Argentina teria colocado em pausa os planos de transferir sua embaixada para Jerusal\u00e9m, em meio a tens\u00f5es entre Benjamin Netanyahu e Javier Milei.<\/p>\n<p>O impasse estaria relacionado aos planos da Navitas Petroleum de realizar perfura\u00e7\u00f5es mar\u00edtimas nas disputadas Ilhas Malvinas, com in\u00edcio previsto para 2028.<\/p>\n<p>Apesar disso, Milei reafirmou a decis\u00e3o durante a visita oficial: \u201cHoje estamos exigindo justi\u00e7a e transferiremos a embaixada para Jerusal\u00e9m\u201d.<\/p>\n<p>A mudan\u00e7a da embaixada argentina de Tel Aviv para Jerusal\u00e9m havia sido anunciada por Milei ainda em 2024, poucos meses ap\u00f3s assumir o governo. Agora, a visita oficial marca mais um passo concreto no cumprimento dessa promessa.<\/p>\n<p>Esta \u00e9 a terceira viagem de Milei a Israel desde que assumiu a presid\u00eancia em dezembro de 2023, demonstrando a aproxima\u00e7\u00e3o in\u00e9dita entre os governos. O presidente argentino deve permanecer no pa\u00eds at\u00e9 ter\u00e7a-feira (21).<\/p>\n<p>A mudan\u00e7a da Argentina faria dela o oitavo pa\u00eds a transferir sua embaixada de Tel Aviv para Jerusal\u00e9m, depois dos EUA, Guatemala, Honduras, Fiji, Kosovo, Papua Nova Guin\u00e9 e Paraguai.<\/p>\n<\/div>\n<p><script async src=\"\/\/www.instagram.com\/embed.js\"><\/script><br \/>\n<br \/><br \/>\n<br \/>Fonte: Guiame <\/p>\n","protected":false},"excerpt":{"rendered":"<p>O presidente da Argentina, Javier Milei, chegou a Israel neste domingo (19) para uma visita oficial marcada pelo fortalecimento das rela\u00e7\u00f5es diplom\u00e1ticas entre os dois pa\u00edses e pela confirma\u00e7\u00e3o da abertura da embaixada argentina em Jerusal\u00e9m. Assim que desembarcou no pa\u00eds, Milei seguiu diretamente para o Muro das Lamenta\u00e7\u00f5es, um dos locais mais sagrados do [&hellip;]<\/p>\n","protected":false},"author":1,"featured_media":6363,"comment_status":"","ping_status":"open","sticky":false,"template":"","format":"standard","meta":{"footnotes":""},"categories":[43],"tags":[],"class_list":["post-6362","post","type-post","status-publish","format-standard","has-post-thumbnail","hentry","category-destaques"],"yoast_head":"<!-- This site is optimized with the Yoast SEO plugin v26.8 - https:\/\/yoast.com\/product\/yoast-seo-wordpress\/ -->\n<title>Milei visita Israel, vai ao Muro das Lamenta\u00e7\u00f5es e confirma embaixada em Jerusal\u00e9m - R\u00e1dio Porto Seguro<\/title>\n<meta name=\"robots\" content=\"index, follow, max-snippet:-1, max-image-preview:large, max-video-preview:-1\" \/>\n<link rel=\"canonical\" href=\"https:\/\/radioportoseguro.com.br\/site\/2026\/04\/25\/milei-visita-israel-vai-ao-muro-das-lamentacoes-e-confirma-embaixada-em-jerusalem\/\" \/>\n<meta property=\"og:locale\" content=\"pt_BR\" \/>\n<meta property=\"og:type\" content=\"article\" \/>\n<meta property=\"og:title\" content=\"Milei visita Israel, vai ao Muro das Lamenta\u00e7\u00f5es e confirma embaixada em Jerusal\u00e9m - R\u00e1dio Porto Seguro\" \/>\n<meta property=\"og:description\" content=\"O presidente da Argentina, Javier Milei, chegou a Israel neste domingo (19) para uma visita oficial marcada pelo fortalecimento das rela\u00e7\u00f5es diplom\u00e1ticas entre os dois pa\u00edses e pela confirma\u00e7\u00e3o da abertura da embaixada argentina em Jerusal\u00e9m. Assim que desembarcou no pa\u00eds, Milei seguiu diretamente para o Muro das Lamenta\u00e7\u00f5es, um dos locais mais sagrados do [&hellip;]\" \/>\n<meta property=\"og:url\" content=\"https:\/\/radioportoseguro.com.br\/site\/2026\/04\/25\/milei-visita-israel-vai-ao-muro-das-lamentacoes-e-confirma-embaixada-em-jerusalem\/\" \/>\n<meta property=\"og:site_name\" content=\"R\u00e1dio Porto Seguro\" \/>\n<meta property=\"article:published_time\" content=\"2026-04-25T08:14:56+00:00\" \/>\n<meta property=\"og:image\" content=\"https:\/\/thumbor.guiame.com.br\/unsafe\/smart\/https:\/\/media.guiame.com.br\/archives\/2026\/04\/20\/4127694993-.png\" \/>\n<meta name=\"author\" content=\"admin\" \/>\n<meta name=\"twitter:card\" content=\"summary_large_image\" \/>\n<meta name=\"twitter:label1\" content=\"Escrito por\" \/>\n\t<meta name=\"twitter:data1\" content=\"admin\" \/>\n\t<meta name=\"twitter:label2\" content=\"Est. tempo de leitura\" \/>\n\t<meta name=\"twitter:data2\" content=\"4 minutos\" \/>\n<script type=\"application\/ld+json\" class=\"yoast-schema-graph\">{\"@context\":\"https:\/\/schema.org\",\"@graph\":[{\"@type\":\"Article\",\"@id\":\"https:\/\/radioportoseguro.com.br\/site\/2026\/04\/25\/milei-visita-israel-vai-ao-muro-das-lamentacoes-e-confirma-embaixada-em-jerusalem\/#article\",\"isPartOf\":{\"@id\":\"https:\/\/radioportoseguro.com.br\/site\/2026\/04\/25\/milei-visita-israel-vai-ao-muro-das-lamentacoes-e-confirma-embaixada-em-jerusalem\/\"},\"author\":{\"name\":\"admin\",\"@id\":\"https:\/\/radioportoseguro.com.br\/site\/#\/schema\/person\/7630acdc320186f13639d3c067ec089b\"},\"headline\":\"Milei visita Israel, vai ao Muro das Lamenta\u00e7\u00f5es e confirma embaixada em Jerusal\u00e9m\",\"datePublished\":\"2026-04-25T08:14:56+00:00\",\"mainEntityOfPage\":{\"@id\":\"https:\/\/radioportoseguro.com.br\/site\/2026\/04\/25\/milei-visita-israel-vai-ao-muro-das-lamentacoes-e-confirma-embaixada-em-jerusalem\/\"},\"wordCount\":819,\"image\":{\"@id\":\"https:\/\/radioportoseguro.com.br\/site\/2026\/04\/25\/milei-visita-israel-vai-ao-muro-das-lamentacoes-e-confirma-embaixada-em-jerusalem\/#primaryimage\"},\"thumbnailUrl\":\"https:\/\/radioportoseguro.com.br\/site\/wp-content\/uploads\/2026\/04\/3630508920-milei-netanyahu.png\",\"articleSection\":[\"Destaques\"],\"inLanguage\":\"pt-BR\"},{\"@type\":\"WebPage\",\"@id\":\"https:\/\/radioportoseguro.com.br\/site\/2026\/04\/25\/milei-visita-israel-vai-ao-muro-das-lamentacoes-e-confirma-embaixada-em-jerusalem\/\",\"url\":\"https:\/\/radioportoseguro.com.br\/site\/2026\/04\/25\/milei-visita-israel-vai-ao-muro-das-lamentacoes-e-confirma-embaixada-em-jerusalem\/\",\"name\":\"Milei visita Israel, vai ao Muro das Lamenta\u00e7\u00f5es e confirma embaixada em Jerusal\u00e9m - R\u00e1dio Porto Seguro\",\"isPartOf\":{\"@id\":\"https:\/\/radioportoseguro.com.br\/site\/#website\"},\"primaryImageOfPage\":{\"@id\":\"https:\/\/radioportoseguro.com.br\/site\/2026\/04\/25\/milei-visita-israel-vai-ao-muro-das-lamentacoes-e-confirma-embaixada-em-jerusalem\/#primaryimage\"},\"image\":{\"@id\":\"https:\/\/radioportoseguro.com.br\/site\/2026\/04\/25\/milei-visita-israel-vai-ao-muro-das-lamentacoes-e-confirma-embaixada-em-jerusalem\/#primaryimage\"},\"thumbnailUrl\":\"https:\/\/radioportoseguro.com.br\/site\/wp-content\/uploads\/2026\/04\/3630508920-milei-netanyahu.png\",\"datePublished\":\"2026-04-25T08:14:56+00:00\",\"author\":{\"@id\":\"https:\/\/radioportoseguro.com.br\/site\/#\/schema\/person\/7630acdc320186f13639d3c067ec089b\"},\"breadcrumb\":{\"@id\":\"https:\/\/radioportoseguro.com.br\/site\/2026\/04\/25\/milei-visita-israel-vai-ao-muro-das-lamentacoes-e-confirma-embaixada-em-jerusalem\/#breadcrumb\"},\"inLanguage\":\"pt-BR\",\"potentialAction\":[{\"@type\":\"ReadAction\",\"target\":[\"https:\/\/radioportoseguro.com.br\/site\/2026\/04\/25\/milei-visita-israel-vai-ao-muro-das-lamentacoes-e-confirma-embaixada-em-jerusalem\/\"]}]},{\"@type\":\"ImageObject\",\"inLanguage\":\"pt-BR\",\"@id\":\"https:\/\/radioportoseguro.com.br\/site\/2026\/04\/25\/milei-visita-israel-vai-ao-muro-das-lamentacoes-e-confirma-embaixada-em-jerusalem\/#primaryimage\",\"url\":\"https:\/\/radioportoseguro.com.br\/site\/wp-content\/uploads\/2026\/04\/3630508920-milei-netanyahu.png\",\"contentUrl\":\"https:\/\/radioportoseguro.com.br\/site\/wp-content\/uploads\/2026\/04\/3630508920-milei-netanyahu.png\",\"width\":1200,\"height\":600},{\"@type\":\"BreadcrumbList\",\"@id\":\"https:\/\/radioportoseguro.com.br\/site\/2026\/04\/25\/milei-visita-israel-vai-ao-muro-das-lamentacoes-e-confirma-embaixada-em-jerusalem\/#breadcrumb\",\"itemListElement\":[{\"@type\":\"ListItem\",\"position\":1,\"name\":\"In\u00edcio\",\"item\":\"https:\/\/radioportoseguro.com.br\/site\/\"},{\"@type\":\"ListItem\",\"position\":2,\"name\":\"Milei visita Israel, vai ao Muro das Lamenta\u00e7\u00f5es e confirma embaixada em Jerusal\u00e9m\"}]},{\"@type\":\"WebSite\",\"@id\":\"https:\/\/radioportoseguro.com.br\/site\/#website\",\"url\":\"https:\/\/radioportoseguro.com.br\/site\/\",\"name\":\"R\u00e1dio Porto Seguro\",\"description\":\"\",\"potentialAction\":[{\"@type\":\"SearchAction\",\"target\":{\"@type\":\"EntryPoint\",\"urlTemplate\":\"https:\/\/radioportoseguro.com.br\/site\/?s={search_term_string}\"},\"query-input\":{\"@type\":\"PropertyValueSpecification\",\"valueRequired\":true,\"valueName\":\"search_term_string\"}}],\"inLanguage\":\"pt-BR\"},{\"@type\":\"Person\",\"@id\":\"https:\/\/radioportoseguro.com.br\/site\/#\/schema\/person\/7630acdc320186f13639d3c067ec089b\",\"name\":\"admin\",\"image\":{\"@type\":\"ImageObject\",\"inLanguage\":\"pt-BR\",\"@id\":\"https:\/\/radioportoseguro.com.br\/site\/#\/schema\/person\/image\/\",\"url\":\"https:\/\/secure.gravatar.com\/avatar\/caacf4dc1eedb68fab0df8e1ed46c448e578b2466351bbcb61e47d2ac0caaef0?s=96&d=mm&r=g\",\"contentUrl\":\"https:\/\/secure.gravatar.com\/avatar\/caacf4dc1eedb68fab0df8e1ed46c448e578b2466351bbcb61e47d2ac0caaef0?s=96&d=mm&r=g\",\"caption\":\"admin\"},\"sameAs\":[\"https:\/\/radioportoseguro.com.br\/site\"],\"url\":\"https:\/\/radioportoseguro.com.br\/site\/author\/hezio\/\"}]}<\/script>\n<!-- \/ Yoast SEO plugin. -->","yoast_head_json":{"title":"Milei visita Israel, vai ao Muro das Lamenta\u00e7\u00f5es e confirma embaixada em Jerusal\u00e9m - R\u00e1dio Porto Seguro","robots":{"index":"index","follow":"follow","max-snippet":"max-snippet:-1","max-image-preview":"max-image-preview:large","max-video-preview":"max-video-preview:-1"},"canonical":"https:\/\/radioportoseguro.com.br\/site\/2026\/04\/25\/milei-visita-israel-vai-ao-muro-das-lamentacoes-e-confirma-embaixada-em-jerusalem\/","og_locale":"pt_BR","og_type":"article","og_title":"Milei visita Israel, vai ao Muro das Lamenta\u00e7\u00f5es e confirma embaixada em Jerusal\u00e9m - R\u00e1dio Porto Seguro","og_description":"O presidente da Argentina, Javier Milei, chegou a Israel neste domingo (19) para uma visita oficial marcada pelo fortalecimento das rela\u00e7\u00f5es diplom\u00e1ticas entre os dois pa\u00edses e pela confirma\u00e7\u00e3o da abertura da embaixada argentina em Jerusal\u00e9m. Assim que desembarcou no pa\u00eds, Milei seguiu diretamente para o Muro das Lamenta\u00e7\u00f5es, um dos locais mais sagrados do [&hellip;]","og_url":"https:\/\/radioportoseguro.com.br\/site\/2026\/04\/25\/milei-visita-israel-vai-ao-muro-das-lamentacoes-e-confirma-embaixada-em-jerusalem\/","og_site_name":"R\u00e1dio Porto Seguro","article_published_time":"2026-04-25T08:14:56+00:00","og_image":[{"url":"https:\/\/thumbor.guiame.com.br\/unsafe\/smart\/https:\/\/media.guiame.com.br\/archives\/2026\/04\/20\/4127694993-.png","type":"","width":"","height":""}],"author":"admin","twitter_card":"summary_large_image","twitter_misc":{"Escrito por":"admin","Est. tempo de leitura":"4 minutos"},"schema":{"@context":"https:\/\/schema.org","@graph":[{"@type":"Article","@id":"https:\/\/radioportoseguro.com.br\/site\/2026\/04\/25\/milei-visita-israel-vai-ao-muro-das-lamentacoes-e-confirma-embaixada-em-jerusalem\/#article","isPartOf":{"@id":"https:\/\/radioportoseguro.com.br\/site\/2026\/04\/25\/milei-visita-israel-vai-ao-muro-das-lamentacoes-e-confirma-embaixada-em-jerusalem\/"},"author":{"name":"admin","@id":"https:\/\/radioportoseguro.com.br\/site\/#\/schema\/person\/7630acdc320186f13639d3c067ec089b"},"headline":"Milei visita Israel, vai ao Muro das Lamenta\u00e7\u00f5es e confirma embaixada em Jerusal\u00e9m","datePublished":"2026-04-25T08:14:56+00:00","mainEntityOfPage":{"@id":"https:\/\/radioportoseguro.com.br\/site\/2026\/04\/25\/milei-visita-israel-vai-ao-muro-das-lamentacoes-e-confirma-embaixada-em-jerusalem\/"},"wordCount":819,"image":{"@id":"https:\/\/radioportoseguro.com.br\/site\/2026\/04\/25\/milei-visita-israel-vai-ao-muro-das-lamentacoes-e-confirma-embaixada-em-jerusalem\/#primaryimage"},"thumbnailUrl":"https:\/\/radioportoseguro.com.br\/site\/wp-content\/uploads\/2026\/04\/3630508920-milei-netanyahu.png","articleSection":["Destaques"],"inLanguage":"pt-BR"},{"@type":"WebPage","@id":"https:\/\/radioportoseguro.com.br\/site\/2026\/04\/25\/milei-visita-israel-vai-ao-muro-das-lamentacoes-e-confirma-embaixada-em-jerusalem\/","url":"https:\/\/radioportoseguro.com.br\/site\/2026\/04\/25\/milei-visita-israel-vai-ao-muro-das-lamentacoes-e-confirma-embaixada-em-jerusalem\/","name":"Milei visita Israel, vai ao Muro das Lamenta\u00e7\u00f5es e confirma embaixada em Jerusal\u00e9m - R\u00e1dio Porto Seguro","isPartOf":{"@id":"https:\/\/radioportoseguro.com.br\/site\/#website"},"primaryImageOfPage":{"@id":"https:\/\/radioportoseguro.com.br\/site\/2026\/04\/25\/milei-visita-israel-vai-ao-muro-das-lamentacoes-e-confirma-embaixada-em-jerusalem\/#primaryimage"},"image":{"@id":"https:\/\/radioportoseguro.com.br\/site\/2026\/04\/25\/milei-visita-israel-vai-ao-muro-das-lamentacoes-e-confirma-embaixada-em-jerusalem\/#primaryimage"},"thumbnailUrl":"https:\/\/radioportoseguro.com.br\/site\/wp-content\/uploads\/2026\/04\/3630508920-milei-netanyahu.png","datePublished":"2026-04-25T08:14:56+00:00","author":{"@id":"https:\/\/radioportoseguro.com.br\/site\/#\/schema\/person\/7630acdc320186f13639d3c067ec089b"},"breadcrumb":{"@id":"https:\/\/radioportoseguro.com.br\/site\/2026\/04\/25\/milei-visita-israel-vai-ao-muro-das-lamentacoes-e-confirma-embaixada-em-jerusalem\/#breadcrumb"},"inLanguage":"pt-BR","potentialAction":[{"@type":"ReadAction","target":["https:\/\/radioportoseguro.com.br\/site\/2026\/04\/25\/milei-visita-israel-vai-ao-muro-das-lamentacoes-e-confirma-embaixada-em-jerusalem\/"]}]},{"@type":"ImageObject","inLanguage":"pt-BR","@id":"https:\/\/radioportoseguro.com.br\/site\/2026\/04\/25\/milei-visita-israel-vai-ao-muro-das-lamentacoes-e-confirma-embaixada-em-jerusalem\/#primaryimage","url":"https:\/\/radioportoseguro.com.br\/site\/wp-content\/uploads\/2026\/04\/3630508920-milei-netanyahu.png","contentUrl":"https:\/\/radioportoseguro.com.br\/site\/wp-content\/uploads\/2026\/04\/3630508920-milei-netanyahu.png","width":1200,"height":600},{"@type":"BreadcrumbList","@id":"https:\/\/radioportoseguro.com.br\/site\/2026\/04\/25\/milei-visita-israel-vai-ao-muro-das-lamentacoes-e-confirma-embaixada-em-jerusalem\/#breadcrumb","itemListElement":[{"@type":"ListItem","position":1,"name":"In\u00edcio","item":"https:\/\/radioportoseguro.com.br\/site\/"},{"@type":"ListItem","position":2,"name":"Milei visita Israel, vai ao Muro das Lamenta\u00e7\u00f5es e confirma embaixada em Jerusal\u00e9m"}]},{"@type":"WebSite","@id":"https:\/\/radioportoseguro.com.br\/site\/#website","url":"https:\/\/radioportoseguro.com.br\/site\/","name":"R\u00e1dio Porto Seguro","description":"","potentialAction":[{"@type":"SearchAction","target":{"@type":"EntryPoint","urlTemplate":"https:\/\/radioportoseguro.com.br\/site\/?s={search_term_string}"},"query-input":{"@type":"PropertyValueSpecification","valueRequired":true,"valueName":"search_term_string"}}],"inLanguage":"pt-BR"},{"@type":"Person","@id":"https:\/\/radioportoseguro.com.br\/site\/#\/schema\/person\/7630acdc320186f13639d3c067ec089b","name":"admin","image":{"@type":"ImageObject","inLanguage":"pt-BR","@id":"https:\/\/radioportoseguro.com.br\/site\/#\/schema\/person\/image\/","url":"https:\/\/secure.gravatar.com\/avatar\/caacf4dc1eedb68fab0df8e1ed46c448e578b2466351bbcb61e47d2ac0caaef0?s=96&d=mm&r=g","contentUrl":"https:\/\/secure.gravatar.com\/avatar\/caacf4dc1eedb68fab0df8e1ed46c448e578b2466351bbcb61e47d2ac0caaef0?s=96&d=mm&r=g","caption":"admin"},"sameAs":["https:\/\/radioportoseguro.com.br\/site"],"url":"https:\/\/radioportoseguro.com.br\/site\/author\/hezio\/"}]}},"_links":{"self":[{"href":"https:\/\/radioportoseguro.com.br\/site\/wp-json\/wp\/v2\/posts\/6362","targetHints":{"allow":["GET"]}}],"collection":[{"href":"https:\/\/radioportoseguro.com.br\/site\/wp-json\/wp\/v2\/posts"}],"about":[{"href":"https:\/\/radioportoseguro.com.br\/site\/wp-json\/wp\/v2\/types\/post"}],"author":[{"embeddable":true,"href":"https:\/\/radioportoseguro.com.br\/site\/wp-json\/wp\/v2\/users\/1"}],"replies":[{"embeddable":true,"href":"https:\/\/radioportoseguro.com.br\/site\/wp-json\/wp\/v2\/comments?post=6362"}],"version-history":[{"count":0,"href":"https:\/\/radioportoseguro.com.br\/site\/wp-json\/wp\/v2\/posts\/6362\/revisions"}],"wp:featuredmedia":[{"embeddable":true,"href":"https:\/\/radioportoseguro.com.br\/site\/wp-json\/wp\/v2\/media\/6363"}],"wp:attachment":[{"href":"https:\/\/radioportoseguro.com.br\/site\/wp-json\/wp\/v2\/media?parent=6362"}],"wp:term":[{"taxonomy":"category","embeddable":true,"href":"https:\/\/radioportoseguro.com.br\/site\/wp-json\/wp\/v2\/categories?post=6362"},{"taxonomy":"post_tag","embeddable":true,"href":"https:\/\/radioportoseguro.com.br\/site\/wp-json\/wp\/v2\/tags?post=6362"}],"curies":[{"name":"wp","href":"https:\/\/api.w.org\/{rel}","templated":true}]}}