{"id":6384,"date":"2026-04-25T23:36:37","date_gmt":"2026-04-26T02:36:37","guid":{"rendered":"https:\/\/radioportoseguro.com.br\/site\/2026\/04\/25\/nem-toda-porta-que-se-abre-e-uma-oportunidade-de-deus-diz-pastor-sobre-ministerio\/"},"modified":"2026-04-25T23:36:37","modified_gmt":"2026-04-26T02:36:37","slug":"nem-toda-porta-que-se-abre-e-uma-oportunidade-de-deus-diz-pastor-sobre-ministerio","status":"publish","type":"post","link":"https:\/\/radioportoseguro.com.br\/site\/2026\/04\/25\/nem-toda-porta-que-se-abre-e-uma-oportunidade-de-deus-diz-pastor-sobre-ministerio\/","title":{"rendered":"\u201cNem toda porta que se abre \u00e9 uma oportunidade de Deus\u201d, diz pastor sobre minist\u00e9rio"},"content":{"rendered":"<p><br \/>\n<\/p>\n<div>\n<p><span style=\"font-weight: 400;\">O pastor M\u00e1rcio Marques encorajou os l\u00edderes crist\u00e3os que est\u00e3o cansados e abatidos devido aos desafios do minist\u00e9rio, durante prega\u00e7\u00e3o no primeiro dia da<\/span><span style=\"color: #800000;\"><strong> Inspire Conference<\/strong><\/span><span style=\"font-weight: 400;\"> em Portugal, nesta sexta-feira (24).<\/span><\/p>\n<p><span style=\"font-weight: 400;\">O evento, promovido pela Rede Inspire Portugal, est\u00e1 acontecendo simultaneamente nas cidades de Sintra, Porto e Algarve, e seguir\u00e1 at\u00e9 s\u00e1bado (25).<\/span><\/p>\n<p><span style=\"font-weight: 400;\">Com a participa\u00e7\u00e3o de mais de 500 l\u00edderes de 15 pa\u00edses da Europa, a confer\u00eancia tem o prop\u00f3sito de fortalecer a lideran\u00e7a e impulsionar o avan\u00e7o do Reino de Deus no continente europeu.<\/span><\/p>\n<p><span style=\"font-weight: 400;\">\u201cAlguns de voc\u00eas podem estar cansados, abatidos e desencorajados, porque exercer o minist\u00e9rio n\u00e3o \u00e9 uma tarefa f\u00e1cil. \u00c0s vezes, n\u00f3s n\u00e3o recebemos um elogio que esperamos, um encorajamento. N\u00f3s encorajamos a muitos, mas precisamos tamb\u00e9m ser encorajados, mas talvez nos falte esse encorajamento\u201d, afirmou o pastor M\u00e1rcio, que \u00e9 l\u00edder da Igreja Manancial da F\u00e9 em Mogi das Cruzes (SP).<\/span><\/p>\n<p><span style=\"font-weight: 400;\">\u201cN\u00f3s formamos l\u00edderes, capacitamos e, de repente, eles simplesmente nos abandonam. Olhamos para dentro das nossas igrejas e de repente tem disputa. E assim ficamos cansados, desapontados\u201d.<\/span><\/p>\n<p><span style=\"font-weight: 400;\">M\u00e1rcio iniciou dizendo que a voca\u00e7\u00e3o de pastor \u00e9 cercada de perigos, como Jesus afirmou em Mateus 10:16: &#8220;Escutem, eu estou mandando voc\u00eas como ovelhas para o meio de lobos. Portanto, sejam espertos como as cobras e sem maldade como as pombas\u201d.<\/span><\/p>\n<p><span style=\"font-weight: 400;\">\u201cSer um pastor, ser um disc\u00edpulo de Cristo \u00e9 perigoso, porque n\u00f3s somos enviados em meio aos lobos\u201d, ressaltou ele.<\/span><\/p>\n<p style=\"text-align: center;\"><span style=\"font-weight: 400;\"><br \/><\/span><span style=\"color: #808080;\"><sup><span style=\"font-weight: 400;\">Pastor M\u00e1rcio Marques. (Foto: Guiame Marcos Paulo Correa).<\/span><\/sup><\/span><\/p>\n<p><strong>O minist\u00e9rio exige vigil\u00e2ncia espiritual<\/strong><\/p>\n<p><span style=\"font-weight: 400;\">Baseado na passagem b\u00edblica, Marques ensinou quatro li\u00e7\u00f5es que Jesus ensina aos l\u00edderes abatidos.<\/span><\/p>\n<p><span style=\"font-weight: 400;\">A primeira li\u00e7\u00e3o \u00e9 que o minist\u00e9rio exige vigil\u00e2ncia espiritual. \u201cJesus diz \u2018Escutem\u2019, \u00e9 um chamado \u00e0 aten\u00e7\u00e3o. Porque muitas vezes o que causa a morte de minist\u00e9rios \u00e9 a falta de aten\u00e7\u00e3o\u201d, pontuou.<\/span><\/p>\n<p><span style=\"font-weight: 400;\">O pastor alertou sobre as armadilhas durante a jornada ministerial. \u201cNem toda porta que se abre \u00e9 uma oportunidade de Deus. Algumas portas que se abrem no minist\u00e9rio podem ser uma armadilha e n\u00f3s precisamos ter aten\u00e7\u00e3o antes de entrar. Alguns pastores acabam se perdendo por falta de aten\u00e7\u00e3o\u201d, observou.<\/span><\/p>\n<p><span style=\"font-weight: 400;\">M\u00e1rcio citou o exemplo b\u00edblico de Sans\u00e3o, um homem chamado por Deus mas que acaba se perdendo.<\/span><\/p>\n<p><span style=\"font-weight: 400;\">\u201cHavia um padr\u00e3o que seguia a vida de Sans\u00e3o que era muito perigoso. Ele era guiado pelos olhos. Ele n\u00e3o discernia, n\u00e3o era atento e n\u00e3o viajava na sua integridade. E o que acontece? Quando os filisteus o prenderam, a primeira coisa que fazem \u00e9 furar os seus olhos. Aquilo que o guiava, \u00e9 onde ele \u00e9 atacado\u201d, comentou.<\/span><\/p>\n<p><span style=\"font-weight: 400;\">A segunda li\u00e7\u00e3o \u00e9 que o minist\u00e9rio nasce de um envio de Cristo. Marques incentivou os l\u00edderes a n\u00e3o esquecerem de quem o chamou.<\/span><\/p>\n<p><span style=\"font-weight: 400;\">\u201cO envio de Jesus para n\u00f3s acontece todos os dias e n\u00f3s precisamos nos lembrar disso. N\u00f3s come\u00e7amos o minist\u00e9rio com isso muito claro. Mas, no caminhar, vamos vivendo desapontamentos, frustra\u00e7\u00f5es e fracassos. E h\u00e1 o risco de come\u00e7armos a fazer as coisas no autom\u00e1tico. Agora n\u00e3o tem mais aquela paix\u00e3o do envio, do primeiro amor\u201d, ponderou.<\/span><\/p>\n<p><span style=\"font-weight: 400;\">\u201cPrecisamos nos lembrar todos os dias deste envio do Senhor\u201d, ensinou o pastor.\u00a0<\/span><\/p>\n<p style=\"text-align: center;\"><span style=\"font-weight: 400;\"><img decoding=\"async\" src=\"https:\/\/thumbor.guiame.com.br\/unsafe\/smart\/https:\/\/media.guiame.com.br\/archives\/2026\/04\/24\/3735124916-marcio-marques-inspire-portugal.jpg\" alt=\"\" width=\"600\"\/><br \/><\/span><span style=\"color: #808080;\"><sup><span style=\"font-weight: 400;\">Pastor M\u00e1rcio Marques. (Foto: Guiame Marcos Paulo Correa).<\/span><\/sup><\/span><\/p>\n<p><strong>O perigo do isolamento<\/strong><\/p>\n<p><span style=\"font-weight: 400;\">J\u00e1 a terceira li\u00e7\u00e3o compartilhada por M\u00e1rcio \u00e9 que a voca\u00e7\u00e3o n\u00e3o foi feita para ser vivida em isolamento.<\/span><\/p>\n<p><span style=\"font-weight: 400;\">\u201cJesus est\u00e1 dizendo: \u2018Eu os envio como ovelhas\u2019. Ele est\u00e1 falando no plural. Ele n\u00e3o est\u00e1 falando no singular. Se voc\u00eas forem unidos, nada vai parar voc\u00eas. O bom pastor vai cuidar de n\u00f3s\u201d, pregou.<\/span><\/p>\n<p><span style=\"font-weight: 400;\">O l\u00edder alertou que a ovelha que fica sozinha corre mais riscos. \u201cA ovelha que fica s\u00f3 certamente ser\u00e1 devorada pelo lobo. Muitos pastores, por conta das decep\u00e7\u00f5es, das frustra\u00e7\u00f5es, do fracasso, acabam se isolando e se tornam presas f\u00e1ceis para os lobos\u201d, disse.<\/span><\/p>\n<p><span style=\"font-weight: 400;\">E acrescentou: \u201cE como saber se voc\u00ea est\u00e1 se isolando? Quando n\u00f3s olhamos pra igreja de um irm\u00e3o e o vemos como concorrente. Quando ficamos encantados com o poder, isso nos torna uma presa f\u00e1cil. Certamente eu estou me isolando e daqui a pouco eu estarei sozinho. Isso \u00e9 extremamente perigoso\u201d.<\/span><\/p>\n<p><strong>Prud\u00eancia e pureza<\/strong><\/p>\n<p><span style=\"font-weight: 400;\">A \u00faltima li\u00e7\u00e3o ensinada pelo pastor M\u00e1rcio foi que o minist\u00e9rio exige equil\u00edbrio entre prud\u00eancia e pureza.<\/span><\/p>\n<p><span style=\"font-weight: 400;\">\u201cNo final de Mateus 10:16, Jesus diz assim: \u2018Portanto, sejam prudentes como as serpentes e simples como as pombas\u2019. Como que n\u00f3s vamos fazer isso? Basta voc\u00ea olhar o minist\u00e9rio de Jesus\u201d, afirmou.<\/span><\/p>\n<p><span style=\"font-weight: 400;\">O pastor citou a passagem b\u00edblica onde os l\u00edderes religiosos tentam criar uma armadilha para Cristo, ao perguntar: \u201c\u00c9 certo pagar imposto ou n\u00e3o?&#8221;.<\/span><\/p>\n<p><span style=\"font-weight: 400;\">\u201cEle pega a moeda e diz assim: \u2018De quem \u00e9 a figura dessa moeda? \u00c9 de C\u00e9sar. D\u00ea a C\u00e9sar o que \u00e9 de C\u00e9sar e d\u00ea a Deus o que \u00e9 de Deus\u2019. Se dissesse que era errado pagar o imposto a Roma, Ele seria preso e seria acusado de ir contra o imp\u00e9rio romano. Jesus foi prudente como a serpente, mas ele foi simples como a pomba\u201d, explicou.<\/span><\/p>\n<\/div>\n<p><br \/>\n<br \/>Fonte: Guiame <\/p>\n","protected":false},"excerpt":{"rendered":"<p>O pastor M\u00e1rcio Marques encorajou os l\u00edderes crist\u00e3os que est\u00e3o cansados e abatidos devido aos desafios do minist\u00e9rio, durante prega\u00e7\u00e3o no primeiro dia da Inspire Conference em Portugal, nesta sexta-feira (24). O evento, promovido pela Rede Inspire Portugal, est\u00e1 acontecendo simultaneamente nas cidades de Sintra, Porto e Algarve, e seguir\u00e1 at\u00e9 s\u00e1bado (25). Com a [&hellip;]<\/p>\n","protected":false},"author":1,"featured_media":6385,"comment_status":"","ping_status":"open","sticky":false,"template":"","format":"standard","meta":{"footnotes":""},"categories":[43],"tags":[],"class_list":["post-6384","post","type-post","status-publish","format-standard","has-post-thumbnail","hentry","category-destaques"],"yoast_head":"<!-- This site is optimized with the Yoast SEO plugin v26.8 - https:\/\/yoast.com\/product\/yoast-seo-wordpress\/ -->\n<title>\u201cNem toda porta que se abre \u00e9 uma oportunidade de Deus\u201d, diz pastor sobre minist\u00e9rio - R\u00e1dio Porto Seguro<\/title>\n<meta name=\"robots\" content=\"index, follow, max-snippet:-1, max-image-preview:large, max-video-preview:-1\" \/>\n<link rel=\"canonical\" href=\"https:\/\/radioportoseguro.com.br\/site\/2026\/04\/25\/nem-toda-porta-que-se-abre-e-uma-oportunidade-de-deus-diz-pastor-sobre-ministerio\/\" \/>\n<meta property=\"og:locale\" content=\"pt_BR\" \/>\n<meta property=\"og:type\" content=\"article\" \/>\n<meta property=\"og:title\" content=\"\u201cNem toda porta que se abre \u00e9 uma oportunidade de Deus\u201d, diz pastor sobre minist\u00e9rio - R\u00e1dio Porto Seguro\" \/>\n<meta property=\"og:description\" content=\"O pastor M\u00e1rcio Marques encorajou os l\u00edderes crist\u00e3os que est\u00e3o cansados e abatidos devido aos desafios do minist\u00e9rio, durante prega\u00e7\u00e3o no primeiro dia da Inspire Conference em Portugal, nesta sexta-feira (24). O evento, promovido pela Rede Inspire Portugal, est\u00e1 acontecendo simultaneamente nas cidades de Sintra, Porto e Algarve, e seguir\u00e1 at\u00e9 s\u00e1bado (25). Com a [&hellip;]\" \/>\n<meta property=\"og:url\" content=\"https:\/\/radioportoseguro.com.br\/site\/2026\/04\/25\/nem-toda-porta-que-se-abre-e-uma-oportunidade-de-deus-diz-pastor-sobre-ministerio\/\" \/>\n<meta property=\"og:site_name\" content=\"R\u00e1dio Porto Seguro\" \/>\n<meta property=\"article:published_time\" content=\"2026-04-26T02:36:37+00:00\" \/>\n<meta property=\"og:image\" content=\"https:\/\/thumbor.guiame.com.br\/unsafe\/smart\/https:\/\/media.guiame.com.br\/archives\/2026\/04\/24\/3923541670-marcio-marques-portugal.jpg\" \/>\n<meta name=\"author\" content=\"admin\" \/>\n<meta name=\"twitter:card\" content=\"summary_large_image\" \/>\n<meta name=\"twitter:label1\" content=\"Escrito por\" \/>\n\t<meta name=\"twitter:data1\" content=\"admin\" \/>\n\t<meta name=\"twitter:label2\" content=\"Est. tempo de leitura\" \/>\n\t<meta name=\"twitter:data2\" content=\"5 minutos\" \/>\n<script type=\"application\/ld+json\" class=\"yoast-schema-graph\">{\"@context\":\"https:\/\/schema.org\",\"@graph\":[{\"@type\":\"Article\",\"@id\":\"https:\/\/radioportoseguro.com.br\/site\/2026\/04\/25\/nem-toda-porta-que-se-abre-e-uma-oportunidade-de-deus-diz-pastor-sobre-ministerio\/#article\",\"isPartOf\":{\"@id\":\"https:\/\/radioportoseguro.com.br\/site\/2026\/04\/25\/nem-toda-porta-que-se-abre-e-uma-oportunidade-de-deus-diz-pastor-sobre-ministerio\/\"},\"author\":{\"name\":\"admin\",\"@id\":\"https:\/\/radioportoseguro.com.br\/site\/#\/schema\/person\/7630acdc320186f13639d3c067ec089b\"},\"headline\":\"\u201cNem toda porta que se abre \u00e9 uma oportunidade de Deus\u201d, diz pastor sobre minist\u00e9rio\",\"datePublished\":\"2026-04-26T02:36:37+00:00\",\"mainEntityOfPage\":{\"@id\":\"https:\/\/radioportoseguro.com.br\/site\/2026\/04\/25\/nem-toda-porta-que-se-abre-e-uma-oportunidade-de-deus-diz-pastor-sobre-ministerio\/\"},\"wordCount\":918,\"image\":{\"@id\":\"https:\/\/radioportoseguro.com.br\/site\/2026\/04\/25\/nem-toda-porta-que-se-abre-e-uma-oportunidade-de-deus-diz-pastor-sobre-ministerio\/#primaryimage\"},\"thumbnailUrl\":\"https:\/\/radioportoseguro.com.br\/site\/wp-content\/uploads\/2026\/04\/3962952729-marcio-marques.jpg\",\"articleSection\":[\"Destaques\"],\"inLanguage\":\"pt-BR\"},{\"@type\":\"WebPage\",\"@id\":\"https:\/\/radioportoseguro.com.br\/site\/2026\/04\/25\/nem-toda-porta-que-se-abre-e-uma-oportunidade-de-deus-diz-pastor-sobre-ministerio\/\",\"url\":\"https:\/\/radioportoseguro.com.br\/site\/2026\/04\/25\/nem-toda-porta-que-se-abre-e-uma-oportunidade-de-deus-diz-pastor-sobre-ministerio\/\",\"name\":\"\u201cNem toda porta que se abre \u00e9 uma oportunidade de Deus\u201d, diz pastor sobre minist\u00e9rio - R\u00e1dio Porto Seguro\",\"isPartOf\":{\"@id\":\"https:\/\/radioportoseguro.com.br\/site\/#website\"},\"primaryImageOfPage\":{\"@id\":\"https:\/\/radioportoseguro.com.br\/site\/2026\/04\/25\/nem-toda-porta-que-se-abre-e-uma-oportunidade-de-deus-diz-pastor-sobre-ministerio\/#primaryimage\"},\"image\":{\"@id\":\"https:\/\/radioportoseguro.com.br\/site\/2026\/04\/25\/nem-toda-porta-que-se-abre-e-uma-oportunidade-de-deus-diz-pastor-sobre-ministerio\/#primaryimage\"},\"thumbnailUrl\":\"https:\/\/radioportoseguro.com.br\/site\/wp-content\/uploads\/2026\/04\/3962952729-marcio-marques.jpg\",\"datePublished\":\"2026-04-26T02:36:37+00:00\",\"author\":{\"@id\":\"https:\/\/radioportoseguro.com.br\/site\/#\/schema\/person\/7630acdc320186f13639d3c067ec089b\"},\"breadcrumb\":{\"@id\":\"https:\/\/radioportoseguro.com.br\/site\/2026\/04\/25\/nem-toda-porta-que-se-abre-e-uma-oportunidade-de-deus-diz-pastor-sobre-ministerio\/#breadcrumb\"},\"inLanguage\":\"pt-BR\",\"potentialAction\":[{\"@type\":\"ReadAction\",\"target\":[\"https:\/\/radioportoseguro.com.br\/site\/2026\/04\/25\/nem-toda-porta-que-se-abre-e-uma-oportunidade-de-deus-diz-pastor-sobre-ministerio\/\"]}]},{\"@type\":\"ImageObject\",\"inLanguage\":\"pt-BR\",\"@id\":\"https:\/\/radioportoseguro.com.br\/site\/2026\/04\/25\/nem-toda-porta-que-se-abre-e-uma-oportunidade-de-deus-diz-pastor-sobre-ministerio\/#primaryimage\",\"url\":\"https:\/\/radioportoseguro.com.br\/site\/wp-content\/uploads\/2026\/04\/3962952729-marcio-marques.jpg\",\"contentUrl\":\"https:\/\/radioportoseguro.com.br\/site\/wp-content\/uploads\/2026\/04\/3962952729-marcio-marques.jpg\",\"width\":1200,\"height\":600},{\"@type\":\"BreadcrumbList\",\"@id\":\"https:\/\/radioportoseguro.com.br\/site\/2026\/04\/25\/nem-toda-porta-que-se-abre-e-uma-oportunidade-de-deus-diz-pastor-sobre-ministerio\/#breadcrumb\",\"itemListElement\":[{\"@type\":\"ListItem\",\"position\":1,\"name\":\"In\u00edcio\",\"item\":\"https:\/\/radioportoseguro.com.br\/site\/\"},{\"@type\":\"ListItem\",\"position\":2,\"name\":\"\u201cNem toda porta que se abre \u00e9 uma oportunidade de Deus\u201d, diz pastor sobre minist\u00e9rio\"}]},{\"@type\":\"WebSite\",\"@id\":\"https:\/\/radioportoseguro.com.br\/site\/#website\",\"url\":\"https:\/\/radioportoseguro.com.br\/site\/\",\"name\":\"R\u00e1dio Porto Seguro\",\"description\":\"\",\"potentialAction\":[{\"@type\":\"SearchAction\",\"target\":{\"@type\":\"EntryPoint\",\"urlTemplate\":\"https:\/\/radioportoseguro.com.br\/site\/?s={search_term_string}\"},\"query-input\":{\"@type\":\"PropertyValueSpecification\",\"valueRequired\":true,\"valueName\":\"search_term_string\"}}],\"inLanguage\":\"pt-BR\"},{\"@type\":\"Person\",\"@id\":\"https:\/\/radioportoseguro.com.br\/site\/#\/schema\/person\/7630acdc320186f13639d3c067ec089b\",\"name\":\"admin\",\"image\":{\"@type\":\"ImageObject\",\"inLanguage\":\"pt-BR\",\"@id\":\"https:\/\/radioportoseguro.com.br\/site\/#\/schema\/person\/image\/\",\"url\":\"https:\/\/secure.gravatar.com\/avatar\/caacf4dc1eedb68fab0df8e1ed46c448e578b2466351bbcb61e47d2ac0caaef0?s=96&d=mm&r=g\",\"contentUrl\":\"https:\/\/secure.gravatar.com\/avatar\/caacf4dc1eedb68fab0df8e1ed46c448e578b2466351bbcb61e47d2ac0caaef0?s=96&d=mm&r=g\",\"caption\":\"admin\"},\"sameAs\":[\"https:\/\/radioportoseguro.com.br\/site\"],\"url\":\"https:\/\/radioportoseguro.com.br\/site\/author\/hezio\/\"}]}<\/script>\n<!-- \/ Yoast SEO plugin. -->","yoast_head_json":{"title":"\u201cNem toda porta que se abre \u00e9 uma oportunidade de Deus\u201d, diz pastor sobre minist\u00e9rio - R\u00e1dio Porto Seguro","robots":{"index":"index","follow":"follow","max-snippet":"max-snippet:-1","max-image-preview":"max-image-preview:large","max-video-preview":"max-video-preview:-1"},"canonical":"https:\/\/radioportoseguro.com.br\/site\/2026\/04\/25\/nem-toda-porta-que-se-abre-e-uma-oportunidade-de-deus-diz-pastor-sobre-ministerio\/","og_locale":"pt_BR","og_type":"article","og_title":"\u201cNem toda porta que se abre \u00e9 uma oportunidade de Deus\u201d, diz pastor sobre minist\u00e9rio - R\u00e1dio Porto Seguro","og_description":"O pastor M\u00e1rcio Marques encorajou os l\u00edderes crist\u00e3os que est\u00e3o cansados e abatidos devido aos desafios do minist\u00e9rio, durante prega\u00e7\u00e3o no primeiro dia da Inspire Conference em Portugal, nesta sexta-feira (24). O evento, promovido pela Rede Inspire Portugal, est\u00e1 acontecendo simultaneamente nas cidades de Sintra, Porto e Algarve, e seguir\u00e1 at\u00e9 s\u00e1bado (25). Com a [&hellip;]","og_url":"https:\/\/radioportoseguro.com.br\/site\/2026\/04\/25\/nem-toda-porta-que-se-abre-e-uma-oportunidade-de-deus-diz-pastor-sobre-ministerio\/","og_site_name":"R\u00e1dio Porto Seguro","article_published_time":"2026-04-26T02:36:37+00:00","og_image":[{"url":"https:\/\/thumbor.guiame.com.br\/unsafe\/smart\/https:\/\/media.guiame.com.br\/archives\/2026\/04\/24\/3923541670-marcio-marques-portugal.jpg","type":"","width":"","height":""}],"author":"admin","twitter_card":"summary_large_image","twitter_misc":{"Escrito por":"admin","Est. tempo de leitura":"5 minutos"},"schema":{"@context":"https:\/\/schema.org","@graph":[{"@type":"Article","@id":"https:\/\/radioportoseguro.com.br\/site\/2026\/04\/25\/nem-toda-porta-que-se-abre-e-uma-oportunidade-de-deus-diz-pastor-sobre-ministerio\/#article","isPartOf":{"@id":"https:\/\/radioportoseguro.com.br\/site\/2026\/04\/25\/nem-toda-porta-que-se-abre-e-uma-oportunidade-de-deus-diz-pastor-sobre-ministerio\/"},"author":{"name":"admin","@id":"https:\/\/radioportoseguro.com.br\/site\/#\/schema\/person\/7630acdc320186f13639d3c067ec089b"},"headline":"\u201cNem toda porta que se abre \u00e9 uma oportunidade de Deus\u201d, diz pastor sobre minist\u00e9rio","datePublished":"2026-04-26T02:36:37+00:00","mainEntityOfPage":{"@id":"https:\/\/radioportoseguro.com.br\/site\/2026\/04\/25\/nem-toda-porta-que-se-abre-e-uma-oportunidade-de-deus-diz-pastor-sobre-ministerio\/"},"wordCount":918,"image":{"@id":"https:\/\/radioportoseguro.com.br\/site\/2026\/04\/25\/nem-toda-porta-que-se-abre-e-uma-oportunidade-de-deus-diz-pastor-sobre-ministerio\/#primaryimage"},"thumbnailUrl":"https:\/\/radioportoseguro.com.br\/site\/wp-content\/uploads\/2026\/04\/3962952729-marcio-marques.jpg","articleSection":["Destaques"],"inLanguage":"pt-BR"},{"@type":"WebPage","@id":"https:\/\/radioportoseguro.com.br\/site\/2026\/04\/25\/nem-toda-porta-que-se-abre-e-uma-oportunidade-de-deus-diz-pastor-sobre-ministerio\/","url":"https:\/\/radioportoseguro.com.br\/site\/2026\/04\/25\/nem-toda-porta-que-se-abre-e-uma-oportunidade-de-deus-diz-pastor-sobre-ministerio\/","name":"\u201cNem toda porta que se abre \u00e9 uma oportunidade de Deus\u201d, diz pastor sobre minist\u00e9rio - R\u00e1dio Porto Seguro","isPartOf":{"@id":"https:\/\/radioportoseguro.com.br\/site\/#website"},"primaryImageOfPage":{"@id":"https:\/\/radioportoseguro.com.br\/site\/2026\/04\/25\/nem-toda-porta-que-se-abre-e-uma-oportunidade-de-deus-diz-pastor-sobre-ministerio\/#primaryimage"},"image":{"@id":"https:\/\/radioportoseguro.com.br\/site\/2026\/04\/25\/nem-toda-porta-que-se-abre-e-uma-oportunidade-de-deus-diz-pastor-sobre-ministerio\/#primaryimage"},"thumbnailUrl":"https:\/\/radioportoseguro.com.br\/site\/wp-content\/uploads\/2026\/04\/3962952729-marcio-marques.jpg","datePublished":"2026-04-26T02:36:37+00:00","author":{"@id":"https:\/\/radioportoseguro.com.br\/site\/#\/schema\/person\/7630acdc320186f13639d3c067ec089b"},"breadcrumb":{"@id":"https:\/\/radioportoseguro.com.br\/site\/2026\/04\/25\/nem-toda-porta-que-se-abre-e-uma-oportunidade-de-deus-diz-pastor-sobre-ministerio\/#breadcrumb"},"inLanguage":"pt-BR","potentialAction":[{"@type":"ReadAction","target":["https:\/\/radioportoseguro.com.br\/site\/2026\/04\/25\/nem-toda-porta-que-se-abre-e-uma-oportunidade-de-deus-diz-pastor-sobre-ministerio\/"]}]},{"@type":"ImageObject","inLanguage":"pt-BR","@id":"https:\/\/radioportoseguro.com.br\/site\/2026\/04\/25\/nem-toda-porta-que-se-abre-e-uma-oportunidade-de-deus-diz-pastor-sobre-ministerio\/#primaryimage","url":"https:\/\/radioportoseguro.com.br\/site\/wp-content\/uploads\/2026\/04\/3962952729-marcio-marques.jpg","contentUrl":"https:\/\/radioportoseguro.com.br\/site\/wp-content\/uploads\/2026\/04\/3962952729-marcio-marques.jpg","width":1200,"height":600},{"@type":"BreadcrumbList","@id":"https:\/\/radioportoseguro.com.br\/site\/2026\/04\/25\/nem-toda-porta-que-se-abre-e-uma-oportunidade-de-deus-diz-pastor-sobre-ministerio\/#breadcrumb","itemListElement":[{"@type":"ListItem","position":1,"name":"In\u00edcio","item":"https:\/\/radioportoseguro.com.br\/site\/"},{"@type":"ListItem","position":2,"name":"\u201cNem toda porta que se abre \u00e9 uma oportunidade de Deus\u201d, diz pastor sobre minist\u00e9rio"}]},{"@type":"WebSite","@id":"https:\/\/radioportoseguro.com.br\/site\/#website","url":"https:\/\/radioportoseguro.com.br\/site\/","name":"R\u00e1dio Porto Seguro","description":"","potentialAction":[{"@type":"SearchAction","target":{"@type":"EntryPoint","urlTemplate":"https:\/\/radioportoseguro.com.br\/site\/?s={search_term_string}"},"query-input":{"@type":"PropertyValueSpecification","valueRequired":true,"valueName":"search_term_string"}}],"inLanguage":"pt-BR"},{"@type":"Person","@id":"https:\/\/radioportoseguro.com.br\/site\/#\/schema\/person\/7630acdc320186f13639d3c067ec089b","name":"admin","image":{"@type":"ImageObject","inLanguage":"pt-BR","@id":"https:\/\/radioportoseguro.com.br\/site\/#\/schema\/person\/image\/","url":"https:\/\/secure.gravatar.com\/avatar\/caacf4dc1eedb68fab0df8e1ed46c448e578b2466351bbcb61e47d2ac0caaef0?s=96&d=mm&r=g","contentUrl":"https:\/\/secure.gravatar.com\/avatar\/caacf4dc1eedb68fab0df8e1ed46c448e578b2466351bbcb61e47d2ac0caaef0?s=96&d=mm&r=g","caption":"admin"},"sameAs":["https:\/\/radioportoseguro.com.br\/site"],"url":"https:\/\/radioportoseguro.com.br\/site\/author\/hezio\/"}]}},"_links":{"self":[{"href":"https:\/\/radioportoseguro.com.br\/site\/wp-json\/wp\/v2\/posts\/6384","targetHints":{"allow":["GET"]}}],"collection":[{"href":"https:\/\/radioportoseguro.com.br\/site\/wp-json\/wp\/v2\/posts"}],"about":[{"href":"https:\/\/radioportoseguro.com.br\/site\/wp-json\/wp\/v2\/types\/post"}],"author":[{"embeddable":true,"href":"https:\/\/radioportoseguro.com.br\/site\/wp-json\/wp\/v2\/users\/1"}],"replies":[{"embeddable":true,"href":"https:\/\/radioportoseguro.com.br\/site\/wp-json\/wp\/v2\/comments?post=6384"}],"version-history":[{"count":0,"href":"https:\/\/radioportoseguro.com.br\/site\/wp-json\/wp\/v2\/posts\/6384\/revisions"}],"wp:featuredmedia":[{"embeddable":true,"href":"https:\/\/radioportoseguro.com.br\/site\/wp-json\/wp\/v2\/media\/6385"}],"wp:attachment":[{"href":"https:\/\/radioportoseguro.com.br\/site\/wp-json\/wp\/v2\/media?parent=6384"}],"wp:term":[{"taxonomy":"category","embeddable":true,"href":"https:\/\/radioportoseguro.com.br\/site\/wp-json\/wp\/v2\/categories?post=6384"},{"taxonomy":"post_tag","embeddable":true,"href":"https:\/\/radioportoseguro.com.br\/site\/wp-json\/wp\/v2\/tags?post=6384"}],"curies":[{"name":"wp","href":"https:\/\/api.w.org\/{rel}","templated":true}]}}