{"id":6388,"date":"2026-04-26T01:38:38","date_gmt":"2026-04-26T04:38:38","guid":{"rendered":"https:\/\/radioportoseguro.com.br\/site\/2026\/04\/26\/autoridade-espiritual-exige-alinhamento-com-deus-conferencia-no-rs-faz-alerta-a-igreja\/"},"modified":"2026-04-26T01:38:38","modified_gmt":"2026-04-26T04:38:38","slug":"autoridade-espiritual-exige-alinhamento-com-deus-conferencia-no-rs-faz-alerta-a-igreja","status":"publish","type":"post","link":"https:\/\/radioportoseguro.com.br\/site\/2026\/04\/26\/autoridade-espiritual-exige-alinhamento-com-deus-conferencia-no-rs-faz-alerta-a-igreja\/","title":{"rendered":"\u201cAutoridade espiritual exige alinhamento com Deus\u201d: Confer\u00eancia no RS faz alerta \u00e0 Igreja"},"content":{"rendered":"<p><br \/>\n<\/p>\n<div>\n<p><span style=\"font-weight: 400;\">Nos dias 18 e 19 de abril, a cidade de Santa Maria recebeu mais uma edi\u00e7\u00e3o do <\/span><span style=\"color: #993300;\"><strong>Alinhamento Prof\u00e9tico 2026<\/strong><\/span><span style=\"font-weight: 400;\">, encontro promovido pelo Minist\u00e9rio Engel que reuniu participantes de diversas regi\u00f5es do pa\u00eds.<\/span><\/p>\n<p><span style=\"font-weight: 400;\">Com o tema \u201cAutoridade Delegada\u201d, o evento buscou despertar a Igreja para exercer sua autoridade espiritual alinhada \u00e0 vontade de Deus.<\/span><\/p>\n<p><span style=\"font-weight: 400;\">Na abertura, realizada no s\u00e1bado, o pastor Tiago Engel compartilhou: \u201cAcordei \u00e0s tr\u00eas horas da manh\u00e3 e fui conversar com o Esp\u00edrito Santo. Perguntei o que deveria ministrar a este povo, e Ele me disse: \u2018Olha para o cora\u00e7\u00e3o deles\u2019.\u201d<\/span><\/p>\n<p><span style=\"font-weight: 400;\">\u201cH\u00e1 l\u00edderes que t\u00eam sido machucados e t\u00eam pago um pre\u00e7o muito grande por pregar um Evangelho de verdade. Por pregar o que est\u00e1 na B\u00edblia, um Evangelho que olha somente para Jesus.\u201d<\/span><\/p>\n<p><span style=\"font-weight: 400;\">Ele destacou ainda que a miss\u00e3o do Minist\u00e9rio Engel ao longo das \u00faltimas d\u00e9cadas tem sido restaurar a Igreja, come\u00e7ando pelos seus l\u00edderes.<\/span><\/p>\n<p><span style=\"font-weight: 400;\">\u201cH\u00e1 40 anos n\u00f3s vivemos para curar a Igreja \u2014 e a cura da Igreja come\u00e7a com os l\u00edderes.\u201d<\/span><\/p>\n<p><span style=\"font-weight: 400;\">Na sequ\u00eancia, a pastora Gabriele Engel enfatizou: \u201cQuanto mais se aproxima a volta de Jesus, maior \u00e9 a un\u00e7\u00e3o que precisa descer, maior \u00e9 a capacita\u00e7\u00e3o para os novos ungidos que v\u00e3o preparar o caminho.\u201d<\/span><\/p>\n<p><span style=\"font-weight: 400;\">E completou: \u201cTalvez voc\u00ea pense: \u2018Eu n\u00e3o nasci para isso, n\u00e3o sou bom o suficiente, n\u00e3o falo bem\u2019. Mas eu tenho uma not\u00edcia: n\u00e3o \u00e9 no que voc\u00ea fala, n\u00e3o \u00e9 na sua sabedoria, n\u00e3o \u00e9 como voc\u00ea ministra. \u00c9 a un\u00e7\u00e3o do Esp\u00edrito Santo que vir\u00e1 sobre voc\u00ea.\u201d<\/span><\/p>\n<p style=\"text-align: center;\"><span style=\"font-weight: 400;\"><br \/><\/span><sup><span style=\"font-weight: 400; color: #808080;\">Fam\u00edlia Engel reunida na abertura do evento. (Foto: Minist\u00e9rio Engel)<\/span><\/sup><\/p>\n<p><span style=\"font-weight: 400;\">J\u00e1 a pastora Mara Engel trouxe um testemunho pessoal sobre os desafios enfrentados no in\u00edcio do minist\u00e9rio, destacando o custo espiritual da caminhada.<\/span><\/p>\n<p><span style=\"font-weight: 400;\">\u201cAprendi desde o in\u00edcio a ir para lugares muito distantes, enfrentando dificuldades. Eu n\u00e3o entendia por qu\u00ea, mas Deus me disse: \u2018Quanto mais longe, quanto maior o pre\u00e7o que voc\u00ea paga, maior \u00e9 a un\u00e7\u00e3o\u2019.\u201d<\/span><\/p>\n<p><strong>Autoridade n\u00e3o vem do homem, mas de Deus<\/strong><\/p>\n<p><span style=\"font-weight: 400;\">Ao falar sobre o tema principal desta edi\u00e7\u00e3o, Isaac Engel, neto do l\u00edder do minist\u00e9rio, disse: \u201cA autoridade que n\u00f3s carregamos n\u00e3o nasceu em n\u00f3s. Ela n\u00e3o vem do nosso esfor\u00e7o, nem do nosso tempo de ora\u00e7\u00e3o ou de igreja. Ela vem porque foi delegada por Deus.\u201d<\/span><\/p>\n<p><span style=\"font-weight: 400;\">Ele afirmou que autoridade espiritual n\u00e3o est\u00e1 ligada \u00e0 apar\u00eancia: \u201cQuem entende de onde vem a autoridade n\u00e3o precisa provar que tem. Autoridade delegada \u00e9 poder confiado com responsabilidade.\u201d<\/span><\/p>\n<p><span style=\"font-weight: 400;\">Isaac tamb\u00e9m alertou: \u201cMuitos querem autoridade, mas sem alinhamento. E se n\u00e3o h\u00e1 alinhamento, n\u00e3o h\u00e1 autoridade. E sem autoridade, n\u00e3o h\u00e1 resposta do c\u00e9u.\u201d<\/span><\/p>\n<p style=\"text-align: center;\"><span style=\"font-weight: 400;\"><img decoding=\"async\" src=\"https:\/\/thumbor.guiame.com.br\/unsafe\/smart\/https:\/\/media.guiame.com.br\/archives\/2026\/04\/24\/2230377220-.jpeg\" alt=\"\" width=\"600\"\/><br \/><sup><span style=\"color: #808080;\">Joel Engel na abertura do Alinhamento Prof\u00e9tico. (Foto: Minist\u00e9rio Engel)<\/span><\/sup><br \/><\/span><\/p>\n<p><span style=\"font-weight: 400;\">No momento central do evento, o l\u00edder do minist\u00e9rio, o pastor Joel Engel, trouxe reflex\u00f5es profundas sobre vida espiritual e autoridade.<\/span><\/p>\n<p><span style=\"font-weight: 400;\">\u201cA vida come\u00e7ou no sopro de Deus. Antes mesmo de voc\u00ea respirar, j\u00e1 havia um prop\u00f3sito sendo estabelecido. Foi ali, desde Ad\u00e3o, que o rel\u00f3gio come\u00e7ou a funcionar na nossa vida.\u201d<\/span><\/p>\n<p><span style=\"font-weight: 400;\">Ao relembrar a queda do homem, o pastor destacou que a vida espiritual foi restaurada por meio de Cristo:<\/span><\/p>\n<p><span style=\"font-weight: 400;\">\u201cAd\u00e3o perdeu a vida eterna, mas Jesus veio e trouxe essa vida novamente. Hoje, embora Ele esteja \u00e0 direita do Pai, a vida dEle est\u00e1 em n\u00f3s \u2014 nos nossos p\u00e9s, nas nossas m\u00e3os, no nosso corpo. Deus \u00e9 Esp\u00edrito e habita em cada um de n\u00f3s.\u201d<\/span><\/p>\n<p><span style=\"font-weight: 400;\">A partir disso, Joel Engel fez um chamado: \u201cExiste uma d\u00edvida que nunca vamos conseguir pagar: o amor que devemos aos perdidos. Essa \u00e9 a nossa miss\u00e3o.\u201d<\/span><\/p>\n<p><span style=\"font-weight: 400;\">Segundo ele, essa miss\u00e3o est\u00e1 diretamente ligada \u00e0 autoridade espiritual recebida pela Igreja:<\/span><\/p>\n<p><span style=\"font-weight: 400;\">\u201cVoc\u00eas v\u00e3o receber uma un\u00e7\u00e3o para cumprir a Grande Comiss\u00e3o: \u2018Ide por todo o mundo\u2019. Essa n\u00e3o \u00e9 apenas uma ordem, \u00e9 uma capacita\u00e7\u00e3o.\u201d<\/span><\/p>\n<p><strong>Um chamado ao alinhamento<\/strong><\/p>\n<p><span style=\"font-weight: 400;\">Na ministra\u00e7\u00e3o de domingo, o pastor Joel Engel aprofundou o tema da autoridade espiritual trazendo exemplos b\u00edblicos:<\/span><\/p>\n<p><span style=\"font-weight: 400;\">\u201cQuando Deus levanta algu\u00e9m, Ele n\u00e3o escolhe qualquer pessoa. Essa un\u00e7\u00e3o \u00e9 poderosa. Se a pessoa n\u00e3o tiver for\u00e7a, n\u00e3o suporta. Por isso Deus levanta pessoas fortes, preparadas para carregar aquilo que Ele quer liberar.\u201d<\/span><\/p>\n<p><span style=\"font-weight: 400;\">Ele tamb\u00e9m mencionou o desgaste emocional que pode acompanhar esse chamado, fazendo refer\u00eancia ao profeta Elias:<\/span><\/p>\n<p><span style=\"font-weight: 400;\">\u201cTeve momentos em que o profeta disse: \u2018Eu quero desistir, quero morrer\u2019. Mas toda vez que isso acontece, Deus envia um anjo para fortalecer. Deus sustenta aqueles que Ele chama.\u201d<\/span><\/p>\n<p><span style=\"font-weight: 400;\">Encerrando a mensagem, Engel fez um forte apelo: \u201cJesus j\u00e1 levou sobre si todas as maldi\u00e7\u00f5es. Muitas coisas que as pessoas vivem hoje s\u00e3o consequ\u00eancia de uma mentalidade antiga. \u00c9 uma quest\u00e3o de vis\u00e3o. Mude a sua vis\u00e3o.\u201d<\/span><\/p>\n<p><em><span style=\"font-weight: 400;\">Veja parte da abertura do Alinhamento Prof\u00e9tico 2026<\/span><\/em><span style=\"font-weight: 400;\">:<\/span><\/p>\n<div class=\"ose-youtube ose-uid-2b2b7637abc4b84dcb1913f465bf0509 ose-embedpress-responsive\" style=\"width:600px; height:600px; max-height:600px; max-width:100%; display:inline-block;\" data-embed-type=\"Youtube\"><iframe allowFullScreen=\"true\" title=\"ABERTURA | ALINHAMENTO PROF\u00c9TICO 2026\" width=\"600\" height=\"600\" src=\"https:\/\/www.youtube.com\/embed\/E1RiE2D2gDg?feature=oembed&color=red&rel=0&controls=1&start=&end=&fs=0&iv_load_policy=0&autoplay=0&mute=0&modestbranding=0&cc_load_policy=1&playsinline=1\" frameborder=\"0\" allow=\"accelerometer; encrypted-media;accelerometer;autoplay;clipboard-write;gyroscope;picture-in-picture clipboard-write; encrypted-media; gyroscope; picture-in-picture; web-share\" referrerpolicy=\"strict-origin-when-cross-origin\" allowfullscreen><\/iframe><\/div>\n<\/div>\n<p><br \/>\n<br \/>Fonte: Guiame <\/p>\n","protected":false},"excerpt":{"rendered":"<p>Nos dias 18 e 19 de abril, a cidade de Santa Maria recebeu mais uma edi\u00e7\u00e3o do Alinhamento Prof\u00e9tico 2026, encontro promovido pelo Minist\u00e9rio Engel que reuniu participantes de diversas regi\u00f5es do pa\u00eds. Com o tema \u201cAutoridade Delegada\u201d, o evento buscou despertar a Igreja para exercer sua autoridade espiritual alinhada \u00e0 vontade de Deus. Na [&hellip;]<\/p>\n","protected":false},"author":1,"featured_media":6389,"comment_status":"","ping_status":"open","sticky":false,"template":"","format":"standard","meta":{"footnotes":""},"categories":[43],"tags":[],"class_list":["post-6388","post","type-post","status-publish","format-standard","has-post-thumbnail","hentry","category-destaques"],"yoast_head":"<!-- This site is optimized with the Yoast SEO plugin v26.8 - https:\/\/yoast.com\/product\/yoast-seo-wordpress\/ -->\n<title>\u201cAutoridade espiritual exige alinhamento com Deus\u201d: Confer\u00eancia no RS faz alerta \u00e0 Igreja - R\u00e1dio Porto Seguro<\/title>\n<meta name=\"robots\" content=\"index, follow, max-snippet:-1, max-image-preview:large, max-video-preview:-1\" \/>\n<link rel=\"canonical\" href=\"https:\/\/radioportoseguro.com.br\/site\/2026\/04\/26\/autoridade-espiritual-exige-alinhamento-com-deus-conferencia-no-rs-faz-alerta-a-igreja\/\" \/>\n<meta property=\"og:locale\" content=\"pt_BR\" \/>\n<meta property=\"og:type\" content=\"article\" \/>\n<meta property=\"og:title\" content=\"\u201cAutoridade espiritual exige alinhamento com Deus\u201d: Confer\u00eancia no RS faz alerta \u00e0 Igreja - R\u00e1dio Porto Seguro\" \/>\n<meta property=\"og:description\" content=\"Nos dias 18 e 19 de abril, a cidade de Santa Maria recebeu mais uma edi\u00e7\u00e3o do Alinhamento Prof\u00e9tico 2026, encontro promovido pelo Minist\u00e9rio Engel que reuniu participantes de diversas regi\u00f5es do pa\u00eds. Com o tema \u201cAutoridade Delegada\u201d, o evento buscou despertar a Igreja para exercer sua autoridade espiritual alinhada \u00e0 vontade de Deus. Na [&hellip;]\" \/>\n<meta property=\"og:url\" content=\"https:\/\/radioportoseguro.com.br\/site\/2026\/04\/26\/autoridade-espiritual-exige-alinhamento-com-deus-conferencia-no-rs-faz-alerta-a-igreja\/\" \/>\n<meta property=\"og:site_name\" content=\"R\u00e1dio Porto Seguro\" \/>\n<meta property=\"article:published_time\" content=\"2026-04-26T04:38:38+00:00\" \/>\n<meta property=\"og:image\" content=\"https:\/\/thumbor.guiame.com.br\/unsafe\/smart\/https:\/\/media.guiame.com.br\/archives\/2026\/04\/24\/2021518611-.jpeg\" \/>\n<meta name=\"author\" content=\"admin\" \/>\n<meta name=\"twitter:card\" content=\"summary_large_image\" \/>\n<meta name=\"twitter:label1\" content=\"Escrito por\" \/>\n\t<meta name=\"twitter:data1\" content=\"admin\" \/>\n\t<meta name=\"twitter:label2\" content=\"Est. tempo de leitura\" \/>\n\t<meta name=\"twitter:data2\" content=\"4 minutos\" \/>\n<script type=\"application\/ld+json\" class=\"yoast-schema-graph\">{\"@context\":\"https:\/\/schema.org\",\"@graph\":[{\"@type\":\"Article\",\"@id\":\"https:\/\/radioportoseguro.com.br\/site\/2026\/04\/26\/autoridade-espiritual-exige-alinhamento-com-deus-conferencia-no-rs-faz-alerta-a-igreja\/#article\",\"isPartOf\":{\"@id\":\"https:\/\/radioportoseguro.com.br\/site\/2026\/04\/26\/autoridade-espiritual-exige-alinhamento-com-deus-conferencia-no-rs-faz-alerta-a-igreja\/\"},\"author\":{\"name\":\"admin\",\"@id\":\"https:\/\/radioportoseguro.com.br\/site\/#\/schema\/person\/7630acdc320186f13639d3c067ec089b\"},\"headline\":\"\u201cAutoridade espiritual exige alinhamento com Deus\u201d: Confer\u00eancia no RS faz alerta \u00e0 Igreja\",\"datePublished\":\"2026-04-26T04:38:38+00:00\",\"mainEntityOfPage\":{\"@id\":\"https:\/\/radioportoseguro.com.br\/site\/2026\/04\/26\/autoridade-espiritual-exige-alinhamento-com-deus-conferencia-no-rs-faz-alerta-a-igreja\/\"},\"wordCount\":877,\"image\":{\"@id\":\"https:\/\/radioportoseguro.com.br\/site\/2026\/04\/26\/autoridade-espiritual-exige-alinhamento-com-deus-conferencia-no-rs-faz-alerta-a-igreja\/#primaryimage\"},\"thumbnailUrl\":\"https:\/\/radioportoseguro.com.br\/site\/wp-content\/uploads\/2026\/04\/2537201894-joel-engel-no-alinhamento-profetico-2026.jpeg\",\"articleSection\":[\"Destaques\"],\"inLanguage\":\"pt-BR\"},{\"@type\":\"WebPage\",\"@id\":\"https:\/\/radioportoseguro.com.br\/site\/2026\/04\/26\/autoridade-espiritual-exige-alinhamento-com-deus-conferencia-no-rs-faz-alerta-a-igreja\/\",\"url\":\"https:\/\/radioportoseguro.com.br\/site\/2026\/04\/26\/autoridade-espiritual-exige-alinhamento-com-deus-conferencia-no-rs-faz-alerta-a-igreja\/\",\"name\":\"\u201cAutoridade espiritual exige alinhamento com Deus\u201d: Confer\u00eancia no RS faz alerta \u00e0 Igreja - R\u00e1dio Porto Seguro\",\"isPartOf\":{\"@id\":\"https:\/\/radioportoseguro.com.br\/site\/#website\"},\"primaryImageOfPage\":{\"@id\":\"https:\/\/radioportoseguro.com.br\/site\/2026\/04\/26\/autoridade-espiritual-exige-alinhamento-com-deus-conferencia-no-rs-faz-alerta-a-igreja\/#primaryimage\"},\"image\":{\"@id\":\"https:\/\/radioportoseguro.com.br\/site\/2026\/04\/26\/autoridade-espiritual-exige-alinhamento-com-deus-conferencia-no-rs-faz-alerta-a-igreja\/#primaryimage\"},\"thumbnailUrl\":\"https:\/\/radioportoseguro.com.br\/site\/wp-content\/uploads\/2026\/04\/2537201894-joel-engel-no-alinhamento-profetico-2026.jpeg\",\"datePublished\":\"2026-04-26T04:38:38+00:00\",\"author\":{\"@id\":\"https:\/\/radioportoseguro.com.br\/site\/#\/schema\/person\/7630acdc320186f13639d3c067ec089b\"},\"breadcrumb\":{\"@id\":\"https:\/\/radioportoseguro.com.br\/site\/2026\/04\/26\/autoridade-espiritual-exige-alinhamento-com-deus-conferencia-no-rs-faz-alerta-a-igreja\/#breadcrumb\"},\"inLanguage\":\"pt-BR\",\"potentialAction\":[{\"@type\":\"ReadAction\",\"target\":[\"https:\/\/radioportoseguro.com.br\/site\/2026\/04\/26\/autoridade-espiritual-exige-alinhamento-com-deus-conferencia-no-rs-faz-alerta-a-igreja\/\"]}]},{\"@type\":\"ImageObject\",\"inLanguage\":\"pt-BR\",\"@id\":\"https:\/\/radioportoseguro.com.br\/site\/2026\/04\/26\/autoridade-espiritual-exige-alinhamento-com-deus-conferencia-no-rs-faz-alerta-a-igreja\/#primaryimage\",\"url\":\"https:\/\/radioportoseguro.com.br\/site\/wp-content\/uploads\/2026\/04\/2537201894-joel-engel-no-alinhamento-profetico-2026.jpeg\",\"contentUrl\":\"https:\/\/radioportoseguro.com.br\/site\/wp-content\/uploads\/2026\/04\/2537201894-joel-engel-no-alinhamento-profetico-2026.jpeg\",\"width\":1200,\"height\":600},{\"@type\":\"BreadcrumbList\",\"@id\":\"https:\/\/radioportoseguro.com.br\/site\/2026\/04\/26\/autoridade-espiritual-exige-alinhamento-com-deus-conferencia-no-rs-faz-alerta-a-igreja\/#breadcrumb\",\"itemListElement\":[{\"@type\":\"ListItem\",\"position\":1,\"name\":\"In\u00edcio\",\"item\":\"https:\/\/radioportoseguro.com.br\/site\/\"},{\"@type\":\"ListItem\",\"position\":2,\"name\":\"\u201cAutoridade espiritual exige alinhamento com Deus\u201d: Confer\u00eancia no RS faz alerta \u00e0 Igreja\"}]},{\"@type\":\"WebSite\",\"@id\":\"https:\/\/radioportoseguro.com.br\/site\/#website\",\"url\":\"https:\/\/radioportoseguro.com.br\/site\/\",\"name\":\"R\u00e1dio Porto Seguro\",\"description\":\"\",\"potentialAction\":[{\"@type\":\"SearchAction\",\"target\":{\"@type\":\"EntryPoint\",\"urlTemplate\":\"https:\/\/radioportoseguro.com.br\/site\/?s={search_term_string}\"},\"query-input\":{\"@type\":\"PropertyValueSpecification\",\"valueRequired\":true,\"valueName\":\"search_term_string\"}}],\"inLanguage\":\"pt-BR\"},{\"@type\":\"Person\",\"@id\":\"https:\/\/radioportoseguro.com.br\/site\/#\/schema\/person\/7630acdc320186f13639d3c067ec089b\",\"name\":\"admin\",\"image\":{\"@type\":\"ImageObject\",\"inLanguage\":\"pt-BR\",\"@id\":\"https:\/\/radioportoseguro.com.br\/site\/#\/schema\/person\/image\/\",\"url\":\"https:\/\/secure.gravatar.com\/avatar\/caacf4dc1eedb68fab0df8e1ed46c448e578b2466351bbcb61e47d2ac0caaef0?s=96&d=mm&r=g\",\"contentUrl\":\"https:\/\/secure.gravatar.com\/avatar\/caacf4dc1eedb68fab0df8e1ed46c448e578b2466351bbcb61e47d2ac0caaef0?s=96&d=mm&r=g\",\"caption\":\"admin\"},\"sameAs\":[\"https:\/\/radioportoseguro.com.br\/site\"],\"url\":\"https:\/\/radioportoseguro.com.br\/site\/author\/hezio\/\"}]}<\/script>\n<!-- \/ Yoast SEO plugin. -->","yoast_head_json":{"title":"\u201cAutoridade espiritual exige alinhamento com Deus\u201d: Confer\u00eancia no RS faz alerta \u00e0 Igreja - R\u00e1dio Porto Seguro","robots":{"index":"index","follow":"follow","max-snippet":"max-snippet:-1","max-image-preview":"max-image-preview:large","max-video-preview":"max-video-preview:-1"},"canonical":"https:\/\/radioportoseguro.com.br\/site\/2026\/04\/26\/autoridade-espiritual-exige-alinhamento-com-deus-conferencia-no-rs-faz-alerta-a-igreja\/","og_locale":"pt_BR","og_type":"article","og_title":"\u201cAutoridade espiritual exige alinhamento com Deus\u201d: Confer\u00eancia no RS faz alerta \u00e0 Igreja - R\u00e1dio Porto Seguro","og_description":"Nos dias 18 e 19 de abril, a cidade de Santa Maria recebeu mais uma edi\u00e7\u00e3o do Alinhamento Prof\u00e9tico 2026, encontro promovido pelo Minist\u00e9rio Engel que reuniu participantes de diversas regi\u00f5es do pa\u00eds. Com o tema \u201cAutoridade Delegada\u201d, o evento buscou despertar a Igreja para exercer sua autoridade espiritual alinhada \u00e0 vontade de Deus. Na [&hellip;]","og_url":"https:\/\/radioportoseguro.com.br\/site\/2026\/04\/26\/autoridade-espiritual-exige-alinhamento-com-deus-conferencia-no-rs-faz-alerta-a-igreja\/","og_site_name":"R\u00e1dio Porto Seguro","article_published_time":"2026-04-26T04:38:38+00:00","og_image":[{"url":"https:\/\/thumbor.guiame.com.br\/unsafe\/smart\/https:\/\/media.guiame.com.br\/archives\/2026\/04\/24\/2021518611-.jpeg","type":"","width":"","height":""}],"author":"admin","twitter_card":"summary_large_image","twitter_misc":{"Escrito por":"admin","Est. tempo de leitura":"4 minutos"},"schema":{"@context":"https:\/\/schema.org","@graph":[{"@type":"Article","@id":"https:\/\/radioportoseguro.com.br\/site\/2026\/04\/26\/autoridade-espiritual-exige-alinhamento-com-deus-conferencia-no-rs-faz-alerta-a-igreja\/#article","isPartOf":{"@id":"https:\/\/radioportoseguro.com.br\/site\/2026\/04\/26\/autoridade-espiritual-exige-alinhamento-com-deus-conferencia-no-rs-faz-alerta-a-igreja\/"},"author":{"name":"admin","@id":"https:\/\/radioportoseguro.com.br\/site\/#\/schema\/person\/7630acdc320186f13639d3c067ec089b"},"headline":"\u201cAutoridade espiritual exige alinhamento com Deus\u201d: Confer\u00eancia no RS faz alerta \u00e0 Igreja","datePublished":"2026-04-26T04:38:38+00:00","mainEntityOfPage":{"@id":"https:\/\/radioportoseguro.com.br\/site\/2026\/04\/26\/autoridade-espiritual-exige-alinhamento-com-deus-conferencia-no-rs-faz-alerta-a-igreja\/"},"wordCount":877,"image":{"@id":"https:\/\/radioportoseguro.com.br\/site\/2026\/04\/26\/autoridade-espiritual-exige-alinhamento-com-deus-conferencia-no-rs-faz-alerta-a-igreja\/#primaryimage"},"thumbnailUrl":"https:\/\/radioportoseguro.com.br\/site\/wp-content\/uploads\/2026\/04\/2537201894-joel-engel-no-alinhamento-profetico-2026.jpeg","articleSection":["Destaques"],"inLanguage":"pt-BR"},{"@type":"WebPage","@id":"https:\/\/radioportoseguro.com.br\/site\/2026\/04\/26\/autoridade-espiritual-exige-alinhamento-com-deus-conferencia-no-rs-faz-alerta-a-igreja\/","url":"https:\/\/radioportoseguro.com.br\/site\/2026\/04\/26\/autoridade-espiritual-exige-alinhamento-com-deus-conferencia-no-rs-faz-alerta-a-igreja\/","name":"\u201cAutoridade espiritual exige alinhamento com Deus\u201d: Confer\u00eancia no RS faz alerta \u00e0 Igreja - R\u00e1dio Porto Seguro","isPartOf":{"@id":"https:\/\/radioportoseguro.com.br\/site\/#website"},"primaryImageOfPage":{"@id":"https:\/\/radioportoseguro.com.br\/site\/2026\/04\/26\/autoridade-espiritual-exige-alinhamento-com-deus-conferencia-no-rs-faz-alerta-a-igreja\/#primaryimage"},"image":{"@id":"https:\/\/radioportoseguro.com.br\/site\/2026\/04\/26\/autoridade-espiritual-exige-alinhamento-com-deus-conferencia-no-rs-faz-alerta-a-igreja\/#primaryimage"},"thumbnailUrl":"https:\/\/radioportoseguro.com.br\/site\/wp-content\/uploads\/2026\/04\/2537201894-joel-engel-no-alinhamento-profetico-2026.jpeg","datePublished":"2026-04-26T04:38:38+00:00","author":{"@id":"https:\/\/radioportoseguro.com.br\/site\/#\/schema\/person\/7630acdc320186f13639d3c067ec089b"},"breadcrumb":{"@id":"https:\/\/radioportoseguro.com.br\/site\/2026\/04\/26\/autoridade-espiritual-exige-alinhamento-com-deus-conferencia-no-rs-faz-alerta-a-igreja\/#breadcrumb"},"inLanguage":"pt-BR","potentialAction":[{"@type":"ReadAction","target":["https:\/\/radioportoseguro.com.br\/site\/2026\/04\/26\/autoridade-espiritual-exige-alinhamento-com-deus-conferencia-no-rs-faz-alerta-a-igreja\/"]}]},{"@type":"ImageObject","inLanguage":"pt-BR","@id":"https:\/\/radioportoseguro.com.br\/site\/2026\/04\/26\/autoridade-espiritual-exige-alinhamento-com-deus-conferencia-no-rs-faz-alerta-a-igreja\/#primaryimage","url":"https:\/\/radioportoseguro.com.br\/site\/wp-content\/uploads\/2026\/04\/2537201894-joel-engel-no-alinhamento-profetico-2026.jpeg","contentUrl":"https:\/\/radioportoseguro.com.br\/site\/wp-content\/uploads\/2026\/04\/2537201894-joel-engel-no-alinhamento-profetico-2026.jpeg","width":1200,"height":600},{"@type":"BreadcrumbList","@id":"https:\/\/radioportoseguro.com.br\/site\/2026\/04\/26\/autoridade-espiritual-exige-alinhamento-com-deus-conferencia-no-rs-faz-alerta-a-igreja\/#breadcrumb","itemListElement":[{"@type":"ListItem","position":1,"name":"In\u00edcio","item":"https:\/\/radioportoseguro.com.br\/site\/"},{"@type":"ListItem","position":2,"name":"\u201cAutoridade espiritual exige alinhamento com Deus\u201d: Confer\u00eancia no RS faz alerta \u00e0 Igreja"}]},{"@type":"WebSite","@id":"https:\/\/radioportoseguro.com.br\/site\/#website","url":"https:\/\/radioportoseguro.com.br\/site\/","name":"R\u00e1dio Porto Seguro","description":"","potentialAction":[{"@type":"SearchAction","target":{"@type":"EntryPoint","urlTemplate":"https:\/\/radioportoseguro.com.br\/site\/?s={search_term_string}"},"query-input":{"@type":"PropertyValueSpecification","valueRequired":true,"valueName":"search_term_string"}}],"inLanguage":"pt-BR"},{"@type":"Person","@id":"https:\/\/radioportoseguro.com.br\/site\/#\/schema\/person\/7630acdc320186f13639d3c067ec089b","name":"admin","image":{"@type":"ImageObject","inLanguage":"pt-BR","@id":"https:\/\/radioportoseguro.com.br\/site\/#\/schema\/person\/image\/","url":"https:\/\/secure.gravatar.com\/avatar\/caacf4dc1eedb68fab0df8e1ed46c448e578b2466351bbcb61e47d2ac0caaef0?s=96&d=mm&r=g","contentUrl":"https:\/\/secure.gravatar.com\/avatar\/caacf4dc1eedb68fab0df8e1ed46c448e578b2466351bbcb61e47d2ac0caaef0?s=96&d=mm&r=g","caption":"admin"},"sameAs":["https:\/\/radioportoseguro.com.br\/site"],"url":"https:\/\/radioportoseguro.com.br\/site\/author\/hezio\/"}]}},"_links":{"self":[{"href":"https:\/\/radioportoseguro.com.br\/site\/wp-json\/wp\/v2\/posts\/6388","targetHints":{"allow":["GET"]}}],"collection":[{"href":"https:\/\/radioportoseguro.com.br\/site\/wp-json\/wp\/v2\/posts"}],"about":[{"href":"https:\/\/radioportoseguro.com.br\/site\/wp-json\/wp\/v2\/types\/post"}],"author":[{"embeddable":true,"href":"https:\/\/radioportoseguro.com.br\/site\/wp-json\/wp\/v2\/users\/1"}],"replies":[{"embeddable":true,"href":"https:\/\/radioportoseguro.com.br\/site\/wp-json\/wp\/v2\/comments?post=6388"}],"version-history":[{"count":0,"href":"https:\/\/radioportoseguro.com.br\/site\/wp-json\/wp\/v2\/posts\/6388\/revisions"}],"wp:featuredmedia":[{"embeddable":true,"href":"https:\/\/radioportoseguro.com.br\/site\/wp-json\/wp\/v2\/media\/6389"}],"wp:attachment":[{"href":"https:\/\/radioportoseguro.com.br\/site\/wp-json\/wp\/v2\/media?parent=6388"}],"wp:term":[{"taxonomy":"category","embeddable":true,"href":"https:\/\/radioportoseguro.com.br\/site\/wp-json\/wp\/v2\/categories?post=6388"},{"taxonomy":"post_tag","embeddable":true,"href":"https:\/\/radioportoseguro.com.br\/site\/wp-json\/wp\/v2\/tags?post=6388"}],"curies":[{"name":"wp","href":"https:\/\/api.w.org\/{rel}","templated":true}]}}