{"id":6390,"date":"2026-04-26T03:47:58","date_gmt":"2026-04-26T06:47:58","guid":{"rendered":"https:\/\/radioportoseguro.com.br\/site\/2026\/04\/26\/idosa-emociona-ao-ser-batizada-aos-84-anos-em-cuiaba-jesus-e-o-meu-salvador\/"},"modified":"2026-04-26T03:47:58","modified_gmt":"2026-04-26T06:47:58","slug":"idosa-emociona-ao-ser-batizada-aos-84-anos-em-cuiaba-jesus-e-o-meu-salvador","status":"publish","type":"post","link":"https:\/\/radioportoseguro.com.br\/site\/2026\/04\/26\/idosa-emociona-ao-ser-batizada-aos-84-anos-em-cuiaba-jesus-e-o-meu-salvador\/","title":{"rendered":"Idosa emociona ao ser batizada aos 84 anos em Cuiab\u00e1: \u2018Jesus \u00e9 o meu Salvador\u2019"},"content":{"rendered":"<p><br \/>\n<br \/><\/p>\n<div>\n<p><span style=\"font-weight: 400;\">Uma idosa de 84 anos emocionou ao ser batizada ao ar livre e <\/span><span style=\"color: #993300;\"><strong>declarar publicamente sua f\u00e9 em Jesus<\/strong><\/span><span style=\"font-weight: 400;\"> em Cuiab\u00e1, capital de Mato Grosso.<\/span><\/p>\n<p><span style=\"font-weight: 400;\">O batismo foi realizado em um rio e celebrado pela igreja Sara Nossa Terra, onde Rosineide de Andrade passou a frequentar os cultos e decidiu entregar sua vida a Cristo.<\/span><\/p>\n<p><span style=\"font-weight: 400;\">Em um v\u00eddeo no Instagram, a idosa aparece ao lado de dois l\u00edderes e se emociona ao declarar sua f\u00e9.<\/span><\/p>\n<p><span style=\"font-weight: 400;\">\u201cA senhora reconhece Jesus Cristo como Senhor Salvador da sua vida?\u201d, perguntou um l\u00edder.\u00a0<\/span><\/p>\n<p><span style=\"font-weight: 400;\">Emocionada, ela respondeu: \u201cSim, reconhe\u00e7o!\u201d.<\/span><\/p>\n<blockquote class=\"instagram-media\" style=\"background: #FFF; border: 0; border-radius: 3px; box-shadow: 0 0 1px 0 rgba(0,0,0,0.5),0 1px 10px 0 rgba(0,0,0,0.15); margin: 1px; max-width: 540px; min-width: 326px; padding: 0; width: calc(100% - 2px);\" data-instgrm-permalink=\"https:\/\/www.instagram.com\/reel\/DXZUmL0jo8R\/?utm_source=ig_embed&amp;utm_campaign=loading\" data-instgrm-version=\"14\"><p>&#13;<br \/>\n&#13;\n<\/p><\/blockquote>\n<p><span style=\"font-weight: 400;\">Em seguida, o l\u00edder continuou: \u201cA senhora reconhece que, no terceiro dia, Ele morreu na cruz do calv\u00e1rio pela sua vida e ressuscitou? Voc\u00ea declara Jesus Cristo como o Senhor Salvador da sua vida?\u201d.<\/span><\/p>\n<p><span style=\"font-weight: 400;\">Ao confirmar, Rosineide <\/span><span style=\"color: #993300;\"><strong>desceu \u00e0s \u00e1guas<\/strong><\/span><span style=\"font-weight: 400;\"> com a ajuda dos l\u00edderes: \u201cMediante a sua profiss\u00e3o p\u00fablica de f\u00e9, n\u00f3s batizamos voc\u00ea em nome do Pai, do Filho e do Esp\u00edrito Santo\u201d.<\/span><\/p>\n<p><span style=\"font-weight: 400;\">\u201cAleluia! Gl\u00f3ria a Deus\u201d, declarou a idosa.<\/span><\/p>\n<p><strong>\u2018Ra\u00edzes profundas&#8217;<\/strong><\/p>\n<p><span style=\"font-weight: 400;\">No Instagram, a igreja destacou: \u201cO tempo n\u00e3o \u00e9 um limite para quem encontra a eternidade\u201d.<\/span><\/p>\n<p><span style=\"font-weight: 400;\">O batismo de Rosineide ocorreu durante o retiro \u201cRevis\u00e3o de Vidas\u201d, realizado ao longo de alguns dias, com foco na transforma\u00e7\u00e3o pessoal e espiritual.<\/span><\/p>\n<p><span style=\"font-weight: 400;\">O evento \u00e9 um encontro de imers\u00e3o \u2014 geralmente com dura\u00e7\u00e3o de dois a tr\u00eas dias \u2014 que inclui ministra\u00e7\u00f5es, momentos de ora\u00e7\u00e3o, reflex\u00e3o e aconselhamento espiritual.<\/span><\/p>\n<p><span style=\"font-weight: 400;\">\u201cFrequentadora dos cultos ao lado de seus l\u00edderes e amigos, ela deixou que a semente da Palavra criasse ra\u00edzes profundas. Que alegria ver esse testemunho de que a salva\u00e7\u00e3o est\u00e1 dispon\u00edvel para todo aquele que cr\u00ea\u201d, concluiu a igreja.\u00a0<\/span><\/p>\n<p><span style=\"font-weight: 400;\">Nos coment\u00e1rios, muitos internautas glorificaram a Deus pelo testemunho da idosa e relembraram o dia de seus pr\u00f3prios batismos, encorajando outros a seguirem Jesus.<\/span><\/p>\n<\/div>\n<p><script async src=\"\/\/www.instagram.com\/embed.js\"><\/script><br \/>\n<br \/><br \/>\n<br \/>Fonte: Guiame <\/p>\n","protected":false},"excerpt":{"rendered":"<p>Uma idosa de 84 anos emocionou ao ser batizada ao ar livre e declarar publicamente sua f\u00e9 em Jesus em Cuiab\u00e1, capital de Mato Grosso. O batismo foi realizado em um rio e celebrado pela igreja Sara Nossa Terra, onde Rosineide de Andrade passou a frequentar os cultos e decidiu entregar sua vida a Cristo. [&hellip;]<\/p>\n","protected":false},"author":1,"featured_media":6391,"comment_status":"","ping_status":"open","sticky":false,"template":"","format":"standard","meta":{"footnotes":""},"categories":[43],"tags":[],"class_list":["post-6390","post","type-post","status-publish","format-standard","has-post-thumbnail","hentry","category-destaques"],"yoast_head":"<!-- This site is optimized with the Yoast SEO plugin v26.8 - https:\/\/yoast.com\/product\/yoast-seo-wordpress\/ -->\n<title>Idosa emociona ao ser batizada aos 84 anos em Cuiab\u00e1: \u2018Jesus \u00e9 o meu Salvador\u2019 - R\u00e1dio Porto Seguro<\/title>\n<meta name=\"robots\" content=\"index, follow, max-snippet:-1, max-image-preview:large, max-video-preview:-1\" \/>\n<link rel=\"canonical\" href=\"https:\/\/radioportoseguro.com.br\/site\/2026\/04\/26\/idosa-emociona-ao-ser-batizada-aos-84-anos-em-cuiaba-jesus-e-o-meu-salvador\/\" \/>\n<meta property=\"og:locale\" content=\"pt_BR\" \/>\n<meta property=\"og:type\" content=\"article\" \/>\n<meta property=\"og:title\" content=\"Idosa emociona ao ser batizada aos 84 anos em Cuiab\u00e1: \u2018Jesus \u00e9 o meu Salvador\u2019 - R\u00e1dio Porto Seguro\" \/>\n<meta property=\"og:description\" content=\"Uma idosa de 84 anos emocionou ao ser batizada ao ar livre e declarar publicamente sua f\u00e9 em Jesus em Cuiab\u00e1, capital de Mato Grosso. O batismo foi realizado em um rio e celebrado pela igreja Sara Nossa Terra, onde Rosineide de Andrade passou a frequentar os cultos e decidiu entregar sua vida a Cristo. [&hellip;]\" \/>\n<meta property=\"og:url\" content=\"https:\/\/radioportoseguro.com.br\/site\/2026\/04\/26\/idosa-emociona-ao-ser-batizada-aos-84-anos-em-cuiaba-jesus-e-o-meu-salvador\/\" \/>\n<meta property=\"og:site_name\" content=\"R\u00e1dio Porto Seguro\" \/>\n<meta property=\"article:published_time\" content=\"2026-04-26T06:47:58+00:00\" \/>\n<meta property=\"og:image\" content=\"https:\/\/media.guiame.com.br\/archives\/2026\/04\/24\/2095086386-rosineide-de-andrade-durante-o-batismo.jpeg\" \/>\n<meta name=\"author\" content=\"admin\" \/>\n<meta name=\"twitter:card\" content=\"summary_large_image\" \/>\n<meta name=\"twitter:label1\" content=\"Escrito por\" \/>\n\t<meta name=\"twitter:data1\" content=\"admin\" \/>\n\t<meta name=\"twitter:label2\" content=\"Est. tempo de leitura\" \/>\n\t<meta name=\"twitter:data2\" content=\"2 minutos\" \/>\n<script type=\"application\/ld+json\" class=\"yoast-schema-graph\">{\"@context\":\"https:\/\/schema.org\",\"@graph\":[{\"@type\":\"Article\",\"@id\":\"https:\/\/radioportoseguro.com.br\/site\/2026\/04\/26\/idosa-emociona-ao-ser-batizada-aos-84-anos-em-cuiaba-jesus-e-o-meu-salvador\/#article\",\"isPartOf\":{\"@id\":\"https:\/\/radioportoseguro.com.br\/site\/2026\/04\/26\/idosa-emociona-ao-ser-batizada-aos-84-anos-em-cuiaba-jesus-e-o-meu-salvador\/\"},\"author\":{\"name\":\"admin\",\"@id\":\"https:\/\/radioportoseguro.com.br\/site\/#\/schema\/person\/7630acdc320186f13639d3c067ec089b\"},\"headline\":\"Idosa emociona ao ser batizada aos 84 anos em Cuiab\u00e1: \u2018Jesus \u00e9 o meu Salvador\u2019\",\"datePublished\":\"2026-04-26T06:47:58+00:00\",\"mainEntityOfPage\":{\"@id\":\"https:\/\/radioportoseguro.com.br\/site\/2026\/04\/26\/idosa-emociona-ao-ser-batizada-aos-84-anos-em-cuiaba-jesus-e-o-meu-salvador\/\"},\"wordCount\":338,\"image\":{\"@id\":\"https:\/\/radioportoseguro.com.br\/site\/2026\/04\/26\/idosa-emociona-ao-ser-batizada-aos-84-anos-em-cuiaba-jesus-e-o-meu-salvador\/#primaryimage\"},\"thumbnailUrl\":\"https:\/\/radioportoseguro.com.br\/site\/wp-content\/uploads\/2026\/04\/2095086386-rosineide-de-andrade-durante-o-batismo.jpeg\",\"articleSection\":[\"Destaques\"],\"inLanguage\":\"pt-BR\"},{\"@type\":\"WebPage\",\"@id\":\"https:\/\/radioportoseguro.com.br\/site\/2026\/04\/26\/idosa-emociona-ao-ser-batizada-aos-84-anos-em-cuiaba-jesus-e-o-meu-salvador\/\",\"url\":\"https:\/\/radioportoseguro.com.br\/site\/2026\/04\/26\/idosa-emociona-ao-ser-batizada-aos-84-anos-em-cuiaba-jesus-e-o-meu-salvador\/\",\"name\":\"Idosa emociona ao ser batizada aos 84 anos em Cuiab\u00e1: \u2018Jesus \u00e9 o meu Salvador\u2019 - R\u00e1dio Porto Seguro\",\"isPartOf\":{\"@id\":\"https:\/\/radioportoseguro.com.br\/site\/#website\"},\"primaryImageOfPage\":{\"@id\":\"https:\/\/radioportoseguro.com.br\/site\/2026\/04\/26\/idosa-emociona-ao-ser-batizada-aos-84-anos-em-cuiaba-jesus-e-o-meu-salvador\/#primaryimage\"},\"image\":{\"@id\":\"https:\/\/radioportoseguro.com.br\/site\/2026\/04\/26\/idosa-emociona-ao-ser-batizada-aos-84-anos-em-cuiaba-jesus-e-o-meu-salvador\/#primaryimage\"},\"thumbnailUrl\":\"https:\/\/radioportoseguro.com.br\/site\/wp-content\/uploads\/2026\/04\/2095086386-rosineide-de-andrade-durante-o-batismo.jpeg\",\"datePublished\":\"2026-04-26T06:47:58+00:00\",\"author\":{\"@id\":\"https:\/\/radioportoseguro.com.br\/site\/#\/schema\/person\/7630acdc320186f13639d3c067ec089b\"},\"breadcrumb\":{\"@id\":\"https:\/\/radioportoseguro.com.br\/site\/2026\/04\/26\/idosa-emociona-ao-ser-batizada-aos-84-anos-em-cuiaba-jesus-e-o-meu-salvador\/#breadcrumb\"},\"inLanguage\":\"pt-BR\",\"potentialAction\":[{\"@type\":\"ReadAction\",\"target\":[\"https:\/\/radioportoseguro.com.br\/site\/2026\/04\/26\/idosa-emociona-ao-ser-batizada-aos-84-anos-em-cuiaba-jesus-e-o-meu-salvador\/\"]}]},{\"@type\":\"ImageObject\",\"inLanguage\":\"pt-BR\",\"@id\":\"https:\/\/radioportoseguro.com.br\/site\/2026\/04\/26\/idosa-emociona-ao-ser-batizada-aos-84-anos-em-cuiaba-jesus-e-o-meu-salvador\/#primaryimage\",\"url\":\"https:\/\/radioportoseguro.com.br\/site\/wp-content\/uploads\/2026\/04\/2095086386-rosineide-de-andrade-durante-o-batismo.jpeg\",\"contentUrl\":\"https:\/\/radioportoseguro.com.br\/site\/wp-content\/uploads\/2026\/04\/2095086386-rosineide-de-andrade-durante-o-batismo.jpeg\",\"width\":1200,\"height\":600},{\"@type\":\"BreadcrumbList\",\"@id\":\"https:\/\/radioportoseguro.com.br\/site\/2026\/04\/26\/idosa-emociona-ao-ser-batizada-aos-84-anos-em-cuiaba-jesus-e-o-meu-salvador\/#breadcrumb\",\"itemListElement\":[{\"@type\":\"ListItem\",\"position\":1,\"name\":\"In\u00edcio\",\"item\":\"https:\/\/radioportoseguro.com.br\/site\/\"},{\"@type\":\"ListItem\",\"position\":2,\"name\":\"Idosa emociona ao ser batizada aos 84 anos em Cuiab\u00e1: \u2018Jesus \u00e9 o meu Salvador\u2019\"}]},{\"@type\":\"WebSite\",\"@id\":\"https:\/\/radioportoseguro.com.br\/site\/#website\",\"url\":\"https:\/\/radioportoseguro.com.br\/site\/\",\"name\":\"R\u00e1dio Porto Seguro\",\"description\":\"\",\"potentialAction\":[{\"@type\":\"SearchAction\",\"target\":{\"@type\":\"EntryPoint\",\"urlTemplate\":\"https:\/\/radioportoseguro.com.br\/site\/?s={search_term_string}\"},\"query-input\":{\"@type\":\"PropertyValueSpecification\",\"valueRequired\":true,\"valueName\":\"search_term_string\"}}],\"inLanguage\":\"pt-BR\"},{\"@type\":\"Person\",\"@id\":\"https:\/\/radioportoseguro.com.br\/site\/#\/schema\/person\/7630acdc320186f13639d3c067ec089b\",\"name\":\"admin\",\"image\":{\"@type\":\"ImageObject\",\"inLanguage\":\"pt-BR\",\"@id\":\"https:\/\/radioportoseguro.com.br\/site\/#\/schema\/person\/image\/\",\"url\":\"https:\/\/secure.gravatar.com\/avatar\/caacf4dc1eedb68fab0df8e1ed46c448e578b2466351bbcb61e47d2ac0caaef0?s=96&d=mm&r=g\",\"contentUrl\":\"https:\/\/secure.gravatar.com\/avatar\/caacf4dc1eedb68fab0df8e1ed46c448e578b2466351bbcb61e47d2ac0caaef0?s=96&d=mm&r=g\",\"caption\":\"admin\"},\"sameAs\":[\"https:\/\/radioportoseguro.com.br\/site\"],\"url\":\"https:\/\/radioportoseguro.com.br\/site\/author\/hezio\/\"}]}<\/script>\n<!-- \/ Yoast SEO plugin. -->","yoast_head_json":{"title":"Idosa emociona ao ser batizada aos 84 anos em Cuiab\u00e1: \u2018Jesus \u00e9 o meu Salvador\u2019 - R\u00e1dio Porto Seguro","robots":{"index":"index","follow":"follow","max-snippet":"max-snippet:-1","max-image-preview":"max-image-preview:large","max-video-preview":"max-video-preview:-1"},"canonical":"https:\/\/radioportoseguro.com.br\/site\/2026\/04\/26\/idosa-emociona-ao-ser-batizada-aos-84-anos-em-cuiaba-jesus-e-o-meu-salvador\/","og_locale":"pt_BR","og_type":"article","og_title":"Idosa emociona ao ser batizada aos 84 anos em Cuiab\u00e1: \u2018Jesus \u00e9 o meu Salvador\u2019 - R\u00e1dio Porto Seguro","og_description":"Uma idosa de 84 anos emocionou ao ser batizada ao ar livre e declarar publicamente sua f\u00e9 em Jesus em Cuiab\u00e1, capital de Mato Grosso. O batismo foi realizado em um rio e celebrado pela igreja Sara Nossa Terra, onde Rosineide de Andrade passou a frequentar os cultos e decidiu entregar sua vida a Cristo. [&hellip;]","og_url":"https:\/\/radioportoseguro.com.br\/site\/2026\/04\/26\/idosa-emociona-ao-ser-batizada-aos-84-anos-em-cuiaba-jesus-e-o-meu-salvador\/","og_site_name":"R\u00e1dio Porto Seguro","article_published_time":"2026-04-26T06:47:58+00:00","og_image":[{"url":"https:\/\/media.guiame.com.br\/archives\/2026\/04\/24\/2095086386-rosineide-de-andrade-durante-o-batismo.jpeg","type":"","width":"","height":""}],"author":"admin","twitter_card":"summary_large_image","twitter_misc":{"Escrito por":"admin","Est. tempo de leitura":"2 minutos"},"schema":{"@context":"https:\/\/schema.org","@graph":[{"@type":"Article","@id":"https:\/\/radioportoseguro.com.br\/site\/2026\/04\/26\/idosa-emociona-ao-ser-batizada-aos-84-anos-em-cuiaba-jesus-e-o-meu-salvador\/#article","isPartOf":{"@id":"https:\/\/radioportoseguro.com.br\/site\/2026\/04\/26\/idosa-emociona-ao-ser-batizada-aos-84-anos-em-cuiaba-jesus-e-o-meu-salvador\/"},"author":{"name":"admin","@id":"https:\/\/radioportoseguro.com.br\/site\/#\/schema\/person\/7630acdc320186f13639d3c067ec089b"},"headline":"Idosa emociona ao ser batizada aos 84 anos em Cuiab\u00e1: \u2018Jesus \u00e9 o meu Salvador\u2019","datePublished":"2026-04-26T06:47:58+00:00","mainEntityOfPage":{"@id":"https:\/\/radioportoseguro.com.br\/site\/2026\/04\/26\/idosa-emociona-ao-ser-batizada-aos-84-anos-em-cuiaba-jesus-e-o-meu-salvador\/"},"wordCount":338,"image":{"@id":"https:\/\/radioportoseguro.com.br\/site\/2026\/04\/26\/idosa-emociona-ao-ser-batizada-aos-84-anos-em-cuiaba-jesus-e-o-meu-salvador\/#primaryimage"},"thumbnailUrl":"https:\/\/radioportoseguro.com.br\/site\/wp-content\/uploads\/2026\/04\/2095086386-rosineide-de-andrade-durante-o-batismo.jpeg","articleSection":["Destaques"],"inLanguage":"pt-BR"},{"@type":"WebPage","@id":"https:\/\/radioportoseguro.com.br\/site\/2026\/04\/26\/idosa-emociona-ao-ser-batizada-aos-84-anos-em-cuiaba-jesus-e-o-meu-salvador\/","url":"https:\/\/radioportoseguro.com.br\/site\/2026\/04\/26\/idosa-emociona-ao-ser-batizada-aos-84-anos-em-cuiaba-jesus-e-o-meu-salvador\/","name":"Idosa emociona ao ser batizada aos 84 anos em Cuiab\u00e1: \u2018Jesus \u00e9 o meu Salvador\u2019 - R\u00e1dio Porto Seguro","isPartOf":{"@id":"https:\/\/radioportoseguro.com.br\/site\/#website"},"primaryImageOfPage":{"@id":"https:\/\/radioportoseguro.com.br\/site\/2026\/04\/26\/idosa-emociona-ao-ser-batizada-aos-84-anos-em-cuiaba-jesus-e-o-meu-salvador\/#primaryimage"},"image":{"@id":"https:\/\/radioportoseguro.com.br\/site\/2026\/04\/26\/idosa-emociona-ao-ser-batizada-aos-84-anos-em-cuiaba-jesus-e-o-meu-salvador\/#primaryimage"},"thumbnailUrl":"https:\/\/radioportoseguro.com.br\/site\/wp-content\/uploads\/2026\/04\/2095086386-rosineide-de-andrade-durante-o-batismo.jpeg","datePublished":"2026-04-26T06:47:58+00:00","author":{"@id":"https:\/\/radioportoseguro.com.br\/site\/#\/schema\/person\/7630acdc320186f13639d3c067ec089b"},"breadcrumb":{"@id":"https:\/\/radioportoseguro.com.br\/site\/2026\/04\/26\/idosa-emociona-ao-ser-batizada-aos-84-anos-em-cuiaba-jesus-e-o-meu-salvador\/#breadcrumb"},"inLanguage":"pt-BR","potentialAction":[{"@type":"ReadAction","target":["https:\/\/radioportoseguro.com.br\/site\/2026\/04\/26\/idosa-emociona-ao-ser-batizada-aos-84-anos-em-cuiaba-jesus-e-o-meu-salvador\/"]}]},{"@type":"ImageObject","inLanguage":"pt-BR","@id":"https:\/\/radioportoseguro.com.br\/site\/2026\/04\/26\/idosa-emociona-ao-ser-batizada-aos-84-anos-em-cuiaba-jesus-e-o-meu-salvador\/#primaryimage","url":"https:\/\/radioportoseguro.com.br\/site\/wp-content\/uploads\/2026\/04\/2095086386-rosineide-de-andrade-durante-o-batismo.jpeg","contentUrl":"https:\/\/radioportoseguro.com.br\/site\/wp-content\/uploads\/2026\/04\/2095086386-rosineide-de-andrade-durante-o-batismo.jpeg","width":1200,"height":600},{"@type":"BreadcrumbList","@id":"https:\/\/radioportoseguro.com.br\/site\/2026\/04\/26\/idosa-emociona-ao-ser-batizada-aos-84-anos-em-cuiaba-jesus-e-o-meu-salvador\/#breadcrumb","itemListElement":[{"@type":"ListItem","position":1,"name":"In\u00edcio","item":"https:\/\/radioportoseguro.com.br\/site\/"},{"@type":"ListItem","position":2,"name":"Idosa emociona ao ser batizada aos 84 anos em Cuiab\u00e1: \u2018Jesus \u00e9 o meu Salvador\u2019"}]},{"@type":"WebSite","@id":"https:\/\/radioportoseguro.com.br\/site\/#website","url":"https:\/\/radioportoseguro.com.br\/site\/","name":"R\u00e1dio Porto Seguro","description":"","potentialAction":[{"@type":"SearchAction","target":{"@type":"EntryPoint","urlTemplate":"https:\/\/radioportoseguro.com.br\/site\/?s={search_term_string}"},"query-input":{"@type":"PropertyValueSpecification","valueRequired":true,"valueName":"search_term_string"}}],"inLanguage":"pt-BR"},{"@type":"Person","@id":"https:\/\/radioportoseguro.com.br\/site\/#\/schema\/person\/7630acdc320186f13639d3c067ec089b","name":"admin","image":{"@type":"ImageObject","inLanguage":"pt-BR","@id":"https:\/\/radioportoseguro.com.br\/site\/#\/schema\/person\/image\/","url":"https:\/\/secure.gravatar.com\/avatar\/caacf4dc1eedb68fab0df8e1ed46c448e578b2466351bbcb61e47d2ac0caaef0?s=96&d=mm&r=g","contentUrl":"https:\/\/secure.gravatar.com\/avatar\/caacf4dc1eedb68fab0df8e1ed46c448e578b2466351bbcb61e47d2ac0caaef0?s=96&d=mm&r=g","caption":"admin"},"sameAs":["https:\/\/radioportoseguro.com.br\/site"],"url":"https:\/\/radioportoseguro.com.br\/site\/author\/hezio\/"}]}},"_links":{"self":[{"href":"https:\/\/radioportoseguro.com.br\/site\/wp-json\/wp\/v2\/posts\/6390","targetHints":{"allow":["GET"]}}],"collection":[{"href":"https:\/\/radioportoseguro.com.br\/site\/wp-json\/wp\/v2\/posts"}],"about":[{"href":"https:\/\/radioportoseguro.com.br\/site\/wp-json\/wp\/v2\/types\/post"}],"author":[{"embeddable":true,"href":"https:\/\/radioportoseguro.com.br\/site\/wp-json\/wp\/v2\/users\/1"}],"replies":[{"embeddable":true,"href":"https:\/\/radioportoseguro.com.br\/site\/wp-json\/wp\/v2\/comments?post=6390"}],"version-history":[{"count":0,"href":"https:\/\/radioportoseguro.com.br\/site\/wp-json\/wp\/v2\/posts\/6390\/revisions"}],"wp:featuredmedia":[{"embeddable":true,"href":"https:\/\/radioportoseguro.com.br\/site\/wp-json\/wp\/v2\/media\/6391"}],"wp:attachment":[{"href":"https:\/\/radioportoseguro.com.br\/site\/wp-json\/wp\/v2\/media?parent=6390"}],"wp:term":[{"taxonomy":"category","embeddable":true,"href":"https:\/\/radioportoseguro.com.br\/site\/wp-json\/wp\/v2\/categories?post=6390"},{"taxonomy":"post_tag","embeddable":true,"href":"https:\/\/radioportoseguro.com.br\/site\/wp-json\/wp\/v2\/tags?post=6390"}],"curies":[{"name":"wp","href":"https:\/\/api.w.org\/{rel}","templated":true}]}}