{"id":6400,"date":"2026-04-26T10:28:50","date_gmt":"2026-04-26T13:28:50","guid":{"rendered":"https:\/\/radioportoseguro.com.br\/site\/2026\/04\/26\/desanimo-quando-a-alma-sente-que-parou-no-tempo\/"},"modified":"2026-04-26T10:28:50","modified_gmt":"2026-04-26T13:28:50","slug":"desanimo-quando-a-alma-sente-que-parou-no-tempo","status":"publish","type":"post","link":"https:\/\/radioportoseguro.com.br\/site\/2026\/04\/26\/desanimo-quando-a-alma-sente-que-parou-no-tempo\/","title":{"rendered":"Des\u00e2nimo: Quando a alma sente que parou no tempo"},"content":{"rendered":"<p><br \/>\n<br \/><\/p>\n<div>\n<p>Quero refletir com voc\u00ea sobre o des\u00e2nimo, uma palavra que certamente voc\u00ea ouve com frequ\u00eancia ou talvez at\u00e9 sinta na pr\u00f3pria pele. Mas o des\u00e2nimo n\u00e3o apenas um termo ou um sentimento passageiro. Ele \u00e9, antes de tudo, uma experi\u00eancia de queda interna: uma diminui\u00e7\u00e3o da for\u00e7a vital, da disposi\u00e7\u00e3o e da capacidade de olhar para o futuro com esperan\u00e7a.<\/p>\n<p>\u00c9 aquele estado em que tudo parece mais pesado, mais lento e mais distante. N\u00e3o se trata apenas de tristeza. \u00c9 como se algo dentro de n\u00f3s tivesse perdido o impulso de seguir adiante. A mente desacelera, o cora\u00e7\u00e3o se fecha e a alma come\u00e7a a acreditar que nada mudar\u00e1.<\/p>\n<p>Ali\u00e1s, a falta de impulso e a sensa\u00e7\u00e3o de paralisia costumam ser gatilhos para o des\u00e2nimo. Quando algu\u00e9m sente que est\u00e1 sempre no mesmo lugar, que nada muda e que os dias apenas passam, esse vazio pode crescer por dentro.<\/p>\n<p>Salom\u00e3o escreveu: <em>\u201cA esperan\u00e7a adiada faz adoecer o cora\u00e7\u00e3o\u201d<\/em> (<em>Prov\u00e9rbios 13:12<\/em>). Quando n\u00e3o enxergamos movimento, facilmente pensamos que tamb\u00e9m n\u00e3o existe futuro.<\/p>\n<p>Olha que interessante: a palavra des\u00e2nimo vem do latim <em>animus<\/em>, que significa alma, esp\u00edrito, coragem, inten\u00e7\u00e3o, vontade.<\/p>\n<p>O prefixo <em>des-<\/em> indica nega\u00e7\u00e3o, afastamento ou perda. Ou seja, des\u00e2nimo \u00e9 literalmente \u201cestar sem \u00e2nimo\u201d, \u201cestar sem esp\u00edrito\u201d, \u201cestar sem for\u00e7a interior\u201d, sem aquilo que move a vida por dentro.<\/p>\n<p>Essa origem revela que o des\u00e2nimo vai al\u00e9m do cansa\u00e7o emocional: muitas vezes ele aponta para uma desconex\u00e3o com prop\u00f3sito, dire\u00e7\u00e3o e sentido.<\/p>\n<p>H\u00e1 tamb\u00e9m uma dimens\u00e3o espiritual importante. Se \u00e2nimo \u00e9 sopro, movimento e energia interior, quando algu\u00e9m se sente preso a rotinas desgastantes, padr\u00f5es repetitivos, expectativas frustradas ou medos constantes, essa for\u00e7a interna pode se retrair.<\/p>\n<p>Ent\u00e3o surge o des\u00e2nimo \u2014 n\u00e3o necessariamente como falha, mas como sinal. Um aviso de que algo precisa ser revisto, reacendido e reorganizado. Por isso o profeta declarou: <em>\u201cOs que esperam no Senhor renovam as suas for\u00e7as\u201d<\/em> (<em>Isa\u00edas 40:31<\/em>).<\/p>\n<p>Se hoje voc\u00ea sente que est\u00e1 sempre no mesmo lugar, n\u00e3o transforme esse sentimento em senten\u00e7a. Talvez voc\u00ea esteja em transi\u00e7\u00e3o, n\u00e3o em derrota.<\/p>\n<p>Busque ajuda. Quem v\u00ea de fora sempre v\u00ea melhor.<\/p>\n<p>Recomece com pequenas atitudes, celebre passos discretos e trate sua alma com gentileza. Quem persevera com f\u00e9, equil\u00edbrio e const\u00e2ncia descobre, no tempo certo, que nunca esteve parado de fato.<\/p>\n<p>O Pai ama voc\u00ea.<\/p>\n<p>\u00a0<\/p>\n<p><strong>Darci Louren\u00e7\u00e3o<\/strong> (@pra_darci_lourencao) \u00e9 psic\u00f3loga, pastora, coach, escritora e conferencista. Foi De\u00e3 e Professora de Aconselhamento Crist\u00e3o. Autora dos livros \u201cNa intimidade h\u00e1 cura\u201d, \u201cA equa\u00e7\u00e3o do amor\u201d, \u201cViva sem compuls\u00e3o\u201d e \u201cDevocional Minha Fam\u00edlia no Altar\u201d.<\/p>\n<p><em>* O conte\u00fado do texto acima \u00e9 de colabora\u00e7\u00e3o volunt\u00e1ria, seu teor \u00e9 de total responsabilidade do autor e n\u00e3o reflete necessariamente a opini\u00e3o do Portal Guiame.<\/em><\/p>\n<p>Leia o artigo anterior: <span style=\"color: #800000;\"><strong>Mantenha suas gavetas internas livres de ilus\u00f5es<\/strong><\/span><\/p>\n<p>\u00a0<\/p>\n<\/div>\n<p><br \/>\n<br \/>Fonte: Guiame <\/p>\n","protected":false},"excerpt":{"rendered":"<p>Quero refletir com voc\u00ea sobre o des\u00e2nimo, uma palavra que certamente voc\u00ea ouve com frequ\u00eancia ou talvez at\u00e9 sinta na pr\u00f3pria pele. Mas o des\u00e2nimo n\u00e3o apenas um termo ou um sentimento passageiro. Ele \u00e9, antes de tudo, uma experi\u00eancia de queda interna: uma diminui\u00e7\u00e3o da for\u00e7a vital, da disposi\u00e7\u00e3o e da capacidade de olhar [&hellip;]<\/p>\n","protected":false},"author":1,"featured_media":6401,"comment_status":"","ping_status":"open","sticky":false,"template":"","format":"standard","meta":{"footnotes":""},"categories":[43],"tags":[],"class_list":["post-6400","post","type-post","status-publish","format-standard","has-post-thumbnail","hentry","category-destaques"],"yoast_head":"<!-- This site is optimized with the Yoast SEO plugin v26.8 - https:\/\/yoast.com\/product\/yoast-seo-wordpress\/ -->\n<title>Des\u00e2nimo: Quando a alma sente que parou no tempo - R\u00e1dio Porto Seguro<\/title>\n<meta name=\"robots\" content=\"index, follow, max-snippet:-1, max-image-preview:large, max-video-preview:-1\" \/>\n<link rel=\"canonical\" href=\"https:\/\/radioportoseguro.com.br\/site\/2026\/04\/26\/desanimo-quando-a-alma-sente-que-parou-no-tempo\/\" \/>\n<meta property=\"og:locale\" content=\"pt_BR\" \/>\n<meta property=\"og:type\" content=\"article\" \/>\n<meta property=\"og:title\" content=\"Des\u00e2nimo: Quando a alma sente que parou no tempo - R\u00e1dio Porto Seguro\" \/>\n<meta property=\"og:description\" content=\"Quero refletir com voc\u00ea sobre o des\u00e2nimo, uma palavra que certamente voc\u00ea ouve com frequ\u00eancia ou talvez at\u00e9 sinta na pr\u00f3pria pele. Mas o des\u00e2nimo n\u00e3o apenas um termo ou um sentimento passageiro. Ele \u00e9, antes de tudo, uma experi\u00eancia de queda interna: uma diminui\u00e7\u00e3o da for\u00e7a vital, da disposi\u00e7\u00e3o e da capacidade de olhar [&hellip;]\" \/>\n<meta property=\"og:url\" content=\"https:\/\/radioportoseguro.com.br\/site\/2026\/04\/26\/desanimo-quando-a-alma-sente-que-parou-no-tempo\/\" \/>\n<meta property=\"og:site_name\" content=\"R\u00e1dio Porto Seguro\" \/>\n<meta property=\"article:published_time\" content=\"2026-04-26T13:28:50+00:00\" \/>\n<meta property=\"og:image\" content=\"https:\/\/media.guiame.com.br\/archives\/2026\/04\/24\/3005694405-mulher-triste.png\" \/>\n<meta name=\"author\" content=\"admin\" \/>\n<meta name=\"twitter:card\" content=\"summary_large_image\" \/>\n<meta name=\"twitter:label1\" content=\"Escrito por\" \/>\n\t<meta name=\"twitter:data1\" content=\"admin\" \/>\n\t<meta name=\"twitter:label2\" content=\"Est. tempo de leitura\" \/>\n\t<meta name=\"twitter:data2\" content=\"3 minutos\" \/>\n<script type=\"application\/ld+json\" class=\"yoast-schema-graph\">{\"@context\":\"https:\/\/schema.org\",\"@graph\":[{\"@type\":\"Article\",\"@id\":\"https:\/\/radioportoseguro.com.br\/site\/2026\/04\/26\/desanimo-quando-a-alma-sente-que-parou-no-tempo\/#article\",\"isPartOf\":{\"@id\":\"https:\/\/radioportoseguro.com.br\/site\/2026\/04\/26\/desanimo-quando-a-alma-sente-que-parou-no-tempo\/\"},\"author\":{\"name\":\"admin\",\"@id\":\"https:\/\/radioportoseguro.com.br\/site\/#\/schema\/person\/7630acdc320186f13639d3c067ec089b\"},\"headline\":\"Des\u00e2nimo: Quando a alma sente que parou no tempo\",\"datePublished\":\"2026-04-26T13:28:50+00:00\",\"mainEntityOfPage\":{\"@id\":\"https:\/\/radioportoseguro.com.br\/site\/2026\/04\/26\/desanimo-quando-a-alma-sente-que-parou-no-tempo\/\"},\"wordCount\":529,\"image\":{\"@id\":\"https:\/\/radioportoseguro.com.br\/site\/2026\/04\/26\/desanimo-quando-a-alma-sente-que-parou-no-tempo\/#primaryimage\"},\"thumbnailUrl\":\"https:\/\/radioportoseguro.com.br\/site\/wp-content\/uploads\/2026\/04\/3005694405-mulher-triste.png\",\"articleSection\":[\"Destaques\"],\"inLanguage\":\"pt-BR\"},{\"@type\":\"WebPage\",\"@id\":\"https:\/\/radioportoseguro.com.br\/site\/2026\/04\/26\/desanimo-quando-a-alma-sente-que-parou-no-tempo\/\",\"url\":\"https:\/\/radioportoseguro.com.br\/site\/2026\/04\/26\/desanimo-quando-a-alma-sente-que-parou-no-tempo\/\",\"name\":\"Des\u00e2nimo: Quando a alma sente que parou no tempo - R\u00e1dio Porto Seguro\",\"isPartOf\":{\"@id\":\"https:\/\/radioportoseguro.com.br\/site\/#website\"},\"primaryImageOfPage\":{\"@id\":\"https:\/\/radioportoseguro.com.br\/site\/2026\/04\/26\/desanimo-quando-a-alma-sente-que-parou-no-tempo\/#primaryimage\"},\"image\":{\"@id\":\"https:\/\/radioportoseguro.com.br\/site\/2026\/04\/26\/desanimo-quando-a-alma-sente-que-parou-no-tempo\/#primaryimage\"},\"thumbnailUrl\":\"https:\/\/radioportoseguro.com.br\/site\/wp-content\/uploads\/2026\/04\/3005694405-mulher-triste.png\",\"datePublished\":\"2026-04-26T13:28:50+00:00\",\"author\":{\"@id\":\"https:\/\/radioportoseguro.com.br\/site\/#\/schema\/person\/7630acdc320186f13639d3c067ec089b\"},\"breadcrumb\":{\"@id\":\"https:\/\/radioportoseguro.com.br\/site\/2026\/04\/26\/desanimo-quando-a-alma-sente-que-parou-no-tempo\/#breadcrumb\"},\"inLanguage\":\"pt-BR\",\"potentialAction\":[{\"@type\":\"ReadAction\",\"target\":[\"https:\/\/radioportoseguro.com.br\/site\/2026\/04\/26\/desanimo-quando-a-alma-sente-que-parou-no-tempo\/\"]}]},{\"@type\":\"ImageObject\",\"inLanguage\":\"pt-BR\",\"@id\":\"https:\/\/radioportoseguro.com.br\/site\/2026\/04\/26\/desanimo-quando-a-alma-sente-que-parou-no-tempo\/#primaryimage\",\"url\":\"https:\/\/radioportoseguro.com.br\/site\/wp-content\/uploads\/2026\/04\/3005694405-mulher-triste.png\",\"contentUrl\":\"https:\/\/radioportoseguro.com.br\/site\/wp-content\/uploads\/2026\/04\/3005694405-mulher-triste.png\",\"width\":1200,\"height\":600},{\"@type\":\"BreadcrumbList\",\"@id\":\"https:\/\/radioportoseguro.com.br\/site\/2026\/04\/26\/desanimo-quando-a-alma-sente-que-parou-no-tempo\/#breadcrumb\",\"itemListElement\":[{\"@type\":\"ListItem\",\"position\":1,\"name\":\"In\u00edcio\",\"item\":\"https:\/\/radioportoseguro.com.br\/site\/\"},{\"@type\":\"ListItem\",\"position\":2,\"name\":\"Des\u00e2nimo: Quando a alma sente que parou no tempo\"}]},{\"@type\":\"WebSite\",\"@id\":\"https:\/\/radioportoseguro.com.br\/site\/#website\",\"url\":\"https:\/\/radioportoseguro.com.br\/site\/\",\"name\":\"R\u00e1dio Porto Seguro\",\"description\":\"\",\"potentialAction\":[{\"@type\":\"SearchAction\",\"target\":{\"@type\":\"EntryPoint\",\"urlTemplate\":\"https:\/\/radioportoseguro.com.br\/site\/?s={search_term_string}\"},\"query-input\":{\"@type\":\"PropertyValueSpecification\",\"valueRequired\":true,\"valueName\":\"search_term_string\"}}],\"inLanguage\":\"pt-BR\"},{\"@type\":\"Person\",\"@id\":\"https:\/\/radioportoseguro.com.br\/site\/#\/schema\/person\/7630acdc320186f13639d3c067ec089b\",\"name\":\"admin\",\"image\":{\"@type\":\"ImageObject\",\"inLanguage\":\"pt-BR\",\"@id\":\"https:\/\/radioportoseguro.com.br\/site\/#\/schema\/person\/image\/\",\"url\":\"https:\/\/secure.gravatar.com\/avatar\/caacf4dc1eedb68fab0df8e1ed46c448e578b2466351bbcb61e47d2ac0caaef0?s=96&d=mm&r=g\",\"contentUrl\":\"https:\/\/secure.gravatar.com\/avatar\/caacf4dc1eedb68fab0df8e1ed46c448e578b2466351bbcb61e47d2ac0caaef0?s=96&d=mm&r=g\",\"caption\":\"admin\"},\"sameAs\":[\"https:\/\/radioportoseguro.com.br\/site\"],\"url\":\"https:\/\/radioportoseguro.com.br\/site\/author\/hezio\/\"}]}<\/script>\n<!-- \/ Yoast SEO plugin. -->","yoast_head_json":{"title":"Des\u00e2nimo: Quando a alma sente que parou no tempo - R\u00e1dio Porto Seguro","robots":{"index":"index","follow":"follow","max-snippet":"max-snippet:-1","max-image-preview":"max-image-preview:large","max-video-preview":"max-video-preview:-1"},"canonical":"https:\/\/radioportoseguro.com.br\/site\/2026\/04\/26\/desanimo-quando-a-alma-sente-que-parou-no-tempo\/","og_locale":"pt_BR","og_type":"article","og_title":"Des\u00e2nimo: Quando a alma sente que parou no tempo - R\u00e1dio Porto Seguro","og_description":"Quero refletir com voc\u00ea sobre o des\u00e2nimo, uma palavra que certamente voc\u00ea ouve com frequ\u00eancia ou talvez at\u00e9 sinta na pr\u00f3pria pele. Mas o des\u00e2nimo n\u00e3o apenas um termo ou um sentimento passageiro. Ele \u00e9, antes de tudo, uma experi\u00eancia de queda interna: uma diminui\u00e7\u00e3o da for\u00e7a vital, da disposi\u00e7\u00e3o e da capacidade de olhar [&hellip;]","og_url":"https:\/\/radioportoseguro.com.br\/site\/2026\/04\/26\/desanimo-quando-a-alma-sente-que-parou-no-tempo\/","og_site_name":"R\u00e1dio Porto Seguro","article_published_time":"2026-04-26T13:28:50+00:00","og_image":[{"url":"https:\/\/media.guiame.com.br\/archives\/2026\/04\/24\/3005694405-mulher-triste.png","type":"","width":"","height":""}],"author":"admin","twitter_card":"summary_large_image","twitter_misc":{"Escrito por":"admin","Est. tempo de leitura":"3 minutos"},"schema":{"@context":"https:\/\/schema.org","@graph":[{"@type":"Article","@id":"https:\/\/radioportoseguro.com.br\/site\/2026\/04\/26\/desanimo-quando-a-alma-sente-que-parou-no-tempo\/#article","isPartOf":{"@id":"https:\/\/radioportoseguro.com.br\/site\/2026\/04\/26\/desanimo-quando-a-alma-sente-que-parou-no-tempo\/"},"author":{"name":"admin","@id":"https:\/\/radioportoseguro.com.br\/site\/#\/schema\/person\/7630acdc320186f13639d3c067ec089b"},"headline":"Des\u00e2nimo: Quando a alma sente que parou no tempo","datePublished":"2026-04-26T13:28:50+00:00","mainEntityOfPage":{"@id":"https:\/\/radioportoseguro.com.br\/site\/2026\/04\/26\/desanimo-quando-a-alma-sente-que-parou-no-tempo\/"},"wordCount":529,"image":{"@id":"https:\/\/radioportoseguro.com.br\/site\/2026\/04\/26\/desanimo-quando-a-alma-sente-que-parou-no-tempo\/#primaryimage"},"thumbnailUrl":"https:\/\/radioportoseguro.com.br\/site\/wp-content\/uploads\/2026\/04\/3005694405-mulher-triste.png","articleSection":["Destaques"],"inLanguage":"pt-BR"},{"@type":"WebPage","@id":"https:\/\/radioportoseguro.com.br\/site\/2026\/04\/26\/desanimo-quando-a-alma-sente-que-parou-no-tempo\/","url":"https:\/\/radioportoseguro.com.br\/site\/2026\/04\/26\/desanimo-quando-a-alma-sente-que-parou-no-tempo\/","name":"Des\u00e2nimo: Quando a alma sente que parou no tempo - R\u00e1dio Porto Seguro","isPartOf":{"@id":"https:\/\/radioportoseguro.com.br\/site\/#website"},"primaryImageOfPage":{"@id":"https:\/\/radioportoseguro.com.br\/site\/2026\/04\/26\/desanimo-quando-a-alma-sente-que-parou-no-tempo\/#primaryimage"},"image":{"@id":"https:\/\/radioportoseguro.com.br\/site\/2026\/04\/26\/desanimo-quando-a-alma-sente-que-parou-no-tempo\/#primaryimage"},"thumbnailUrl":"https:\/\/radioportoseguro.com.br\/site\/wp-content\/uploads\/2026\/04\/3005694405-mulher-triste.png","datePublished":"2026-04-26T13:28:50+00:00","author":{"@id":"https:\/\/radioportoseguro.com.br\/site\/#\/schema\/person\/7630acdc320186f13639d3c067ec089b"},"breadcrumb":{"@id":"https:\/\/radioportoseguro.com.br\/site\/2026\/04\/26\/desanimo-quando-a-alma-sente-que-parou-no-tempo\/#breadcrumb"},"inLanguage":"pt-BR","potentialAction":[{"@type":"ReadAction","target":["https:\/\/radioportoseguro.com.br\/site\/2026\/04\/26\/desanimo-quando-a-alma-sente-que-parou-no-tempo\/"]}]},{"@type":"ImageObject","inLanguage":"pt-BR","@id":"https:\/\/radioportoseguro.com.br\/site\/2026\/04\/26\/desanimo-quando-a-alma-sente-que-parou-no-tempo\/#primaryimage","url":"https:\/\/radioportoseguro.com.br\/site\/wp-content\/uploads\/2026\/04\/3005694405-mulher-triste.png","contentUrl":"https:\/\/radioportoseguro.com.br\/site\/wp-content\/uploads\/2026\/04\/3005694405-mulher-triste.png","width":1200,"height":600},{"@type":"BreadcrumbList","@id":"https:\/\/radioportoseguro.com.br\/site\/2026\/04\/26\/desanimo-quando-a-alma-sente-que-parou-no-tempo\/#breadcrumb","itemListElement":[{"@type":"ListItem","position":1,"name":"In\u00edcio","item":"https:\/\/radioportoseguro.com.br\/site\/"},{"@type":"ListItem","position":2,"name":"Des\u00e2nimo: Quando a alma sente que parou no tempo"}]},{"@type":"WebSite","@id":"https:\/\/radioportoseguro.com.br\/site\/#website","url":"https:\/\/radioportoseguro.com.br\/site\/","name":"R\u00e1dio Porto Seguro","description":"","potentialAction":[{"@type":"SearchAction","target":{"@type":"EntryPoint","urlTemplate":"https:\/\/radioportoseguro.com.br\/site\/?s={search_term_string}"},"query-input":{"@type":"PropertyValueSpecification","valueRequired":true,"valueName":"search_term_string"}}],"inLanguage":"pt-BR"},{"@type":"Person","@id":"https:\/\/radioportoseguro.com.br\/site\/#\/schema\/person\/7630acdc320186f13639d3c067ec089b","name":"admin","image":{"@type":"ImageObject","inLanguage":"pt-BR","@id":"https:\/\/radioportoseguro.com.br\/site\/#\/schema\/person\/image\/","url":"https:\/\/secure.gravatar.com\/avatar\/caacf4dc1eedb68fab0df8e1ed46c448e578b2466351bbcb61e47d2ac0caaef0?s=96&d=mm&r=g","contentUrl":"https:\/\/secure.gravatar.com\/avatar\/caacf4dc1eedb68fab0df8e1ed46c448e578b2466351bbcb61e47d2ac0caaef0?s=96&d=mm&r=g","caption":"admin"},"sameAs":["https:\/\/radioportoseguro.com.br\/site"],"url":"https:\/\/radioportoseguro.com.br\/site\/author\/hezio\/"}]}},"_links":{"self":[{"href":"https:\/\/radioportoseguro.com.br\/site\/wp-json\/wp\/v2\/posts\/6400","targetHints":{"allow":["GET"]}}],"collection":[{"href":"https:\/\/radioportoseguro.com.br\/site\/wp-json\/wp\/v2\/posts"}],"about":[{"href":"https:\/\/radioportoseguro.com.br\/site\/wp-json\/wp\/v2\/types\/post"}],"author":[{"embeddable":true,"href":"https:\/\/radioportoseguro.com.br\/site\/wp-json\/wp\/v2\/users\/1"}],"replies":[{"embeddable":true,"href":"https:\/\/radioportoseguro.com.br\/site\/wp-json\/wp\/v2\/comments?post=6400"}],"version-history":[{"count":0,"href":"https:\/\/radioportoseguro.com.br\/site\/wp-json\/wp\/v2\/posts\/6400\/revisions"}],"wp:featuredmedia":[{"embeddable":true,"href":"https:\/\/radioportoseguro.com.br\/site\/wp-json\/wp\/v2\/media\/6401"}],"wp:attachment":[{"href":"https:\/\/radioportoseguro.com.br\/site\/wp-json\/wp\/v2\/media?parent=6400"}],"wp:term":[{"taxonomy":"category","embeddable":true,"href":"https:\/\/radioportoseguro.com.br\/site\/wp-json\/wp\/v2\/categories?post=6400"},{"taxonomy":"post_tag","embeddable":true,"href":"https:\/\/radioportoseguro.com.br\/site\/wp-json\/wp\/v2\/tags?post=6400"}],"curies":[{"name":"wp","href":"https:\/\/api.w.org\/{rel}","templated":true}]}}