{"id":6404,"date":"2026-04-26T12:36:46","date_gmt":"2026-04-26T15:36:46","guid":{"rendered":"https:\/\/radioportoseguro.com.br\/site\/2026\/04\/26\/pastor-que-acolhe-refugiados-muculmanos-no-brasil-revela-desafios-e-aprendizados\/"},"modified":"2026-04-26T12:36:46","modified_gmt":"2026-04-26T15:36:46","slug":"pastor-que-acolhe-refugiados-muculmanos-no-brasil-revela-desafios-e-aprendizados","status":"publish","type":"post","link":"https:\/\/radioportoseguro.com.br\/site\/2026\/04\/26\/pastor-que-acolhe-refugiados-muculmanos-no-brasil-revela-desafios-e-aprendizados\/","title":{"rendered":"Pastor que acolhe refugiados mu\u00e7ulmanos no Brasil revela desafios e aprendizados"},"content":{"rendered":"<p><br \/>\n<\/p>\n<div>\n<p>Realizei uma entrevista exclusiva com um pastor que atua no acolhimento de refugiados mu\u00e7ulmanos no Brasil. Por raz\u00f5es de seguran\u00e7a e para preservar sua identidade, ele ser\u00e1 identificado apenas pelas iniciais RIB.<\/p>\n<p>A seguir, apresento um curr\u00edculo resumido sobre sua forma\u00e7\u00e3o e experi\u00eancia.<\/p>\n<p><strong>Forma\u00e7\u00e3o e experi\u00eancia acad\u00eamica <\/strong><\/p>\n<p>RIB \u00e9 graduado em Teologia por duas institui\u00e7\u00f5es de ensino. Complementou sua forma\u00e7\u00e3o com diversos cursos voltados \u00e0 l\u00edngua, cultura, geografia, pol\u00edtica e religi\u00e3o dos povos do Oriente M\u00e9dio.<\/p>\n<p>\u00a0<\/p>\n<p><strong>1. Senhor RIB, como o senhor concilia o apoio a Israel com o trabalho de acolhimento a refugiados mu\u00e7ulmanos? \u00c9 poss\u00edvel amar e respeitar \u00e1rabes e mu\u00e7ulmanos sem abrir m\u00e3o da defesa do povo judeu? <\/strong><\/p>\n<p>Procuro separar as coisas. S\u00e3o necessidades distintas e ambas requerem a nossa aten\u00e7\u00e3o. H\u00e1 a necessidade de apoiar Israel, por algumas raz\u00f5es:<\/p>\n<p>Em primeiro lugar, porque Israel \u00e9 a \u00fanica Democracia no Oriente M\u00e9dio e d\u00e1 estabilidade para a regi\u00e3o.<\/p>\n<p>Segundo, porque Israel \u00e9 um pa\u00eds que procura a integra\u00e7\u00e3o, a igualdade racial, a coexist\u00eancia com seus vizinhos \u00e1rabes e mu\u00e7ulmanos; al\u00e9m disso, \u00e9 acolhedor, \u00e9 de princ\u00edpios e valoriza a vida.<\/p>\n<p>Terceiro, porque Israel, com sua tecnologia, suas inven\u00e7\u00f5es e inova\u00e7\u00f5es, beneficia o mundo inteiro.<\/p>\n<p>Quarto, porque, infelizmente, nas \u00faltimas d\u00e9cadas, anos, meses e semanas, Israel tem enfrentado constantes ataques de grupos fundamentalistas, conflitos, hostilidades e guerras midi\u00e1ticas.<\/p>\n<p>E, por \u00faltimo, porque Israel tem passado por momentos de ang\u00fastias e incertezas. E \u00e9 preciso acolher os refugiados, independentemente de serem mu\u00e7ulmanos, j\u00e1 que milhares deles s\u00e3o v\u00edtimas de um sistema antidemocr\u00e1tico, de ideologias, de um regime totalit\u00e1rio, de guerras, de conflitos e de persegui\u00e7\u00f5es por grupos opostos. Muitos fogem de seus pa\u00edses apenas com a roupa do corpo e sem documentos.<\/p>\n<p>Milhares perdem parentes, bens, casas, a dignidade e a esperan\u00e7a. Eles perdem tudo, portanto, \u00e9 fundamental que ofere\u00e7amos aten\u00e7\u00e3o e socorro \u00e0queles que se encontram em situa\u00e7\u00e3o de ref\u00fagio, independentemente da etnia e religi\u00e3o. Trata-se de uma quest\u00e3o de humanidade.<\/p>\n<p style=\"text-align: left;\">Sim, \u00e9 poss\u00edvel amar e respeitar \u00e1rabes e mu\u00e7ulmanos e defender o povo judeu. Com conhecimento, educa\u00e7\u00e3o, empatia, discernimento e equil\u00edbrio, \u00e9 poss\u00edvel conciliar as duas coisas.<\/p>\n<p style=\"text-align: center;\"><strong><\/strong><span style=\"color: #808080;\"><sup>Imagem ilustrativa gerada por IA<\/sup><\/span><\/p>\n<p><strong>2. Na cobertura dos grandes jornais brasileiros, muitas vezes parece haver uma dicotomia: ou se est\u00e1 ao lado dos judeus ou ao lado dos \u00e1rabes. O senhor acredita que essa vis\u00e3o \u00e9 simplista? Como lida com essa narrativa? <\/strong><\/p>\n<p>Sim, para mim, \u00e9 uma vis\u00e3o simplista, que reduz quest\u00f5es complexas a explica\u00e7\u00f5es excessivamente simples ou vagas. Como o conflito entre judeus e \u00e1rabes, ou entre Israel e pa\u00edses \u00e1rabes e mu\u00e7ulmanos, \u00e9 muito complexo, procuro analisar muito bem os fatos e consultar fontes confi\u00e1veis antes de tomar partido e expressar minha opini\u00e3o, seja do lado judeu ou do lado \u00e1rabe.<\/p>\n<p>Quando se trata desses dois grupos, \u00e9 de suma import\u00e2ncia que analisemos com muito cuidado e profundidade os fatos e fiquemos do lado da verdade e da justi\u00e7a, para n\u00e3o cometermos erros. At\u00e9 porque, em uma guerra ou conflito, a primeira v\u00edtima \u00e9 a verdade.<\/p>\n<p>Ficar simplesmente do lado dos judeus ou dos \u00e1rabes, independentemente de qualquer coisa, pode ser perigoso, injusto e um grande erro.<\/p>\n<p>\u00a0<\/p>\n<p><strong>3. Qual \u00e9, na sua vis\u00e3o, a meta central do islamismo? Como os mu\u00e7ulmanos enxergam o conceito de um \u201creino isl\u00e2mico\u201d? <\/strong><\/p>\n<p>O Isl\u00e3 \u00e9 uma religi\u00e3o monote\u00edsta que se baseia em cinco pilares: f\u00e9, ora\u00e7\u00e3o, jejum, caridade e peregrina\u00e7\u00e3o. Sendo assim, sua meta central \u00e9 levar os mu\u00e7ulmanos \u00e0 total submiss\u00e3o a Allah e aos seus ensinos revelados no Cor\u00e3o, livro sagrado dos mu\u00e7ulmanos.<\/p>\n<p>Agora, o adepto do Isl\u00e3, al\u00e9m de praticar os cinco pilares citados acima, tem como obriga\u00e7\u00e3o divulgar o Isl\u00e3 a todas as pessoas, povos e na\u00e7\u00f5es. O Isl\u00e3 \u00e9 uma religi\u00e3o proselitista; portanto, o objetivo do Isl\u00e3 e dos mu\u00e7ulmanos \u00e9 divulgar a religi\u00e3o a todos os continentes, pa\u00edses e grupos \u00e9tnicos, para que o Isl\u00e3 prevale\u00e7a sobre todas as religi\u00f5es e seja aceito como \u00fanica verdade absoluta.<\/p>\n<p>O Cor\u00e3o diz: \u201cCombatei-os at\u00e9 terminar a intriga, e prevalecer totalmente a religi\u00e3o de Allah&#8230; Ele foi quem enviou seu mensageiro com a orienta\u00e7\u00e3o e a verdadeira religi\u00e3o, para faz\u00ea-la prevalecer sobre todas as outras, embora isso desgostasse os id\u00f3latras.\u201d (Cor\u00e3o \u2013 Suratas 8:39; 9:33).<\/p>\n<p>Desde o surgimento do Isl\u00e3, no s\u00e9culo VII, os mu\u00e7ulmanos t\u00eam feito isso. Hoje, os mu\u00e7ulmanos representam 24% da popula\u00e7\u00e3o mundial. Seja por convic\u00e7\u00e3o, imposi\u00e7\u00e3o ou imigra\u00e7\u00e3o, o Isl\u00e3 est\u00e1 avan\u00e7ando cada vez mais em todo o mundo, e o seu objetivo est\u00e1 sendo alcan\u00e7ado.<\/p>\n<p>Quanto ao Reino Isl\u00e2mico ou Califado, como h\u00e1 v\u00e1rias vertentes do Isl\u00e3, h\u00e1 interpreta\u00e7\u00f5es e vis\u00f5es diferentes quanto a isso. Portanto, nem todos os mu\u00e7ulmanos est\u00e3o dispostos a viver debaixo de um regime totalmente isl\u00e2mico \u2013 mon\u00e1rquico ou teocr\u00e1tico \u2013 tendo o Cor\u00e3o e a Sharia (lei isl\u00e2mica) como guias para os aspectos espirituais, sociais, pol\u00edticos, econ\u00f4micos e militares.<\/p>\n<p>No geral, os mu\u00e7ulmanos moderados n\u00e3o est\u00e3o dispostos. Recentemente, o mundo tomou conhecimento do grupo Estado Isl\u00e2mico, que se tornou o principal exemplo daqueles que buscam instaurar um Reino Isl\u00e2mico ou Califado.<\/p>\n<p>\u00a0<\/p>\n<p><strong>4. Dentro desse ideal de reino isl\u00e2mico, h\u00e1 espa\u00e7o para a exist\u00eancia de Israel e do povo judeu? <\/strong><\/p>\n<p>Infelizmente, a hist\u00f3ria mostra que a experi\u00eancia judaica no califado \u00e9 muito complexa. Como os mu\u00e7ulmanos consideram a Terra de Israel uma terra isl\u00e2mica e Jerusal\u00e9m a terceira cidade mais sagrada para o Isl\u00e3, alguns a querem como capital de um poss\u00edvel futuro Estado palestino, embora o pr\u00f3prio Cor\u00e3o diga que a terra perten\u00e7a aos judeus e Jerusal\u00e9m sequer seja mencionada nominalmente.<\/p>\n<p>O Cor\u00e3o diz: \u201cRecorda-lhes de quando Mois\u00e9s disse ao seu povo: \u00d3 povo meu, lembrai-vos das merc\u00eas de Allah para convosco, quando fez surgir, dentre v\u00f3s, profetas, e vos fez reis e vos concedeu o que n\u00e3o havia concedido a nenhum dos vossos contempor\u00e2neos. \u00d3 povo meu, entrai na terra sagrada que Allah vos assinalou, e n\u00e3o retrocedais, porque, se retrocederdes, sereis desventurados\u201d. (Cor\u00e3o \u2013 Surata 5:20,21).<\/p>\n<p>Acredito que n\u00e3o haja espa\u00e7o para uma na\u00e7\u00e3o judaica no Oriente M\u00e9dio em um poss\u00edvel califado regional ou global. E que tamb\u00e9m n\u00e3o haja espa\u00e7o para os judeus. Na teoria at\u00e9 h\u00e1, mas, na pr\u00e1tica, \u00e9 diferente.<\/p>\n<p>O Sheikh Ahmed Yassin, que morreu em 2004, afirmou em uma entrevista: \u201cN\u00e3o basta ter um Estado na Cisjord\u00e2nia e outro em Gaza; a melhor solu\u00e7\u00e3o \u00e9 permitir que todos \u2013 crist\u00e3os, judeus e mu\u00e7ulmanos \u2013 vivam na Palestina, em um Estado isl\u00e2mico\u201d.<\/p>\n<p>Mas, desde o dia 7 de outubro de 2023, o que temos ouvido de extremistas, simpatizantes e antissemitas \u00e9: \u201cDo rio ao mar, Palestina livre\u201d. O ex-presidente do Ir\u00e3, Mahmoud Ahmadinejad, sempre dizia que Israel tinha que ser varrido do mapa.<\/p>\n<p>H\u00e1 um Hadith de Bukhari e Muslim que diz: \u201cA hora do julgamento n\u00e3o chegar\u00e1 at\u00e9 que os mu\u00e7ulmanos combatam os judeus e terminem por mat\u00e1-los e, mesmo que os judeus se abriguem por detr\u00e1s de \u00e1rvores e pedras, cada \u00e1rvore e cada pedra gritar\u00e1: Oh! Mu\u00e7ulmanos, oh! Servos de Allah, h\u00e1 um judeu por detr\u00e1s de mim, venham e matem-no, exceto se se tratar da \u00e1rvore Gharkad, porque ela \u00e9 uma \u00e1rvore dos judeus.\u201d<\/p>\n<p>E o Cor\u00e3o diz: \u201cOs judeus disseram: A m\u00e3o de Allah est\u00e1 cerrada! Que suas m\u00e3os sejam cerradas e sejam amaldi\u00e7oados por tudo quanto disseram!&#8230; Infundimos-lhes a inimizade e o rancor, at\u00e9 ao Dia da Ressurrei\u00e7\u00e3o. Toda vez que acenderem o fogo da guerra, Allah o extinguir\u00e1&#8230; Constatar\u00e1s que os piores inimigos dos crentes, entre os humanos, s\u00e3o os judeus e os id\u00f3latras.\u201d (Cor\u00e3o \u2013 Surata 5:64,82).<\/p>\n<p>Por isso, \u00e9 dif\u00edcil acreditar que haja espa\u00e7o para Israel e para os judeus em um Reino Isl\u00e2mico.<\/p>\n<p>\u00a0<\/p>\n<p><strong>5. E quanto aos crist\u00e3os: \u00e9 poss\u00edvel que eles coexistam plenamente em sociedades majoritariamente isl\u00e2micas? <\/strong><\/p>\n<p>No que depender dos crist\u00e3os, sim. Mas, infelizmente, milh\u00f5es deles s\u00e3o perseguidos todos os dias em muitos pa\u00edses de maioria mu\u00e7ulmana.<\/p>\n<p>Citarei pelo menos 12 pa\u00edses onde h\u00e1 persegui\u00e7\u00e3o extrema contra crist\u00e3os: Som\u00e1lia, I\u00eamen, Sud\u00e3o, Eritreia, S\u00edria, Nig\u00e9ria, Paquist\u00e3o, L\u00edbia, Ir\u00e3, Afeganist\u00e3o, Ar\u00e1bia Saudita e Mali (fonte: Portas Abertas).<\/p>\n<p>A persegui\u00e7\u00e3o consiste na perda da liberdade de culto, de express\u00e3o e de ir e vir; em ataques a casas, igrejas, neg\u00f3cios e propriedades p\u00fablicas crist\u00e3s; na perda de bens e lares; em agress\u00f5es f\u00edsicas e psicol\u00f3gicas; em abusos; em sequestros e pris\u00f5es; e, em muitos casos, infelizmente, na perda da pr\u00f3pria vida.<\/p>\n<p style=\"text-align: left;\">Por causa das fortes persegui\u00e7\u00f5es, muitos s\u00e3o for\u00e7ados a fugir de suas casas e at\u00e9 mesmo do pa\u00eds. \u00c9 dif\u00edcil coexistir com aqueles que n\u00e3o desejam conviver com quem professa outra religi\u00e3o.<\/p>\n<p style=\"text-align: center;\"><strong><img decoding=\"async\" style=\"display: block; margin-left: auto; margin-right: auto;\" src=\"https:\/\/thumbor.guiame.com.br\/unsafe\/smart\/https:\/\/media.guiame.com.br\/archives\/2026\/04\/24\/1033462782-.png\" alt=\"\" width=\"600\"\/><\/strong><span style=\"color: #808080;\"><sup>Imagem ilustrativa gerada por IA<\/sup><\/span><\/p>\n<p><strong>6. Alguns afirmam que, no mundo isl\u00e2mico, h\u00e1 uma estrutura que sustenta o sistema religioso e pol\u00edtico, enquanto grupos extremistas buscam implantar o califado. O senhor enxerga essa din\u00e2mica? <\/strong><\/p>\n<p>O mundo isl\u00e2mico \u00e9 muito amplo, com uma popula\u00e7\u00e3o de quase 2 bilh\u00f5es de pessoas, formado por pa\u00edses do Norte da \u00c1frica, do Oriente M\u00e9dio e da \u00c1sia. Embora haja uma estrutura que sustente a religi\u00e3o e a pol\u00edtica, existem diferen\u00e7as entre os pa\u00edses na maneira de governar e de praticar o Isl\u00e3.<\/p>\n<p>Como existem v\u00e1rias vertentes do Isl\u00e3 \u2013 sunitas, xiitas, sufis, entre outras \u2013 h\u00e1 diversas formas de praticar a religi\u00e3o. Por exemplo, o Isl\u00e3 praticado na Ar\u00e1bia Saudita e o seu sistema de governo diferem dos do Ir\u00e3, Egito, L\u00edbano, S\u00edria, Jord\u00e2nia, Sud\u00e3o e Turquia, exemplificando a diversidade geogr\u00e1fica e pol\u00edtica.<\/p>\n<p>Ao meu ver, com o califado n\u00e3o haveria essas diferen\u00e7as, pois o califado \u00e9 reconhecido por eruditos isl\u00e2micos como o sistema de governo que deve liderar toda a comunidade religiosa e unir os mu\u00e7ulmanos. Isso tamb\u00e9m est\u00e1 previsto nas fontes sagradas da religi\u00e3o.<\/p>\n<p>Existiram quatro dinastias reconhecidas como os principais califados. Ao longo de v\u00e1rios s\u00e9culos, elas foram respons\u00e1veis por liderar os mu\u00e7ulmanos e instituir as leis da religi\u00e3o como forma de governo. No entanto, desde 1924, com o fim do Imp\u00e9rio Otomano, n\u00e3o h\u00e1 mais nenhum governo que carregue esse t\u00edtulo.<\/p>\n<p>Embora alguns grupos fundamentalistas tentem reerguer o califado, como a Estado Isl\u00e2mico, que tentou h\u00e1 alguns anos a partir do Iraque e da S\u00edria, mas fracassou em sua miss\u00e3o e, at\u00e9 onde se sabe, enfraqueceu-se bastante, e o Hamas, que visa implantar um Estado Isl\u00e2mico palestino \u2013 citei apenas dois exemplos \u2013, eles n\u00e3o encontram apoio em boa parte da comunidade isl\u00e2mica.<\/p>\n<p>Atualmente, nenhum pa\u00eds ou lideran\u00e7a religiosa e pol\u00edtica est\u00e1 interessada em fundar um governo nesses moldes. As fontes sagradas do Isl\u00e3 indicam que o califado s\u00f3 ressurgir\u00e1 com a chegada do Mahdi, um homem que, segundo a profecia, ser\u00e1 um mu\u00e7ulmano extremamente justo, que estabelecer\u00e1 a paz no mundo e a uni\u00e3o entre os mu\u00e7ulmanos. Seu governo, no entanto, ser\u00e1 um sinal da chegada do fim dos tempos.<\/p>\n<p>\u00a0<\/p>\n<p><strong>7. Sabemos que existem diferentes correntes dentro do islamismo, muitas vezes em conflito entre si, o que gera epis\u00f3dios de viol\u00eancia e derramamento de sangue. No entanto, h\u00e1 quem diga que essas divis\u00f5es se dissipam quando o tema \u00e9 Israel e os judeus. O senhor concorda com essa percep\u00e7\u00e3o? <\/strong><\/p>\n<p>Sim, concordo, porque, em rela\u00e7\u00e3o a Israel e aos judeus, muitos mu\u00e7ulmanos costumam colocar de lado suas diverg\u00eancias teol\u00f3gicas, ideol\u00f3gicas e pol\u00edticas para se unirem em torno de um objetivo comum.<\/p>\n<p>Recentemente, na guerra entre Israel e o Hamas, iniciada em 7 de outubro de 2023, vimos a aproxima\u00e7\u00e3o entre o Hamas e a Jihad Isl\u00e2mica Palestina (ambos sunitas), al\u00e9m do Hezbollah, dos Houthis do I\u00eamen, de grupos do Iraque e da S\u00edria, e do pr\u00f3prio Ir\u00e3 (todos xiitas).<\/p>\n<p>Tamb\u00e9m vimos v\u00e1rias manifesta\u00e7\u00f5es ao redor do mundo em apoio aos palestinos e at\u00e9 ao Hamas, inclusive em pa\u00edses \u00e1rabes e mu\u00e7ulmanos onde os palestinos sofrem forte discrimina\u00e7\u00e3o e onde o Hamas n\u00e3o \u00e9 bem visto ou bem recebido.<\/p>\n<p>Ou seja, contra Israel e os judeus, vale tudo e infelizmente prevalece aquele antigo prov\u00e9rbio que sugere alian\u00e7as tempor\u00e1rias entre partes com um advers\u00e1rio em comum: \u201co inimigo do meu inimigo \u00e9 meu amigo\u201d.<\/p>\n<p>\u00a0<\/p>\n<p><strong>Silas Anast\u00e1cio<\/strong> \u00e9 fundador do Minist\u00e9rio Davar, evangelista e expositor b\u00edblico com s\u00f3lida atua\u00e7\u00e3o h\u00e1 mais de uma d\u00e9cada em temas relacionados ao Estado de Israel e \u00e0 comunidade judaica. Tamb\u00e9m desempenha papel estrat\u00e9gico nos bastidores da m\u00eddia evang\u00e9lica, contribuindo para a articula\u00e7\u00e3o e divulga\u00e7\u00e3o de conte\u00fados que fortalecem os valores\u00a0da\u00a0f\u00e9\u00a0crist\u00e3.<\/p>\n<p><em>* O conte\u00fado do texto acima \u00e9 de colabora\u00e7\u00e3o volunt\u00e1ria, seu teor \u00e9 de total responsabilidade do autor e n\u00e3o reflete necessariamente a opini\u00e3o do Portal Guiame.<\/em><\/p>\n<p>Leia o artigo anterior: <span style=\"color: #800000;\"><strong>Trump anuncia cessar-fogo entre Israel e L\u00edbano: O que isso significa?<\/strong><\/span><\/p>\n<\/div>\n<p><br \/>\n<br \/>Fonte: Guiame <\/p>\n","protected":false},"excerpt":{"rendered":"<p>Realizei uma entrevista exclusiva com um pastor que atua no acolhimento de refugiados mu\u00e7ulmanos no Brasil. Por raz\u00f5es de seguran\u00e7a e para preservar sua identidade, ele ser\u00e1 identificado apenas pelas iniciais RIB. A seguir, apresento um curr\u00edculo resumido sobre sua forma\u00e7\u00e3o e experi\u00eancia. Forma\u00e7\u00e3o e experi\u00eancia acad\u00eamica RIB \u00e9 graduado em Teologia por duas institui\u00e7\u00f5es [&hellip;]<\/p>\n","protected":false},"author":1,"featured_media":6405,"comment_status":"","ping_status":"open","sticky":false,"template":"","format":"standard","meta":{"footnotes":""},"categories":[43],"tags":[],"class_list":["post-6404","post","type-post","status-publish","format-standard","has-post-thumbnail","hentry","category-destaques"],"yoast_head":"<!-- This site is optimized with the Yoast SEO plugin v26.8 - https:\/\/yoast.com\/product\/yoast-seo-wordpress\/ -->\n<title>Pastor que acolhe refugiados mu\u00e7ulmanos no Brasil revela desafios e aprendizados - R\u00e1dio Porto Seguro<\/title>\n<meta name=\"robots\" content=\"index, follow, max-snippet:-1, max-image-preview:large, max-video-preview:-1\" \/>\n<link rel=\"canonical\" href=\"https:\/\/radioportoseguro.com.br\/site\/2026\/04\/26\/pastor-que-acolhe-refugiados-muculmanos-no-brasil-revela-desafios-e-aprendizados\/\" \/>\n<meta property=\"og:locale\" content=\"pt_BR\" \/>\n<meta property=\"og:type\" content=\"article\" \/>\n<meta property=\"og:title\" content=\"Pastor que acolhe refugiados mu\u00e7ulmanos no Brasil revela desafios e aprendizados - R\u00e1dio Porto Seguro\" \/>\n<meta property=\"og:description\" content=\"Realizei uma entrevista exclusiva com um pastor que atua no acolhimento de refugiados mu\u00e7ulmanos no Brasil. Por raz\u00f5es de seguran\u00e7a e para preservar sua identidade, ele ser\u00e1 identificado apenas pelas iniciais RIB. A seguir, apresento um curr\u00edculo resumido sobre sua forma\u00e7\u00e3o e experi\u00eancia. Forma\u00e7\u00e3o e experi\u00eancia acad\u00eamica RIB \u00e9 graduado em Teologia por duas institui\u00e7\u00f5es [&hellip;]\" \/>\n<meta property=\"og:url\" content=\"https:\/\/radioportoseguro.com.br\/site\/2026\/04\/26\/pastor-que-acolhe-refugiados-muculmanos-no-brasil-revela-desafios-e-aprendizados\/\" \/>\n<meta property=\"og:site_name\" content=\"R\u00e1dio Porto Seguro\" \/>\n<meta property=\"article:published_time\" content=\"2026-04-26T15:36:46+00:00\" \/>\n<meta property=\"og:image\" content=\"https:\/\/thumbor.guiame.com.br\/unsafe\/smart\/https:\/\/media.guiame.com.br\/archives\/2026\/04\/24\/3306714939-.png\" \/>\n<meta name=\"author\" content=\"admin\" \/>\n<meta name=\"twitter:card\" content=\"summary_large_image\" \/>\n<meta name=\"twitter:label1\" content=\"Escrito por\" \/>\n\t<meta name=\"twitter:data1\" content=\"admin\" \/>\n\t<meta name=\"twitter:label2\" content=\"Est. tempo de leitura\" \/>\n\t<meta name=\"twitter:data2\" content=\"12 minutos\" \/>\n<script type=\"application\/ld+json\" class=\"yoast-schema-graph\">{\"@context\":\"https:\/\/schema.org\",\"@graph\":[{\"@type\":\"Article\",\"@id\":\"https:\/\/radioportoseguro.com.br\/site\/2026\/04\/26\/pastor-que-acolhe-refugiados-muculmanos-no-brasil-revela-desafios-e-aprendizados\/#article\",\"isPartOf\":{\"@id\":\"https:\/\/radioportoseguro.com.br\/site\/2026\/04\/26\/pastor-que-acolhe-refugiados-muculmanos-no-brasil-revela-desafios-e-aprendizados\/\"},\"author\":{\"name\":\"admin\",\"@id\":\"https:\/\/radioportoseguro.com.br\/site\/#\/schema\/person\/7630acdc320186f13639d3c067ec089b\"},\"headline\":\"Pastor que acolhe refugiados mu\u00e7ulmanos no Brasil revela desafios e aprendizados\",\"datePublished\":\"2026-04-26T15:36:46+00:00\",\"mainEntityOfPage\":{\"@id\":\"https:\/\/radioportoseguro.com.br\/site\/2026\/04\/26\/pastor-que-acolhe-refugiados-muculmanos-no-brasil-revela-desafios-e-aprendizados\/\"},\"wordCount\":2315,\"image\":{\"@id\":\"https:\/\/radioportoseguro.com.br\/site\/2026\/04\/26\/pastor-que-acolhe-refugiados-muculmanos-no-brasil-revela-desafios-e-aprendizados\/#primaryimage\"},\"thumbnailUrl\":\"https:\/\/radioportoseguro.com.br\/site\/wp-content\/uploads\/2026\/04\/283774030-monte-do-templo.jpg\",\"articleSection\":[\"Destaques\"],\"inLanguage\":\"pt-BR\"},{\"@type\":\"WebPage\",\"@id\":\"https:\/\/radioportoseguro.com.br\/site\/2026\/04\/26\/pastor-que-acolhe-refugiados-muculmanos-no-brasil-revela-desafios-e-aprendizados\/\",\"url\":\"https:\/\/radioportoseguro.com.br\/site\/2026\/04\/26\/pastor-que-acolhe-refugiados-muculmanos-no-brasil-revela-desafios-e-aprendizados\/\",\"name\":\"Pastor que acolhe refugiados mu\u00e7ulmanos no Brasil revela desafios e aprendizados - R\u00e1dio Porto Seguro\",\"isPartOf\":{\"@id\":\"https:\/\/radioportoseguro.com.br\/site\/#website\"},\"primaryImageOfPage\":{\"@id\":\"https:\/\/radioportoseguro.com.br\/site\/2026\/04\/26\/pastor-que-acolhe-refugiados-muculmanos-no-brasil-revela-desafios-e-aprendizados\/#primaryimage\"},\"image\":{\"@id\":\"https:\/\/radioportoseguro.com.br\/site\/2026\/04\/26\/pastor-que-acolhe-refugiados-muculmanos-no-brasil-revela-desafios-e-aprendizados\/#primaryimage\"},\"thumbnailUrl\":\"https:\/\/radioportoseguro.com.br\/site\/wp-content\/uploads\/2026\/04\/283774030-monte-do-templo.jpg\",\"datePublished\":\"2026-04-26T15:36:46+00:00\",\"author\":{\"@id\":\"https:\/\/radioportoseguro.com.br\/site\/#\/schema\/person\/7630acdc320186f13639d3c067ec089b\"},\"breadcrumb\":{\"@id\":\"https:\/\/radioportoseguro.com.br\/site\/2026\/04\/26\/pastor-que-acolhe-refugiados-muculmanos-no-brasil-revela-desafios-e-aprendizados\/#breadcrumb\"},\"inLanguage\":\"pt-BR\",\"potentialAction\":[{\"@type\":\"ReadAction\",\"target\":[\"https:\/\/radioportoseguro.com.br\/site\/2026\/04\/26\/pastor-que-acolhe-refugiados-muculmanos-no-brasil-revela-desafios-e-aprendizados\/\"]}]},{\"@type\":\"ImageObject\",\"inLanguage\":\"pt-BR\",\"@id\":\"https:\/\/radioportoseguro.com.br\/site\/2026\/04\/26\/pastor-que-acolhe-refugiados-muculmanos-no-brasil-revela-desafios-e-aprendizados\/#primaryimage\",\"url\":\"https:\/\/radioportoseguro.com.br\/site\/wp-content\/uploads\/2026\/04\/283774030-monte-do-templo.jpg\",\"contentUrl\":\"https:\/\/radioportoseguro.com.br\/site\/wp-content\/uploads\/2026\/04\/283774030-monte-do-templo.jpg\",\"width\":1200,\"height\":600},{\"@type\":\"BreadcrumbList\",\"@id\":\"https:\/\/radioportoseguro.com.br\/site\/2026\/04\/26\/pastor-que-acolhe-refugiados-muculmanos-no-brasil-revela-desafios-e-aprendizados\/#breadcrumb\",\"itemListElement\":[{\"@type\":\"ListItem\",\"position\":1,\"name\":\"In\u00edcio\",\"item\":\"https:\/\/radioportoseguro.com.br\/site\/\"},{\"@type\":\"ListItem\",\"position\":2,\"name\":\"Pastor que acolhe refugiados mu\u00e7ulmanos no Brasil revela desafios e aprendizados\"}]},{\"@type\":\"WebSite\",\"@id\":\"https:\/\/radioportoseguro.com.br\/site\/#website\",\"url\":\"https:\/\/radioportoseguro.com.br\/site\/\",\"name\":\"R\u00e1dio Porto Seguro\",\"description\":\"\",\"potentialAction\":[{\"@type\":\"SearchAction\",\"target\":{\"@type\":\"EntryPoint\",\"urlTemplate\":\"https:\/\/radioportoseguro.com.br\/site\/?s={search_term_string}\"},\"query-input\":{\"@type\":\"PropertyValueSpecification\",\"valueRequired\":true,\"valueName\":\"search_term_string\"}}],\"inLanguage\":\"pt-BR\"},{\"@type\":\"Person\",\"@id\":\"https:\/\/radioportoseguro.com.br\/site\/#\/schema\/person\/7630acdc320186f13639d3c067ec089b\",\"name\":\"admin\",\"image\":{\"@type\":\"ImageObject\",\"inLanguage\":\"pt-BR\",\"@id\":\"https:\/\/radioportoseguro.com.br\/site\/#\/schema\/person\/image\/\",\"url\":\"https:\/\/secure.gravatar.com\/avatar\/caacf4dc1eedb68fab0df8e1ed46c448e578b2466351bbcb61e47d2ac0caaef0?s=96&d=mm&r=g\",\"contentUrl\":\"https:\/\/secure.gravatar.com\/avatar\/caacf4dc1eedb68fab0df8e1ed46c448e578b2466351bbcb61e47d2ac0caaef0?s=96&d=mm&r=g\",\"caption\":\"admin\"},\"sameAs\":[\"https:\/\/radioportoseguro.com.br\/site\"],\"url\":\"https:\/\/radioportoseguro.com.br\/site\/author\/hezio\/\"}]}<\/script>\n<!-- \/ Yoast SEO plugin. -->","yoast_head_json":{"title":"Pastor que acolhe refugiados mu\u00e7ulmanos no Brasil revela desafios e aprendizados - R\u00e1dio Porto Seguro","robots":{"index":"index","follow":"follow","max-snippet":"max-snippet:-1","max-image-preview":"max-image-preview:large","max-video-preview":"max-video-preview:-1"},"canonical":"https:\/\/radioportoseguro.com.br\/site\/2026\/04\/26\/pastor-que-acolhe-refugiados-muculmanos-no-brasil-revela-desafios-e-aprendizados\/","og_locale":"pt_BR","og_type":"article","og_title":"Pastor que acolhe refugiados mu\u00e7ulmanos no Brasil revela desafios e aprendizados - R\u00e1dio Porto Seguro","og_description":"Realizei uma entrevista exclusiva com um pastor que atua no acolhimento de refugiados mu\u00e7ulmanos no Brasil. Por raz\u00f5es de seguran\u00e7a e para preservar sua identidade, ele ser\u00e1 identificado apenas pelas iniciais RIB. A seguir, apresento um curr\u00edculo resumido sobre sua forma\u00e7\u00e3o e experi\u00eancia. Forma\u00e7\u00e3o e experi\u00eancia acad\u00eamica RIB \u00e9 graduado em Teologia por duas institui\u00e7\u00f5es [&hellip;]","og_url":"https:\/\/radioportoseguro.com.br\/site\/2026\/04\/26\/pastor-que-acolhe-refugiados-muculmanos-no-brasil-revela-desafios-e-aprendizados\/","og_site_name":"R\u00e1dio Porto Seguro","article_published_time":"2026-04-26T15:36:46+00:00","og_image":[{"url":"https:\/\/thumbor.guiame.com.br\/unsafe\/smart\/https:\/\/media.guiame.com.br\/archives\/2026\/04\/24\/3306714939-.png","type":"","width":"","height":""}],"author":"admin","twitter_card":"summary_large_image","twitter_misc":{"Escrito por":"admin","Est. tempo de leitura":"12 minutos"},"schema":{"@context":"https:\/\/schema.org","@graph":[{"@type":"Article","@id":"https:\/\/radioportoseguro.com.br\/site\/2026\/04\/26\/pastor-que-acolhe-refugiados-muculmanos-no-brasil-revela-desafios-e-aprendizados\/#article","isPartOf":{"@id":"https:\/\/radioportoseguro.com.br\/site\/2026\/04\/26\/pastor-que-acolhe-refugiados-muculmanos-no-brasil-revela-desafios-e-aprendizados\/"},"author":{"name":"admin","@id":"https:\/\/radioportoseguro.com.br\/site\/#\/schema\/person\/7630acdc320186f13639d3c067ec089b"},"headline":"Pastor que acolhe refugiados mu\u00e7ulmanos no Brasil revela desafios e aprendizados","datePublished":"2026-04-26T15:36:46+00:00","mainEntityOfPage":{"@id":"https:\/\/radioportoseguro.com.br\/site\/2026\/04\/26\/pastor-que-acolhe-refugiados-muculmanos-no-brasil-revela-desafios-e-aprendizados\/"},"wordCount":2315,"image":{"@id":"https:\/\/radioportoseguro.com.br\/site\/2026\/04\/26\/pastor-que-acolhe-refugiados-muculmanos-no-brasil-revela-desafios-e-aprendizados\/#primaryimage"},"thumbnailUrl":"https:\/\/radioportoseguro.com.br\/site\/wp-content\/uploads\/2026\/04\/283774030-monte-do-templo.jpg","articleSection":["Destaques"],"inLanguage":"pt-BR"},{"@type":"WebPage","@id":"https:\/\/radioportoseguro.com.br\/site\/2026\/04\/26\/pastor-que-acolhe-refugiados-muculmanos-no-brasil-revela-desafios-e-aprendizados\/","url":"https:\/\/radioportoseguro.com.br\/site\/2026\/04\/26\/pastor-que-acolhe-refugiados-muculmanos-no-brasil-revela-desafios-e-aprendizados\/","name":"Pastor que acolhe refugiados mu\u00e7ulmanos no Brasil revela desafios e aprendizados - R\u00e1dio Porto Seguro","isPartOf":{"@id":"https:\/\/radioportoseguro.com.br\/site\/#website"},"primaryImageOfPage":{"@id":"https:\/\/radioportoseguro.com.br\/site\/2026\/04\/26\/pastor-que-acolhe-refugiados-muculmanos-no-brasil-revela-desafios-e-aprendizados\/#primaryimage"},"image":{"@id":"https:\/\/radioportoseguro.com.br\/site\/2026\/04\/26\/pastor-que-acolhe-refugiados-muculmanos-no-brasil-revela-desafios-e-aprendizados\/#primaryimage"},"thumbnailUrl":"https:\/\/radioportoseguro.com.br\/site\/wp-content\/uploads\/2026\/04\/283774030-monte-do-templo.jpg","datePublished":"2026-04-26T15:36:46+00:00","author":{"@id":"https:\/\/radioportoseguro.com.br\/site\/#\/schema\/person\/7630acdc320186f13639d3c067ec089b"},"breadcrumb":{"@id":"https:\/\/radioportoseguro.com.br\/site\/2026\/04\/26\/pastor-que-acolhe-refugiados-muculmanos-no-brasil-revela-desafios-e-aprendizados\/#breadcrumb"},"inLanguage":"pt-BR","potentialAction":[{"@type":"ReadAction","target":["https:\/\/radioportoseguro.com.br\/site\/2026\/04\/26\/pastor-que-acolhe-refugiados-muculmanos-no-brasil-revela-desafios-e-aprendizados\/"]}]},{"@type":"ImageObject","inLanguage":"pt-BR","@id":"https:\/\/radioportoseguro.com.br\/site\/2026\/04\/26\/pastor-que-acolhe-refugiados-muculmanos-no-brasil-revela-desafios-e-aprendizados\/#primaryimage","url":"https:\/\/radioportoseguro.com.br\/site\/wp-content\/uploads\/2026\/04\/283774030-monte-do-templo.jpg","contentUrl":"https:\/\/radioportoseguro.com.br\/site\/wp-content\/uploads\/2026\/04\/283774030-monte-do-templo.jpg","width":1200,"height":600},{"@type":"BreadcrumbList","@id":"https:\/\/radioportoseguro.com.br\/site\/2026\/04\/26\/pastor-que-acolhe-refugiados-muculmanos-no-brasil-revela-desafios-e-aprendizados\/#breadcrumb","itemListElement":[{"@type":"ListItem","position":1,"name":"In\u00edcio","item":"https:\/\/radioportoseguro.com.br\/site\/"},{"@type":"ListItem","position":2,"name":"Pastor que acolhe refugiados mu\u00e7ulmanos no Brasil revela desafios e aprendizados"}]},{"@type":"WebSite","@id":"https:\/\/radioportoseguro.com.br\/site\/#website","url":"https:\/\/radioportoseguro.com.br\/site\/","name":"R\u00e1dio Porto Seguro","description":"","potentialAction":[{"@type":"SearchAction","target":{"@type":"EntryPoint","urlTemplate":"https:\/\/radioportoseguro.com.br\/site\/?s={search_term_string}"},"query-input":{"@type":"PropertyValueSpecification","valueRequired":true,"valueName":"search_term_string"}}],"inLanguage":"pt-BR"},{"@type":"Person","@id":"https:\/\/radioportoseguro.com.br\/site\/#\/schema\/person\/7630acdc320186f13639d3c067ec089b","name":"admin","image":{"@type":"ImageObject","inLanguage":"pt-BR","@id":"https:\/\/radioportoseguro.com.br\/site\/#\/schema\/person\/image\/","url":"https:\/\/secure.gravatar.com\/avatar\/caacf4dc1eedb68fab0df8e1ed46c448e578b2466351bbcb61e47d2ac0caaef0?s=96&d=mm&r=g","contentUrl":"https:\/\/secure.gravatar.com\/avatar\/caacf4dc1eedb68fab0df8e1ed46c448e578b2466351bbcb61e47d2ac0caaef0?s=96&d=mm&r=g","caption":"admin"},"sameAs":["https:\/\/radioportoseguro.com.br\/site"],"url":"https:\/\/radioportoseguro.com.br\/site\/author\/hezio\/"}]}},"_links":{"self":[{"href":"https:\/\/radioportoseguro.com.br\/site\/wp-json\/wp\/v2\/posts\/6404","targetHints":{"allow":["GET"]}}],"collection":[{"href":"https:\/\/radioportoseguro.com.br\/site\/wp-json\/wp\/v2\/posts"}],"about":[{"href":"https:\/\/radioportoseguro.com.br\/site\/wp-json\/wp\/v2\/types\/post"}],"author":[{"embeddable":true,"href":"https:\/\/radioportoseguro.com.br\/site\/wp-json\/wp\/v2\/users\/1"}],"replies":[{"embeddable":true,"href":"https:\/\/radioportoseguro.com.br\/site\/wp-json\/wp\/v2\/comments?post=6404"}],"version-history":[{"count":0,"href":"https:\/\/radioportoseguro.com.br\/site\/wp-json\/wp\/v2\/posts\/6404\/revisions"}],"wp:featuredmedia":[{"embeddable":true,"href":"https:\/\/radioportoseguro.com.br\/site\/wp-json\/wp\/v2\/media\/6405"}],"wp:attachment":[{"href":"https:\/\/radioportoseguro.com.br\/site\/wp-json\/wp\/v2\/media?parent=6404"}],"wp:term":[{"taxonomy":"category","embeddable":true,"href":"https:\/\/radioportoseguro.com.br\/site\/wp-json\/wp\/v2\/categories?post=6404"},{"taxonomy":"post_tag","embeddable":true,"href":"https:\/\/radioportoseguro.com.br\/site\/wp-json\/wp\/v2\/tags?post=6404"}],"curies":[{"name":"wp","href":"https:\/\/api.w.org\/{rel}","templated":true}]}}