{"id":6432,"date":"2026-04-28T12:58:52","date_gmt":"2026-04-28T15:58:52","guid":{"rendered":"https:\/\/radioportoseguro.com.br\/site\/2026\/04\/28\/o-problema-da-igreja-nao-e-influencia-e-carater-diz-pastor-sobre-integridade-de-lideres\/"},"modified":"2026-04-28T12:58:52","modified_gmt":"2026-04-28T15:58:52","slug":"o-problema-da-igreja-nao-e-influencia-e-carater-diz-pastor-sobre-integridade-de-lideres","status":"publish","type":"post","link":"https:\/\/radioportoseguro.com.br\/site\/2026\/04\/28\/o-problema-da-igreja-nao-e-influencia-e-carater-diz-pastor-sobre-integridade-de-lideres\/","title":{"rendered":"\u201cO problema da igreja n\u00e3o \u00e9 influ\u00eancia, \u00e9 car\u00e1ter\u201d, diz pastor sobre integridade de l\u00edderes"},"content":{"rendered":"<p><br \/>\n<\/p>\n<div>\n<p><span style=\"font-weight: 400;\">O pastor Marcos Madaleno afirmou que para a Igreja alcan\u00e7ar a nova gera\u00e7\u00e3o \u00e9 necess\u00e1rio que a integridade da lideran\u00e7a seja restaurada, durante prega\u00e7\u00e3o na <\/span><span style=\"color: #800000;\"><strong>Inspire Conference<\/strong><\/span><span style=\"font-weight: 400;\"> em <\/span><span style=\"color: #800000;\"><strong>Portugal<\/strong><\/span><span style=\"font-weight: 400;\">, no \u00faltimo final de semana.<\/span><\/p>\n<p><span style=\"font-weight: 400;\">Mais de 500 l\u00edderes de 15 pa\u00edses da Europa participaram do evento, promovido pela Rede Inspire, com o prop\u00f3sito de fortalecer a lideran\u00e7a e impulsionar o avan\u00e7o do Reino de Deus no continente europeu.<\/span><\/p>\n<p><span style=\"font-weight: 400;\">Marcos, que serve como l\u00edder na Igreja da Cidade, afirmou que a lideran\u00e7a crist\u00e3 precisa ser um exemplo de car\u00e1ter se quiser formar a Igreja do futuro, baseado na passagem b\u00edblica em que Paulo instruiu Tito a como liderar uma igreja rec\u00e9m plantada.<\/span><\/p>\n<p><span style=\"font-weight: 400;\">\u201cEle t\u00e1 dizendo o seguinte: voc\u00ea quer alcan\u00e7ar uma outra gera\u00e7\u00e3o? Voc\u00ea precisa ser uma refer\u00eancia, um exemplo. O seu ensino tem que mostrar integridade, mas a forma que voc\u00ea vive tem que ser coerente com aquilo que voc\u00ea fala\u201d, afirmou o pastor.<\/span><\/p>\n<p><span style=\"font-weight: 400;\">E alertou: \u201cSe tem uma coisa que tem causado desilus\u00e3o \u00e0 nova gera\u00e7\u00e3o, \u00e9 a falta de integridade na igreja. Muitas igrejas se tornaram especialistas naquilo que atrai, mas muito fracas naquilo que transforma\u201d.<\/span><\/p>\n<p><span style=\"font-weight: 400;\">\u201cDesign, tel\u00e3o, m\u00fasica pra cima, nada disso \u00e9 capaz de transformar o cora\u00e7\u00e3o de algu\u00e9m que precisa conhecer Jesus\u201d.<\/span><\/p>\n<p style=\"text-align: center;\"><span style=\"font-weight: 400;\"><br \/><\/span><span style=\"color: #808080;\"><sup><span style=\"font-weight: 400;\">Marcos Madaleno. (Foto: Inspire Conference Portugal).<\/span><\/sup><\/span><\/p>\n<p><strong>Crise de confian\u00e7a<\/strong><\/p>\n<p><span style=\"font-weight: 400;\">Marcos Madaleno apresentou pesquisas recentes que mostraram que a nova gera\u00e7\u00e3o est\u00e1 vivendo uma crise de confian\u00e7a em rela\u00e7\u00e3o \u00e0 Igreja devido \u00e0s falhas da lideran\u00e7a.<\/span><\/p>\n<p><span style=\"font-weight: 400;\">\u201cEsc\u00e2ndalos morais; falhas sexuais e financeiras de l\u00edderes, a falta de transpar\u00eancia e a dist\u00e2ncia relacional destru\u00edram a credibilidade institucional da lideran\u00e7a crist\u00e3 com os jovens. A nova gera\u00e7\u00e3o desconfia profundamente da igreja\u201d, explicou.<\/span><\/p>\n<p><span style=\"font-weight: 400;\">Para o pastor, a crise de confian\u00e7a dos jovens com a Igreja \u00e9 um problema urgente que os l\u00edderes precisam tratar.<\/span><\/p>\n<p><span style=\"font-weight: 400;\">\u201cEles est\u00e3o olhando pra n\u00f3s e se perguntando: \u2018Ser\u00e1 que eles s\u00e3o s\u00e9rios mesmo? Ser\u00e1 que voc\u00ea \u00e9 de uma igreja s\u00e9ria?\u2019. \u00c9 o pre\u00e7o que a Igreja est\u00e1 pagando por n\u00e3o andar em verdade diante de Deus\u201d, observou.<\/span><\/p>\n<blockquote class=\"instagram-media\" style=\"background: #FFF; border: 0; border-radius: 3px; box-shadow: 0 0 1px 0 rgba(0,0,0,0.5),0 1px 10px 0 rgba(0,0,0,0.15); margin: 1px; max-width: 540px; min-width: 326px; padding: 0; width: calc(100% - 2px);\" data-instgrm-captioned=\"\" data-instgrm-permalink=\"https:\/\/www.instagram.com\/reel\/DXhwj0QMmFx\/?utm_source=ig_embed&amp;utm_campaign=loading\" data-instgrm-version=\"14\"><p>&#13;<br \/>\n&#13;\n<\/p><\/blockquote>\n<p><strong>Esc\u00e2ndalos na Igreja<\/strong><\/p>\n<p><span style=\"font-weight: 400;\">Citando recentes casos de esc\u00e2ndalos envolvendo pastores famosos, Marcos ensinou princ\u00edpios para o l\u00edder crist\u00e3o evitar uma queda espiritual e viver seu minist\u00e9rio com integridade.<\/span><\/p>\n<p><span style=\"font-weight: 400;\">\u201cTem algo muito grave acontecendo. Tem uma prostitui\u00e7\u00e3o muito grave acontecendo primeiro dentro do cora\u00e7\u00e3o, da intimidade da lideran\u00e7a, dos bastidores da igreja, querendo destruir a influ\u00eancia de uma igreja pra nova gera\u00e7\u00e3o e a autoridade pra liderar num tempo como o nosso\u201d, pontuou.<\/span><\/p>\n<p><span style=\"font-weight: 400;\">Usando o caso b\u00edblico de Bala\u00e3o, que se corrompeu por amor ao dinheiro e muitas pessoas morrerem por consequ\u00eancia de suas a\u00e7\u00f5es, Madaleno disse que os pastores precisam guardar seu cora\u00e7\u00e3o da gan\u00e2ncia.<\/span><\/p>\n<p><span style=\"font-weight: 400;\">\u201cAmbi\u00e7\u00e3o gera cegueira espiritual. Guarde o seu cora\u00e7\u00e3o\u201d, exortou ele. \u201cBala\u00e3o n\u00e3o queria uma resposta, ele queria uma brecha. Ele n\u00e3o queria ouvir a Deus, ele queria um sal\u00e1rio. Quando Deus tem que falar com uma jumenta para falar com voc\u00ea, \u00e9 porque voc\u00ea se tornou completamente insens\u00edvel \u00e0 voz Dele. Ele se tornou completamente cego e surdo\u201d.<\/span><\/p>\n<p><strong>Viciados no sucesso do minist\u00e9rio<\/strong><\/p>\n<p><span style=\"font-weight: 400;\">Muitos l\u00edderes caem na armadilha da ambi\u00e7\u00e3o e se tornam viciados em performar no trabalho ministerial, segundo Marcos.<\/span><\/p>\n<p><span style=\"font-weight: 400;\">\u201cDamos um nome sagrado pra ambi\u00e7\u00e3o porque ficamos viciados no sucesso do minist\u00e9rio\u201d, disse.<\/span><\/p>\n<p><span style=\"font-weight: 400;\">E encorajou: \u201cVoc\u00ea n\u00e3o precisa de sucesso no minist\u00e9rio para se sentir amado por Deus. Voc\u00ea n\u00e3o precisa de sucesso naquilo que voc\u00ea faz para provar pra algu\u00e9m que voc\u00ea tem algum valor. Voc\u00ea n\u00e3o foi plantado nesse mundo pra ser melhor do que ningu\u00e9m. Voc\u00ea foi plantado nesse mundo pra ser a express\u00e3o de Deus onde est\u00e1\u201d.<\/span><\/p>\n<p><span style=\"font-weight: 400;\">Madaleno fez um chamado \u00e0 restaura\u00e7\u00e3o para a lideran\u00e7a eclesi\u00e1stica. \u201cO problema da Igreja n\u00e3o \u00e9 de influ\u00eancia. O problema da Igreja \u00e9 de car\u00e1ter. \u00c9 tempo da gente se posicionar diante de Deus, porque n\u00f3s estamos diante da maior colheita da hist\u00f3ria\u201d, declarou.<\/span><\/p>\n<p><span style=\"font-weight: 400;\">E enfatizou: \u201cVamos ser refeitos diante do Senhor e ser reenviados para uma nova esta\u00e7\u00e3o dos nossos minist\u00e9rios. Eu creio que Deus est\u00e1 hoje cancelando trag\u00e9dias, div\u00f3rcios, quedas ministeriais, desvios financeiros. Deus est\u00e1 cancelando hoje condutas que n\u00e3o s\u00e3o compat\u00edveis com a Casa do Senhor\u201d.<\/span><\/p>\n<\/div>\n<p><script async src=\"\/\/www.instagram.com\/embed.js\"><\/script><br \/>\n<br \/><br \/>\n<br \/>Fonte: Guiame <\/p>\n","protected":false},"excerpt":{"rendered":"<p>O pastor Marcos Madaleno afirmou que para a Igreja alcan\u00e7ar a nova gera\u00e7\u00e3o \u00e9 necess\u00e1rio que a integridade da lideran\u00e7a seja restaurada, durante prega\u00e7\u00e3o na Inspire Conference em Portugal, no \u00faltimo final de semana. Mais de 500 l\u00edderes de 15 pa\u00edses da Europa participaram do evento, promovido pela Rede Inspire, com o prop\u00f3sito de fortalecer [&hellip;]<\/p>\n","protected":false},"author":1,"featured_media":6433,"comment_status":"","ping_status":"open","sticky":false,"template":"","format":"standard","meta":{"footnotes":""},"categories":[43],"tags":[],"class_list":["post-6432","post","type-post","status-publish","format-standard","has-post-thumbnail","hentry","category-destaques"],"yoast_head":"<!-- This site is optimized with the Yoast SEO plugin v26.8 - https:\/\/yoast.com\/product\/yoast-seo-wordpress\/ -->\n<title>\u201cO problema da igreja n\u00e3o \u00e9 influ\u00eancia, \u00e9 car\u00e1ter\u201d, diz pastor sobre integridade de l\u00edderes - R\u00e1dio Porto Seguro<\/title>\n<meta name=\"robots\" content=\"index, follow, max-snippet:-1, max-image-preview:large, max-video-preview:-1\" \/>\n<link rel=\"canonical\" href=\"https:\/\/radioportoseguro.com.br\/site\/2026\/04\/28\/o-problema-da-igreja-nao-e-influencia-e-carater-diz-pastor-sobre-integridade-de-lideres\/\" \/>\n<meta property=\"og:locale\" content=\"pt_BR\" \/>\n<meta property=\"og:type\" content=\"article\" \/>\n<meta property=\"og:title\" content=\"\u201cO problema da igreja n\u00e3o \u00e9 influ\u00eancia, \u00e9 car\u00e1ter\u201d, diz pastor sobre integridade de l\u00edderes - R\u00e1dio Porto Seguro\" \/>\n<meta property=\"og:description\" content=\"O pastor Marcos Madaleno afirmou que para a Igreja alcan\u00e7ar a nova gera\u00e7\u00e3o \u00e9 necess\u00e1rio que a integridade da lideran\u00e7a seja restaurada, durante prega\u00e7\u00e3o na Inspire Conference em Portugal, no \u00faltimo final de semana. Mais de 500 l\u00edderes de 15 pa\u00edses da Europa participaram do evento, promovido pela Rede Inspire, com o prop\u00f3sito de fortalecer [&hellip;]\" \/>\n<meta property=\"og:url\" content=\"https:\/\/radioportoseguro.com.br\/site\/2026\/04\/28\/o-problema-da-igreja-nao-e-influencia-e-carater-diz-pastor-sobre-integridade-de-lideres\/\" \/>\n<meta property=\"og:site_name\" content=\"R\u00e1dio Porto Seguro\" \/>\n<meta property=\"article:published_time\" content=\"2026-04-28T15:58:52+00:00\" \/>\n<meta property=\"og:image\" content=\"https:\/\/thumbor.guiame.com.br\/unsafe\/smart\/https:\/\/media.guiame.com.br\/archives\/2026\/04\/27\/3372841343-.jpeg\" \/>\n<meta name=\"author\" content=\"admin\" \/>\n<meta name=\"twitter:card\" content=\"summary_large_image\" \/>\n<meta name=\"twitter:label1\" content=\"Escrito por\" \/>\n\t<meta name=\"twitter:data1\" content=\"admin\" \/>\n\t<meta name=\"twitter:label2\" content=\"Est. tempo de leitura\" \/>\n\t<meta name=\"twitter:data2\" content=\"4 minutos\" \/>\n<script type=\"application\/ld+json\" class=\"yoast-schema-graph\">{\"@context\":\"https:\/\/schema.org\",\"@graph\":[{\"@type\":\"Article\",\"@id\":\"https:\/\/radioportoseguro.com.br\/site\/2026\/04\/28\/o-problema-da-igreja-nao-e-influencia-e-carater-diz-pastor-sobre-integridade-de-lideres\/#article\",\"isPartOf\":{\"@id\":\"https:\/\/radioportoseguro.com.br\/site\/2026\/04\/28\/o-problema-da-igreja-nao-e-influencia-e-carater-diz-pastor-sobre-integridade-de-lideres\/\"},\"author\":{\"name\":\"admin\",\"@id\":\"https:\/\/radioportoseguro.com.br\/site\/#\/schema\/person\/7630acdc320186f13639d3c067ec089b\"},\"headline\":\"\u201cO problema da igreja n\u00e3o \u00e9 influ\u00eancia, \u00e9 car\u00e1ter\u201d, diz pastor sobre integridade de l\u00edderes\",\"datePublished\":\"2026-04-28T15:58:52+00:00\",\"mainEntityOfPage\":{\"@id\":\"https:\/\/radioportoseguro.com.br\/site\/2026\/04\/28\/o-problema-da-igreja-nao-e-influencia-e-carater-diz-pastor-sobre-integridade-de-lideres\/\"},\"wordCount\":784,\"image\":{\"@id\":\"https:\/\/radioportoseguro.com.br\/site\/2026\/04\/28\/o-problema-da-igreja-nao-e-influencia-e-carater-diz-pastor-sobre-integridade-de-lideres\/#primaryimage\"},\"thumbnailUrl\":\"https:\/\/radioportoseguro.com.br\/site\/wp-content\/uploads\/2026\/04\/4276268189-marcos-madaleno.jpeg\",\"articleSection\":[\"Destaques\"],\"inLanguage\":\"pt-BR\"},{\"@type\":\"WebPage\",\"@id\":\"https:\/\/radioportoseguro.com.br\/site\/2026\/04\/28\/o-problema-da-igreja-nao-e-influencia-e-carater-diz-pastor-sobre-integridade-de-lideres\/\",\"url\":\"https:\/\/radioportoseguro.com.br\/site\/2026\/04\/28\/o-problema-da-igreja-nao-e-influencia-e-carater-diz-pastor-sobre-integridade-de-lideres\/\",\"name\":\"\u201cO problema da igreja n\u00e3o \u00e9 influ\u00eancia, \u00e9 car\u00e1ter\u201d, diz pastor sobre integridade de l\u00edderes - R\u00e1dio Porto Seguro\",\"isPartOf\":{\"@id\":\"https:\/\/radioportoseguro.com.br\/site\/#website\"},\"primaryImageOfPage\":{\"@id\":\"https:\/\/radioportoseguro.com.br\/site\/2026\/04\/28\/o-problema-da-igreja-nao-e-influencia-e-carater-diz-pastor-sobre-integridade-de-lideres\/#primaryimage\"},\"image\":{\"@id\":\"https:\/\/radioportoseguro.com.br\/site\/2026\/04\/28\/o-problema-da-igreja-nao-e-influencia-e-carater-diz-pastor-sobre-integridade-de-lideres\/#primaryimage\"},\"thumbnailUrl\":\"https:\/\/radioportoseguro.com.br\/site\/wp-content\/uploads\/2026\/04\/4276268189-marcos-madaleno.jpeg\",\"datePublished\":\"2026-04-28T15:58:52+00:00\",\"author\":{\"@id\":\"https:\/\/radioportoseguro.com.br\/site\/#\/schema\/person\/7630acdc320186f13639d3c067ec089b\"},\"breadcrumb\":{\"@id\":\"https:\/\/radioportoseguro.com.br\/site\/2026\/04\/28\/o-problema-da-igreja-nao-e-influencia-e-carater-diz-pastor-sobre-integridade-de-lideres\/#breadcrumb\"},\"inLanguage\":\"pt-BR\",\"potentialAction\":[{\"@type\":\"ReadAction\",\"target\":[\"https:\/\/radioportoseguro.com.br\/site\/2026\/04\/28\/o-problema-da-igreja-nao-e-influencia-e-carater-diz-pastor-sobre-integridade-de-lideres\/\"]}]},{\"@type\":\"ImageObject\",\"inLanguage\":\"pt-BR\",\"@id\":\"https:\/\/radioportoseguro.com.br\/site\/2026\/04\/28\/o-problema-da-igreja-nao-e-influencia-e-carater-diz-pastor-sobre-integridade-de-lideres\/#primaryimage\",\"url\":\"https:\/\/radioportoseguro.com.br\/site\/wp-content\/uploads\/2026\/04\/4276268189-marcos-madaleno.jpeg\",\"contentUrl\":\"https:\/\/radioportoseguro.com.br\/site\/wp-content\/uploads\/2026\/04\/4276268189-marcos-madaleno.jpeg\",\"width\":1200,\"height\":600},{\"@type\":\"BreadcrumbList\",\"@id\":\"https:\/\/radioportoseguro.com.br\/site\/2026\/04\/28\/o-problema-da-igreja-nao-e-influencia-e-carater-diz-pastor-sobre-integridade-de-lideres\/#breadcrumb\",\"itemListElement\":[{\"@type\":\"ListItem\",\"position\":1,\"name\":\"In\u00edcio\",\"item\":\"https:\/\/radioportoseguro.com.br\/site\/\"},{\"@type\":\"ListItem\",\"position\":2,\"name\":\"\u201cO problema da igreja n\u00e3o \u00e9 influ\u00eancia, \u00e9 car\u00e1ter\u201d, diz pastor sobre integridade de l\u00edderes\"}]},{\"@type\":\"WebSite\",\"@id\":\"https:\/\/radioportoseguro.com.br\/site\/#website\",\"url\":\"https:\/\/radioportoseguro.com.br\/site\/\",\"name\":\"R\u00e1dio Porto Seguro\",\"description\":\"\",\"potentialAction\":[{\"@type\":\"SearchAction\",\"target\":{\"@type\":\"EntryPoint\",\"urlTemplate\":\"https:\/\/radioportoseguro.com.br\/site\/?s={search_term_string}\"},\"query-input\":{\"@type\":\"PropertyValueSpecification\",\"valueRequired\":true,\"valueName\":\"search_term_string\"}}],\"inLanguage\":\"pt-BR\"},{\"@type\":\"Person\",\"@id\":\"https:\/\/radioportoseguro.com.br\/site\/#\/schema\/person\/7630acdc320186f13639d3c067ec089b\",\"name\":\"admin\",\"image\":{\"@type\":\"ImageObject\",\"inLanguage\":\"pt-BR\",\"@id\":\"https:\/\/radioportoseguro.com.br\/site\/#\/schema\/person\/image\/\",\"url\":\"https:\/\/secure.gravatar.com\/avatar\/caacf4dc1eedb68fab0df8e1ed46c448e578b2466351bbcb61e47d2ac0caaef0?s=96&d=mm&r=g\",\"contentUrl\":\"https:\/\/secure.gravatar.com\/avatar\/caacf4dc1eedb68fab0df8e1ed46c448e578b2466351bbcb61e47d2ac0caaef0?s=96&d=mm&r=g\",\"caption\":\"admin\"},\"sameAs\":[\"https:\/\/radioportoseguro.com.br\/site\"],\"url\":\"https:\/\/radioportoseguro.com.br\/site\/author\/hezio\/\"}]}<\/script>\n<!-- \/ Yoast SEO plugin. -->","yoast_head_json":{"title":"\u201cO problema da igreja n\u00e3o \u00e9 influ\u00eancia, \u00e9 car\u00e1ter\u201d, diz pastor sobre integridade de l\u00edderes - R\u00e1dio Porto Seguro","robots":{"index":"index","follow":"follow","max-snippet":"max-snippet:-1","max-image-preview":"max-image-preview:large","max-video-preview":"max-video-preview:-1"},"canonical":"https:\/\/radioportoseguro.com.br\/site\/2026\/04\/28\/o-problema-da-igreja-nao-e-influencia-e-carater-diz-pastor-sobre-integridade-de-lideres\/","og_locale":"pt_BR","og_type":"article","og_title":"\u201cO problema da igreja n\u00e3o \u00e9 influ\u00eancia, \u00e9 car\u00e1ter\u201d, diz pastor sobre integridade de l\u00edderes - R\u00e1dio Porto Seguro","og_description":"O pastor Marcos Madaleno afirmou que para a Igreja alcan\u00e7ar a nova gera\u00e7\u00e3o \u00e9 necess\u00e1rio que a integridade da lideran\u00e7a seja restaurada, durante prega\u00e7\u00e3o na Inspire Conference em Portugal, no \u00faltimo final de semana. Mais de 500 l\u00edderes de 15 pa\u00edses da Europa participaram do evento, promovido pela Rede Inspire, com o prop\u00f3sito de fortalecer [&hellip;]","og_url":"https:\/\/radioportoseguro.com.br\/site\/2026\/04\/28\/o-problema-da-igreja-nao-e-influencia-e-carater-diz-pastor-sobre-integridade-de-lideres\/","og_site_name":"R\u00e1dio Porto Seguro","article_published_time":"2026-04-28T15:58:52+00:00","og_image":[{"url":"https:\/\/thumbor.guiame.com.br\/unsafe\/smart\/https:\/\/media.guiame.com.br\/archives\/2026\/04\/27\/3372841343-.jpeg","type":"","width":"","height":""}],"author":"admin","twitter_card":"summary_large_image","twitter_misc":{"Escrito por":"admin","Est. tempo de leitura":"4 minutos"},"schema":{"@context":"https:\/\/schema.org","@graph":[{"@type":"Article","@id":"https:\/\/radioportoseguro.com.br\/site\/2026\/04\/28\/o-problema-da-igreja-nao-e-influencia-e-carater-diz-pastor-sobre-integridade-de-lideres\/#article","isPartOf":{"@id":"https:\/\/radioportoseguro.com.br\/site\/2026\/04\/28\/o-problema-da-igreja-nao-e-influencia-e-carater-diz-pastor-sobre-integridade-de-lideres\/"},"author":{"name":"admin","@id":"https:\/\/radioportoseguro.com.br\/site\/#\/schema\/person\/7630acdc320186f13639d3c067ec089b"},"headline":"\u201cO problema da igreja n\u00e3o \u00e9 influ\u00eancia, \u00e9 car\u00e1ter\u201d, diz pastor sobre integridade de l\u00edderes","datePublished":"2026-04-28T15:58:52+00:00","mainEntityOfPage":{"@id":"https:\/\/radioportoseguro.com.br\/site\/2026\/04\/28\/o-problema-da-igreja-nao-e-influencia-e-carater-diz-pastor-sobre-integridade-de-lideres\/"},"wordCount":784,"image":{"@id":"https:\/\/radioportoseguro.com.br\/site\/2026\/04\/28\/o-problema-da-igreja-nao-e-influencia-e-carater-diz-pastor-sobre-integridade-de-lideres\/#primaryimage"},"thumbnailUrl":"https:\/\/radioportoseguro.com.br\/site\/wp-content\/uploads\/2026\/04\/4276268189-marcos-madaleno.jpeg","articleSection":["Destaques"],"inLanguage":"pt-BR"},{"@type":"WebPage","@id":"https:\/\/radioportoseguro.com.br\/site\/2026\/04\/28\/o-problema-da-igreja-nao-e-influencia-e-carater-diz-pastor-sobre-integridade-de-lideres\/","url":"https:\/\/radioportoseguro.com.br\/site\/2026\/04\/28\/o-problema-da-igreja-nao-e-influencia-e-carater-diz-pastor-sobre-integridade-de-lideres\/","name":"\u201cO problema da igreja n\u00e3o \u00e9 influ\u00eancia, \u00e9 car\u00e1ter\u201d, diz pastor sobre integridade de l\u00edderes - R\u00e1dio Porto Seguro","isPartOf":{"@id":"https:\/\/radioportoseguro.com.br\/site\/#website"},"primaryImageOfPage":{"@id":"https:\/\/radioportoseguro.com.br\/site\/2026\/04\/28\/o-problema-da-igreja-nao-e-influencia-e-carater-diz-pastor-sobre-integridade-de-lideres\/#primaryimage"},"image":{"@id":"https:\/\/radioportoseguro.com.br\/site\/2026\/04\/28\/o-problema-da-igreja-nao-e-influencia-e-carater-diz-pastor-sobre-integridade-de-lideres\/#primaryimage"},"thumbnailUrl":"https:\/\/radioportoseguro.com.br\/site\/wp-content\/uploads\/2026\/04\/4276268189-marcos-madaleno.jpeg","datePublished":"2026-04-28T15:58:52+00:00","author":{"@id":"https:\/\/radioportoseguro.com.br\/site\/#\/schema\/person\/7630acdc320186f13639d3c067ec089b"},"breadcrumb":{"@id":"https:\/\/radioportoseguro.com.br\/site\/2026\/04\/28\/o-problema-da-igreja-nao-e-influencia-e-carater-diz-pastor-sobre-integridade-de-lideres\/#breadcrumb"},"inLanguage":"pt-BR","potentialAction":[{"@type":"ReadAction","target":["https:\/\/radioportoseguro.com.br\/site\/2026\/04\/28\/o-problema-da-igreja-nao-e-influencia-e-carater-diz-pastor-sobre-integridade-de-lideres\/"]}]},{"@type":"ImageObject","inLanguage":"pt-BR","@id":"https:\/\/radioportoseguro.com.br\/site\/2026\/04\/28\/o-problema-da-igreja-nao-e-influencia-e-carater-diz-pastor-sobre-integridade-de-lideres\/#primaryimage","url":"https:\/\/radioportoseguro.com.br\/site\/wp-content\/uploads\/2026\/04\/4276268189-marcos-madaleno.jpeg","contentUrl":"https:\/\/radioportoseguro.com.br\/site\/wp-content\/uploads\/2026\/04\/4276268189-marcos-madaleno.jpeg","width":1200,"height":600},{"@type":"BreadcrumbList","@id":"https:\/\/radioportoseguro.com.br\/site\/2026\/04\/28\/o-problema-da-igreja-nao-e-influencia-e-carater-diz-pastor-sobre-integridade-de-lideres\/#breadcrumb","itemListElement":[{"@type":"ListItem","position":1,"name":"In\u00edcio","item":"https:\/\/radioportoseguro.com.br\/site\/"},{"@type":"ListItem","position":2,"name":"\u201cO problema da igreja n\u00e3o \u00e9 influ\u00eancia, \u00e9 car\u00e1ter\u201d, diz pastor sobre integridade de l\u00edderes"}]},{"@type":"WebSite","@id":"https:\/\/radioportoseguro.com.br\/site\/#website","url":"https:\/\/radioportoseguro.com.br\/site\/","name":"R\u00e1dio Porto Seguro","description":"","potentialAction":[{"@type":"SearchAction","target":{"@type":"EntryPoint","urlTemplate":"https:\/\/radioportoseguro.com.br\/site\/?s={search_term_string}"},"query-input":{"@type":"PropertyValueSpecification","valueRequired":true,"valueName":"search_term_string"}}],"inLanguage":"pt-BR"},{"@type":"Person","@id":"https:\/\/radioportoseguro.com.br\/site\/#\/schema\/person\/7630acdc320186f13639d3c067ec089b","name":"admin","image":{"@type":"ImageObject","inLanguage":"pt-BR","@id":"https:\/\/radioportoseguro.com.br\/site\/#\/schema\/person\/image\/","url":"https:\/\/secure.gravatar.com\/avatar\/caacf4dc1eedb68fab0df8e1ed46c448e578b2466351bbcb61e47d2ac0caaef0?s=96&d=mm&r=g","contentUrl":"https:\/\/secure.gravatar.com\/avatar\/caacf4dc1eedb68fab0df8e1ed46c448e578b2466351bbcb61e47d2ac0caaef0?s=96&d=mm&r=g","caption":"admin"},"sameAs":["https:\/\/radioportoseguro.com.br\/site"],"url":"https:\/\/radioportoseguro.com.br\/site\/author\/hezio\/"}]}},"_links":{"self":[{"href":"https:\/\/radioportoseguro.com.br\/site\/wp-json\/wp\/v2\/posts\/6432","targetHints":{"allow":["GET"]}}],"collection":[{"href":"https:\/\/radioportoseguro.com.br\/site\/wp-json\/wp\/v2\/posts"}],"about":[{"href":"https:\/\/radioportoseguro.com.br\/site\/wp-json\/wp\/v2\/types\/post"}],"author":[{"embeddable":true,"href":"https:\/\/radioportoseguro.com.br\/site\/wp-json\/wp\/v2\/users\/1"}],"replies":[{"embeddable":true,"href":"https:\/\/radioportoseguro.com.br\/site\/wp-json\/wp\/v2\/comments?post=6432"}],"version-history":[{"count":0,"href":"https:\/\/radioportoseguro.com.br\/site\/wp-json\/wp\/v2\/posts\/6432\/revisions"}],"wp:featuredmedia":[{"embeddable":true,"href":"https:\/\/radioportoseguro.com.br\/site\/wp-json\/wp\/v2\/media\/6433"}],"wp:attachment":[{"href":"https:\/\/radioportoseguro.com.br\/site\/wp-json\/wp\/v2\/media?parent=6432"}],"wp:term":[{"taxonomy":"category","embeddable":true,"href":"https:\/\/radioportoseguro.com.br\/site\/wp-json\/wp\/v2\/categories?post=6432"},{"taxonomy":"post_tag","embeddable":true,"href":"https:\/\/radioportoseguro.com.br\/site\/wp-json\/wp\/v2\/tags?post=6432"}],"curies":[{"name":"wp","href":"https:\/\/api.w.org\/{rel}","templated":true}]}}