{"id":6439,"date":"2026-04-28T17:08:15","date_gmt":"2026-04-28T20:08:15","guid":{"rendered":"https:\/\/radioportoseguro.com.br\/site\/2026\/04\/28\/pastores-perseguidos-no-mexico-fortalecem-comunidades-com-distribuicao-de-biblias-em-audio\/"},"modified":"2026-04-28T17:08:15","modified_gmt":"2026-04-28T20:08:15","slug":"pastores-perseguidos-no-mexico-fortalecem-comunidades-com-distribuicao-de-biblias-em-audio","status":"publish","type":"post","link":"https:\/\/radioportoseguro.com.br\/site\/2026\/04\/28\/pastores-perseguidos-no-mexico-fortalecem-comunidades-com-distribuicao-de-biblias-em-audio\/","title":{"rendered":"Pastores perseguidos no M\u00e9xico fortalecem comunidades com distribui\u00e7\u00e3o de B\u00edblias em \u00e1udio"},"content":{"rendered":"<p><br \/>\n<br \/><\/p>\n<div>\n<p><span style=\"font-weight: 400;\">Apesar da viol\u00eancia e da resist\u00eancia ao Evangelho, pastores levam esperan\u00e7a a comunidades no <\/span><strong><span style=\"color: #993300;\">M\u00e9xico<\/span> <\/strong><span style=\"font-weight: 400;\">por meio da distribui\u00e7\u00e3o de B\u00edblias em \u00e1udio. Mesmo ap\u00f3s terem sido presos por sua f\u00e9, eles continuam servindo a Deus e testemunham o impacto das Escrituras na regi\u00e3o.\u00a0<\/span><\/p>\n<p><span style=\"font-weight: 400;\">H\u00e1 cerca de 30 anos, o pastor Mariano aceitou Jesus e iniciou seu minist\u00e9rio em uma comunidade de Zinacant\u00e1n, no estado de Chiapas, no sul do M\u00e9xico, mesmo enfrentando oposi\u00e7\u00e3o.\u00a0<\/span><\/p>\n<p><span style=\"font-weight: 400;\">Na \u00e9poca, Mariano era o \u00fanico crist\u00e3o em sua fam\u00edlia. Ainda assim, ele decidiu compartilhar o Evangelho com os moradores: \u201cQuando come\u00e7amos, eu estava sozinho\u201d, disse ele ao Global Christian Relief.\u00a0<\/span><\/p>\n<p><span style=\"font-weight: 400;\">Jos\u00e9, outro pastor que atuava na mesma comunidade, tamb\u00e9m falou sobre a oposi\u00e7\u00e3o da popula\u00e7\u00e3o contra o cistianismo:<\/span><\/p>\n<p><span style=\"font-weight: 400;\">\u201cEles n\u00e3o queriam a Palavra de Deus na comunidade. Mesmo que um estrangeiro chegue, eles n\u00e3o o deixam entrar\u201d.<\/span><\/p>\n<p><span style=\"font-weight: 400;\">Diante das dificuldades, Jos\u00e9 iniciou um minist\u00e9rio dom\u00e9stico com outros pastores no pa\u00eds. O primeiro culto ocorreu de forma tranquila, por\u00e9m, no domingo seguinte, \u201ca persegui\u00e7\u00e3o come\u00e7ou\u201d.\u00a0<\/span><\/p>\n<p><span style=\"font-weight: 400;\">Segundo Jos\u00e9, oito moradores invadiram o local e levaram ele, Mariano e outro pastor, identificado como Ant\u00f4nio, para a pris\u00e3o.\u00a0<\/span><\/p>\n<p><span style=\"font-weight: 400;\">Atualmente, apesar dos riscos, ele permanece na comunidade e segue \u00e0 frente da igreja que fundou: \u201cHoje h\u00e1 liberdade\u201d.<\/span><\/p>\n<p><span style=\"font-weight: 400;\">Tempos depois, Mariano tamb\u00e9m fundou uma nova igreja em uma comunidade semelhante. Hoje, sua fam\u00edlia tamb\u00e9m segue a Cristo.\u00a0<\/span><\/p>\n<p><span style=\"font-weight: 400;\">\u201cGra\u00e7as a Deus, minha esposa e meus filhos s\u00e3o crentes&#8221;, testemunhou ele.<\/span><\/p>\n<p><strong>B\u00edblias em \u00e1udio\u00a0<\/strong><\/p>\n<p><span style=\"font-weight: 400;\">Para apoiar o trabalho dos pastores, a organiza\u00e7\u00e3o Global Christian Relief passou a fornecer <\/span><span style=\"color: #993300;\"><strong>B\u00edblias em \u00e1udio<\/strong><\/span><span style=\"font-weight: 400;\"> distribu\u00eddas nas comunidades. Os dispositivos, movidos a energia solar, contam com cart\u00f5es de mem\u00f3ria contendo as Escrituras e permitem que pessoas n\u00e3o alfabetizadas compreendam a B\u00edblia.<\/span><\/p>\n<p><span style=\"font-weight: 400;\">Al\u00e9m disso, os dispositivos t\u00eam sido fundamentais para alcan\u00e7ar pessoas que n\u00e3o falam espanhol. Em regi\u00f5es onde predominam l\u00ednguas ind\u00edgenas, como o tzotzil e o tzeltal, os equipamentos possibilitam que moradores ou\u00e7am a B\u00edblia em seu pr\u00f3prio idioma \u2014 muitas vezes pela primeira vez.\u00a0<\/span><\/p>\n<p><span style=\"font-weight: 400;\">Para Jos\u00e9, ouvir a B\u00edblia em sua l\u00edngua materna foi marcante: \u201cFiquei muito feliz em ouvir a Palavra de Deus em tzotzil\u201d.\u00a0<\/span><\/p>\n<p><span style=\"font-weight: 400;\">Ele relatou que entregou os dispositivos a pessoas que \u201cn\u00e3o sabem ler nem falar espanhol\u201d, mas que tem interesse em ouvir a Palavra de Deus.\u00a0<\/span><\/p>\n<p><span style=\"font-weight: 400;\">Mariano demonstrou expectativa quanto aos frutos do Evangelho e destacou o impacto da iniciativa, especialmente entre mulheres que n\u00e3o sabem ler.\u00a0<\/span><\/p>\n<p><span style=\"font-weight: 400;\">\u201cGra\u00e7as a Deus que me enviaram B\u00edblias em \u00e1udio\u201d, afirmou ele.<\/span><\/p>\n<p><span style=\"font-weight: 400;\">Outro pastor testemunhou que presenteou um homem cego com uma B\u00edblia em \u00e1udio, &#8220;para que ele pudesse ouvir a Palavra de Deus&#8221;.<\/span><\/p>\n<p><span style=\"font-weight: 400;\">Conforme a miss\u00e3o Portas Abertas, a persegui\u00e7\u00e3o aos crist\u00e3os no M\u00e9xico est\u00e1 ligada, principalmente, \u00e0 atua\u00e7\u00e3o de grupos criminosos e \u00e0 intoler\u00e2ncia em comunidades ind\u00edgenas.\u00a0<\/span><\/p>\n<p><span style=\"font-weight: 400;\">Em regi\u00f5es dominadas por cart\u00e9is, l\u00edderes e fi\u00e9is ficam expostos a amea\u00e7as, sequestros e viol\u00eancia, sem prote\u00e7\u00e3o efetiva do Estado. J\u00e1 em \u00e1reas ind\u00edgenas, convertidos ao cristianismo podem sofrer discrimina\u00e7\u00e3o, multas, expuls\u00e3o e at\u00e9 pris\u00e3o por abandonarem tradi\u00e7\u00f5es locais.\u00a0<\/span><\/p>\n<p><span style=\"font-weight: 400;\">O M\u00e9xico ficou novamente em 30\u00ba lugar na<\/span> <span style=\"color: #993300;\"><strong>Lista Mundial de Vigil\u00e2ncia 2026 da Portas Abertas<\/strong><\/span><span style=\"font-weight: 400;\">, que avalia a persegui\u00e7\u00e3o enfrentada por crist\u00e3os em todo o mundo. <\/span><\/p>\n<\/div>\n<p><br \/>\n<br \/>Fonte: Guiame <\/p>\n","protected":false},"excerpt":{"rendered":"<p>Apesar da viol\u00eancia e da resist\u00eancia ao Evangelho, pastores levam esperan\u00e7a a comunidades no M\u00e9xico por meio da distribui\u00e7\u00e3o de B\u00edblias em \u00e1udio. Mesmo ap\u00f3s terem sido presos por sua f\u00e9, eles continuam servindo a Deus e testemunham o impacto das Escrituras na regi\u00e3o.\u00a0 H\u00e1 cerca de 30 anos, o pastor Mariano aceitou Jesus e [&hellip;]<\/p>\n","protected":false},"author":1,"featured_media":6440,"comment_status":"","ping_status":"open","sticky":false,"template":"","format":"standard","meta":{"footnotes":""},"categories":[43],"tags":[],"class_list":["post-6439","post","type-post","status-publish","format-standard","has-post-thumbnail","hentry","category-destaques"],"yoast_head":"<!-- This site is optimized with the Yoast SEO plugin v26.8 - https:\/\/yoast.com\/product\/yoast-seo-wordpress\/ -->\n<title>Pastores perseguidos no M\u00e9xico fortalecem comunidades com distribui\u00e7\u00e3o de B\u00edblias em \u00e1udio - R\u00e1dio Porto Seguro<\/title>\n<meta name=\"robots\" content=\"index, follow, max-snippet:-1, max-image-preview:large, max-video-preview:-1\" \/>\n<link rel=\"canonical\" href=\"https:\/\/radioportoseguro.com.br\/site\/2026\/04\/28\/pastores-perseguidos-no-mexico-fortalecem-comunidades-com-distribuicao-de-biblias-em-audio\/\" \/>\n<meta property=\"og:locale\" content=\"pt_BR\" \/>\n<meta property=\"og:type\" content=\"article\" \/>\n<meta property=\"og:title\" content=\"Pastores perseguidos no M\u00e9xico fortalecem comunidades com distribui\u00e7\u00e3o de B\u00edblias em \u00e1udio - R\u00e1dio Porto Seguro\" \/>\n<meta property=\"og:description\" content=\"Apesar da viol\u00eancia e da resist\u00eancia ao Evangelho, pastores levam esperan\u00e7a a comunidades no M\u00e9xico por meio da distribui\u00e7\u00e3o de B\u00edblias em \u00e1udio. Mesmo ap\u00f3s terem sido presos por sua f\u00e9, eles continuam servindo a Deus e testemunham o impacto das Escrituras na regi\u00e3o.\u00a0 H\u00e1 cerca de 30 anos, o pastor Mariano aceitou Jesus e [&hellip;]\" \/>\n<meta property=\"og:url\" content=\"https:\/\/radioportoseguro.com.br\/site\/2026\/04\/28\/pastores-perseguidos-no-mexico-fortalecem-comunidades-com-distribuicao-de-biblias-em-audio\/\" \/>\n<meta property=\"og:site_name\" content=\"R\u00e1dio Porto Seguro\" \/>\n<meta property=\"article:published_time\" content=\"2026-04-28T20:08:15+00:00\" \/>\n<meta property=\"og:image\" content=\"https:\/\/media.guiame.com.br\/archives\/2026\/04\/27\/976738948-biblia-em-audio.jpeg\" \/>\n<meta name=\"author\" content=\"admin\" \/>\n<meta name=\"twitter:card\" content=\"summary_large_image\" \/>\n<meta name=\"twitter:label1\" content=\"Escrito por\" \/>\n\t<meta name=\"twitter:data1\" content=\"admin\" \/>\n\t<meta name=\"twitter:label2\" content=\"Est. tempo de leitura\" \/>\n\t<meta name=\"twitter:data2\" content=\"3 minutos\" \/>\n<script type=\"application\/ld+json\" class=\"yoast-schema-graph\">{\"@context\":\"https:\/\/schema.org\",\"@graph\":[{\"@type\":\"Article\",\"@id\":\"https:\/\/radioportoseguro.com.br\/site\/2026\/04\/28\/pastores-perseguidos-no-mexico-fortalecem-comunidades-com-distribuicao-de-biblias-em-audio\/#article\",\"isPartOf\":{\"@id\":\"https:\/\/radioportoseguro.com.br\/site\/2026\/04\/28\/pastores-perseguidos-no-mexico-fortalecem-comunidades-com-distribuicao-de-biblias-em-audio\/\"},\"author\":{\"name\":\"admin\",\"@id\":\"https:\/\/radioportoseguro.com.br\/site\/#\/schema\/person\/7630acdc320186f13639d3c067ec089b\"},\"headline\":\"Pastores perseguidos no M\u00e9xico fortalecem comunidades com distribui\u00e7\u00e3o de B\u00edblias em \u00e1udio\",\"datePublished\":\"2026-04-28T20:08:15+00:00\",\"mainEntityOfPage\":{\"@id\":\"https:\/\/radioportoseguro.com.br\/site\/2026\/04\/28\/pastores-perseguidos-no-mexico-fortalecem-comunidades-com-distribuicao-de-biblias-em-audio\/\"},\"wordCount\":614,\"image\":{\"@id\":\"https:\/\/radioportoseguro.com.br\/site\/2026\/04\/28\/pastores-perseguidos-no-mexico-fortalecem-comunidades-com-distribuicao-de-biblias-em-audio\/#primaryimage\"},\"thumbnailUrl\":\"https:\/\/radioportoseguro.com.br\/site\/wp-content\/uploads\/2026\/04\/976738948-biblia-em-audio.jpeg\",\"articleSection\":[\"Destaques\"],\"inLanguage\":\"pt-BR\"},{\"@type\":\"WebPage\",\"@id\":\"https:\/\/radioportoseguro.com.br\/site\/2026\/04\/28\/pastores-perseguidos-no-mexico-fortalecem-comunidades-com-distribuicao-de-biblias-em-audio\/\",\"url\":\"https:\/\/radioportoseguro.com.br\/site\/2026\/04\/28\/pastores-perseguidos-no-mexico-fortalecem-comunidades-com-distribuicao-de-biblias-em-audio\/\",\"name\":\"Pastores perseguidos no M\u00e9xico fortalecem comunidades com distribui\u00e7\u00e3o de B\u00edblias em \u00e1udio - R\u00e1dio Porto Seguro\",\"isPartOf\":{\"@id\":\"https:\/\/radioportoseguro.com.br\/site\/#website\"},\"primaryImageOfPage\":{\"@id\":\"https:\/\/radioportoseguro.com.br\/site\/2026\/04\/28\/pastores-perseguidos-no-mexico-fortalecem-comunidades-com-distribuicao-de-biblias-em-audio\/#primaryimage\"},\"image\":{\"@id\":\"https:\/\/radioportoseguro.com.br\/site\/2026\/04\/28\/pastores-perseguidos-no-mexico-fortalecem-comunidades-com-distribuicao-de-biblias-em-audio\/#primaryimage\"},\"thumbnailUrl\":\"https:\/\/radioportoseguro.com.br\/site\/wp-content\/uploads\/2026\/04\/976738948-biblia-em-audio.jpeg\",\"datePublished\":\"2026-04-28T20:08:15+00:00\",\"author\":{\"@id\":\"https:\/\/radioportoseguro.com.br\/site\/#\/schema\/person\/7630acdc320186f13639d3c067ec089b\"},\"breadcrumb\":{\"@id\":\"https:\/\/radioportoseguro.com.br\/site\/2026\/04\/28\/pastores-perseguidos-no-mexico-fortalecem-comunidades-com-distribuicao-de-biblias-em-audio\/#breadcrumb\"},\"inLanguage\":\"pt-BR\",\"potentialAction\":[{\"@type\":\"ReadAction\",\"target\":[\"https:\/\/radioportoseguro.com.br\/site\/2026\/04\/28\/pastores-perseguidos-no-mexico-fortalecem-comunidades-com-distribuicao-de-biblias-em-audio\/\"]}]},{\"@type\":\"ImageObject\",\"inLanguage\":\"pt-BR\",\"@id\":\"https:\/\/radioportoseguro.com.br\/site\/2026\/04\/28\/pastores-perseguidos-no-mexico-fortalecem-comunidades-com-distribuicao-de-biblias-em-audio\/#primaryimage\",\"url\":\"https:\/\/radioportoseguro.com.br\/site\/wp-content\/uploads\/2026\/04\/976738948-biblia-em-audio.jpeg\",\"contentUrl\":\"https:\/\/radioportoseguro.com.br\/site\/wp-content\/uploads\/2026\/04\/976738948-biblia-em-audio.jpeg\",\"width\":1200,\"height\":600},{\"@type\":\"BreadcrumbList\",\"@id\":\"https:\/\/radioportoseguro.com.br\/site\/2026\/04\/28\/pastores-perseguidos-no-mexico-fortalecem-comunidades-com-distribuicao-de-biblias-em-audio\/#breadcrumb\",\"itemListElement\":[{\"@type\":\"ListItem\",\"position\":1,\"name\":\"In\u00edcio\",\"item\":\"https:\/\/radioportoseguro.com.br\/site\/\"},{\"@type\":\"ListItem\",\"position\":2,\"name\":\"Pastores perseguidos no M\u00e9xico fortalecem comunidades com distribui\u00e7\u00e3o de B\u00edblias em \u00e1udio\"}]},{\"@type\":\"WebSite\",\"@id\":\"https:\/\/radioportoseguro.com.br\/site\/#website\",\"url\":\"https:\/\/radioportoseguro.com.br\/site\/\",\"name\":\"R\u00e1dio Porto Seguro\",\"description\":\"\",\"potentialAction\":[{\"@type\":\"SearchAction\",\"target\":{\"@type\":\"EntryPoint\",\"urlTemplate\":\"https:\/\/radioportoseguro.com.br\/site\/?s={search_term_string}\"},\"query-input\":{\"@type\":\"PropertyValueSpecification\",\"valueRequired\":true,\"valueName\":\"search_term_string\"}}],\"inLanguage\":\"pt-BR\"},{\"@type\":\"Person\",\"@id\":\"https:\/\/radioportoseguro.com.br\/site\/#\/schema\/person\/7630acdc320186f13639d3c067ec089b\",\"name\":\"admin\",\"image\":{\"@type\":\"ImageObject\",\"inLanguage\":\"pt-BR\",\"@id\":\"https:\/\/radioportoseguro.com.br\/site\/#\/schema\/person\/image\/\",\"url\":\"https:\/\/secure.gravatar.com\/avatar\/caacf4dc1eedb68fab0df8e1ed46c448e578b2466351bbcb61e47d2ac0caaef0?s=96&d=mm&r=g\",\"contentUrl\":\"https:\/\/secure.gravatar.com\/avatar\/caacf4dc1eedb68fab0df8e1ed46c448e578b2466351bbcb61e47d2ac0caaef0?s=96&d=mm&r=g\",\"caption\":\"admin\"},\"sameAs\":[\"https:\/\/radioportoseguro.com.br\/site\"],\"url\":\"https:\/\/radioportoseguro.com.br\/site\/author\/hezio\/\"}]}<\/script>\n<!-- \/ Yoast SEO plugin. -->","yoast_head_json":{"title":"Pastores perseguidos no M\u00e9xico fortalecem comunidades com distribui\u00e7\u00e3o de B\u00edblias em \u00e1udio - R\u00e1dio Porto Seguro","robots":{"index":"index","follow":"follow","max-snippet":"max-snippet:-1","max-image-preview":"max-image-preview:large","max-video-preview":"max-video-preview:-1"},"canonical":"https:\/\/radioportoseguro.com.br\/site\/2026\/04\/28\/pastores-perseguidos-no-mexico-fortalecem-comunidades-com-distribuicao-de-biblias-em-audio\/","og_locale":"pt_BR","og_type":"article","og_title":"Pastores perseguidos no M\u00e9xico fortalecem comunidades com distribui\u00e7\u00e3o de B\u00edblias em \u00e1udio - R\u00e1dio Porto Seguro","og_description":"Apesar da viol\u00eancia e da resist\u00eancia ao Evangelho, pastores levam esperan\u00e7a a comunidades no M\u00e9xico por meio da distribui\u00e7\u00e3o de B\u00edblias em \u00e1udio. Mesmo ap\u00f3s terem sido presos por sua f\u00e9, eles continuam servindo a Deus e testemunham o impacto das Escrituras na regi\u00e3o.\u00a0 H\u00e1 cerca de 30 anos, o pastor Mariano aceitou Jesus e [&hellip;]","og_url":"https:\/\/radioportoseguro.com.br\/site\/2026\/04\/28\/pastores-perseguidos-no-mexico-fortalecem-comunidades-com-distribuicao-de-biblias-em-audio\/","og_site_name":"R\u00e1dio Porto Seguro","article_published_time":"2026-04-28T20:08:15+00:00","og_image":[{"url":"https:\/\/media.guiame.com.br\/archives\/2026\/04\/27\/976738948-biblia-em-audio.jpeg","type":"","width":"","height":""}],"author":"admin","twitter_card":"summary_large_image","twitter_misc":{"Escrito por":"admin","Est. tempo de leitura":"3 minutos"},"schema":{"@context":"https:\/\/schema.org","@graph":[{"@type":"Article","@id":"https:\/\/radioportoseguro.com.br\/site\/2026\/04\/28\/pastores-perseguidos-no-mexico-fortalecem-comunidades-com-distribuicao-de-biblias-em-audio\/#article","isPartOf":{"@id":"https:\/\/radioportoseguro.com.br\/site\/2026\/04\/28\/pastores-perseguidos-no-mexico-fortalecem-comunidades-com-distribuicao-de-biblias-em-audio\/"},"author":{"name":"admin","@id":"https:\/\/radioportoseguro.com.br\/site\/#\/schema\/person\/7630acdc320186f13639d3c067ec089b"},"headline":"Pastores perseguidos no M\u00e9xico fortalecem comunidades com distribui\u00e7\u00e3o de B\u00edblias em \u00e1udio","datePublished":"2026-04-28T20:08:15+00:00","mainEntityOfPage":{"@id":"https:\/\/radioportoseguro.com.br\/site\/2026\/04\/28\/pastores-perseguidos-no-mexico-fortalecem-comunidades-com-distribuicao-de-biblias-em-audio\/"},"wordCount":614,"image":{"@id":"https:\/\/radioportoseguro.com.br\/site\/2026\/04\/28\/pastores-perseguidos-no-mexico-fortalecem-comunidades-com-distribuicao-de-biblias-em-audio\/#primaryimage"},"thumbnailUrl":"https:\/\/radioportoseguro.com.br\/site\/wp-content\/uploads\/2026\/04\/976738948-biblia-em-audio.jpeg","articleSection":["Destaques"],"inLanguage":"pt-BR"},{"@type":"WebPage","@id":"https:\/\/radioportoseguro.com.br\/site\/2026\/04\/28\/pastores-perseguidos-no-mexico-fortalecem-comunidades-com-distribuicao-de-biblias-em-audio\/","url":"https:\/\/radioportoseguro.com.br\/site\/2026\/04\/28\/pastores-perseguidos-no-mexico-fortalecem-comunidades-com-distribuicao-de-biblias-em-audio\/","name":"Pastores perseguidos no M\u00e9xico fortalecem comunidades com distribui\u00e7\u00e3o de B\u00edblias em \u00e1udio - R\u00e1dio Porto Seguro","isPartOf":{"@id":"https:\/\/radioportoseguro.com.br\/site\/#website"},"primaryImageOfPage":{"@id":"https:\/\/radioportoseguro.com.br\/site\/2026\/04\/28\/pastores-perseguidos-no-mexico-fortalecem-comunidades-com-distribuicao-de-biblias-em-audio\/#primaryimage"},"image":{"@id":"https:\/\/radioportoseguro.com.br\/site\/2026\/04\/28\/pastores-perseguidos-no-mexico-fortalecem-comunidades-com-distribuicao-de-biblias-em-audio\/#primaryimage"},"thumbnailUrl":"https:\/\/radioportoseguro.com.br\/site\/wp-content\/uploads\/2026\/04\/976738948-biblia-em-audio.jpeg","datePublished":"2026-04-28T20:08:15+00:00","author":{"@id":"https:\/\/radioportoseguro.com.br\/site\/#\/schema\/person\/7630acdc320186f13639d3c067ec089b"},"breadcrumb":{"@id":"https:\/\/radioportoseguro.com.br\/site\/2026\/04\/28\/pastores-perseguidos-no-mexico-fortalecem-comunidades-com-distribuicao-de-biblias-em-audio\/#breadcrumb"},"inLanguage":"pt-BR","potentialAction":[{"@type":"ReadAction","target":["https:\/\/radioportoseguro.com.br\/site\/2026\/04\/28\/pastores-perseguidos-no-mexico-fortalecem-comunidades-com-distribuicao-de-biblias-em-audio\/"]}]},{"@type":"ImageObject","inLanguage":"pt-BR","@id":"https:\/\/radioportoseguro.com.br\/site\/2026\/04\/28\/pastores-perseguidos-no-mexico-fortalecem-comunidades-com-distribuicao-de-biblias-em-audio\/#primaryimage","url":"https:\/\/radioportoseguro.com.br\/site\/wp-content\/uploads\/2026\/04\/976738948-biblia-em-audio.jpeg","contentUrl":"https:\/\/radioportoseguro.com.br\/site\/wp-content\/uploads\/2026\/04\/976738948-biblia-em-audio.jpeg","width":1200,"height":600},{"@type":"BreadcrumbList","@id":"https:\/\/radioportoseguro.com.br\/site\/2026\/04\/28\/pastores-perseguidos-no-mexico-fortalecem-comunidades-com-distribuicao-de-biblias-em-audio\/#breadcrumb","itemListElement":[{"@type":"ListItem","position":1,"name":"In\u00edcio","item":"https:\/\/radioportoseguro.com.br\/site\/"},{"@type":"ListItem","position":2,"name":"Pastores perseguidos no M\u00e9xico fortalecem comunidades com distribui\u00e7\u00e3o de B\u00edblias em \u00e1udio"}]},{"@type":"WebSite","@id":"https:\/\/radioportoseguro.com.br\/site\/#website","url":"https:\/\/radioportoseguro.com.br\/site\/","name":"R\u00e1dio Porto Seguro","description":"","potentialAction":[{"@type":"SearchAction","target":{"@type":"EntryPoint","urlTemplate":"https:\/\/radioportoseguro.com.br\/site\/?s={search_term_string}"},"query-input":{"@type":"PropertyValueSpecification","valueRequired":true,"valueName":"search_term_string"}}],"inLanguage":"pt-BR"},{"@type":"Person","@id":"https:\/\/radioportoseguro.com.br\/site\/#\/schema\/person\/7630acdc320186f13639d3c067ec089b","name":"admin","image":{"@type":"ImageObject","inLanguage":"pt-BR","@id":"https:\/\/radioportoseguro.com.br\/site\/#\/schema\/person\/image\/","url":"https:\/\/secure.gravatar.com\/avatar\/caacf4dc1eedb68fab0df8e1ed46c448e578b2466351bbcb61e47d2ac0caaef0?s=96&d=mm&r=g","contentUrl":"https:\/\/secure.gravatar.com\/avatar\/caacf4dc1eedb68fab0df8e1ed46c448e578b2466351bbcb61e47d2ac0caaef0?s=96&d=mm&r=g","caption":"admin"},"sameAs":["https:\/\/radioportoseguro.com.br\/site"],"url":"https:\/\/radioportoseguro.com.br\/site\/author\/hezio\/"}]}},"_links":{"self":[{"href":"https:\/\/radioportoseguro.com.br\/site\/wp-json\/wp\/v2\/posts\/6439","targetHints":{"allow":["GET"]}}],"collection":[{"href":"https:\/\/radioportoseguro.com.br\/site\/wp-json\/wp\/v2\/posts"}],"about":[{"href":"https:\/\/radioportoseguro.com.br\/site\/wp-json\/wp\/v2\/types\/post"}],"author":[{"embeddable":true,"href":"https:\/\/radioportoseguro.com.br\/site\/wp-json\/wp\/v2\/users\/1"}],"replies":[{"embeddable":true,"href":"https:\/\/radioportoseguro.com.br\/site\/wp-json\/wp\/v2\/comments?post=6439"}],"version-history":[{"count":0,"href":"https:\/\/radioportoseguro.com.br\/site\/wp-json\/wp\/v2\/posts\/6439\/revisions"}],"wp:featuredmedia":[{"embeddable":true,"href":"https:\/\/radioportoseguro.com.br\/site\/wp-json\/wp\/v2\/media\/6440"}],"wp:attachment":[{"href":"https:\/\/radioportoseguro.com.br\/site\/wp-json\/wp\/v2\/media?parent=6439"}],"wp:term":[{"taxonomy":"category","embeddable":true,"href":"https:\/\/radioportoseguro.com.br\/site\/wp-json\/wp\/v2\/categories?post=6439"},{"taxonomy":"post_tag","embeddable":true,"href":"https:\/\/radioportoseguro.com.br\/site\/wp-json\/wp\/v2\/tags?post=6439"}],"curies":[{"name":"wp","href":"https:\/\/api.w.org\/{rel}","templated":true}]}}