{"id":6444,"date":"2026-04-28T19:14:02","date_gmt":"2026-04-28T22:14:02","guid":{"rendered":"https:\/\/radioportoseguro.com.br\/site\/2026\/04\/28\/pressao-alta-um-a-cada-quatro-adultos-no-brasil-convive-com-a-condicao\/"},"modified":"2026-04-28T19:14:02","modified_gmt":"2026-04-28T22:14:02","slug":"pressao-alta-um-a-cada-quatro-adultos-no-brasil-convive-com-a-condicao","status":"publish","type":"post","link":"https:\/\/radioportoseguro.com.br\/site\/2026\/04\/28\/pressao-alta-um-a-cada-quatro-adultos-no-brasil-convive-com-a-condicao\/","title":{"rendered":"Press\u00e3o Alta: um a cada quatro adultos no Brasil convive com a condi\u00e7\u00e3o"},"content":{"rendered":"<p><br \/>\n<br \/><\/p>\n<div>\n<p><span class=\"news_capital_letter\">A<\/span> hipertens\u00e3o arterial, ou press\u00e3o alta,\u200b \u200bpode\u200b n\u00e3o \u200bapresentar\u200b si\u200bntomas\u200b evidentes em seus est\u00e1gios iniciais, evoluindo de forma silenciosa ao longo do tempo.\u200b \u200b\u200bEssa\u200b\u200b\u200b \u200bcondi\u00e7\u00e3o cr\u00f4nica\u200b\u200b \u200b\u200bafeta cerca de 28% dos adultos no Brasil, segundo o Minist\u00e9rio da Sa\u00fade, \u200b\u200be \u00e9\u200b\u200b um dos principais fatores de risco para eventos cardiovasculares graves.\u200b \u200b<\/p>\n<p>A doen\u00e7a \u00e9 caracterizada pela eleva\u00e7\u00e3o persistente da press\u00e3o sangu\u00ednea nas art\u00e9rias e est\u00e1 intrinsecamente ligada ao desenvolvimento de complica\u00e7\u00f5es severas, como infarto, acidente vascular cerebral (AVC), insufici\u00eancia card\u00edaca e doen\u00e7a renal cr\u00f4nica.<\/p>\n<p>O grande desafio reside em sua natureza assintom\u00e1tica. <span class=\"news_bold news_italic\">&#8220;Muitos pacientes s\u00f3 descobrem em fases avan\u00e7adas, quando os danos j\u00e1 podem ser significativos. Esse atraso no diagn\u00f3stico eleva drasticamente o risco de eventos cardiovasculares e de les\u00f5es em \u00f3rg\u00e3os vitais, como cora\u00e7\u00e3o, rins e c\u00e9rebro&#8221;<\/span>, \u200b\u200besclarece\u200b\u200b\u200b\u200b \u200b\u200ba cardiologista Lilian Carvalheiro, d\u200b\u200ba\u200b\u200b\u200b \u200bAMA Especialidades Jardim S\u00e3o Luiz, unidade gerenciada pelo CEJAM \u2013 Centro de Estudos e Pesquisas \u201cDr. Jo\u00e3o Amorim\u201d\u200b em parceria com a Secretaria Municipal da Sa\u00fade de S\u00e3o Paulo (SMS-SP)\u200b.<\/p>\n<p>Fatores como predisposi\u00e7\u00e3o gen\u00e9tica, dieta inadequada \u2014 rica em s\u00f3dio e ultraprocessados \u2014, sedentarismo, sobrepeso, consumo de \u00e1lcool e tabagismo s\u00e3o os principais gatilhos para o desenvolvimento da hipertens\u00e3o. Diante disso, a aferi\u00e7\u00e3o regular da press\u00e3o arterial \u00e9 a ferramenta mais eficaz para a detec\u00e7\u00e3o precoce, mesmo na aus\u00eancia de sintomas.<\/p>\n<p><span class=\"news_bold news_italic\">&#8220;O tratamento vai al\u00e9m da medica\u00e7\u00e3o. A ades\u00e3o a um estilo de vida saud\u00e1vel e o acompanhamento m\u00e9dico cont\u00ednuo s\u00e3o pilares para avaliar a resposta terap\u00eautica e realizar os ajustes necess\u00e1rios. A condi\u00e7\u00e3o exige vigil\u00e2ncia constante, pois seu controle inadequado pode resultar em complica\u00e7\u00f5es progressivas&#8221;<\/span>, refor\u00e7a a especialista.<\/p>\n<p>Para enfrentar este desafio de sa\u00fade p\u00fablica, o CEJAM \u200b\u200bpossui\u200b\u200b\u200b\u200b \u200b\u200buma linha de cuidados espec\u00edfica para a hipertens\u00e3o, que organiza o acompanhamento do paciente de forma integrada e cont\u00ednua na Rede de Aten\u00e7\u00e3o \u00e0 Sa\u00fade.<\/p>\n<p><span class=\"news_bold news_italic\">\u201cEste modelo permite um acompanhamento longitudinal e baseado no risco de cada indiv\u00edduo. Ao fortalecer o v\u00ednculo entre o paciente e a equipe de sa\u00fade, desde o diagn\u00f3stico at\u00e9 o controle da doen\u00e7a, contribu\u00edmos diretamente para a preven\u00e7\u00e3o de complica\u00e7\u00f5es e para a melhoria da qualidade de vida\u201d<\/span>, destaca Poliana de Lima, gerente da UBS Jardim Coimbra \u2014 unidade que tamb\u00e9m \u00e9 administrada pelo CEJAM em parceria com a SMS-SP.<\/p>\n<p>\u200b\u200bNa pr\u00e1tica, o fluxo assistencial abrange a identifica\u00e7\u00e3o ativa de pacientes, aferi\u00e7\u00e3o peri\u00f3dica da press\u00e3o, consultas m\u00e9dicas e de enfermagem, e orienta\u00e7\u00f5es com equipes multiprofissionais. Casos de maior complexidade s\u00e3o encaminhados a especialistas, mas sempre com a Aten\u00e7\u00e3o Prim\u00e1ria coordenando o cuidado. \u200b\u200bEsse acompanhamento contribui para a redu\u00e7\u00e3o de agravos e para a promo\u00e7\u00e3o do bem-estar dos pacientes.\u200b\u200b\u200b<\/p>\n<p>Leia Tamb\u00e9m: Tosse, febre e coriza: doen\u00e7as respirat\u00f3rias aumentam no outono<\/p>\n<p>\u00a0<\/p>\n<\/p><\/div>\n<p><br \/>\n<br \/>Fonte: Not\u00edcias Ao Minuto<\/p>\n","protected":false},"excerpt":{"rendered":"<p>A hipertens\u00e3o arterial, ou press\u00e3o alta,\u200b \u200bpode\u200b n\u00e3o \u200bapresentar\u200b si\u200bntomas\u200b evidentes em seus est\u00e1gios iniciais, evoluindo de forma silenciosa ao longo do tempo.\u200b \u200b\u200bEssa\u200b\u200b\u200b \u200bcondi\u00e7\u00e3o cr\u00f4nica\u200b\u200b \u200b\u200bafeta cerca de 28% dos adultos no Brasil, segundo o Minist\u00e9rio da Sa\u00fade, \u200b\u200be \u00e9\u200b\u200b um dos principais fatores de risco para eventos cardiovasculares graves.\u200b \u200b A doen\u00e7a \u00e9 [&hellip;]<\/p>\n","protected":false},"author":1,"featured_media":4865,"comment_status":"","ping_status":"open","sticky":false,"template":"","format":"standard","meta":{"footnotes":""},"categories":[44],"tags":[],"class_list":["post-6444","post","type-post","status-publish","format-standard","has-post-thumbnail","hentry","category-vida-estilo"],"yoast_head":"<!-- This site is optimized with the Yoast SEO plugin v26.8 - https:\/\/yoast.com\/product\/yoast-seo-wordpress\/ -->\n<title>Press\u00e3o Alta: um a cada quatro adultos no Brasil convive com a condi\u00e7\u00e3o - R\u00e1dio Porto Seguro<\/title>\n<meta name=\"robots\" content=\"index, follow, max-snippet:-1, max-image-preview:large, max-video-preview:-1\" \/>\n<link rel=\"canonical\" href=\"https:\/\/radioportoseguro.com.br\/site\/2026\/04\/28\/pressao-alta-um-a-cada-quatro-adultos-no-brasil-convive-com-a-condicao\/\" \/>\n<meta property=\"og:locale\" content=\"pt_BR\" \/>\n<meta property=\"og:type\" content=\"article\" \/>\n<meta property=\"og:title\" content=\"Press\u00e3o Alta: um a cada quatro adultos no Brasil convive com a condi\u00e7\u00e3o - R\u00e1dio Porto Seguro\" \/>\n<meta property=\"og:description\" content=\"A hipertens\u00e3o arterial, ou press\u00e3o alta,\u200b \u200bpode\u200b n\u00e3o \u200bapresentar\u200b si\u200bntomas\u200b evidentes em seus est\u00e1gios iniciais, evoluindo de forma silenciosa ao longo do tempo.\u200b \u200b\u200bEssa\u200b\u200b\u200b \u200bcondi\u00e7\u00e3o cr\u00f4nica\u200b\u200b \u200b\u200bafeta cerca de 28% dos adultos no Brasil, segundo o Minist\u00e9rio da Sa\u00fade, \u200b\u200be \u00e9\u200b\u200b um dos principais fatores de risco para eventos cardiovasculares graves.\u200b \u200b A doen\u00e7a \u00e9 [&hellip;]\" \/>\n<meta property=\"og:url\" content=\"https:\/\/radioportoseguro.com.br\/site\/2026\/04\/28\/pressao-alta-um-a-cada-quatro-adultos-no-brasil-convive-com-a-condicao\/\" \/>\n<meta property=\"og:site_name\" content=\"R\u00e1dio Porto Seguro\" \/>\n<meta property=\"article:published_time\" content=\"2026-04-28T22:14:02+00:00\" \/>\n<meta property=\"og:image\" content=\"https:\/\/media-manager.noticiasaominuto.com.br\/640\/naom_69aeefd25e54b.webp\" \/>\n<meta name=\"author\" content=\"admin\" \/>\n<meta name=\"twitter:card\" content=\"summary_large_image\" \/>\n<meta name=\"twitter:label1\" content=\"Escrito por\" \/>\n\t<meta name=\"twitter:data1\" content=\"admin\" \/>\n\t<meta name=\"twitter:label2\" content=\"Est. tempo de leitura\" \/>\n\t<meta name=\"twitter:data2\" content=\"3 minutos\" \/>\n<script type=\"application\/ld+json\" class=\"yoast-schema-graph\">{\"@context\":\"https:\/\/schema.org\",\"@graph\":[{\"@type\":\"Article\",\"@id\":\"https:\/\/radioportoseguro.com.br\/site\/2026\/04\/28\/pressao-alta-um-a-cada-quatro-adultos-no-brasil-convive-com-a-condicao\/#article\",\"isPartOf\":{\"@id\":\"https:\/\/radioportoseguro.com.br\/site\/2026\/04\/28\/pressao-alta-um-a-cada-quatro-adultos-no-brasil-convive-com-a-condicao\/\"},\"author\":{\"name\":\"admin\",\"@id\":\"https:\/\/radioportoseguro.com.br\/site\/#\/schema\/person\/7630acdc320186f13639d3c067ec089b\"},\"headline\":\"Press\u00e3o Alta: um a cada quatro adultos no Brasil convive com a condi\u00e7\u00e3o\",\"datePublished\":\"2026-04-28T22:14:02+00:00\",\"mainEntityOfPage\":{\"@id\":\"https:\/\/radioportoseguro.com.br\/site\/2026\/04\/28\/pressao-alta-um-a-cada-quatro-adultos-no-brasil-convive-com-a-condicao\/\"},\"wordCount\":533,\"image\":{\"@id\":\"https:\/\/radioportoseguro.com.br\/site\/2026\/04\/28\/pressao-alta-um-a-cada-quatro-adultos-no-brasil-convive-com-a-condicao\/#primaryimage\"},\"thumbnailUrl\":\"https:\/\/radioportoseguro.com.br\/site\/wp-content\/uploads\/2026\/03\/naom_69aeefd25e54b.webp.webp\",\"articleSection\":[\"Vida &amp; Estilo\"],\"inLanguage\":\"pt-BR\"},{\"@type\":\"WebPage\",\"@id\":\"https:\/\/radioportoseguro.com.br\/site\/2026\/04\/28\/pressao-alta-um-a-cada-quatro-adultos-no-brasil-convive-com-a-condicao\/\",\"url\":\"https:\/\/radioportoseguro.com.br\/site\/2026\/04\/28\/pressao-alta-um-a-cada-quatro-adultos-no-brasil-convive-com-a-condicao\/\",\"name\":\"Press\u00e3o Alta: um a cada quatro adultos no Brasil convive com a condi\u00e7\u00e3o - R\u00e1dio Porto Seguro\",\"isPartOf\":{\"@id\":\"https:\/\/radioportoseguro.com.br\/site\/#website\"},\"primaryImageOfPage\":{\"@id\":\"https:\/\/radioportoseguro.com.br\/site\/2026\/04\/28\/pressao-alta-um-a-cada-quatro-adultos-no-brasil-convive-com-a-condicao\/#primaryimage\"},\"image\":{\"@id\":\"https:\/\/radioportoseguro.com.br\/site\/2026\/04\/28\/pressao-alta-um-a-cada-quatro-adultos-no-brasil-convive-com-a-condicao\/#primaryimage\"},\"thumbnailUrl\":\"https:\/\/radioportoseguro.com.br\/site\/wp-content\/uploads\/2026\/03\/naom_69aeefd25e54b.webp.webp\",\"datePublished\":\"2026-04-28T22:14:02+00:00\",\"author\":{\"@id\":\"https:\/\/radioportoseguro.com.br\/site\/#\/schema\/person\/7630acdc320186f13639d3c067ec089b\"},\"breadcrumb\":{\"@id\":\"https:\/\/radioportoseguro.com.br\/site\/2026\/04\/28\/pressao-alta-um-a-cada-quatro-adultos-no-brasil-convive-com-a-condicao\/#breadcrumb\"},\"inLanguage\":\"pt-BR\",\"potentialAction\":[{\"@type\":\"ReadAction\",\"target\":[\"https:\/\/radioportoseguro.com.br\/site\/2026\/04\/28\/pressao-alta-um-a-cada-quatro-adultos-no-brasil-convive-com-a-condicao\/\"]}]},{\"@type\":\"ImageObject\",\"inLanguage\":\"pt-BR\",\"@id\":\"https:\/\/radioportoseguro.com.br\/site\/2026\/04\/28\/pressao-alta-um-a-cada-quatro-adultos-no-brasil-convive-com-a-condicao\/#primaryimage\",\"url\":\"https:\/\/radioportoseguro.com.br\/site\/wp-content\/uploads\/2026\/03\/naom_69aeefd25e54b.webp.webp\",\"contentUrl\":\"https:\/\/radioportoseguro.com.br\/site\/wp-content\/uploads\/2026\/03\/naom_69aeefd25e54b.webp.webp\",\"width\":960,\"height\":540},{\"@type\":\"BreadcrumbList\",\"@id\":\"https:\/\/radioportoseguro.com.br\/site\/2026\/04\/28\/pressao-alta-um-a-cada-quatro-adultos-no-brasil-convive-com-a-condicao\/#breadcrumb\",\"itemListElement\":[{\"@type\":\"ListItem\",\"position\":1,\"name\":\"In\u00edcio\",\"item\":\"https:\/\/radioportoseguro.com.br\/site\/\"},{\"@type\":\"ListItem\",\"position\":2,\"name\":\"Press\u00e3o Alta: um a cada quatro adultos no Brasil convive com a condi\u00e7\u00e3o\"}]},{\"@type\":\"WebSite\",\"@id\":\"https:\/\/radioportoseguro.com.br\/site\/#website\",\"url\":\"https:\/\/radioportoseguro.com.br\/site\/\",\"name\":\"R\u00e1dio Porto Seguro\",\"description\":\"\",\"potentialAction\":[{\"@type\":\"SearchAction\",\"target\":{\"@type\":\"EntryPoint\",\"urlTemplate\":\"https:\/\/radioportoseguro.com.br\/site\/?s={search_term_string}\"},\"query-input\":{\"@type\":\"PropertyValueSpecification\",\"valueRequired\":true,\"valueName\":\"search_term_string\"}}],\"inLanguage\":\"pt-BR\"},{\"@type\":\"Person\",\"@id\":\"https:\/\/radioportoseguro.com.br\/site\/#\/schema\/person\/7630acdc320186f13639d3c067ec089b\",\"name\":\"admin\",\"image\":{\"@type\":\"ImageObject\",\"inLanguage\":\"pt-BR\",\"@id\":\"https:\/\/radioportoseguro.com.br\/site\/#\/schema\/person\/image\/\",\"url\":\"https:\/\/secure.gravatar.com\/avatar\/caacf4dc1eedb68fab0df8e1ed46c448e578b2466351bbcb61e47d2ac0caaef0?s=96&d=mm&r=g\",\"contentUrl\":\"https:\/\/secure.gravatar.com\/avatar\/caacf4dc1eedb68fab0df8e1ed46c448e578b2466351bbcb61e47d2ac0caaef0?s=96&d=mm&r=g\",\"caption\":\"admin\"},\"sameAs\":[\"https:\/\/radioportoseguro.com.br\/site\"],\"url\":\"https:\/\/radioportoseguro.com.br\/site\/author\/hezio\/\"}]}<\/script>\n<!-- \/ Yoast SEO plugin. -->","yoast_head_json":{"title":"Press\u00e3o Alta: um a cada quatro adultos no Brasil convive com a condi\u00e7\u00e3o - R\u00e1dio Porto Seguro","robots":{"index":"index","follow":"follow","max-snippet":"max-snippet:-1","max-image-preview":"max-image-preview:large","max-video-preview":"max-video-preview:-1"},"canonical":"https:\/\/radioportoseguro.com.br\/site\/2026\/04\/28\/pressao-alta-um-a-cada-quatro-adultos-no-brasil-convive-com-a-condicao\/","og_locale":"pt_BR","og_type":"article","og_title":"Press\u00e3o Alta: um a cada quatro adultos no Brasil convive com a condi\u00e7\u00e3o - R\u00e1dio Porto Seguro","og_description":"A hipertens\u00e3o arterial, ou press\u00e3o alta,\u200b \u200bpode\u200b n\u00e3o \u200bapresentar\u200b si\u200bntomas\u200b evidentes em seus est\u00e1gios iniciais, evoluindo de forma silenciosa ao longo do tempo.\u200b \u200b\u200bEssa\u200b\u200b\u200b \u200bcondi\u00e7\u00e3o cr\u00f4nica\u200b\u200b \u200b\u200bafeta cerca de 28% dos adultos no Brasil, segundo o Minist\u00e9rio da Sa\u00fade, \u200b\u200be \u00e9\u200b\u200b um dos principais fatores de risco para eventos cardiovasculares graves.\u200b \u200b A doen\u00e7a \u00e9 [&hellip;]","og_url":"https:\/\/radioportoseguro.com.br\/site\/2026\/04\/28\/pressao-alta-um-a-cada-quatro-adultos-no-brasil-convive-com-a-condicao\/","og_site_name":"R\u00e1dio Porto Seguro","article_published_time":"2026-04-28T22:14:02+00:00","og_image":[{"url":"https:\/\/media-manager.noticiasaominuto.com.br\/640\/naom_69aeefd25e54b.webp","type":"","width":"","height":""}],"author":"admin","twitter_card":"summary_large_image","twitter_misc":{"Escrito por":"admin","Est. tempo de leitura":"3 minutos"},"schema":{"@context":"https:\/\/schema.org","@graph":[{"@type":"Article","@id":"https:\/\/radioportoseguro.com.br\/site\/2026\/04\/28\/pressao-alta-um-a-cada-quatro-adultos-no-brasil-convive-com-a-condicao\/#article","isPartOf":{"@id":"https:\/\/radioportoseguro.com.br\/site\/2026\/04\/28\/pressao-alta-um-a-cada-quatro-adultos-no-brasil-convive-com-a-condicao\/"},"author":{"name":"admin","@id":"https:\/\/radioportoseguro.com.br\/site\/#\/schema\/person\/7630acdc320186f13639d3c067ec089b"},"headline":"Press\u00e3o Alta: um a cada quatro adultos no Brasil convive com a condi\u00e7\u00e3o","datePublished":"2026-04-28T22:14:02+00:00","mainEntityOfPage":{"@id":"https:\/\/radioportoseguro.com.br\/site\/2026\/04\/28\/pressao-alta-um-a-cada-quatro-adultos-no-brasil-convive-com-a-condicao\/"},"wordCount":533,"image":{"@id":"https:\/\/radioportoseguro.com.br\/site\/2026\/04\/28\/pressao-alta-um-a-cada-quatro-adultos-no-brasil-convive-com-a-condicao\/#primaryimage"},"thumbnailUrl":"https:\/\/radioportoseguro.com.br\/site\/wp-content\/uploads\/2026\/03\/naom_69aeefd25e54b.webp.webp","articleSection":["Vida &amp; Estilo"],"inLanguage":"pt-BR"},{"@type":"WebPage","@id":"https:\/\/radioportoseguro.com.br\/site\/2026\/04\/28\/pressao-alta-um-a-cada-quatro-adultos-no-brasil-convive-com-a-condicao\/","url":"https:\/\/radioportoseguro.com.br\/site\/2026\/04\/28\/pressao-alta-um-a-cada-quatro-adultos-no-brasil-convive-com-a-condicao\/","name":"Press\u00e3o Alta: um a cada quatro adultos no Brasil convive com a condi\u00e7\u00e3o - R\u00e1dio Porto Seguro","isPartOf":{"@id":"https:\/\/radioportoseguro.com.br\/site\/#website"},"primaryImageOfPage":{"@id":"https:\/\/radioportoseguro.com.br\/site\/2026\/04\/28\/pressao-alta-um-a-cada-quatro-adultos-no-brasil-convive-com-a-condicao\/#primaryimage"},"image":{"@id":"https:\/\/radioportoseguro.com.br\/site\/2026\/04\/28\/pressao-alta-um-a-cada-quatro-adultos-no-brasil-convive-com-a-condicao\/#primaryimage"},"thumbnailUrl":"https:\/\/radioportoseguro.com.br\/site\/wp-content\/uploads\/2026\/03\/naom_69aeefd25e54b.webp.webp","datePublished":"2026-04-28T22:14:02+00:00","author":{"@id":"https:\/\/radioportoseguro.com.br\/site\/#\/schema\/person\/7630acdc320186f13639d3c067ec089b"},"breadcrumb":{"@id":"https:\/\/radioportoseguro.com.br\/site\/2026\/04\/28\/pressao-alta-um-a-cada-quatro-adultos-no-brasil-convive-com-a-condicao\/#breadcrumb"},"inLanguage":"pt-BR","potentialAction":[{"@type":"ReadAction","target":["https:\/\/radioportoseguro.com.br\/site\/2026\/04\/28\/pressao-alta-um-a-cada-quatro-adultos-no-brasil-convive-com-a-condicao\/"]}]},{"@type":"ImageObject","inLanguage":"pt-BR","@id":"https:\/\/radioportoseguro.com.br\/site\/2026\/04\/28\/pressao-alta-um-a-cada-quatro-adultos-no-brasil-convive-com-a-condicao\/#primaryimage","url":"https:\/\/radioportoseguro.com.br\/site\/wp-content\/uploads\/2026\/03\/naom_69aeefd25e54b.webp.webp","contentUrl":"https:\/\/radioportoseguro.com.br\/site\/wp-content\/uploads\/2026\/03\/naom_69aeefd25e54b.webp.webp","width":960,"height":540},{"@type":"BreadcrumbList","@id":"https:\/\/radioportoseguro.com.br\/site\/2026\/04\/28\/pressao-alta-um-a-cada-quatro-adultos-no-brasil-convive-com-a-condicao\/#breadcrumb","itemListElement":[{"@type":"ListItem","position":1,"name":"In\u00edcio","item":"https:\/\/radioportoseguro.com.br\/site\/"},{"@type":"ListItem","position":2,"name":"Press\u00e3o Alta: um a cada quatro adultos no Brasil convive com a condi\u00e7\u00e3o"}]},{"@type":"WebSite","@id":"https:\/\/radioportoseguro.com.br\/site\/#website","url":"https:\/\/radioportoseguro.com.br\/site\/","name":"R\u00e1dio Porto Seguro","description":"","potentialAction":[{"@type":"SearchAction","target":{"@type":"EntryPoint","urlTemplate":"https:\/\/radioportoseguro.com.br\/site\/?s={search_term_string}"},"query-input":{"@type":"PropertyValueSpecification","valueRequired":true,"valueName":"search_term_string"}}],"inLanguage":"pt-BR"},{"@type":"Person","@id":"https:\/\/radioportoseguro.com.br\/site\/#\/schema\/person\/7630acdc320186f13639d3c067ec089b","name":"admin","image":{"@type":"ImageObject","inLanguage":"pt-BR","@id":"https:\/\/radioportoseguro.com.br\/site\/#\/schema\/person\/image\/","url":"https:\/\/secure.gravatar.com\/avatar\/caacf4dc1eedb68fab0df8e1ed46c448e578b2466351bbcb61e47d2ac0caaef0?s=96&d=mm&r=g","contentUrl":"https:\/\/secure.gravatar.com\/avatar\/caacf4dc1eedb68fab0df8e1ed46c448e578b2466351bbcb61e47d2ac0caaef0?s=96&d=mm&r=g","caption":"admin"},"sameAs":["https:\/\/radioportoseguro.com.br\/site"],"url":"https:\/\/radioportoseguro.com.br\/site\/author\/hezio\/"}]}},"_links":{"self":[{"href":"https:\/\/radioportoseguro.com.br\/site\/wp-json\/wp\/v2\/posts\/6444","targetHints":{"allow":["GET"]}}],"collection":[{"href":"https:\/\/radioportoseguro.com.br\/site\/wp-json\/wp\/v2\/posts"}],"about":[{"href":"https:\/\/radioportoseguro.com.br\/site\/wp-json\/wp\/v2\/types\/post"}],"author":[{"embeddable":true,"href":"https:\/\/radioportoseguro.com.br\/site\/wp-json\/wp\/v2\/users\/1"}],"replies":[{"embeddable":true,"href":"https:\/\/radioportoseguro.com.br\/site\/wp-json\/wp\/v2\/comments?post=6444"}],"version-history":[{"count":0,"href":"https:\/\/radioportoseguro.com.br\/site\/wp-json\/wp\/v2\/posts\/6444\/revisions"}],"wp:featuredmedia":[{"embeddable":true,"href":"https:\/\/radioportoseguro.com.br\/site\/wp-json\/wp\/v2\/media\/4865"}],"wp:attachment":[{"href":"https:\/\/radioportoseguro.com.br\/site\/wp-json\/wp\/v2\/media?parent=6444"}],"wp:term":[{"taxonomy":"category","embeddable":true,"href":"https:\/\/radioportoseguro.com.br\/site\/wp-json\/wp\/v2\/categories?post=6444"},{"taxonomy":"post_tag","embeddable":true,"href":"https:\/\/radioportoseguro.com.br\/site\/wp-json\/wp\/v2\/tags?post=6444"}],"curies":[{"name":"wp","href":"https:\/\/api.w.org\/{rel}","templated":true}]}}