{"id":6447,"date":"2026-04-28T22:25:38","date_gmt":"2026-04-29T01:25:38","guid":{"rendered":"https:\/\/radioportoseguro.com.br\/site\/2026\/04\/28\/arcebispa-sarah-mullally-e-papa-leao-xiv-se-reunem-no-vaticano-em-encontro-historico\/"},"modified":"2026-04-28T22:25:38","modified_gmt":"2026-04-29T01:25:38","slug":"arcebispa-sarah-mullally-e-papa-leao-xiv-se-reunem-no-vaticano-em-encontro-historico","status":"publish","type":"post","link":"https:\/\/radioportoseguro.com.br\/site\/2026\/04\/28\/arcebispa-sarah-mullally-e-papa-leao-xiv-se-reunem-no-vaticano-em-encontro-historico\/","title":{"rendered":"Arcebispa Sarah Mullally e Papa Le\u00e3o XIV se re\u00fanem no Vaticano em encontro hist\u00f3rico"},"content":{"rendered":"<p><br \/>\n<\/p>\n<div>\n<div class=\"td-post-featured-image\">\n<figure><figcaption class=\"wp-caption-text\">A arcebispa Sarah Mullally e o Papa Le\u00e3o XIV.  (Foto: Reprodu\u00e7\u00e3o\/redes sociais)<\/figcaption><\/figure>\n<\/div>\n<p> <!-- A generated by theme --> <\/p>\n<p> <!-- end A --> <\/p>\n<p>A arcebispa de Canterbury, <strong>Sarah Mullally<\/strong>, e o <strong>Papa Le\u00e3o XIV<\/strong> se encontraram no Vaticano em um encontro considerado hist\u00f3rico para as rela\u00e7\u00f5es entre anglicanos e cat\u00f3licos. A reuni\u00e3o, realizada no Pal\u00e1cio Apost\u00f3lico, foi marcada por momentos de di\u00e1logo, troca de presentes e uma ora\u00e7\u00e3o conjunta \u2014 gesto simb\u00f3lico de aproxima\u00e7\u00e3o entre as duas tradi\u00e7\u00f5es crist\u00e3s.<\/p>\n<p>Durante o encontro, os dois l\u00edderes participaram de uma ora\u00e7\u00e3o na Capela Urbano VIII, destacando o desejo comum de fortalecer a unidade entre os crist\u00e3os. O momento foi descrito como um sinal de \u201cdevo\u00e7\u00e3o compartilhada\u201d e de compromisso com o di\u00e1logo ecum\u00eanico.<\/p>\n<p><strong>Di\u00e1logo e coopera\u00e7\u00e3o entre igrejas<\/strong><\/p>\n<p>Al\u00e9m da ora\u00e7\u00e3o, o encontro incluiu conversas privadas sobre desafios globais e o papel das igrejas diante de um mundo marcado por conflitos e divis\u00f5es. O Papa Le\u00e3o XIV refor\u00e7ou a necessidade de cat\u00f3licos e anglicanos trabalharem juntos para proclamar o Evangelho e promover a paz.<\/p>\n<p>A Sarah Mullally destacou que o momento representa um chamado para que as igrejas atuem como \u201cconstrutoras de pontes, e n\u00e3o de muros\u201d, enfatizando a import\u00e2ncia da coopera\u00e7\u00e3o e da solidariedade global.<\/p>\n<p><strong>Encontro hist\u00f3rico e simb\u00f3lico<\/strong><\/p>\n<p> <!-- A generated by theme --> <\/p>\n<p> <!-- end A --> <\/p>\n<p>A reuni\u00e3o ganha ainda mais relev\u00e2ncia por envolver a primeira mulher a liderar a Igreja Anglicana em um encontro direto com o pont\u00edfice. O momento \u00e9 visto como um marco nas rela\u00e7\u00f5es entre as duas igrejas, que mant\u00eam di\u00e1logo desde o s\u00e9culo XX, mas ainda enfrentam diferen\u00e7as teol\u00f3gicas importantes.<\/p>\n<p>Entre os pontos de diverg\u00eancia est\u00e3o temas como a ordena\u00e7\u00e3o de mulheres e quest\u00f5es relacionadas \u00e0 moral e estrutura eclesi\u00e1stica. Apesar disso, ambos os l\u00edderes reconheceram avan\u00e7os no relacionamento e reafirmaram o compromisso de continuar o di\u00e1logo.<\/p>\n<p><strong>Continuidade do di\u00e1logo ecum\u00eanico<\/strong><\/p>\n<p>O encontro segue uma tradi\u00e7\u00e3o de aproxima\u00e7\u00e3o entre l\u00edderes anglicanos e cat\u00f3licos iniciada h\u00e1 d\u00e9cadas. O <strong>Papa Le\u00e3o XIV<\/strong> destacou que, embora existam desafios, \u00e9 fundamental n\u00e3o permitir que as diferen\u00e7as impe\u00e7am o testemunho conjunto da f\u00e9 crist\u00e3.<\/p>\n<p>J\u00e1 a <strong>Sarah Mullally<\/strong> ressaltou a necessidade de perseveran\u00e7a na ora\u00e7\u00e3o e no esfor\u00e7o por unidade, especialmente em um cen\u00e1rio global marcado por tens\u00f5es e crises.<\/p>\n<p>O encontro foi interpretado como um sinal de esperan\u00e7a e coopera\u00e7\u00e3o entre denomina\u00e7\u00f5es crist\u00e3s. Mesmo sem avan\u00e7os concretos em quest\u00f5es doutrin\u00e1rias, o gesto de ora\u00e7\u00e3o conjunta e di\u00e1logo refor\u00e7a a inten\u00e7\u00e3o de manter abertas as vias de entendimento.<\/p>\n<p>A visita faz parte da primeira viagem internacional de Mullally ap\u00f3s assumir o cargo e evidencia sua disposi\u00e7\u00e3o em fortalecer rela\u00e7\u00f5es ecum\u00eanicas em n\u00edvel global.<\/p>\n<p><strong>Folha Gospel com informa\u00e7\u00f5es de Premier Christian News e The Christian Today<\/strong><\/p>\n<p> <!-- A generated by theme --> <\/p>\n<p> <!-- end A --> <\/p><\/div>\n<p><script>(function (d, s, id) {\n                var js, fjs = d.getElementsByTagName(s)[0];\n                if (d.getElementById(id)) return;\n                js = d.createElement(s);\n                js.id = id;\n                js.src=\"https:\/\/connect.facebook.net\/pt_BR\/sdk.js#xfbml=1&version=v2.11&appId=264312870658742&autoLogAppEvents=1\";\n                fjs.parentNode.insertBefore(js, fjs);\n            }(document, 'script', 'facebook-jssdk'));<\/script><br \/>\n<br \/><br \/>\n<br \/>Fonte: Folha Gospel<\/p>\n","protected":false},"excerpt":{"rendered":"<p>A arcebispa Sarah Mullally e o Papa Le\u00e3o XIV. (Foto: Reprodu\u00e7\u00e3o\/redes sociais) A arcebispa de Canterbury, Sarah Mullally, e o Papa Le\u00e3o XIV se encontraram no Vaticano em um encontro considerado hist\u00f3rico para as rela\u00e7\u00f5es entre anglicanos e cat\u00f3licos. A reuni\u00e3o, realizada no Pal\u00e1cio Apost\u00f3lico, foi marcada por momentos de di\u00e1logo, troca de presentes e [&hellip;]<\/p>\n","protected":false},"author":1,"featured_media":6448,"comment_status":"","ping_status":"open","sticky":false,"template":"","format":"standard","meta":{"footnotes":""},"categories":[3],"tags":[],"class_list":["post-6447","post","type-post","status-publish","format-standard","has-post-thumbnail","hentry","category-gospel"],"yoast_head":"<!-- This site is optimized with the Yoast SEO plugin v26.8 - https:\/\/yoast.com\/product\/yoast-seo-wordpress\/ -->\n<title>Arcebispa Sarah Mullally e Papa Le\u00e3o XIV se re\u00fanem no Vaticano em encontro hist\u00f3rico - R\u00e1dio Porto Seguro<\/title>\n<meta name=\"robots\" content=\"index, follow, max-snippet:-1, max-image-preview:large, max-video-preview:-1\" \/>\n<link rel=\"canonical\" href=\"https:\/\/radioportoseguro.com.br\/site\/2026\/04\/28\/arcebispa-sarah-mullally-e-papa-leao-xiv-se-reunem-no-vaticano-em-encontro-historico\/\" \/>\n<meta property=\"og:locale\" content=\"pt_BR\" \/>\n<meta property=\"og:type\" content=\"article\" \/>\n<meta property=\"og:title\" content=\"Arcebispa Sarah Mullally e Papa Le\u00e3o XIV se re\u00fanem no Vaticano em encontro hist\u00f3rico - R\u00e1dio Porto Seguro\" \/>\n<meta property=\"og:description\" content=\"A arcebispa Sarah Mullally e o Papa Le\u00e3o XIV. (Foto: Reprodu\u00e7\u00e3o\/redes sociais) A arcebispa de Canterbury, Sarah Mullally, e o Papa Le\u00e3o XIV se encontraram no Vaticano em um encontro considerado hist\u00f3rico para as rela\u00e7\u00f5es entre anglicanos e cat\u00f3licos. A reuni\u00e3o, realizada no Pal\u00e1cio Apost\u00f3lico, foi marcada por momentos de di\u00e1logo, troca de presentes e [&hellip;]\" \/>\n<meta property=\"og:url\" content=\"https:\/\/radioportoseguro.com.br\/site\/2026\/04\/28\/arcebispa-sarah-mullally-e-papa-leao-xiv-se-reunem-no-vaticano-em-encontro-historico\/\" \/>\n<meta property=\"og:site_name\" content=\"R\u00e1dio Porto Seguro\" \/>\n<meta property=\"article:published_time\" content=\"2026-04-29T01:25:38+00:00\" \/>\n<meta property=\"og:image\" content=\"https:\/\/i0.wp.com\/folhagospel.com\/wp-content\/uploads\/2026\/04\/image-33-e1777369174770.png?resize=696%2C392&amp;ssl=1\" \/>\n<meta name=\"author\" content=\"admin\" \/>\n<meta name=\"twitter:card\" content=\"summary_large_image\" \/>\n<meta name=\"twitter:label1\" content=\"Escrito por\" \/>\n\t<meta name=\"twitter:data1\" content=\"admin\" \/>\n\t<meta name=\"twitter:label2\" content=\"Est. tempo de leitura\" \/>\n\t<meta name=\"twitter:data2\" content=\"3 minutos\" \/>\n<script type=\"application\/ld+json\" class=\"yoast-schema-graph\">{\"@context\":\"https:\/\/schema.org\",\"@graph\":[{\"@type\":\"Article\",\"@id\":\"https:\/\/radioportoseguro.com.br\/site\/2026\/04\/28\/arcebispa-sarah-mullally-e-papa-leao-xiv-se-reunem-no-vaticano-em-encontro-historico\/#article\",\"isPartOf\":{\"@id\":\"https:\/\/radioportoseguro.com.br\/site\/2026\/04\/28\/arcebispa-sarah-mullally-e-papa-leao-xiv-se-reunem-no-vaticano-em-encontro-historico\/\"},\"author\":{\"name\":\"admin\",\"@id\":\"https:\/\/radioportoseguro.com.br\/site\/#\/schema\/person\/7630acdc320186f13639d3c067ec089b\"},\"headline\":\"Arcebispa Sarah Mullally e Papa Le\u00e3o XIV se re\u00fanem no Vaticano em encontro hist\u00f3rico\",\"datePublished\":\"2026-04-29T01:25:38+00:00\",\"mainEntityOfPage\":{\"@id\":\"https:\/\/radioportoseguro.com.br\/site\/2026\/04\/28\/arcebispa-sarah-mullally-e-papa-leao-xiv-se-reunem-no-vaticano-em-encontro-historico\/\"},\"wordCount\":529,\"image\":{\"@id\":\"https:\/\/radioportoseguro.com.br\/site\/2026\/04\/28\/arcebispa-sarah-mullally-e-papa-leao-xiv-se-reunem-no-vaticano-em-encontro-historico\/#primaryimage\"},\"thumbnailUrl\":\"https:\/\/radioportoseguro.com.br\/site\/wp-content\/uploads\/2026\/04\/image-33-e1777369174770.png\",\"articleSection\":[\"Gospel\"],\"inLanguage\":\"pt-BR\"},{\"@type\":\"WebPage\",\"@id\":\"https:\/\/radioportoseguro.com.br\/site\/2026\/04\/28\/arcebispa-sarah-mullally-e-papa-leao-xiv-se-reunem-no-vaticano-em-encontro-historico\/\",\"url\":\"https:\/\/radioportoseguro.com.br\/site\/2026\/04\/28\/arcebispa-sarah-mullally-e-papa-leao-xiv-se-reunem-no-vaticano-em-encontro-historico\/\",\"name\":\"Arcebispa Sarah Mullally e Papa Le\u00e3o XIV se re\u00fanem no Vaticano em encontro hist\u00f3rico - R\u00e1dio Porto Seguro\",\"isPartOf\":{\"@id\":\"https:\/\/radioportoseguro.com.br\/site\/#website\"},\"primaryImageOfPage\":{\"@id\":\"https:\/\/radioportoseguro.com.br\/site\/2026\/04\/28\/arcebispa-sarah-mullally-e-papa-leao-xiv-se-reunem-no-vaticano-em-encontro-historico\/#primaryimage\"},\"image\":{\"@id\":\"https:\/\/radioportoseguro.com.br\/site\/2026\/04\/28\/arcebispa-sarah-mullally-e-papa-leao-xiv-se-reunem-no-vaticano-em-encontro-historico\/#primaryimage\"},\"thumbnailUrl\":\"https:\/\/radioportoseguro.com.br\/site\/wp-content\/uploads\/2026\/04\/image-33-e1777369174770.png\",\"datePublished\":\"2026-04-29T01:25:38+00:00\",\"author\":{\"@id\":\"https:\/\/radioportoseguro.com.br\/site\/#\/schema\/person\/7630acdc320186f13639d3c067ec089b\"},\"breadcrumb\":{\"@id\":\"https:\/\/radioportoseguro.com.br\/site\/2026\/04\/28\/arcebispa-sarah-mullally-e-papa-leao-xiv-se-reunem-no-vaticano-em-encontro-historico\/#breadcrumb\"},\"inLanguage\":\"pt-BR\",\"potentialAction\":[{\"@type\":\"ReadAction\",\"target\":[\"https:\/\/radioportoseguro.com.br\/site\/2026\/04\/28\/arcebispa-sarah-mullally-e-papa-leao-xiv-se-reunem-no-vaticano-em-encontro-historico\/\"]}]},{\"@type\":\"ImageObject\",\"inLanguage\":\"pt-BR\",\"@id\":\"https:\/\/radioportoseguro.com.br\/site\/2026\/04\/28\/arcebispa-sarah-mullally-e-papa-leao-xiv-se-reunem-no-vaticano-em-encontro-historico\/#primaryimage\",\"url\":\"https:\/\/radioportoseguro.com.br\/site\/wp-content\/uploads\/2026\/04\/image-33-e1777369174770.png\",\"contentUrl\":\"https:\/\/radioportoseguro.com.br\/site\/wp-content\/uploads\/2026\/04\/image-33-e1777369174770.png\",\"width\":736,\"height\":415},{\"@type\":\"BreadcrumbList\",\"@id\":\"https:\/\/radioportoseguro.com.br\/site\/2026\/04\/28\/arcebispa-sarah-mullally-e-papa-leao-xiv-se-reunem-no-vaticano-em-encontro-historico\/#breadcrumb\",\"itemListElement\":[{\"@type\":\"ListItem\",\"position\":1,\"name\":\"In\u00edcio\",\"item\":\"https:\/\/radioportoseguro.com.br\/site\/\"},{\"@type\":\"ListItem\",\"position\":2,\"name\":\"Arcebispa Sarah Mullally e Papa Le\u00e3o XIV se re\u00fanem no Vaticano em encontro hist\u00f3rico\"}]},{\"@type\":\"WebSite\",\"@id\":\"https:\/\/radioportoseguro.com.br\/site\/#website\",\"url\":\"https:\/\/radioportoseguro.com.br\/site\/\",\"name\":\"R\u00e1dio Porto Seguro\",\"description\":\"\",\"potentialAction\":[{\"@type\":\"SearchAction\",\"target\":{\"@type\":\"EntryPoint\",\"urlTemplate\":\"https:\/\/radioportoseguro.com.br\/site\/?s={search_term_string}\"},\"query-input\":{\"@type\":\"PropertyValueSpecification\",\"valueRequired\":true,\"valueName\":\"search_term_string\"}}],\"inLanguage\":\"pt-BR\"},{\"@type\":\"Person\",\"@id\":\"https:\/\/radioportoseguro.com.br\/site\/#\/schema\/person\/7630acdc320186f13639d3c067ec089b\",\"name\":\"admin\",\"image\":{\"@type\":\"ImageObject\",\"inLanguage\":\"pt-BR\",\"@id\":\"https:\/\/radioportoseguro.com.br\/site\/#\/schema\/person\/image\/\",\"url\":\"https:\/\/secure.gravatar.com\/avatar\/caacf4dc1eedb68fab0df8e1ed46c448e578b2466351bbcb61e47d2ac0caaef0?s=96&d=mm&r=g\",\"contentUrl\":\"https:\/\/secure.gravatar.com\/avatar\/caacf4dc1eedb68fab0df8e1ed46c448e578b2466351bbcb61e47d2ac0caaef0?s=96&d=mm&r=g\",\"caption\":\"admin\"},\"sameAs\":[\"https:\/\/radioportoseguro.com.br\/site\"],\"url\":\"https:\/\/radioportoseguro.com.br\/site\/author\/hezio\/\"}]}<\/script>\n<!-- \/ Yoast SEO plugin. -->","yoast_head_json":{"title":"Arcebispa Sarah Mullally e Papa Le\u00e3o XIV se re\u00fanem no Vaticano em encontro hist\u00f3rico - R\u00e1dio Porto Seguro","robots":{"index":"index","follow":"follow","max-snippet":"max-snippet:-1","max-image-preview":"max-image-preview:large","max-video-preview":"max-video-preview:-1"},"canonical":"https:\/\/radioportoseguro.com.br\/site\/2026\/04\/28\/arcebispa-sarah-mullally-e-papa-leao-xiv-se-reunem-no-vaticano-em-encontro-historico\/","og_locale":"pt_BR","og_type":"article","og_title":"Arcebispa Sarah Mullally e Papa Le\u00e3o XIV se re\u00fanem no Vaticano em encontro hist\u00f3rico - R\u00e1dio Porto Seguro","og_description":"A arcebispa Sarah Mullally e o Papa Le\u00e3o XIV. (Foto: Reprodu\u00e7\u00e3o\/redes sociais) A arcebispa de Canterbury, Sarah Mullally, e o Papa Le\u00e3o XIV se encontraram no Vaticano em um encontro considerado hist\u00f3rico para as rela\u00e7\u00f5es entre anglicanos e cat\u00f3licos. A reuni\u00e3o, realizada no Pal\u00e1cio Apost\u00f3lico, foi marcada por momentos de di\u00e1logo, troca de presentes e [&hellip;]","og_url":"https:\/\/radioportoseguro.com.br\/site\/2026\/04\/28\/arcebispa-sarah-mullally-e-papa-leao-xiv-se-reunem-no-vaticano-em-encontro-historico\/","og_site_name":"R\u00e1dio Porto Seguro","article_published_time":"2026-04-29T01:25:38+00:00","og_image":[{"url":"https:\/\/i0.wp.com\/folhagospel.com\/wp-content\/uploads\/2026\/04\/image-33-e1777369174770.png?resize=696%2C392&amp;ssl=1","type":"","width":"","height":""}],"author":"admin","twitter_card":"summary_large_image","twitter_misc":{"Escrito por":"admin","Est. tempo de leitura":"3 minutos"},"schema":{"@context":"https:\/\/schema.org","@graph":[{"@type":"Article","@id":"https:\/\/radioportoseguro.com.br\/site\/2026\/04\/28\/arcebispa-sarah-mullally-e-papa-leao-xiv-se-reunem-no-vaticano-em-encontro-historico\/#article","isPartOf":{"@id":"https:\/\/radioportoseguro.com.br\/site\/2026\/04\/28\/arcebispa-sarah-mullally-e-papa-leao-xiv-se-reunem-no-vaticano-em-encontro-historico\/"},"author":{"name":"admin","@id":"https:\/\/radioportoseguro.com.br\/site\/#\/schema\/person\/7630acdc320186f13639d3c067ec089b"},"headline":"Arcebispa Sarah Mullally e Papa Le\u00e3o XIV se re\u00fanem no Vaticano em encontro hist\u00f3rico","datePublished":"2026-04-29T01:25:38+00:00","mainEntityOfPage":{"@id":"https:\/\/radioportoseguro.com.br\/site\/2026\/04\/28\/arcebispa-sarah-mullally-e-papa-leao-xiv-se-reunem-no-vaticano-em-encontro-historico\/"},"wordCount":529,"image":{"@id":"https:\/\/radioportoseguro.com.br\/site\/2026\/04\/28\/arcebispa-sarah-mullally-e-papa-leao-xiv-se-reunem-no-vaticano-em-encontro-historico\/#primaryimage"},"thumbnailUrl":"https:\/\/radioportoseguro.com.br\/site\/wp-content\/uploads\/2026\/04\/image-33-e1777369174770.png","articleSection":["Gospel"],"inLanguage":"pt-BR"},{"@type":"WebPage","@id":"https:\/\/radioportoseguro.com.br\/site\/2026\/04\/28\/arcebispa-sarah-mullally-e-papa-leao-xiv-se-reunem-no-vaticano-em-encontro-historico\/","url":"https:\/\/radioportoseguro.com.br\/site\/2026\/04\/28\/arcebispa-sarah-mullally-e-papa-leao-xiv-se-reunem-no-vaticano-em-encontro-historico\/","name":"Arcebispa Sarah Mullally e Papa Le\u00e3o XIV se re\u00fanem no Vaticano em encontro hist\u00f3rico - R\u00e1dio Porto Seguro","isPartOf":{"@id":"https:\/\/radioportoseguro.com.br\/site\/#website"},"primaryImageOfPage":{"@id":"https:\/\/radioportoseguro.com.br\/site\/2026\/04\/28\/arcebispa-sarah-mullally-e-papa-leao-xiv-se-reunem-no-vaticano-em-encontro-historico\/#primaryimage"},"image":{"@id":"https:\/\/radioportoseguro.com.br\/site\/2026\/04\/28\/arcebispa-sarah-mullally-e-papa-leao-xiv-se-reunem-no-vaticano-em-encontro-historico\/#primaryimage"},"thumbnailUrl":"https:\/\/radioportoseguro.com.br\/site\/wp-content\/uploads\/2026\/04\/image-33-e1777369174770.png","datePublished":"2026-04-29T01:25:38+00:00","author":{"@id":"https:\/\/radioportoseguro.com.br\/site\/#\/schema\/person\/7630acdc320186f13639d3c067ec089b"},"breadcrumb":{"@id":"https:\/\/radioportoseguro.com.br\/site\/2026\/04\/28\/arcebispa-sarah-mullally-e-papa-leao-xiv-se-reunem-no-vaticano-em-encontro-historico\/#breadcrumb"},"inLanguage":"pt-BR","potentialAction":[{"@type":"ReadAction","target":["https:\/\/radioportoseguro.com.br\/site\/2026\/04\/28\/arcebispa-sarah-mullally-e-papa-leao-xiv-se-reunem-no-vaticano-em-encontro-historico\/"]}]},{"@type":"ImageObject","inLanguage":"pt-BR","@id":"https:\/\/radioportoseguro.com.br\/site\/2026\/04\/28\/arcebispa-sarah-mullally-e-papa-leao-xiv-se-reunem-no-vaticano-em-encontro-historico\/#primaryimage","url":"https:\/\/radioportoseguro.com.br\/site\/wp-content\/uploads\/2026\/04\/image-33-e1777369174770.png","contentUrl":"https:\/\/radioportoseguro.com.br\/site\/wp-content\/uploads\/2026\/04\/image-33-e1777369174770.png","width":736,"height":415},{"@type":"BreadcrumbList","@id":"https:\/\/radioportoseguro.com.br\/site\/2026\/04\/28\/arcebispa-sarah-mullally-e-papa-leao-xiv-se-reunem-no-vaticano-em-encontro-historico\/#breadcrumb","itemListElement":[{"@type":"ListItem","position":1,"name":"In\u00edcio","item":"https:\/\/radioportoseguro.com.br\/site\/"},{"@type":"ListItem","position":2,"name":"Arcebispa Sarah Mullally e Papa Le\u00e3o XIV se re\u00fanem no Vaticano em encontro hist\u00f3rico"}]},{"@type":"WebSite","@id":"https:\/\/radioportoseguro.com.br\/site\/#website","url":"https:\/\/radioportoseguro.com.br\/site\/","name":"R\u00e1dio Porto Seguro","description":"","potentialAction":[{"@type":"SearchAction","target":{"@type":"EntryPoint","urlTemplate":"https:\/\/radioportoseguro.com.br\/site\/?s={search_term_string}"},"query-input":{"@type":"PropertyValueSpecification","valueRequired":true,"valueName":"search_term_string"}}],"inLanguage":"pt-BR"},{"@type":"Person","@id":"https:\/\/radioportoseguro.com.br\/site\/#\/schema\/person\/7630acdc320186f13639d3c067ec089b","name":"admin","image":{"@type":"ImageObject","inLanguage":"pt-BR","@id":"https:\/\/radioportoseguro.com.br\/site\/#\/schema\/person\/image\/","url":"https:\/\/secure.gravatar.com\/avatar\/caacf4dc1eedb68fab0df8e1ed46c448e578b2466351bbcb61e47d2ac0caaef0?s=96&d=mm&r=g","contentUrl":"https:\/\/secure.gravatar.com\/avatar\/caacf4dc1eedb68fab0df8e1ed46c448e578b2466351bbcb61e47d2ac0caaef0?s=96&d=mm&r=g","caption":"admin"},"sameAs":["https:\/\/radioportoseguro.com.br\/site"],"url":"https:\/\/radioportoseguro.com.br\/site\/author\/hezio\/"}]}},"_links":{"self":[{"href":"https:\/\/radioportoseguro.com.br\/site\/wp-json\/wp\/v2\/posts\/6447","targetHints":{"allow":["GET"]}}],"collection":[{"href":"https:\/\/radioportoseguro.com.br\/site\/wp-json\/wp\/v2\/posts"}],"about":[{"href":"https:\/\/radioportoseguro.com.br\/site\/wp-json\/wp\/v2\/types\/post"}],"author":[{"embeddable":true,"href":"https:\/\/radioportoseguro.com.br\/site\/wp-json\/wp\/v2\/users\/1"}],"replies":[{"embeddable":true,"href":"https:\/\/radioportoseguro.com.br\/site\/wp-json\/wp\/v2\/comments?post=6447"}],"version-history":[{"count":0,"href":"https:\/\/radioportoseguro.com.br\/site\/wp-json\/wp\/v2\/posts\/6447\/revisions"}],"wp:featuredmedia":[{"embeddable":true,"href":"https:\/\/radioportoseguro.com.br\/site\/wp-json\/wp\/v2\/media\/6448"}],"wp:attachment":[{"href":"https:\/\/radioportoseguro.com.br\/site\/wp-json\/wp\/v2\/media?parent=6447"}],"wp:term":[{"taxonomy":"category","embeddable":true,"href":"https:\/\/radioportoseguro.com.br\/site\/wp-json\/wp\/v2\/categories?post=6447"},{"taxonomy":"post_tag","embeddable":true,"href":"https:\/\/radioportoseguro.com.br\/site\/wp-json\/wp\/v2\/tags?post=6447"}],"curies":[{"name":"wp","href":"https:\/\/api.w.org\/{rel}","templated":true}]}}