{"id":6453,"date":"2026-04-29T01:21:43","date_gmt":"2026-04-29T04:21:43","guid":{"rendered":"https:\/\/radioportoseguro.com.br\/site\/2026\/04\/29\/pastores-e-fieis-temem-impacto-da-inteligencia-artificial-no-cristianismo\/"},"modified":"2026-04-29T01:21:43","modified_gmt":"2026-04-29T04:21:43","slug":"pastores-e-fieis-temem-impacto-da-inteligencia-artificial-no-cristianismo","status":"publish","type":"post","link":"https:\/\/radioportoseguro.com.br\/site\/2026\/04\/29\/pastores-e-fieis-temem-impacto-da-inteligencia-artificial-no-cristianismo\/","title":{"rendered":"Pastores e fi\u00e9is temem impacto da intelig\u00eancia artificial no cristianismo"},"content":{"rendered":"<p><br \/>\n<\/p>\n<div>\n<p>Pastores e membros de igrejas est\u00e3o cada vez mais atentos ao avan\u00e7o da <span style=\"color: #800000;\"><strong>intelig\u00eancia artificial<\/strong> <\/span>(IA) e ao impacto que ela pode ter sobre a f\u00e9 crist\u00e3.<\/p>\n<p>Uma pesquisa recente da Lifeway Research indica que, embora a tecnologia n\u00e3o seja amplamente rejeitada, ela ainda desperta preocupa\u00e7\u00e3o e incerteza dentro das comunidades de f\u00e9.<\/p>\n<p>\u201cA cautela \u00e9 uma rea\u00e7\u00e3o instintiva a coisas novas, e pastores e fi\u00e9is compartilham algumas preocupa\u00e7\u00f5es em rela\u00e7\u00e3o \u00e0 IA\u201d, afirmou Scott McConnell, diretor executivo da Lifeway Research.<\/p>\n<p>\u201cA maioria dos fi\u00e9is mais jovens gostaria de ouvir princ\u00edpios b\u00edblicos aplicados \u00e0 IA em um serm\u00e3o, para ajud\u00e1-los a formar sua perspectiva sobre o assunto.\u201d<\/p>\n<p><strong>Pr\u00e1tica pastoral<\/strong><\/p>\n<p>Segundo a pesquisa, menos da metade dos <span style=\"color: #800000;\"><strong>pastores <\/strong><\/span>protestantes nos EUA afirma utilizar IA, mas um n\u00famero ainda menor diz evitar ou ignorar ativamente essa tecnologia.<\/p>\n<p>Um em cada dez pastores (10%) afirma utilizar intelig\u00eancia artificial de forma regular, enquanto um ter\u00e7o (32%) est\u00e1 apenas experimentando a tecnologia.<\/p>\n<p>J\u00e1 quase um em cada seis (18%) prefere aguardar exemplos mais concretos de como a IA poderia contribuir para o seu minist\u00e9rio.<\/p>\n<p>No outro extremo do espectro de ado\u00e7\u00e3o da IA, quase dois em cada cinco pastores afirmam estar intencionalmente evitando a tecnologia (18%) ou simplesmente a ignorando (20%).<\/p>\n<p>\u201cA IA est\u00e1 presente em muitas ferramentas que usamos diariamente, ent\u00e3o alguns pastores podem estar usando tecnologia de IA sem nem mesmo saber\u201d, disse McConnell.<\/p>\n<p style=\"text-align: left;\">\u201cO uso da IA \u200b\u200bpor pastores no minist\u00e9rio reflete uma dissemina\u00e7\u00e3o t\u00edpica da ado\u00e7\u00e3o de tecnologia, com alguns usu\u00e1rios \u00e1vidos e muitos outros testando-a de diferentes maneiras.\u201d<\/p>\n<p><\/p>\n<p>De modo geral, pastores mais jovens, aqueles que atuam em contextos urbanos, que possuem maior n\u00edvel de escolaridade e que lideram igrejas de maior porte tendem a adotar a IA com mais facilidade.<\/p>\n<p>Pastores entre 18 e 44 anos (40%) e entre 45 e 54 anos (37%) s\u00e3o significativamente mais propensos do que aqueles com 65 anos ou mais (23%) a dizer que est\u00e3o experimentando o uso de IA.<\/p>\n<p>J\u00e1 entre os pastores com 65 anos ou mais, apenas 4% se identificam como usu\u00e1rios regulares de intelig\u00eancia artificial, o que os torna o grupo menos propenso \u00e0 ado\u00e7\u00e3o.<\/p>\n<p>Frequentadores de igrejas em \u00e1reas urbanas s\u00e3o mais propensos do que os de \u00e1reas rurais a afirmar que utilizam IA regularmente (11% contra 5%). Por outro lado, membros de igrejas rurais t\u00eam maior probabilidade de dizer que ignoram a tecnologia (27% contra 18%).<\/p>\n<p>Pastores com mestrado (10%) ou doutorado (14%) s\u00e3o mais propensos do que aqueles sem diploma universit\u00e1rio (5%) a afirmar que utilizam IA regularmente. J\u00e1 entre os que n\u00e3o possuem forma\u00e7\u00e3o superior, 25% est\u00e3o entre os que mais dizem ignorar a tecnologia.<\/p>\n<p><strong>Perspectiva dos pastores<\/strong><\/p>\n<p>Embora a maioria dos pastores j\u00e1 utilize intelig\u00eancia artificial ou esteja aberta a adot\u00e1\u2011la no futuro, quase todos os pastores protestantes dos EUA expressam preocupa\u00e7\u00f5es claras sobre a implementa\u00e7\u00e3o dessa tecnologia em seu trabalho ministerial.<\/p>\n<p>Quando apresentados a seis poss\u00edveis desafios relacionados ao uso de ferramentas de IA no minist\u00e9rio, a maior parte dos pastores demonstrou preocupa\u00e7\u00e3o com cada um deles.<\/p>\n<p>Mais de quatro em cada cinco pastores demonstram preocupa\u00e7\u00e3o com a necessidade de revisar o conte\u00fado gerado por IA, partindo do pressuposto de que ele pode conter erros (84%).<\/p>\n<p>Uma propor\u00e7\u00e3o semelhante (81%) teme a dificuldade de garantir que as ferramentas de IA recorram apenas a fontes confi\u00e1veis.<\/p>\n<p>Al\u00e9m disso, tr\u00eas em cada quatro (76%) afirmam que pode haver vieses embutidos na programa\u00e7\u00e3o da IA que influenciem suas decis\u00f5es.<\/p>\n<p>Tr\u00eas em cada cinco pastores (62%) temem que usu\u00e1rios de IA n\u00e3o estejam revelando quando a tecnologia colaborou em seu trabalho.<\/p>\n<p>Um n\u00famero ligeiramente menor demonstra preocupa\u00e7\u00e3o com a possibilidade de que conte\u00fados produzidos por IA a partir de outras fontes configurem pl\u00e1gio (59%) e com o fato de que Deus sempre comunicou Sua Palavra por meio de pessoas \u2013 e a IA, por n\u00e3o ser uma pessoa, n\u00e3o se encaixa nesse padr\u00e3o (55%).<\/p>\n<p>Apenas uma pequena parcela (4%) afirma n\u00e3o se preocupar com nenhuma dessas quest\u00f5es, enquanto 1% diz n\u00e3o ter certeza.<\/p>\n<p style=\"text-align: left;\">\u201cAs maiores preocupa\u00e7\u00f5es dos pastores est\u00e3o ligadas \u00e0 confiabilidade das informa\u00e7\u00f5es geradas por IA, mas a maioria deles tamb\u00e9m se preocupa com a honestidade no uso do conte\u00fado criado por IA e com o potencial enfraquecimento da individualidade, especialmente no trato com a Palavra de Deus\u201d, disse McConnell.<\/p>\n<p style=\"text-align: center;\"><img decoding=\"async\" style=\"display: block; margin-left: auto; margin-right: auto;\" src=\"https:\/\/thumbor.guiame.com.br\/unsafe\/smart\/https:\/\/media.guiame.com.br\/archives\/2026\/04\/27\/1990174026-.jpg\" alt=\"\" width=\"600\"\/><span style=\"color: #808080;\"><sup>Entre pastores com 65 anos ou mais, apenas 4% se identificam como usu\u00e1rios regulares de intelig\u00eancia artificial. (Foto: Unsplash\/Samuel Costa Melo)<\/sup><\/span><\/p>\n<p>Pastores evang\u00e9licos s\u00e3o mais propensos do que seus pares de tradi\u00e7\u00f5es hist\u00f3ricas a expressar preocupa\u00e7\u00e3o com o fato de Deus ter compartilhado Sua Palavra por meio de pessoas \u2013 e de a IA n\u00e3o ser uma pessoa (58% contra 51%).<\/p>\n<p>Por outro lado, o clero de igrejas tradicionais demonstra maior preocupa\u00e7\u00e3o do que os pastores evang\u00e9licos com a possibilidade de que conte\u00fado criado por IA a partir de outras fontes configure pl\u00e1gio (65% contra 56%).<\/p>\n<p><strong>Preocupa\u00e7\u00f5es dos frequentadores da igreja<\/strong><\/p>\n<p>Os frequentadores de igrejas protestantes nos EUA demonstram um consenso amplo em rela\u00e7\u00e3o \u00e0s suas preocupa\u00e7\u00f5es sobre a intelig\u00eancia artificial.<\/p>\n<p>Tr\u00eas em cada cinco (61%) afirmam estar apreensivos quanto \u00e0 influ\u00eancia da tecnologia no cristianismo. Menos de tr\u00eas em cada dez (28%) discordam dessa preocupa\u00e7\u00e3o, enquanto 11% dizem n\u00e3o ter certeza.<\/p>\n<p>Frequentadores de igrejas com cren\u00e7as evang\u00e9licas s\u00e3o mais propensos a expressar preocupa\u00e7\u00e3o do que aqueles que n\u00e3o compartilham dessas cren\u00e7as (67% contra 55%).<\/p>\n<p>Entre as denomina\u00e7\u00f5es, batistas (62%) e membros de igrejas presbiterianas\/reformadas (64%) demonstram maior n\u00edvel de preocupa\u00e7\u00e3o do que metodistas (48%).<\/p>\n<p>Por outro lado, os homens s\u00e3o mais propensos do que as mulheres a discordar e afirmar que n\u00e3o est\u00e3o preocupados (31% contra 25%). J\u00e1 entre as faixas et\u00e1rias, frequentadores de igrejas de meia\u2011idade \u2013 aqueles entre 30 e 49 anos (33%) e entre 50 e 64 anos (29%) \u2013 demonstram maior tend\u00eancia a discordar do que os com 65 anos ou mais (23%).<\/p>\n<p>Al\u00e9m disso, aqueles que frequentam os cultos de uma a tr\u00eas vezes por m\u00eas s\u00e3o mais propensos do que os que participam com maior regularidade a afirmar que n\u00e3o t\u00eam preocupa\u00e7\u00f5es quanto \u00e0 influ\u00eancia da IA no cristianismo (31% contra 26%).<\/p>\n<p>\u201cEmbora a disponibilidade e o uso da IA \u200b\u200bestejam se expandindo rapidamente, diversas pesquisas mostram que muitos americanos t\u00eam preocupa\u00e7\u00f5es a respeito dela. Os frequentadores de igrejas n\u00e3o s\u00e3o exce\u00e7\u00e3o, pois refletem sobre sua influ\u00eancia no cristianismo\u201d, disse McConnell.<\/p>\n<p>\u201cAssim como toda nova tecnologia exige alguma investiga\u00e7\u00e3o para ser usada corretamente, os crist\u00e3os t\u00eam a oportunidade de investigar os usos da IA \u200b\u200bsob uma perspectiva b\u00edblica.\u201d<\/p>\n<\/div>\n<p><br \/>\n<br \/>Fonte: Guiame <\/p>\n","protected":false},"excerpt":{"rendered":"<p>Pastores e membros de igrejas est\u00e3o cada vez mais atentos ao avan\u00e7o da intelig\u00eancia artificial (IA) e ao impacto que ela pode ter sobre a f\u00e9 crist\u00e3. Uma pesquisa recente da Lifeway Research indica que, embora a tecnologia n\u00e3o seja amplamente rejeitada, ela ainda desperta preocupa\u00e7\u00e3o e incerteza dentro das comunidades de f\u00e9. \u201cA cautela [&hellip;]<\/p>\n","protected":false},"author":1,"featured_media":6454,"comment_status":"","ping_status":"open","sticky":false,"template":"","format":"standard","meta":{"footnotes":""},"categories":[43],"tags":[],"class_list":["post-6453","post","type-post","status-publish","format-standard","has-post-thumbnail","hentry","category-destaques"],"yoast_head":"<!-- This site is optimized with the Yoast SEO plugin v26.8 - https:\/\/yoast.com\/product\/yoast-seo-wordpress\/ -->\n<title>Pastores e fi\u00e9is temem impacto da intelig\u00eancia artificial no cristianismo - R\u00e1dio Porto Seguro<\/title>\n<meta name=\"robots\" content=\"index, follow, max-snippet:-1, max-image-preview:large, max-video-preview:-1\" \/>\n<link rel=\"canonical\" href=\"https:\/\/radioportoseguro.com.br\/site\/2026\/04\/29\/pastores-e-fieis-temem-impacto-da-inteligencia-artificial-no-cristianismo\/\" \/>\n<meta property=\"og:locale\" content=\"pt_BR\" \/>\n<meta property=\"og:type\" content=\"article\" \/>\n<meta property=\"og:title\" content=\"Pastores e fi\u00e9is temem impacto da intelig\u00eancia artificial no cristianismo - R\u00e1dio Porto Seguro\" \/>\n<meta property=\"og:description\" content=\"Pastores e membros de igrejas est\u00e3o cada vez mais atentos ao avan\u00e7o da intelig\u00eancia artificial (IA) e ao impacto que ela pode ter sobre a f\u00e9 crist\u00e3. Uma pesquisa recente da Lifeway Research indica que, embora a tecnologia n\u00e3o seja amplamente rejeitada, ela ainda desperta preocupa\u00e7\u00e3o e incerteza dentro das comunidades de f\u00e9. \u201cA cautela [&hellip;]\" \/>\n<meta property=\"og:url\" content=\"https:\/\/radioportoseguro.com.br\/site\/2026\/04\/29\/pastores-e-fieis-temem-impacto-da-inteligencia-artificial-no-cristianismo\/\" \/>\n<meta property=\"og:site_name\" content=\"R\u00e1dio Porto Seguro\" \/>\n<meta property=\"article:published_time\" content=\"2026-04-29T04:21:43+00:00\" \/>\n<meta property=\"og:image\" content=\"https:\/\/thumbor.guiame.com.br\/unsafe\/smart\/https:\/\/media.guiame.com.br\/archives\/2026\/04\/27\/1025506675-.jpg\" \/>\n<meta name=\"author\" content=\"admin\" \/>\n<meta name=\"twitter:card\" content=\"summary_large_image\" \/>\n<meta name=\"twitter:label1\" content=\"Escrito por\" \/>\n\t<meta name=\"twitter:data1\" content=\"admin\" \/>\n\t<meta name=\"twitter:label2\" content=\"Est. tempo de leitura\" \/>\n\t<meta name=\"twitter:data2\" content=\"6 minutos\" \/>\n<script type=\"application\/ld+json\" class=\"yoast-schema-graph\">{\"@context\":\"https:\/\/schema.org\",\"@graph\":[{\"@type\":\"Article\",\"@id\":\"https:\/\/radioportoseguro.com.br\/site\/2026\/04\/29\/pastores-e-fieis-temem-impacto-da-inteligencia-artificial-no-cristianismo\/#article\",\"isPartOf\":{\"@id\":\"https:\/\/radioportoseguro.com.br\/site\/2026\/04\/29\/pastores-e-fieis-temem-impacto-da-inteligencia-artificial-no-cristianismo\/\"},\"author\":{\"name\":\"admin\",\"@id\":\"https:\/\/radioportoseguro.com.br\/site\/#\/schema\/person\/7630acdc320186f13639d3c067ec089b\"},\"headline\":\"Pastores e fi\u00e9is temem impacto da intelig\u00eancia artificial no cristianismo\",\"datePublished\":\"2026-04-29T04:21:43+00:00\",\"mainEntityOfPage\":{\"@id\":\"https:\/\/radioportoseguro.com.br\/site\/2026\/04\/29\/pastores-e-fieis-temem-impacto-da-inteligencia-artificial-no-cristianismo\/\"},\"wordCount\":1155,\"image\":{\"@id\":\"https:\/\/radioportoseguro.com.br\/site\/2026\/04\/29\/pastores-e-fieis-temem-impacto-da-inteligencia-artificial-no-cristianismo\/#primaryimage\"},\"thumbnailUrl\":\"https:\/\/radioportoseguro.com.br\/site\/wp-content\/uploads\/2026\/04\/3034447007-pregacao.jpg\",\"articleSection\":[\"Destaques\"],\"inLanguage\":\"pt-BR\"},{\"@type\":\"WebPage\",\"@id\":\"https:\/\/radioportoseguro.com.br\/site\/2026\/04\/29\/pastores-e-fieis-temem-impacto-da-inteligencia-artificial-no-cristianismo\/\",\"url\":\"https:\/\/radioportoseguro.com.br\/site\/2026\/04\/29\/pastores-e-fieis-temem-impacto-da-inteligencia-artificial-no-cristianismo\/\",\"name\":\"Pastores e fi\u00e9is temem impacto da intelig\u00eancia artificial no cristianismo - R\u00e1dio Porto Seguro\",\"isPartOf\":{\"@id\":\"https:\/\/radioportoseguro.com.br\/site\/#website\"},\"primaryImageOfPage\":{\"@id\":\"https:\/\/radioportoseguro.com.br\/site\/2026\/04\/29\/pastores-e-fieis-temem-impacto-da-inteligencia-artificial-no-cristianismo\/#primaryimage\"},\"image\":{\"@id\":\"https:\/\/radioportoseguro.com.br\/site\/2026\/04\/29\/pastores-e-fieis-temem-impacto-da-inteligencia-artificial-no-cristianismo\/#primaryimage\"},\"thumbnailUrl\":\"https:\/\/radioportoseguro.com.br\/site\/wp-content\/uploads\/2026\/04\/3034447007-pregacao.jpg\",\"datePublished\":\"2026-04-29T04:21:43+00:00\",\"author\":{\"@id\":\"https:\/\/radioportoseguro.com.br\/site\/#\/schema\/person\/7630acdc320186f13639d3c067ec089b\"},\"breadcrumb\":{\"@id\":\"https:\/\/radioportoseguro.com.br\/site\/2026\/04\/29\/pastores-e-fieis-temem-impacto-da-inteligencia-artificial-no-cristianismo\/#breadcrumb\"},\"inLanguage\":\"pt-BR\",\"potentialAction\":[{\"@type\":\"ReadAction\",\"target\":[\"https:\/\/radioportoseguro.com.br\/site\/2026\/04\/29\/pastores-e-fieis-temem-impacto-da-inteligencia-artificial-no-cristianismo\/\"]}]},{\"@type\":\"ImageObject\",\"inLanguage\":\"pt-BR\",\"@id\":\"https:\/\/radioportoseguro.com.br\/site\/2026\/04\/29\/pastores-e-fieis-temem-impacto-da-inteligencia-artificial-no-cristianismo\/#primaryimage\",\"url\":\"https:\/\/radioportoseguro.com.br\/site\/wp-content\/uploads\/2026\/04\/3034447007-pregacao.jpg\",\"contentUrl\":\"https:\/\/radioportoseguro.com.br\/site\/wp-content\/uploads\/2026\/04\/3034447007-pregacao.jpg\",\"width\":1200,\"height\":600},{\"@type\":\"BreadcrumbList\",\"@id\":\"https:\/\/radioportoseguro.com.br\/site\/2026\/04\/29\/pastores-e-fieis-temem-impacto-da-inteligencia-artificial-no-cristianismo\/#breadcrumb\",\"itemListElement\":[{\"@type\":\"ListItem\",\"position\":1,\"name\":\"In\u00edcio\",\"item\":\"https:\/\/radioportoseguro.com.br\/site\/\"},{\"@type\":\"ListItem\",\"position\":2,\"name\":\"Pastores e fi\u00e9is temem impacto da intelig\u00eancia artificial no cristianismo\"}]},{\"@type\":\"WebSite\",\"@id\":\"https:\/\/radioportoseguro.com.br\/site\/#website\",\"url\":\"https:\/\/radioportoseguro.com.br\/site\/\",\"name\":\"R\u00e1dio Porto Seguro\",\"description\":\"\",\"potentialAction\":[{\"@type\":\"SearchAction\",\"target\":{\"@type\":\"EntryPoint\",\"urlTemplate\":\"https:\/\/radioportoseguro.com.br\/site\/?s={search_term_string}\"},\"query-input\":{\"@type\":\"PropertyValueSpecification\",\"valueRequired\":true,\"valueName\":\"search_term_string\"}}],\"inLanguage\":\"pt-BR\"},{\"@type\":\"Person\",\"@id\":\"https:\/\/radioportoseguro.com.br\/site\/#\/schema\/person\/7630acdc320186f13639d3c067ec089b\",\"name\":\"admin\",\"image\":{\"@type\":\"ImageObject\",\"inLanguage\":\"pt-BR\",\"@id\":\"https:\/\/radioportoseguro.com.br\/site\/#\/schema\/person\/image\/\",\"url\":\"https:\/\/secure.gravatar.com\/avatar\/caacf4dc1eedb68fab0df8e1ed46c448e578b2466351bbcb61e47d2ac0caaef0?s=96&d=mm&r=g\",\"contentUrl\":\"https:\/\/secure.gravatar.com\/avatar\/caacf4dc1eedb68fab0df8e1ed46c448e578b2466351bbcb61e47d2ac0caaef0?s=96&d=mm&r=g\",\"caption\":\"admin\"},\"sameAs\":[\"https:\/\/radioportoseguro.com.br\/site\"],\"url\":\"https:\/\/radioportoseguro.com.br\/site\/author\/hezio\/\"}]}<\/script>\n<!-- \/ Yoast SEO plugin. -->","yoast_head_json":{"title":"Pastores e fi\u00e9is temem impacto da intelig\u00eancia artificial no cristianismo - R\u00e1dio Porto Seguro","robots":{"index":"index","follow":"follow","max-snippet":"max-snippet:-1","max-image-preview":"max-image-preview:large","max-video-preview":"max-video-preview:-1"},"canonical":"https:\/\/radioportoseguro.com.br\/site\/2026\/04\/29\/pastores-e-fieis-temem-impacto-da-inteligencia-artificial-no-cristianismo\/","og_locale":"pt_BR","og_type":"article","og_title":"Pastores e fi\u00e9is temem impacto da intelig\u00eancia artificial no cristianismo - R\u00e1dio Porto Seguro","og_description":"Pastores e membros de igrejas est\u00e3o cada vez mais atentos ao avan\u00e7o da intelig\u00eancia artificial (IA) e ao impacto que ela pode ter sobre a f\u00e9 crist\u00e3. Uma pesquisa recente da Lifeway Research indica que, embora a tecnologia n\u00e3o seja amplamente rejeitada, ela ainda desperta preocupa\u00e7\u00e3o e incerteza dentro das comunidades de f\u00e9. \u201cA cautela [&hellip;]","og_url":"https:\/\/radioportoseguro.com.br\/site\/2026\/04\/29\/pastores-e-fieis-temem-impacto-da-inteligencia-artificial-no-cristianismo\/","og_site_name":"R\u00e1dio Porto Seguro","article_published_time":"2026-04-29T04:21:43+00:00","og_image":[{"url":"https:\/\/thumbor.guiame.com.br\/unsafe\/smart\/https:\/\/media.guiame.com.br\/archives\/2026\/04\/27\/1025506675-.jpg","type":"","width":"","height":""}],"author":"admin","twitter_card":"summary_large_image","twitter_misc":{"Escrito por":"admin","Est. tempo de leitura":"6 minutos"},"schema":{"@context":"https:\/\/schema.org","@graph":[{"@type":"Article","@id":"https:\/\/radioportoseguro.com.br\/site\/2026\/04\/29\/pastores-e-fieis-temem-impacto-da-inteligencia-artificial-no-cristianismo\/#article","isPartOf":{"@id":"https:\/\/radioportoseguro.com.br\/site\/2026\/04\/29\/pastores-e-fieis-temem-impacto-da-inteligencia-artificial-no-cristianismo\/"},"author":{"name":"admin","@id":"https:\/\/radioportoseguro.com.br\/site\/#\/schema\/person\/7630acdc320186f13639d3c067ec089b"},"headline":"Pastores e fi\u00e9is temem impacto da intelig\u00eancia artificial no cristianismo","datePublished":"2026-04-29T04:21:43+00:00","mainEntityOfPage":{"@id":"https:\/\/radioportoseguro.com.br\/site\/2026\/04\/29\/pastores-e-fieis-temem-impacto-da-inteligencia-artificial-no-cristianismo\/"},"wordCount":1155,"image":{"@id":"https:\/\/radioportoseguro.com.br\/site\/2026\/04\/29\/pastores-e-fieis-temem-impacto-da-inteligencia-artificial-no-cristianismo\/#primaryimage"},"thumbnailUrl":"https:\/\/radioportoseguro.com.br\/site\/wp-content\/uploads\/2026\/04\/3034447007-pregacao.jpg","articleSection":["Destaques"],"inLanguage":"pt-BR"},{"@type":"WebPage","@id":"https:\/\/radioportoseguro.com.br\/site\/2026\/04\/29\/pastores-e-fieis-temem-impacto-da-inteligencia-artificial-no-cristianismo\/","url":"https:\/\/radioportoseguro.com.br\/site\/2026\/04\/29\/pastores-e-fieis-temem-impacto-da-inteligencia-artificial-no-cristianismo\/","name":"Pastores e fi\u00e9is temem impacto da intelig\u00eancia artificial no cristianismo - R\u00e1dio Porto Seguro","isPartOf":{"@id":"https:\/\/radioportoseguro.com.br\/site\/#website"},"primaryImageOfPage":{"@id":"https:\/\/radioportoseguro.com.br\/site\/2026\/04\/29\/pastores-e-fieis-temem-impacto-da-inteligencia-artificial-no-cristianismo\/#primaryimage"},"image":{"@id":"https:\/\/radioportoseguro.com.br\/site\/2026\/04\/29\/pastores-e-fieis-temem-impacto-da-inteligencia-artificial-no-cristianismo\/#primaryimage"},"thumbnailUrl":"https:\/\/radioportoseguro.com.br\/site\/wp-content\/uploads\/2026\/04\/3034447007-pregacao.jpg","datePublished":"2026-04-29T04:21:43+00:00","author":{"@id":"https:\/\/radioportoseguro.com.br\/site\/#\/schema\/person\/7630acdc320186f13639d3c067ec089b"},"breadcrumb":{"@id":"https:\/\/radioportoseguro.com.br\/site\/2026\/04\/29\/pastores-e-fieis-temem-impacto-da-inteligencia-artificial-no-cristianismo\/#breadcrumb"},"inLanguage":"pt-BR","potentialAction":[{"@type":"ReadAction","target":["https:\/\/radioportoseguro.com.br\/site\/2026\/04\/29\/pastores-e-fieis-temem-impacto-da-inteligencia-artificial-no-cristianismo\/"]}]},{"@type":"ImageObject","inLanguage":"pt-BR","@id":"https:\/\/radioportoseguro.com.br\/site\/2026\/04\/29\/pastores-e-fieis-temem-impacto-da-inteligencia-artificial-no-cristianismo\/#primaryimage","url":"https:\/\/radioportoseguro.com.br\/site\/wp-content\/uploads\/2026\/04\/3034447007-pregacao.jpg","contentUrl":"https:\/\/radioportoseguro.com.br\/site\/wp-content\/uploads\/2026\/04\/3034447007-pregacao.jpg","width":1200,"height":600},{"@type":"BreadcrumbList","@id":"https:\/\/radioportoseguro.com.br\/site\/2026\/04\/29\/pastores-e-fieis-temem-impacto-da-inteligencia-artificial-no-cristianismo\/#breadcrumb","itemListElement":[{"@type":"ListItem","position":1,"name":"In\u00edcio","item":"https:\/\/radioportoseguro.com.br\/site\/"},{"@type":"ListItem","position":2,"name":"Pastores e fi\u00e9is temem impacto da intelig\u00eancia artificial no cristianismo"}]},{"@type":"WebSite","@id":"https:\/\/radioportoseguro.com.br\/site\/#website","url":"https:\/\/radioportoseguro.com.br\/site\/","name":"R\u00e1dio Porto Seguro","description":"","potentialAction":[{"@type":"SearchAction","target":{"@type":"EntryPoint","urlTemplate":"https:\/\/radioportoseguro.com.br\/site\/?s={search_term_string}"},"query-input":{"@type":"PropertyValueSpecification","valueRequired":true,"valueName":"search_term_string"}}],"inLanguage":"pt-BR"},{"@type":"Person","@id":"https:\/\/radioportoseguro.com.br\/site\/#\/schema\/person\/7630acdc320186f13639d3c067ec089b","name":"admin","image":{"@type":"ImageObject","inLanguage":"pt-BR","@id":"https:\/\/radioportoseguro.com.br\/site\/#\/schema\/person\/image\/","url":"https:\/\/secure.gravatar.com\/avatar\/caacf4dc1eedb68fab0df8e1ed46c448e578b2466351bbcb61e47d2ac0caaef0?s=96&d=mm&r=g","contentUrl":"https:\/\/secure.gravatar.com\/avatar\/caacf4dc1eedb68fab0df8e1ed46c448e578b2466351bbcb61e47d2ac0caaef0?s=96&d=mm&r=g","caption":"admin"},"sameAs":["https:\/\/radioportoseguro.com.br\/site"],"url":"https:\/\/radioportoseguro.com.br\/site\/author\/hezio\/"}]}},"_links":{"self":[{"href":"https:\/\/radioportoseguro.com.br\/site\/wp-json\/wp\/v2\/posts\/6453","targetHints":{"allow":["GET"]}}],"collection":[{"href":"https:\/\/radioportoseguro.com.br\/site\/wp-json\/wp\/v2\/posts"}],"about":[{"href":"https:\/\/radioportoseguro.com.br\/site\/wp-json\/wp\/v2\/types\/post"}],"author":[{"embeddable":true,"href":"https:\/\/radioportoseguro.com.br\/site\/wp-json\/wp\/v2\/users\/1"}],"replies":[{"embeddable":true,"href":"https:\/\/radioportoseguro.com.br\/site\/wp-json\/wp\/v2\/comments?post=6453"}],"version-history":[{"count":0,"href":"https:\/\/radioportoseguro.com.br\/site\/wp-json\/wp\/v2\/posts\/6453\/revisions"}],"wp:featuredmedia":[{"embeddable":true,"href":"https:\/\/radioportoseguro.com.br\/site\/wp-json\/wp\/v2\/media\/6454"}],"wp:attachment":[{"href":"https:\/\/radioportoseguro.com.br\/site\/wp-json\/wp\/v2\/media?parent=6453"}],"wp:term":[{"taxonomy":"category","embeddable":true,"href":"https:\/\/radioportoseguro.com.br\/site\/wp-json\/wp\/v2\/categories?post=6453"},{"taxonomy":"post_tag","embeddable":true,"href":"https:\/\/radioportoseguro.com.br\/site\/wp-json\/wp\/v2\/tags?post=6453"}],"curies":[{"name":"wp","href":"https:\/\/api.w.org\/{rel}","templated":true}]}}