{"id":6461,"date":"2026-04-29T07:35:27","date_gmt":"2026-04-29T10:35:27","guid":{"rendered":"https:\/\/radioportoseguro.com.br\/site\/2026\/04\/29\/ataque-a-igreja-evangelica-templo-e-furtado-e-incendiado-no-interior-de-sp\/"},"modified":"2026-04-29T07:35:27","modified_gmt":"2026-04-29T10:35:27","slug":"ataque-a-igreja-evangelica-templo-e-furtado-e-incendiado-no-interior-de-sp","status":"publish","type":"post","link":"https:\/\/radioportoseguro.com.br\/site\/2026\/04\/29\/ataque-a-igreja-evangelica-templo-e-furtado-e-incendiado-no-interior-de-sp\/","title":{"rendered":"Ataque a igreja evang\u00e9lica: Templo \u00e9 furtado e incendiado no interior de SP"},"content":{"rendered":"<p><br \/>\n<\/p>\n<div>\n<p>Uma <span style=\"color: #800000;\"><strong>igreja evang\u00e9lica<\/strong> <\/span>foi invadida, furtada e incendiada na madrugada da \u00faltima sexta-feira (24), no distrito de Irap\u00e9, em Chavantes, interior de S\u00e3o Paulo.<\/p>\n<p>A pastora respons\u00e1vel pelo templo foi avisada por frequentadores, que perceberam o <span style=\"color: #800000;\"><strong>inc\u00eandio<\/strong><\/span> e pediram ajuda.<\/p>\n<p style=\"text-align: left;\">Segundo o boletim de ocorr\u00eancia, ela foi at\u00e9 o local acompanhada do marido. Ao chegarem, ele conseguiu conter as chamas utilizando uma mangueira, evitando que o fogo causasse danos ainda maiores ao pr\u00e9dio.<\/p>\n<p><\/p>\n<p style=\"text-align: center;\"><sup><span style=\"color: #808080;\">A igreja ficou danificada ap\u00f3s o inc\u00eandio. (Foto: Arquivo pessoal)<\/span><\/sup><\/p>\n<p>Ap\u00f3s controlar o inc\u00eandio, o casal constatou que o templo havia sido arrombado. Durante a invas\u00e3o, criminosos furtaram uma televis\u00e3o de 55 polegadas. O preju\u00edzo estimado ultrapassa R$ 7 mil.<\/p>\n<p>A per\u00edcia t\u00e9cnica e equipes do Corpo de Bombeiros estiveram no local para atender a ocorr\u00eancia e avaliar os danos.<\/p>\n<p>O caso segue sob investiga\u00e7\u00e3o da Pol\u00edcia Civil. At\u00e9 a \u00faltima atualiza\u00e7\u00e3o, ningu\u00e9m havia sido preso.<\/p>\n<p>\u00a0<\/p>\n<\/div>\n<p><br \/>\n<br \/>Fonte: Guiame <\/p>\n","protected":false},"excerpt":{"rendered":"<p>Uma igreja evang\u00e9lica foi invadida, furtada e incendiada na madrugada da \u00faltima sexta-feira (24), no distrito de Irap\u00e9, em Chavantes, interior de S\u00e3o Paulo. A pastora respons\u00e1vel pelo templo foi avisada por frequentadores, que perceberam o inc\u00eandio e pediram ajuda. Segundo o boletim de ocorr\u00eancia, ela foi at\u00e9 o local acompanhada do marido. Ao chegarem, [&hellip;]<\/p>\n","protected":false},"author":1,"featured_media":6462,"comment_status":"","ping_status":"open","sticky":false,"template":"","format":"standard","meta":{"footnotes":""},"categories":[43],"tags":[],"class_list":["post-6461","post","type-post","status-publish","format-standard","has-post-thumbnail","hentry","category-destaques"],"yoast_head":"<!-- This site is optimized with the Yoast SEO plugin v26.8 - https:\/\/yoast.com\/product\/yoast-seo-wordpress\/ -->\n<title>Ataque a igreja evang\u00e9lica: Templo \u00e9 furtado e incendiado no interior de SP - R\u00e1dio Porto Seguro<\/title>\n<meta name=\"robots\" content=\"index, follow, max-snippet:-1, max-image-preview:large, max-video-preview:-1\" \/>\n<link rel=\"canonical\" href=\"https:\/\/radioportoseguro.com.br\/site\/2026\/04\/29\/ataque-a-igreja-evangelica-templo-e-furtado-e-incendiado-no-interior-de-sp\/\" \/>\n<meta property=\"og:locale\" content=\"pt_BR\" \/>\n<meta property=\"og:type\" content=\"article\" \/>\n<meta property=\"og:title\" content=\"Ataque a igreja evang\u00e9lica: Templo \u00e9 furtado e incendiado no interior de SP - R\u00e1dio Porto Seguro\" \/>\n<meta property=\"og:description\" content=\"Uma igreja evang\u00e9lica foi invadida, furtada e incendiada na madrugada da \u00faltima sexta-feira (24), no distrito de Irap\u00e9, em Chavantes, interior de S\u00e3o Paulo. A pastora respons\u00e1vel pelo templo foi avisada por frequentadores, que perceberam o inc\u00eandio e pediram ajuda. Segundo o boletim de ocorr\u00eancia, ela foi at\u00e9 o local acompanhada do marido. Ao chegarem, [&hellip;]\" \/>\n<meta property=\"og:url\" content=\"https:\/\/radioportoseguro.com.br\/site\/2026\/04\/29\/ataque-a-igreja-evangelica-templo-e-furtado-e-incendiado-no-interior-de-sp\/\" \/>\n<meta property=\"og:site_name\" content=\"R\u00e1dio Porto Seguro\" \/>\n<meta property=\"article:published_time\" content=\"2026-04-29T10:35:27+00:00\" \/>\n<meta property=\"og:image\" content=\"https:\/\/thumbor.guiame.com.br\/unsafe\/smart\/https:\/\/media.guiame.com.br\/archives\/2026\/04\/27\/466237844-igreja-evangelica.jpg\" \/>\n<meta name=\"author\" content=\"admin\" \/>\n<meta name=\"twitter:card\" content=\"summary_large_image\" \/>\n<meta name=\"twitter:label1\" content=\"Escrito por\" \/>\n\t<meta name=\"twitter:data1\" content=\"admin\" \/>\n\t<meta name=\"twitter:label2\" content=\"Est. tempo de leitura\" \/>\n\t<meta name=\"twitter:data2\" content=\"1 minuto\" \/>\n<script type=\"application\/ld+json\" class=\"yoast-schema-graph\">{\"@context\":\"https:\/\/schema.org\",\"@graph\":[{\"@type\":\"Article\",\"@id\":\"https:\/\/radioportoseguro.com.br\/site\/2026\/04\/29\/ataque-a-igreja-evangelica-templo-e-furtado-e-incendiado-no-interior-de-sp\/#article\",\"isPartOf\":{\"@id\":\"https:\/\/radioportoseguro.com.br\/site\/2026\/04\/29\/ataque-a-igreja-evangelica-templo-e-furtado-e-incendiado-no-interior-de-sp\/\"},\"author\":{\"name\":\"admin\",\"@id\":\"https:\/\/radioportoseguro.com.br\/site\/#\/schema\/person\/7630acdc320186f13639d3c067ec089b\"},\"headline\":\"Ataque a igreja evang\u00e9lica: Templo \u00e9 furtado e incendiado no interior de SP\",\"datePublished\":\"2026-04-29T10:35:27+00:00\",\"mainEntityOfPage\":{\"@id\":\"https:\/\/radioportoseguro.com.br\/site\/2026\/04\/29\/ataque-a-igreja-evangelica-templo-e-furtado-e-incendiado-no-interior-de-sp\/\"},\"wordCount\":183,\"image\":{\"@id\":\"https:\/\/radioportoseguro.com.br\/site\/2026\/04\/29\/ataque-a-igreja-evangelica-templo-e-furtado-e-incendiado-no-interior-de-sp\/#primaryimage\"},\"thumbnailUrl\":\"https:\/\/radioportoseguro.com.br\/site\/wp-content\/uploads\/2026\/04\/8954542-igreja-evangelica.png\",\"articleSection\":[\"Destaques\"],\"inLanguage\":\"pt-BR\"},{\"@type\":\"WebPage\",\"@id\":\"https:\/\/radioportoseguro.com.br\/site\/2026\/04\/29\/ataque-a-igreja-evangelica-templo-e-furtado-e-incendiado-no-interior-de-sp\/\",\"url\":\"https:\/\/radioportoseguro.com.br\/site\/2026\/04\/29\/ataque-a-igreja-evangelica-templo-e-furtado-e-incendiado-no-interior-de-sp\/\",\"name\":\"Ataque a igreja evang\u00e9lica: Templo \u00e9 furtado e incendiado no interior de SP - R\u00e1dio Porto Seguro\",\"isPartOf\":{\"@id\":\"https:\/\/radioportoseguro.com.br\/site\/#website\"},\"primaryImageOfPage\":{\"@id\":\"https:\/\/radioportoseguro.com.br\/site\/2026\/04\/29\/ataque-a-igreja-evangelica-templo-e-furtado-e-incendiado-no-interior-de-sp\/#primaryimage\"},\"image\":{\"@id\":\"https:\/\/radioportoseguro.com.br\/site\/2026\/04\/29\/ataque-a-igreja-evangelica-templo-e-furtado-e-incendiado-no-interior-de-sp\/#primaryimage\"},\"thumbnailUrl\":\"https:\/\/radioportoseguro.com.br\/site\/wp-content\/uploads\/2026\/04\/8954542-igreja-evangelica.png\",\"datePublished\":\"2026-04-29T10:35:27+00:00\",\"author\":{\"@id\":\"https:\/\/radioportoseguro.com.br\/site\/#\/schema\/person\/7630acdc320186f13639d3c067ec089b\"},\"breadcrumb\":{\"@id\":\"https:\/\/radioportoseguro.com.br\/site\/2026\/04\/29\/ataque-a-igreja-evangelica-templo-e-furtado-e-incendiado-no-interior-de-sp\/#breadcrumb\"},\"inLanguage\":\"pt-BR\",\"potentialAction\":[{\"@type\":\"ReadAction\",\"target\":[\"https:\/\/radioportoseguro.com.br\/site\/2026\/04\/29\/ataque-a-igreja-evangelica-templo-e-furtado-e-incendiado-no-interior-de-sp\/\"]}]},{\"@type\":\"ImageObject\",\"inLanguage\":\"pt-BR\",\"@id\":\"https:\/\/radioportoseguro.com.br\/site\/2026\/04\/29\/ataque-a-igreja-evangelica-templo-e-furtado-e-incendiado-no-interior-de-sp\/#primaryimage\",\"url\":\"https:\/\/radioportoseguro.com.br\/site\/wp-content\/uploads\/2026\/04\/8954542-igreja-evangelica.png\",\"contentUrl\":\"https:\/\/radioportoseguro.com.br\/site\/wp-content\/uploads\/2026\/04\/8954542-igreja-evangelica.png\",\"width\":1200,\"height\":600},{\"@type\":\"BreadcrumbList\",\"@id\":\"https:\/\/radioportoseguro.com.br\/site\/2026\/04\/29\/ataque-a-igreja-evangelica-templo-e-furtado-e-incendiado-no-interior-de-sp\/#breadcrumb\",\"itemListElement\":[{\"@type\":\"ListItem\",\"position\":1,\"name\":\"In\u00edcio\",\"item\":\"https:\/\/radioportoseguro.com.br\/site\/\"},{\"@type\":\"ListItem\",\"position\":2,\"name\":\"Ataque a igreja evang\u00e9lica: Templo \u00e9 furtado e incendiado no interior de SP\"}]},{\"@type\":\"WebSite\",\"@id\":\"https:\/\/radioportoseguro.com.br\/site\/#website\",\"url\":\"https:\/\/radioportoseguro.com.br\/site\/\",\"name\":\"R\u00e1dio Porto Seguro\",\"description\":\"\",\"potentialAction\":[{\"@type\":\"SearchAction\",\"target\":{\"@type\":\"EntryPoint\",\"urlTemplate\":\"https:\/\/radioportoseguro.com.br\/site\/?s={search_term_string}\"},\"query-input\":{\"@type\":\"PropertyValueSpecification\",\"valueRequired\":true,\"valueName\":\"search_term_string\"}}],\"inLanguage\":\"pt-BR\"},{\"@type\":\"Person\",\"@id\":\"https:\/\/radioportoseguro.com.br\/site\/#\/schema\/person\/7630acdc320186f13639d3c067ec089b\",\"name\":\"admin\",\"image\":{\"@type\":\"ImageObject\",\"inLanguage\":\"pt-BR\",\"@id\":\"https:\/\/radioportoseguro.com.br\/site\/#\/schema\/person\/image\/\",\"url\":\"https:\/\/secure.gravatar.com\/avatar\/caacf4dc1eedb68fab0df8e1ed46c448e578b2466351bbcb61e47d2ac0caaef0?s=96&d=mm&r=g\",\"contentUrl\":\"https:\/\/secure.gravatar.com\/avatar\/caacf4dc1eedb68fab0df8e1ed46c448e578b2466351bbcb61e47d2ac0caaef0?s=96&d=mm&r=g\",\"caption\":\"admin\"},\"sameAs\":[\"https:\/\/radioportoseguro.com.br\/site\"],\"url\":\"https:\/\/radioportoseguro.com.br\/site\/author\/hezio\/\"}]}<\/script>\n<!-- \/ Yoast SEO plugin. -->","yoast_head_json":{"title":"Ataque a igreja evang\u00e9lica: Templo \u00e9 furtado e incendiado no interior de SP - R\u00e1dio Porto Seguro","robots":{"index":"index","follow":"follow","max-snippet":"max-snippet:-1","max-image-preview":"max-image-preview:large","max-video-preview":"max-video-preview:-1"},"canonical":"https:\/\/radioportoseguro.com.br\/site\/2026\/04\/29\/ataque-a-igreja-evangelica-templo-e-furtado-e-incendiado-no-interior-de-sp\/","og_locale":"pt_BR","og_type":"article","og_title":"Ataque a igreja evang\u00e9lica: Templo \u00e9 furtado e incendiado no interior de SP - R\u00e1dio Porto Seguro","og_description":"Uma igreja evang\u00e9lica foi invadida, furtada e incendiada na madrugada da \u00faltima sexta-feira (24), no distrito de Irap\u00e9, em Chavantes, interior de S\u00e3o Paulo. A pastora respons\u00e1vel pelo templo foi avisada por frequentadores, que perceberam o inc\u00eandio e pediram ajuda. Segundo o boletim de ocorr\u00eancia, ela foi at\u00e9 o local acompanhada do marido. Ao chegarem, [&hellip;]","og_url":"https:\/\/radioportoseguro.com.br\/site\/2026\/04\/29\/ataque-a-igreja-evangelica-templo-e-furtado-e-incendiado-no-interior-de-sp\/","og_site_name":"R\u00e1dio Porto Seguro","article_published_time":"2026-04-29T10:35:27+00:00","og_image":[{"url":"https:\/\/thumbor.guiame.com.br\/unsafe\/smart\/https:\/\/media.guiame.com.br\/archives\/2026\/04\/27\/466237844-igreja-evangelica.jpg","type":"","width":"","height":""}],"author":"admin","twitter_card":"summary_large_image","twitter_misc":{"Escrito por":"admin","Est. tempo de leitura":"1 minuto"},"schema":{"@context":"https:\/\/schema.org","@graph":[{"@type":"Article","@id":"https:\/\/radioportoseguro.com.br\/site\/2026\/04\/29\/ataque-a-igreja-evangelica-templo-e-furtado-e-incendiado-no-interior-de-sp\/#article","isPartOf":{"@id":"https:\/\/radioportoseguro.com.br\/site\/2026\/04\/29\/ataque-a-igreja-evangelica-templo-e-furtado-e-incendiado-no-interior-de-sp\/"},"author":{"name":"admin","@id":"https:\/\/radioportoseguro.com.br\/site\/#\/schema\/person\/7630acdc320186f13639d3c067ec089b"},"headline":"Ataque a igreja evang\u00e9lica: Templo \u00e9 furtado e incendiado no interior de SP","datePublished":"2026-04-29T10:35:27+00:00","mainEntityOfPage":{"@id":"https:\/\/radioportoseguro.com.br\/site\/2026\/04\/29\/ataque-a-igreja-evangelica-templo-e-furtado-e-incendiado-no-interior-de-sp\/"},"wordCount":183,"image":{"@id":"https:\/\/radioportoseguro.com.br\/site\/2026\/04\/29\/ataque-a-igreja-evangelica-templo-e-furtado-e-incendiado-no-interior-de-sp\/#primaryimage"},"thumbnailUrl":"https:\/\/radioportoseguro.com.br\/site\/wp-content\/uploads\/2026\/04\/8954542-igreja-evangelica.png","articleSection":["Destaques"],"inLanguage":"pt-BR"},{"@type":"WebPage","@id":"https:\/\/radioportoseguro.com.br\/site\/2026\/04\/29\/ataque-a-igreja-evangelica-templo-e-furtado-e-incendiado-no-interior-de-sp\/","url":"https:\/\/radioportoseguro.com.br\/site\/2026\/04\/29\/ataque-a-igreja-evangelica-templo-e-furtado-e-incendiado-no-interior-de-sp\/","name":"Ataque a igreja evang\u00e9lica: Templo \u00e9 furtado e incendiado no interior de SP - R\u00e1dio Porto Seguro","isPartOf":{"@id":"https:\/\/radioportoseguro.com.br\/site\/#website"},"primaryImageOfPage":{"@id":"https:\/\/radioportoseguro.com.br\/site\/2026\/04\/29\/ataque-a-igreja-evangelica-templo-e-furtado-e-incendiado-no-interior-de-sp\/#primaryimage"},"image":{"@id":"https:\/\/radioportoseguro.com.br\/site\/2026\/04\/29\/ataque-a-igreja-evangelica-templo-e-furtado-e-incendiado-no-interior-de-sp\/#primaryimage"},"thumbnailUrl":"https:\/\/radioportoseguro.com.br\/site\/wp-content\/uploads\/2026\/04\/8954542-igreja-evangelica.png","datePublished":"2026-04-29T10:35:27+00:00","author":{"@id":"https:\/\/radioportoseguro.com.br\/site\/#\/schema\/person\/7630acdc320186f13639d3c067ec089b"},"breadcrumb":{"@id":"https:\/\/radioportoseguro.com.br\/site\/2026\/04\/29\/ataque-a-igreja-evangelica-templo-e-furtado-e-incendiado-no-interior-de-sp\/#breadcrumb"},"inLanguage":"pt-BR","potentialAction":[{"@type":"ReadAction","target":["https:\/\/radioportoseguro.com.br\/site\/2026\/04\/29\/ataque-a-igreja-evangelica-templo-e-furtado-e-incendiado-no-interior-de-sp\/"]}]},{"@type":"ImageObject","inLanguage":"pt-BR","@id":"https:\/\/radioportoseguro.com.br\/site\/2026\/04\/29\/ataque-a-igreja-evangelica-templo-e-furtado-e-incendiado-no-interior-de-sp\/#primaryimage","url":"https:\/\/radioportoseguro.com.br\/site\/wp-content\/uploads\/2026\/04\/8954542-igreja-evangelica.png","contentUrl":"https:\/\/radioportoseguro.com.br\/site\/wp-content\/uploads\/2026\/04\/8954542-igreja-evangelica.png","width":1200,"height":600},{"@type":"BreadcrumbList","@id":"https:\/\/radioportoseguro.com.br\/site\/2026\/04\/29\/ataque-a-igreja-evangelica-templo-e-furtado-e-incendiado-no-interior-de-sp\/#breadcrumb","itemListElement":[{"@type":"ListItem","position":1,"name":"In\u00edcio","item":"https:\/\/radioportoseguro.com.br\/site\/"},{"@type":"ListItem","position":2,"name":"Ataque a igreja evang\u00e9lica: Templo \u00e9 furtado e incendiado no interior de SP"}]},{"@type":"WebSite","@id":"https:\/\/radioportoseguro.com.br\/site\/#website","url":"https:\/\/radioportoseguro.com.br\/site\/","name":"R\u00e1dio Porto Seguro","description":"","potentialAction":[{"@type":"SearchAction","target":{"@type":"EntryPoint","urlTemplate":"https:\/\/radioportoseguro.com.br\/site\/?s={search_term_string}"},"query-input":{"@type":"PropertyValueSpecification","valueRequired":true,"valueName":"search_term_string"}}],"inLanguage":"pt-BR"},{"@type":"Person","@id":"https:\/\/radioportoseguro.com.br\/site\/#\/schema\/person\/7630acdc320186f13639d3c067ec089b","name":"admin","image":{"@type":"ImageObject","inLanguage":"pt-BR","@id":"https:\/\/radioportoseguro.com.br\/site\/#\/schema\/person\/image\/","url":"https:\/\/secure.gravatar.com\/avatar\/caacf4dc1eedb68fab0df8e1ed46c448e578b2466351bbcb61e47d2ac0caaef0?s=96&d=mm&r=g","contentUrl":"https:\/\/secure.gravatar.com\/avatar\/caacf4dc1eedb68fab0df8e1ed46c448e578b2466351bbcb61e47d2ac0caaef0?s=96&d=mm&r=g","caption":"admin"},"sameAs":["https:\/\/radioportoseguro.com.br\/site"],"url":"https:\/\/radioportoseguro.com.br\/site\/author\/hezio\/"}]}},"_links":{"self":[{"href":"https:\/\/radioportoseguro.com.br\/site\/wp-json\/wp\/v2\/posts\/6461","targetHints":{"allow":["GET"]}}],"collection":[{"href":"https:\/\/radioportoseguro.com.br\/site\/wp-json\/wp\/v2\/posts"}],"about":[{"href":"https:\/\/radioportoseguro.com.br\/site\/wp-json\/wp\/v2\/types\/post"}],"author":[{"embeddable":true,"href":"https:\/\/radioportoseguro.com.br\/site\/wp-json\/wp\/v2\/users\/1"}],"replies":[{"embeddable":true,"href":"https:\/\/radioportoseguro.com.br\/site\/wp-json\/wp\/v2\/comments?post=6461"}],"version-history":[{"count":0,"href":"https:\/\/radioportoseguro.com.br\/site\/wp-json\/wp\/v2\/posts\/6461\/revisions"}],"wp:featuredmedia":[{"embeddable":true,"href":"https:\/\/radioportoseguro.com.br\/site\/wp-json\/wp\/v2\/media\/6462"}],"wp:attachment":[{"href":"https:\/\/radioportoseguro.com.br\/site\/wp-json\/wp\/v2\/media?parent=6461"}],"wp:term":[{"taxonomy":"category","embeddable":true,"href":"https:\/\/radioportoseguro.com.br\/site\/wp-json\/wp\/v2\/categories?post=6461"},{"taxonomy":"post_tag","embeddable":true,"href":"https:\/\/radioportoseguro.com.br\/site\/wp-json\/wp\/v2\/tags?post=6461"}],"curies":[{"name":"wp","href":"https:\/\/api.w.org\/{rel}","templated":true}]}}