{"id":6463,"date":"2026-04-29T09:37:49","date_gmt":"2026-04-29T12:37:49","guid":{"rendered":"https:\/\/radioportoseguro.com.br\/site\/2026\/04\/29\/milhares-se-reunem-em-brasilia-em-oracao-pela-nacao-o-brasil-pertence-a-jesus\/"},"modified":"2026-04-29T09:37:49","modified_gmt":"2026-04-29T12:37:49","slug":"milhares-se-reunem-em-brasilia-em-oracao-pela-nacao-o-brasil-pertence-a-jesus","status":"publish","type":"post","link":"https:\/\/radioportoseguro.com.br\/site\/2026\/04\/29\/milhares-se-reunem-em-brasilia-em-oracao-pela-nacao-o-brasil-pertence-a-jesus\/","title":{"rendered":"Milhares se re\u00fanem em Bras\u00edlia em ora\u00e7\u00e3o pela na\u00e7\u00e3o: \u2018O Brasil pertence a Jesus\u2019"},"content":{"rendered":"<p><br \/>\n<br \/><\/p>\n<div>\n<p><span style=\"font-weight: 400;\">No \u00faltimo s\u00e1bado (25), o movimento global <\/span><span style=\"color: #993300;\"><strong>A Million Women Brasil<\/strong><\/span><span style=\"font-weight: 400;\"> reuniu milhares de mulheres e homens na Esplanada dos Minist\u00e9rios, em Bras\u00edlia, que se ajoelharam e intercederam pela na\u00e7\u00e3o.<\/span><\/p>\n<p><span style=\"font-weight: 400;\">\u201cJoelhos que n\u00e3o se dobraram para o sistema, mas sim para a gl\u00f3ria de Deus. Como na\u00e7\u00e3o, nos prostramos diante do Senhor em arrependimento, ora\u00e7\u00e3o e jejum. Porque somente um povo de joelhos pode mudar o destino de uma na\u00e7\u00e3o\u201d, compartilhou o movimento no Instagram.<\/span><\/p>\n<p><span style=\"font-weight: 400;\">Durante 10 horas, o encontro foi marcado por ora\u00e7\u00e3o, jejum e arrependimento pelo Brasil, inspirado no livro de Ester. Fazendo parte da semana de celebra\u00e7\u00e3o do anivers\u00e1rio de Bras\u00edlia, igrejas de diferentes estados se uniram ao prop\u00f3sito, presencialmente e tamb\u00e9m online, em uma corrente de ora\u00e7\u00e3o que tomou o pa\u00eds:<\/span><\/p>\n<p><span style=\"font-weight: 400;\">\u201cDeus fez. E o que vivemos ontem \u00e9 s\u00f3 o come\u00e7o do que Ele vai fazer na na\u00e7\u00e3o brasileira. Milhares de vidas despertadas e algo que temos certeza: o destino da na\u00e7\u00e3o foi mudado por conta do posicionamento do povo. Come\u00e7a aqui e flui para as na\u00e7\u00f5es\u201d.<\/span><\/p>\n<blockquote class=\"instagram-media\" style=\"background: #FFF; border: 0; border-radius: 3px; box-shadow: 0 0 1px 0 rgba(0,0,0,0.5),0 1px 10px 0 rgba(0,0,0,0.15); margin: 1px; max-width: 540px; min-width: 326px; padding: 0; width: calc(100% - 2px);\" data-instgrm-permalink=\"https:\/\/www.instagram.com\/reel\/DXmRl6HgF0o\/?utm_source=ig_embed&amp;utm_campaign=loading\" data-instgrm-version=\"14\"><p>&#13;<br \/>\n&#13;\n<\/p><\/blockquote>\n<p><span style=\"font-weight: 400;\">A multid\u00e3o participou de momentos de adora\u00e7\u00e3o, ministra\u00e7\u00e3o da Palavra de Deus, atos prof\u00e9ticos e ora\u00e7\u00f5es espec\u00edficas pelo Brasil.\u00a0<\/span><\/p>\n<p><span style=\"font-weight: 400;\">No local, os crist\u00e3os tamb\u00e9m intercederam por Israel, pelo futuro das crian\u00e7as brasileiras e celebraram a Ceia do Senhor.<\/span><\/p>\n<p><strong>\u2018O Brasil \u00e9 do Senhor\u2019<\/strong><\/p>\n<p><span style=\"font-weight: 400;\">A governadora do Distrito Federal, Celina Le\u00e3o, e a senadora <\/span><span style=\"color: #993300;\"><strong>Damares Alves<\/strong><\/span><span style=\"font-weight: 400;\"> tamb\u00e9m estiveram presentes no evento.<\/span><\/p>\n<p><span style=\"font-weight: 400;\">Para Damares, o ato representa um momento \u201csimb\u00f3lico, prof\u00e9tico e um sonho\u201d, destacando o papel das mulheres nas decis\u00f5es do pa\u00eds:<\/span><\/p>\n<p><span style=\"font-weight: 400;\">\u201cEu acredito que as grandes decis\u00f5es que o Brasil vai tomar nos pr\u00f3ximos dias passam pela m\u00e3o e pelo joelho das mulheres. As grandes decis\u00f5es passam, acredite, pelo cora\u00e7\u00e3o das mulheres. Somos respons\u00e1veis pela economia do Brasil, pela sa\u00fade do Brasil e pela seguran\u00e7a. N\u00f3s, mulheres, vamos decidir o futuro dessa na\u00e7\u00e3o\u201d.<\/span><\/p>\n<p><span style=\"font-weight: 400;\">J\u00e1 a pastora Ezenete Rodrigues declarou: \u201cO dono do Brasil \u00e9 o Le\u00e3o da tribo de Jud\u00e1, o Grande Eu Sou. N\u00f3s n\u00e3o podemos parar de orar, n\u00f3s n\u00e3o podemos parar de clamar. O que est\u00e1 acontecendo aqui muda a atmosfera da nossa na\u00e7\u00e3o, porque essa na\u00e7\u00e3o \u00e9 estabelecida, essa na\u00e7\u00e3o \u00e9 separada\u201d.\u00a0<\/span><\/p>\n<p><span style=\"font-weight: 400;\">\u201c\u00c9 um ajuntamento, \u00e9 uma assembleia solene. N\u00e3o tem nome de ningu\u00e9m. Mas todos levantando um trono de adora\u00e7\u00e3o ao \u00fanico que \u00e9 digno de receber a honra, a gl\u00f3ria e o louvor. E eu tenho certeza de que n\u00e3o vai parar por aqui. Deus tem coisas novas para n\u00f3s. N\u00e3o \u00e9 religi\u00e3o. Busque a Deus, porque Ele \u00e9 a resposta para tudo o que n\u00f3s precisamos\u201d, acrescentou.<\/span><\/p>\n<blockquote class=\"instagram-media\" style=\"background: #FFF; border: 0; border-radius: 3px; box-shadow: 0 0 1px 0 rgba(0,0,0,0.5),0 1px 10px 0 rgba(0,0,0,0.15); margin: 1px; max-width: 540px; min-width: 326px; padding: 0; width: calc(100% - 2px);\" data-instgrm-permalink=\"https:\/\/www.instagram.com\/reel\/DXjzJIdAC7T\/?utm_source=ig_embed&amp;utm_campaign=loading\" data-instgrm-version=\"14\"><p>&#13;<br \/>\n&#13;\n<\/p><\/blockquote>\n<p><span style=\"font-weight: 400;\">\u201cO Senhor est\u00e1 fazendo algo novo na nossa na\u00e7\u00e3o. H\u00e1 um cetro de favor estendido a n\u00f3s, e essa assembleia solene de Esteres e Mardoqueus \u00e9 muito pontual para o que Deus est\u00e1 fazendo. Um povo unido, sem placas denominacionais. Um povo clamando por arrependimento, se colocando na brecha pela na\u00e7\u00e3o, se arrependendo pelos pecados cometidos nesse solo, profetizando as palavras que o C\u00e9u est\u00e1 ecoando. Foi um mover sobrenatural, sem idolatria por homens. O \u00fanico objetivo de quem estava l\u00e1 era comparecer na presen\u00e7a do Rei Jesus e clamar por livramento, como Ester\u201d, disse a avivalista Ang\u00e9lica Peixoto, ao <\/span><strong>Guiame<\/strong><span style=\"font-weight: 400;\">.<\/span><\/p>\n<p><strong>Unidade do Corpo de Cristo<\/strong><\/p>\n<p><span style=\"font-weight: 400;\">A cantora <\/span><span style=\"color: #993300;\"><strong>N\u00edvea Soares<\/strong><\/span><span style=\"font-weight: 400;\">, que ministrou no evento, destacou a import\u00e2ncia da intercess\u00e3o: \u201cEu acredito numa unidade de Esp\u00edrito, de um mesmo lugar, de um mesmo modo de pensar. A mente de Cristo nos \u00e9 liberada pelo Esp\u00edrito, e Deus quer que n\u00f3s nos tornemos parceiros Dele naquilo que Ele est\u00e1 fazendo no planeta Terra. Ele nos d\u00e1 a honra de participar, e a intercess\u00e3o, a ora\u00e7\u00e3o, \u00e9 isso: \u00e9 participar daquilo que Jesus est\u00e1 fazendo\u201d.<\/span><\/p>\n<p><span style=\"font-weight: 400;\">Os pastores Helena e Joa\u0303o Lucio Tannure tamb\u00e9m compartilharam a Palavra de Deus no evento. Segundo Helena, o papel da Igreja no Brasil \u00e9 \u201cser sal e luz\u201d:<\/span><\/p>\n<p><span style=\"font-weight: 400;\">\u201cN\u00f3s n\u00e3o precisamos de posi\u00e7\u00e3o de destaque, n\u00f3s precisamos de uma igreja comprometida em testemunhar Jesus, tornar os seus feitos conhecidos e interceder para que Deus mude a na\u00e7\u00e3o atrav\u00e9s do Evangelho. Embora a pol\u00edtica possa ser uma ferramenta, n\u00f3s sabemos que o que transforma o homem de dentro para fora e, por consequ\u00eancia, transforma uma na\u00e7\u00e3o inteira \u00e9 o Evangelho de Jesus Cristo. Ent\u00e3o, n\u00f3s clamamos convictos de que o Senhor pode trazer um novo tempo para o Brasil, de expans\u00e3o do Evangelho, n\u00e3o apenas o crescimento num\u00e9rico, mas o amadurecimento da Igreja do Senhor na terra brasileira\u201d. <\/span><\/p>\n<\/div>\n<p><script async src=\"\/\/www.instagram.com\/embed.js\"><\/script><br \/>\n<br \/><br \/>\n<br \/>Fonte: Guiame <\/p>\n","protected":false},"excerpt":{"rendered":"<p>No \u00faltimo s\u00e1bado (25), o movimento global A Million Women Brasil reuniu milhares de mulheres e homens na Esplanada dos Minist\u00e9rios, em Bras\u00edlia, que se ajoelharam e intercederam pela na\u00e7\u00e3o. \u201cJoelhos que n\u00e3o se dobraram para o sistema, mas sim para a gl\u00f3ria de Deus. Como na\u00e7\u00e3o, nos prostramos diante do Senhor em arrependimento, ora\u00e7\u00e3o [&hellip;]<\/p>\n","protected":false},"author":1,"featured_media":6464,"comment_status":"","ping_status":"open","sticky":false,"template":"","format":"standard","meta":{"footnotes":""},"categories":[43],"tags":[],"class_list":["post-6463","post","type-post","status-publish","format-standard","has-post-thumbnail","hentry","category-destaques"],"yoast_head":"<!-- This site is optimized with the Yoast SEO plugin v26.8 - https:\/\/yoast.com\/product\/yoast-seo-wordpress\/ -->\n<title>Milhares se re\u00fanem em Bras\u00edlia em ora\u00e7\u00e3o pela na\u00e7\u00e3o: \u2018O Brasil pertence a Jesus\u2019 - R\u00e1dio Porto Seguro<\/title>\n<meta name=\"robots\" content=\"index, follow, max-snippet:-1, max-image-preview:large, max-video-preview:-1\" \/>\n<link rel=\"canonical\" href=\"https:\/\/radioportoseguro.com.br\/site\/2026\/04\/29\/milhares-se-reunem-em-brasilia-em-oracao-pela-nacao-o-brasil-pertence-a-jesus\/\" \/>\n<meta property=\"og:locale\" content=\"pt_BR\" \/>\n<meta property=\"og:type\" content=\"article\" \/>\n<meta property=\"og:title\" content=\"Milhares se re\u00fanem em Bras\u00edlia em ora\u00e7\u00e3o pela na\u00e7\u00e3o: \u2018O Brasil pertence a Jesus\u2019 - R\u00e1dio Porto Seguro\" \/>\n<meta property=\"og:description\" content=\"No \u00faltimo s\u00e1bado (25), o movimento global A Million Women Brasil reuniu milhares de mulheres e homens na Esplanada dos Minist\u00e9rios, em Bras\u00edlia, que se ajoelharam e intercederam pela na\u00e7\u00e3o. \u201cJoelhos que n\u00e3o se dobraram para o sistema, mas sim para a gl\u00f3ria de Deus. Como na\u00e7\u00e3o, nos prostramos diante do Senhor em arrependimento, ora\u00e7\u00e3o [&hellip;]\" \/>\n<meta property=\"og:url\" content=\"https:\/\/radioportoseguro.com.br\/site\/2026\/04\/29\/milhares-se-reunem-em-brasilia-em-oracao-pela-nacao-o-brasil-pertence-a-jesus\/\" \/>\n<meta property=\"og:site_name\" content=\"R\u00e1dio Porto Seguro\" \/>\n<meta property=\"article:published_time\" content=\"2026-04-29T12:37:49+00:00\" \/>\n<meta property=\"og:image\" content=\"https:\/\/media.guiame.com.br\/archives\/2026\/04\/27\/2055233097-multidao-clamou-pelo-futuro-do-brasil-e-consagrou-nacao-ao-senhor.jpeg\" \/>\n<meta name=\"author\" content=\"admin\" \/>\n<meta name=\"twitter:card\" content=\"summary_large_image\" \/>\n<meta name=\"twitter:label1\" content=\"Escrito por\" \/>\n\t<meta name=\"twitter:data1\" content=\"admin\" \/>\n\t<meta name=\"twitter:label2\" content=\"Est. tempo de leitura\" \/>\n\t<meta name=\"twitter:data2\" content=\"4 minutos\" \/>\n<script type=\"application\/ld+json\" class=\"yoast-schema-graph\">{\"@context\":\"https:\/\/schema.org\",\"@graph\":[{\"@type\":\"Article\",\"@id\":\"https:\/\/radioportoseguro.com.br\/site\/2026\/04\/29\/milhares-se-reunem-em-brasilia-em-oracao-pela-nacao-o-brasil-pertence-a-jesus\/#article\",\"isPartOf\":{\"@id\":\"https:\/\/radioportoseguro.com.br\/site\/2026\/04\/29\/milhares-se-reunem-em-brasilia-em-oracao-pela-nacao-o-brasil-pertence-a-jesus\/\"},\"author\":{\"name\":\"admin\",\"@id\":\"https:\/\/radioportoseguro.com.br\/site\/#\/schema\/person\/7630acdc320186f13639d3c067ec089b\"},\"headline\":\"Milhares se re\u00fanem em Bras\u00edlia em ora\u00e7\u00e3o pela na\u00e7\u00e3o: \u2018O Brasil pertence a Jesus\u2019\",\"datePublished\":\"2026-04-29T12:37:49+00:00\",\"mainEntityOfPage\":{\"@id\":\"https:\/\/radioportoseguro.com.br\/site\/2026\/04\/29\/milhares-se-reunem-em-brasilia-em-oracao-pela-nacao-o-brasil-pertence-a-jesus\/\"},\"wordCount\":834,\"image\":{\"@id\":\"https:\/\/radioportoseguro.com.br\/site\/2026\/04\/29\/milhares-se-reunem-em-brasilia-em-oracao-pela-nacao-o-brasil-pertence-a-jesus\/#primaryimage\"},\"thumbnailUrl\":\"https:\/\/radioportoseguro.com.br\/site\/wp-content\/uploads\/2026\/04\/2055233097-multidao-clamou-pelo-futuro-do-brasil-e-consagrou-nacao-ao-senhor.jpeg\",\"articleSection\":[\"Destaques\"],\"inLanguage\":\"pt-BR\"},{\"@type\":\"WebPage\",\"@id\":\"https:\/\/radioportoseguro.com.br\/site\/2026\/04\/29\/milhares-se-reunem-em-brasilia-em-oracao-pela-nacao-o-brasil-pertence-a-jesus\/\",\"url\":\"https:\/\/radioportoseguro.com.br\/site\/2026\/04\/29\/milhares-se-reunem-em-brasilia-em-oracao-pela-nacao-o-brasil-pertence-a-jesus\/\",\"name\":\"Milhares se re\u00fanem em Bras\u00edlia em ora\u00e7\u00e3o pela na\u00e7\u00e3o: \u2018O Brasil pertence a Jesus\u2019 - R\u00e1dio Porto Seguro\",\"isPartOf\":{\"@id\":\"https:\/\/radioportoseguro.com.br\/site\/#website\"},\"primaryImageOfPage\":{\"@id\":\"https:\/\/radioportoseguro.com.br\/site\/2026\/04\/29\/milhares-se-reunem-em-brasilia-em-oracao-pela-nacao-o-brasil-pertence-a-jesus\/#primaryimage\"},\"image\":{\"@id\":\"https:\/\/radioportoseguro.com.br\/site\/2026\/04\/29\/milhares-se-reunem-em-brasilia-em-oracao-pela-nacao-o-brasil-pertence-a-jesus\/#primaryimage\"},\"thumbnailUrl\":\"https:\/\/radioportoseguro.com.br\/site\/wp-content\/uploads\/2026\/04\/2055233097-multidao-clamou-pelo-futuro-do-brasil-e-consagrou-nacao-ao-senhor.jpeg\",\"datePublished\":\"2026-04-29T12:37:49+00:00\",\"author\":{\"@id\":\"https:\/\/radioportoseguro.com.br\/site\/#\/schema\/person\/7630acdc320186f13639d3c067ec089b\"},\"breadcrumb\":{\"@id\":\"https:\/\/radioportoseguro.com.br\/site\/2026\/04\/29\/milhares-se-reunem-em-brasilia-em-oracao-pela-nacao-o-brasil-pertence-a-jesus\/#breadcrumb\"},\"inLanguage\":\"pt-BR\",\"potentialAction\":[{\"@type\":\"ReadAction\",\"target\":[\"https:\/\/radioportoseguro.com.br\/site\/2026\/04\/29\/milhares-se-reunem-em-brasilia-em-oracao-pela-nacao-o-brasil-pertence-a-jesus\/\"]}]},{\"@type\":\"ImageObject\",\"inLanguage\":\"pt-BR\",\"@id\":\"https:\/\/radioportoseguro.com.br\/site\/2026\/04\/29\/milhares-se-reunem-em-brasilia-em-oracao-pela-nacao-o-brasil-pertence-a-jesus\/#primaryimage\",\"url\":\"https:\/\/radioportoseguro.com.br\/site\/wp-content\/uploads\/2026\/04\/2055233097-multidao-clamou-pelo-futuro-do-brasil-e-consagrou-nacao-ao-senhor.jpeg\",\"contentUrl\":\"https:\/\/radioportoseguro.com.br\/site\/wp-content\/uploads\/2026\/04\/2055233097-multidao-clamou-pelo-futuro-do-brasil-e-consagrou-nacao-ao-senhor.jpeg\",\"width\":1200,\"height\":600},{\"@type\":\"BreadcrumbList\",\"@id\":\"https:\/\/radioportoseguro.com.br\/site\/2026\/04\/29\/milhares-se-reunem-em-brasilia-em-oracao-pela-nacao-o-brasil-pertence-a-jesus\/#breadcrumb\",\"itemListElement\":[{\"@type\":\"ListItem\",\"position\":1,\"name\":\"In\u00edcio\",\"item\":\"https:\/\/radioportoseguro.com.br\/site\/\"},{\"@type\":\"ListItem\",\"position\":2,\"name\":\"Milhares se re\u00fanem em Bras\u00edlia em ora\u00e7\u00e3o pela na\u00e7\u00e3o: \u2018O Brasil pertence a Jesus\u2019\"}]},{\"@type\":\"WebSite\",\"@id\":\"https:\/\/radioportoseguro.com.br\/site\/#website\",\"url\":\"https:\/\/radioportoseguro.com.br\/site\/\",\"name\":\"R\u00e1dio Porto Seguro\",\"description\":\"\",\"potentialAction\":[{\"@type\":\"SearchAction\",\"target\":{\"@type\":\"EntryPoint\",\"urlTemplate\":\"https:\/\/radioportoseguro.com.br\/site\/?s={search_term_string}\"},\"query-input\":{\"@type\":\"PropertyValueSpecification\",\"valueRequired\":true,\"valueName\":\"search_term_string\"}}],\"inLanguage\":\"pt-BR\"},{\"@type\":\"Person\",\"@id\":\"https:\/\/radioportoseguro.com.br\/site\/#\/schema\/person\/7630acdc320186f13639d3c067ec089b\",\"name\":\"admin\",\"image\":{\"@type\":\"ImageObject\",\"inLanguage\":\"pt-BR\",\"@id\":\"https:\/\/radioportoseguro.com.br\/site\/#\/schema\/person\/image\/\",\"url\":\"https:\/\/secure.gravatar.com\/avatar\/caacf4dc1eedb68fab0df8e1ed46c448e578b2466351bbcb61e47d2ac0caaef0?s=96&d=mm&r=g\",\"contentUrl\":\"https:\/\/secure.gravatar.com\/avatar\/caacf4dc1eedb68fab0df8e1ed46c448e578b2466351bbcb61e47d2ac0caaef0?s=96&d=mm&r=g\",\"caption\":\"admin\"},\"sameAs\":[\"https:\/\/radioportoseguro.com.br\/site\"],\"url\":\"https:\/\/radioportoseguro.com.br\/site\/author\/hezio\/\"}]}<\/script>\n<!-- \/ Yoast SEO plugin. -->","yoast_head_json":{"title":"Milhares se re\u00fanem em Bras\u00edlia em ora\u00e7\u00e3o pela na\u00e7\u00e3o: \u2018O Brasil pertence a Jesus\u2019 - R\u00e1dio Porto Seguro","robots":{"index":"index","follow":"follow","max-snippet":"max-snippet:-1","max-image-preview":"max-image-preview:large","max-video-preview":"max-video-preview:-1"},"canonical":"https:\/\/radioportoseguro.com.br\/site\/2026\/04\/29\/milhares-se-reunem-em-brasilia-em-oracao-pela-nacao-o-brasil-pertence-a-jesus\/","og_locale":"pt_BR","og_type":"article","og_title":"Milhares se re\u00fanem em Bras\u00edlia em ora\u00e7\u00e3o pela na\u00e7\u00e3o: \u2018O Brasil pertence a Jesus\u2019 - R\u00e1dio Porto Seguro","og_description":"No \u00faltimo s\u00e1bado (25), o movimento global A Million Women Brasil reuniu milhares de mulheres e homens na Esplanada dos Minist\u00e9rios, em Bras\u00edlia, que se ajoelharam e intercederam pela na\u00e7\u00e3o. \u201cJoelhos que n\u00e3o se dobraram para o sistema, mas sim para a gl\u00f3ria de Deus. Como na\u00e7\u00e3o, nos prostramos diante do Senhor em arrependimento, ora\u00e7\u00e3o [&hellip;]","og_url":"https:\/\/radioportoseguro.com.br\/site\/2026\/04\/29\/milhares-se-reunem-em-brasilia-em-oracao-pela-nacao-o-brasil-pertence-a-jesus\/","og_site_name":"R\u00e1dio Porto Seguro","article_published_time":"2026-04-29T12:37:49+00:00","og_image":[{"url":"https:\/\/media.guiame.com.br\/archives\/2026\/04\/27\/2055233097-multidao-clamou-pelo-futuro-do-brasil-e-consagrou-nacao-ao-senhor.jpeg","type":"","width":"","height":""}],"author":"admin","twitter_card":"summary_large_image","twitter_misc":{"Escrito por":"admin","Est. tempo de leitura":"4 minutos"},"schema":{"@context":"https:\/\/schema.org","@graph":[{"@type":"Article","@id":"https:\/\/radioportoseguro.com.br\/site\/2026\/04\/29\/milhares-se-reunem-em-brasilia-em-oracao-pela-nacao-o-brasil-pertence-a-jesus\/#article","isPartOf":{"@id":"https:\/\/radioportoseguro.com.br\/site\/2026\/04\/29\/milhares-se-reunem-em-brasilia-em-oracao-pela-nacao-o-brasil-pertence-a-jesus\/"},"author":{"name":"admin","@id":"https:\/\/radioportoseguro.com.br\/site\/#\/schema\/person\/7630acdc320186f13639d3c067ec089b"},"headline":"Milhares se re\u00fanem em Bras\u00edlia em ora\u00e7\u00e3o pela na\u00e7\u00e3o: \u2018O Brasil pertence a Jesus\u2019","datePublished":"2026-04-29T12:37:49+00:00","mainEntityOfPage":{"@id":"https:\/\/radioportoseguro.com.br\/site\/2026\/04\/29\/milhares-se-reunem-em-brasilia-em-oracao-pela-nacao-o-brasil-pertence-a-jesus\/"},"wordCount":834,"image":{"@id":"https:\/\/radioportoseguro.com.br\/site\/2026\/04\/29\/milhares-se-reunem-em-brasilia-em-oracao-pela-nacao-o-brasil-pertence-a-jesus\/#primaryimage"},"thumbnailUrl":"https:\/\/radioportoseguro.com.br\/site\/wp-content\/uploads\/2026\/04\/2055233097-multidao-clamou-pelo-futuro-do-brasil-e-consagrou-nacao-ao-senhor.jpeg","articleSection":["Destaques"],"inLanguage":"pt-BR"},{"@type":"WebPage","@id":"https:\/\/radioportoseguro.com.br\/site\/2026\/04\/29\/milhares-se-reunem-em-brasilia-em-oracao-pela-nacao-o-brasil-pertence-a-jesus\/","url":"https:\/\/radioportoseguro.com.br\/site\/2026\/04\/29\/milhares-se-reunem-em-brasilia-em-oracao-pela-nacao-o-brasil-pertence-a-jesus\/","name":"Milhares se re\u00fanem em Bras\u00edlia em ora\u00e7\u00e3o pela na\u00e7\u00e3o: \u2018O Brasil pertence a Jesus\u2019 - R\u00e1dio Porto Seguro","isPartOf":{"@id":"https:\/\/radioportoseguro.com.br\/site\/#website"},"primaryImageOfPage":{"@id":"https:\/\/radioportoseguro.com.br\/site\/2026\/04\/29\/milhares-se-reunem-em-brasilia-em-oracao-pela-nacao-o-brasil-pertence-a-jesus\/#primaryimage"},"image":{"@id":"https:\/\/radioportoseguro.com.br\/site\/2026\/04\/29\/milhares-se-reunem-em-brasilia-em-oracao-pela-nacao-o-brasil-pertence-a-jesus\/#primaryimage"},"thumbnailUrl":"https:\/\/radioportoseguro.com.br\/site\/wp-content\/uploads\/2026\/04\/2055233097-multidao-clamou-pelo-futuro-do-brasil-e-consagrou-nacao-ao-senhor.jpeg","datePublished":"2026-04-29T12:37:49+00:00","author":{"@id":"https:\/\/radioportoseguro.com.br\/site\/#\/schema\/person\/7630acdc320186f13639d3c067ec089b"},"breadcrumb":{"@id":"https:\/\/radioportoseguro.com.br\/site\/2026\/04\/29\/milhares-se-reunem-em-brasilia-em-oracao-pela-nacao-o-brasil-pertence-a-jesus\/#breadcrumb"},"inLanguage":"pt-BR","potentialAction":[{"@type":"ReadAction","target":["https:\/\/radioportoseguro.com.br\/site\/2026\/04\/29\/milhares-se-reunem-em-brasilia-em-oracao-pela-nacao-o-brasil-pertence-a-jesus\/"]}]},{"@type":"ImageObject","inLanguage":"pt-BR","@id":"https:\/\/radioportoseguro.com.br\/site\/2026\/04\/29\/milhares-se-reunem-em-brasilia-em-oracao-pela-nacao-o-brasil-pertence-a-jesus\/#primaryimage","url":"https:\/\/radioportoseguro.com.br\/site\/wp-content\/uploads\/2026\/04\/2055233097-multidao-clamou-pelo-futuro-do-brasil-e-consagrou-nacao-ao-senhor.jpeg","contentUrl":"https:\/\/radioportoseguro.com.br\/site\/wp-content\/uploads\/2026\/04\/2055233097-multidao-clamou-pelo-futuro-do-brasil-e-consagrou-nacao-ao-senhor.jpeg","width":1200,"height":600},{"@type":"BreadcrumbList","@id":"https:\/\/radioportoseguro.com.br\/site\/2026\/04\/29\/milhares-se-reunem-em-brasilia-em-oracao-pela-nacao-o-brasil-pertence-a-jesus\/#breadcrumb","itemListElement":[{"@type":"ListItem","position":1,"name":"In\u00edcio","item":"https:\/\/radioportoseguro.com.br\/site\/"},{"@type":"ListItem","position":2,"name":"Milhares se re\u00fanem em Bras\u00edlia em ora\u00e7\u00e3o pela na\u00e7\u00e3o: \u2018O Brasil pertence a Jesus\u2019"}]},{"@type":"WebSite","@id":"https:\/\/radioportoseguro.com.br\/site\/#website","url":"https:\/\/radioportoseguro.com.br\/site\/","name":"R\u00e1dio Porto Seguro","description":"","potentialAction":[{"@type":"SearchAction","target":{"@type":"EntryPoint","urlTemplate":"https:\/\/radioportoseguro.com.br\/site\/?s={search_term_string}"},"query-input":{"@type":"PropertyValueSpecification","valueRequired":true,"valueName":"search_term_string"}}],"inLanguage":"pt-BR"},{"@type":"Person","@id":"https:\/\/radioportoseguro.com.br\/site\/#\/schema\/person\/7630acdc320186f13639d3c067ec089b","name":"admin","image":{"@type":"ImageObject","inLanguage":"pt-BR","@id":"https:\/\/radioportoseguro.com.br\/site\/#\/schema\/person\/image\/","url":"https:\/\/secure.gravatar.com\/avatar\/caacf4dc1eedb68fab0df8e1ed46c448e578b2466351bbcb61e47d2ac0caaef0?s=96&d=mm&r=g","contentUrl":"https:\/\/secure.gravatar.com\/avatar\/caacf4dc1eedb68fab0df8e1ed46c448e578b2466351bbcb61e47d2ac0caaef0?s=96&d=mm&r=g","caption":"admin"},"sameAs":["https:\/\/radioportoseguro.com.br\/site"],"url":"https:\/\/radioportoseguro.com.br\/site\/author\/hezio\/"}]}},"_links":{"self":[{"href":"https:\/\/radioportoseguro.com.br\/site\/wp-json\/wp\/v2\/posts\/6463","targetHints":{"allow":["GET"]}}],"collection":[{"href":"https:\/\/radioportoseguro.com.br\/site\/wp-json\/wp\/v2\/posts"}],"about":[{"href":"https:\/\/radioportoseguro.com.br\/site\/wp-json\/wp\/v2\/types\/post"}],"author":[{"embeddable":true,"href":"https:\/\/radioportoseguro.com.br\/site\/wp-json\/wp\/v2\/users\/1"}],"replies":[{"embeddable":true,"href":"https:\/\/radioportoseguro.com.br\/site\/wp-json\/wp\/v2\/comments?post=6463"}],"version-history":[{"count":0,"href":"https:\/\/radioportoseguro.com.br\/site\/wp-json\/wp\/v2\/posts\/6463\/revisions"}],"wp:featuredmedia":[{"embeddable":true,"href":"https:\/\/radioportoseguro.com.br\/site\/wp-json\/wp\/v2\/media\/6464"}],"wp:attachment":[{"href":"https:\/\/radioportoseguro.com.br\/site\/wp-json\/wp\/v2\/media?parent=6463"}],"wp:term":[{"taxonomy":"category","embeddable":true,"href":"https:\/\/radioportoseguro.com.br\/site\/wp-json\/wp\/v2\/categories?post=6463"},{"taxonomy":"post_tag","embeddable":true,"href":"https:\/\/radioportoseguro.com.br\/site\/wp-json\/wp\/v2\/tags?post=6463"}],"curies":[{"name":"wp","href":"https:\/\/api.w.org\/{rel}","templated":true}]}}