{"id":6470,"date":"2026-04-29T13:42:38","date_gmt":"2026-04-29T16:42:38","guid":{"rendered":"https:\/\/radioportoseguro.com.br\/site\/2026\/04\/29\/acidente-com-cristaos-que-voltavam-de-missao-deixa-dois-mortos-em-mg-e-igreja-pede-oracoes\/"},"modified":"2026-04-29T13:42:38","modified_gmt":"2026-04-29T16:42:38","slug":"acidente-com-cristaos-que-voltavam-de-missao-deixa-dois-mortos-em-mg-e-igreja-pede-oracoes","status":"publish","type":"post","link":"https:\/\/radioportoseguro.com.br\/site\/2026\/04\/29\/acidente-com-cristaos-que-voltavam-de-missao-deixa-dois-mortos-em-mg-e-igreja-pede-oracoes\/","title":{"rendered":"Acidente com crist\u00e3os que voltavam de miss\u00e3o deixa dois mortos em MG e igreja pede ora\u00e7\u00f5es"},"content":{"rendered":"<p><br \/>\n<br \/><\/p>\n<div>\n<p><span style=\"font-weight: 400;\">Um grave <\/span><strong><span style=\"color: #993300;\">acidente<\/span> <\/strong><span style=\"font-weight: 400;\">entre um \u00f4nibus de uma igreja e uma carreta carregada de a\u00e7\u00facar deixou duas pessoas mortas e mais de 30 feridas na madrugada desta ter\u00e7a-feira (28), na BR-050, em Uberaba, no Tri\u00e2ngulo Mineiro.\u00a0<\/span><\/p>\n<p><span style=\"font-weight: 400;\">O \u00f4nibus transportava um grupo de crist\u00e3os da Primeira Igreja Batista B\u00edblica da Cidade Ademar em uma excurs\u00e3o mission\u00e1ria. Os fi\u00e9is, que residem em S\u00e3o Paulo, haviam viajado at\u00e9 Buritirama, na Bahia, e retornavam \u00e0 capital paulista no momento do acidente. J\u00e1 a carreta seguia em dire\u00e7\u00e3o ao munic\u00edpio de Guar\u00e1 (SP).<\/span><\/p>\n<p><span style=\"font-weight: 400;\">De acordo com a Pol\u00edcia Rodovi\u00e1ria Federal (PRF), a batida ocorreu por volta de meia-noite, no km 152 da rodovia, no sentido Delta (MG), quando o \u00f4nibus atingiu a traseira da carreta.\u00a0<\/span><\/p>\n<p><span style=\"font-weight: 400;\">Com o impacto, um dos motoristas, de 52 anos, e uma passageira, de 54, morreram no local. As causas do acidente ainda ser\u00e3o investigadas.<\/span><\/p>\n<p><span style=\"font-weight: 400;\">\u201cCom muita tristeza, tivemos a perda de duas vidas: uma de nossas irm\u00e3s e um dos motoristas\u201d, informou o perfil da igreja no Instagram.<\/span><\/p>\n<blockquote class=\"instagram-media\" style=\"background: #FFF; border: 0; border-radius: 3px; box-shadow: 0 0 1px 0 rgba(0,0,0,0.5),0 1px 10px 0 rgba(0,0,0,0.15); margin: 1px; max-width: 540px; min-width: 326px; padding: 0; width: calc(100% - 2px);\" data-instgrm-permalink=\"https:\/\/www.instagram.com\/p\/DXrjkFujYfr\/?utm_source=ig_embed&amp;utm_campaign=loading\" data-instgrm-version=\"14\"><p>&#13;<br \/>\n&#13;\n<\/p><\/blockquote>\n<p><strong>\u2018Intensifiquem suas ora\u00e7\u00f5es\u2019<\/strong><\/p>\n<p><span style=\"font-weight: 400;\">Ao todo, 52 passageiros e dois motoristas estavam no \u00f4nibus. O Corpo de Bombeiros informou que 36 v\u00edtimas foram socorridas e encaminhadas para hospitais da regi\u00e3o, devido ao grande n\u00famero de feridos.<\/span><\/p>\n<p><span style=\"font-weight: 400;\">Conforme o g1, o\u00a0Hospital de Cl\u00ednicas da Universidade Federal do Tri\u00e2ngulo Mineiro (HC-UFTM) recebeu quatro passageiras. Tr\u00eas delas passar\u00e3o por cirurgia, enquanto a quarta permanece em observa\u00e7\u00e3o, com quadro est\u00e1vel.<\/span><\/p>\n<p><span style=\"font-weight: 400;\">A concession\u00e1ria Ecovias Minas Goi\u00e1s, respons\u00e1vel pelo trecho, relatou que 10 v\u00edtimas foram socorridas em estado grave e outras 10 em estado moderado.<\/span><\/p>\n<p><span style=\"font-weight: 400;\">As v\u00edtimas fatais ficaram presas \u00e0s ferragens e foram retiradas pelas equipes de resgate. A per\u00edcia da Pol\u00edcia Civil esteve no local para os procedimentos necess\u00e1rios, e os corpos foram encaminhados ao Instituto M\u00e9dico Legal (IML).<\/span><\/p>\n<p><span style=\"font-weight: 400;\">\u201cNeste momento de dor, pedimos que orem pelas fam\u00edlias enlutadas e por todos os nossos irm\u00e3os e irm\u00e3s que foram encaminhados aos hospitais da regi\u00e3o. Em especial, pedimos que intensifiquem suas ora\u00e7\u00f5es pelas irm\u00e3s Elena e Eliete, que est\u00e3o em estado grave. Que o Senhor, em sua infinita miseric\u00f3rdia, traga consolo aos cora\u00e7\u00f5es, fortale\u00e7a cada fam\u00edlia e envolva a todos com sua paz. Seguimos em ora\u00e7\u00e3o, confiando no cuidado e no amor de Deus em todo o tempo\u201d, declarou a igreja.\u00a0<\/span><\/p>\n<p><span style=\"font-weight: 400;\">Em nota, a prefeita de Uberaba, Elisa Ara\u00fajo, lamentou o ocorrido e afirmou estar acompanhando de perto cada caso.<\/span><\/p>\n<p><span style=\"font-weight: 400;\">&#8220;Minha solidariedade \u00e0s fam\u00edlias que perderam seus entes queridos. E minha ora\u00e7\u00e3o por cada pessoa que est\u00e1 em atendimento. Seguimos trabalhando com responsabilidade e cuidado. Nesse momento, o mais importante \u00e9 cuidar das pessoas. Uberaba est\u00e1 unida&#8221;.<\/span><\/p>\n<p><span style=\"font-weight: 400;\">Silas Anast\u00e1cio, colunista do <\/span><strong>Guiame <\/strong><span style=\"font-weight: 400;\">que frequenta a igreja h\u00e1 mais de 20 anos, relatou o impacto da trag\u00e9dia na comunidade:\u00a0<\/span><\/p>\n<p><span style=\"font-weight: 400;\">\u201cConhe\u00e7o praticamente todas as pessoas, e a igreja est\u00e1 unida em profunda ora\u00e7\u00e3o. O acidente chocou a congrega\u00e7\u00e3o, principalmente pelo grande projeto mission\u00e1rio que estava sendo realizado na Bahia. Havia jovens, idosos e adolescentes envolvidos na a\u00e7\u00e3o evangel\u00edstica\u201d.\u00a0<\/span><\/p>\n<p><strong>O projeto mission\u00e1rio<\/strong><\/p>\n<p><span style=\"font-weight: 400;\">O obreiro Lauro C\u00e9sar, um dos respons\u00e1veis pela a\u00e7\u00e3o mission\u00e1ria na Bahia, explicou que o grupo participava da segunda edi\u00e7\u00e3o do projeto \u201cKerigma\u201d \u2014 que significa proclama\u00e7\u00e3o do Evangelho \u2014 voltado para a evangeliza\u00e7\u00e3o.\u00a0<\/span><\/p>\n<p><span style=\"font-weight: 400;\">\u201cN\u00f3s tivemos na \u00faltima semana dois eventos acontecendo ao mesmo tempo. Foi a segunda edi\u00e7\u00e3o do projeto que visa evangelizar as pessoas que n\u00e3o conhecem a Jesus e a comemora\u00e7\u00e3o dos 30 anos de organiza\u00e7\u00e3o da Primeira Igreja Batista B\u00edblica aqui em Buritirama\u201d, disse ele em uma entrevista ao Guiame.<\/span><\/p>\n<p><span style=\"font-weight: 400;\">Segundo o l\u00edder, a programa\u00e7\u00e3o reuniu oficinas, cultos, evangelismos de rua e a forma\u00e7\u00e3o de um grande coral com membros de diferentes congrega\u00e7\u00f5es.\u00a0<\/span><\/p>\n<p><span style=\"font-weight: 400;\">\u201cEnt\u00e3o, era um anivers\u00e1rio especial, a comemora\u00e7\u00e3o dessa data marcante. Assim, todas as noites, de quarta-feira (22) a domingo (26), realizamos cultos em louvor a Deus pelos 30 anos da igreja\u201d, explicou ele.<\/span><\/p>\n<blockquote class=\"instagram-media\" style=\"background: #FFF; border: 0; border-radius: 3px; box-shadow: 0 0 1px 0 rgba(0,0,0,0.5),0 1px 10px 0 rgba(0,0,0,0.15); margin: 1px; max-width: 540px; min-width: 326px; padding: 0; width: calc(100% - 2px);\" data-instgrm-permalink=\"https:\/\/www.instagram.com\/p\/DXhyENkEehg\/?utm_source=ig_embed&amp;utm_campaign=loading\" data-instgrm-version=\"14\"><p>&#13;<br \/>\n&#13;\n<\/p><\/blockquote>\n<p><span style=\"font-weight: 400;\">No entanto, poucas horas ap\u00f3s o encerramento da programa\u00e7\u00e3o, veio a not\u00edcia do acidente: \u201cEssa not\u00edcia nos entristece, porque temos la\u00e7os com os irm\u00e3os de Cidade Ademar. Mas, ao mesmo tempo em que h\u00e1 a tristeza humana, n\u00f3s temos uma paz que excede todo entendimento, que vem de Jesus Cristo\u201d, afirmou ele.\u00a0<\/span><\/p>\n<p><span style=\"font-weight: 400;\">E continuou: \u201cEssa paz n\u00e3o \u00e9 te\u00f3rica, n\u00e3o \u00e9 apenas porque est\u00e1 escrita na B\u00edblia, mas \u00e9 real para quem tem Jesus no cora\u00e7\u00e3o. \u00c9 algo que todo crente pode testemunhar que existe e acontece\u201d.<\/span><\/p>\n<p><span style=\"font-weight: 400;\">Apesar da trag\u00e9dia, o l\u00edder destacou que a f\u00e9 tem sustentado os crist\u00e3os neste momento de <\/span><span style=\"color: #993300;\"><strong>luto<\/strong><\/span><span style=\"font-weight: 400;\">:\u00a0<\/span><span style=\"font-weight: 400;\">\u201cO amor a Jesus nos motiva a continuar trabalhando. O amor a Jesus \u00e9 uma resposta ao amor Dele por n\u00f3s\u201d. <\/span><\/p>\n<p><strong>\u2018Vamos continuar anunciando o Evangelho\u2019<\/strong><\/p>\n<p><span style=\"font-weight: 400;\">Para Lauro C\u00e9sar, a passagem de 2 Cor\u00edntios 4: 5-9\u00a0 \u00e9 \u201cum texto que os norteia quando a situa\u00e7\u00e3o \u00e9 extrema como essa\u201d. Citando as Escrituras, ele afirmou:<\/span><\/p>\n<p><span style=\"font-weight: 400;\">\u201cH\u00e1 momentos em que n\u00f3s ficamos, sim, abatidos, mas, em Jesus, n\u00e3o somos destru\u00eddos e nunca seremos, porque Ele \u00e9 o nosso Senhor\u201d.<\/span><\/p>\n<p><span style=\"font-weight: 400;\">\u201cJesus Cristo \u00e9 o nosso motivo, Jesus Cristo \u00e9 a nossa motiva\u00e7\u00e3o, Jesus Cristo \u00e9 o nosso alvo. Ele \u00e9 quem nos deu amor, e esse amor vai pulsar sempre em nossos cora\u00e7\u00f5es. \u00c9 por isso que vamos continuar falando do amor Dele, anunciando o seu Evangelho, as Boas Novas, a todos aqueles que precisam\u201d, concluiu.<\/span><\/p>\n<\/div>\n<p><script async src=\"\/\/www.instagram.com\/embed.js\"><\/script><br \/>\n<br \/><br \/>\n<br \/>Fonte: Guiame <\/p>\n","protected":false},"excerpt":{"rendered":"<p>Um grave acidente entre um \u00f4nibus de uma igreja e uma carreta carregada de a\u00e7\u00facar deixou duas pessoas mortas e mais de 30 feridas na madrugada desta ter\u00e7a-feira (28), na BR-050, em Uberaba, no Tri\u00e2ngulo Mineiro.\u00a0 O \u00f4nibus transportava um grupo de crist\u00e3os da Primeira Igreja Batista B\u00edblica da Cidade Ademar em uma excurs\u00e3o mission\u00e1ria. [&hellip;]<\/p>\n","protected":false},"author":1,"featured_media":6471,"comment_status":"","ping_status":"open","sticky":false,"template":"","format":"standard","meta":{"footnotes":""},"categories":[43],"tags":[],"class_list":["post-6470","post","type-post","status-publish","format-standard","has-post-thumbnail","hentry","category-destaques"],"yoast_head":"<!-- This site is optimized with the Yoast SEO plugin v26.8 - https:\/\/yoast.com\/product\/yoast-seo-wordpress\/ -->\n<title>Acidente com crist\u00e3os que voltavam de miss\u00e3o deixa dois mortos em MG e igreja pede ora\u00e7\u00f5es - R\u00e1dio Porto Seguro<\/title>\n<meta name=\"robots\" content=\"index, follow, max-snippet:-1, max-image-preview:large, max-video-preview:-1\" \/>\n<link rel=\"canonical\" href=\"https:\/\/radioportoseguro.com.br\/site\/2026\/04\/29\/acidente-com-cristaos-que-voltavam-de-missao-deixa-dois-mortos-em-mg-e-igreja-pede-oracoes\/\" \/>\n<meta property=\"og:locale\" content=\"pt_BR\" \/>\n<meta property=\"og:type\" content=\"article\" \/>\n<meta property=\"og:title\" content=\"Acidente com crist\u00e3os que voltavam de miss\u00e3o deixa dois mortos em MG e igreja pede ora\u00e7\u00f5es - R\u00e1dio Porto Seguro\" \/>\n<meta property=\"og:description\" content=\"Um grave acidente entre um \u00f4nibus de uma igreja e uma carreta carregada de a\u00e7\u00facar deixou duas pessoas mortas e mais de 30 feridas na madrugada desta ter\u00e7a-feira (28), na BR-050, em Uberaba, no Tri\u00e2ngulo Mineiro.\u00a0 O \u00f4nibus transportava um grupo de crist\u00e3os da Primeira Igreja Batista B\u00edblica da Cidade Ademar em uma excurs\u00e3o mission\u00e1ria. [&hellip;]\" \/>\n<meta property=\"og:url\" content=\"https:\/\/radioportoseguro.com.br\/site\/2026\/04\/29\/acidente-com-cristaos-que-voltavam-de-missao-deixa-dois-mortos-em-mg-e-igreja-pede-oracoes\/\" \/>\n<meta property=\"og:site_name\" content=\"R\u00e1dio Porto Seguro\" \/>\n<meta property=\"article:published_time\" content=\"2026-04-29T16:42:38+00:00\" \/>\n<meta property=\"og:image\" content=\"https:\/\/media.guiame.com.br\/archives\/2026\/04\/28\/3069313513-o-onibus-apos-o-acidente.jpeg\" \/>\n<meta name=\"author\" content=\"admin\" \/>\n<meta name=\"twitter:card\" content=\"summary_large_image\" \/>\n<meta name=\"twitter:label1\" content=\"Escrito por\" \/>\n\t<meta name=\"twitter:data1\" content=\"admin\" \/>\n\t<meta name=\"twitter:label2\" content=\"Est. tempo de leitura\" \/>\n\t<meta name=\"twitter:data2\" content=\"5 minutos\" \/>\n<script type=\"application\/ld+json\" class=\"yoast-schema-graph\">{\"@context\":\"https:\/\/schema.org\",\"@graph\":[{\"@type\":\"Article\",\"@id\":\"https:\/\/radioportoseguro.com.br\/site\/2026\/04\/29\/acidente-com-cristaos-que-voltavam-de-missao-deixa-dois-mortos-em-mg-e-igreja-pede-oracoes\/#article\",\"isPartOf\":{\"@id\":\"https:\/\/radioportoseguro.com.br\/site\/2026\/04\/29\/acidente-com-cristaos-que-voltavam-de-missao-deixa-dois-mortos-em-mg-e-igreja-pede-oracoes\/\"},\"author\":{\"name\":\"admin\",\"@id\":\"https:\/\/radioportoseguro.com.br\/site\/#\/schema\/person\/7630acdc320186f13639d3c067ec089b\"},\"headline\":\"Acidente com crist\u00e3os que voltavam de miss\u00e3o deixa dois mortos em MG e igreja pede ora\u00e7\u00f5es\",\"datePublished\":\"2026-04-29T16:42:38+00:00\",\"mainEntityOfPage\":{\"@id\":\"https:\/\/radioportoseguro.com.br\/site\/2026\/04\/29\/acidente-com-cristaos-que-voltavam-de-missao-deixa-dois-mortos-em-mg-e-igreja-pede-oracoes\/\"},\"wordCount\":961,\"image\":{\"@id\":\"https:\/\/radioportoseguro.com.br\/site\/2026\/04\/29\/acidente-com-cristaos-que-voltavam-de-missao-deixa-dois-mortos-em-mg-e-igreja-pede-oracoes\/#primaryimage\"},\"thumbnailUrl\":\"https:\/\/radioportoseguro.com.br\/site\/wp-content\/uploads\/2026\/04\/3069313513-o-onibus-apos-o-acidente.jpeg\",\"articleSection\":[\"Destaques\"],\"inLanguage\":\"pt-BR\"},{\"@type\":\"WebPage\",\"@id\":\"https:\/\/radioportoseguro.com.br\/site\/2026\/04\/29\/acidente-com-cristaos-que-voltavam-de-missao-deixa-dois-mortos-em-mg-e-igreja-pede-oracoes\/\",\"url\":\"https:\/\/radioportoseguro.com.br\/site\/2026\/04\/29\/acidente-com-cristaos-que-voltavam-de-missao-deixa-dois-mortos-em-mg-e-igreja-pede-oracoes\/\",\"name\":\"Acidente com crist\u00e3os que voltavam de miss\u00e3o deixa dois mortos em MG e igreja pede ora\u00e7\u00f5es - R\u00e1dio Porto Seguro\",\"isPartOf\":{\"@id\":\"https:\/\/radioportoseguro.com.br\/site\/#website\"},\"primaryImageOfPage\":{\"@id\":\"https:\/\/radioportoseguro.com.br\/site\/2026\/04\/29\/acidente-com-cristaos-que-voltavam-de-missao-deixa-dois-mortos-em-mg-e-igreja-pede-oracoes\/#primaryimage\"},\"image\":{\"@id\":\"https:\/\/radioportoseguro.com.br\/site\/2026\/04\/29\/acidente-com-cristaos-que-voltavam-de-missao-deixa-dois-mortos-em-mg-e-igreja-pede-oracoes\/#primaryimage\"},\"thumbnailUrl\":\"https:\/\/radioportoseguro.com.br\/site\/wp-content\/uploads\/2026\/04\/3069313513-o-onibus-apos-o-acidente.jpeg\",\"datePublished\":\"2026-04-29T16:42:38+00:00\",\"author\":{\"@id\":\"https:\/\/radioportoseguro.com.br\/site\/#\/schema\/person\/7630acdc320186f13639d3c067ec089b\"},\"breadcrumb\":{\"@id\":\"https:\/\/radioportoseguro.com.br\/site\/2026\/04\/29\/acidente-com-cristaos-que-voltavam-de-missao-deixa-dois-mortos-em-mg-e-igreja-pede-oracoes\/#breadcrumb\"},\"inLanguage\":\"pt-BR\",\"potentialAction\":[{\"@type\":\"ReadAction\",\"target\":[\"https:\/\/radioportoseguro.com.br\/site\/2026\/04\/29\/acidente-com-cristaos-que-voltavam-de-missao-deixa-dois-mortos-em-mg-e-igreja-pede-oracoes\/\"]}]},{\"@type\":\"ImageObject\",\"inLanguage\":\"pt-BR\",\"@id\":\"https:\/\/radioportoseguro.com.br\/site\/2026\/04\/29\/acidente-com-cristaos-que-voltavam-de-missao-deixa-dois-mortos-em-mg-e-igreja-pede-oracoes\/#primaryimage\",\"url\":\"https:\/\/radioportoseguro.com.br\/site\/wp-content\/uploads\/2026\/04\/3069313513-o-onibus-apos-o-acidente.jpeg\",\"contentUrl\":\"https:\/\/radioportoseguro.com.br\/site\/wp-content\/uploads\/2026\/04\/3069313513-o-onibus-apos-o-acidente.jpeg\",\"width\":1200,\"height\":600},{\"@type\":\"BreadcrumbList\",\"@id\":\"https:\/\/radioportoseguro.com.br\/site\/2026\/04\/29\/acidente-com-cristaos-que-voltavam-de-missao-deixa-dois-mortos-em-mg-e-igreja-pede-oracoes\/#breadcrumb\",\"itemListElement\":[{\"@type\":\"ListItem\",\"position\":1,\"name\":\"In\u00edcio\",\"item\":\"https:\/\/radioportoseguro.com.br\/site\/\"},{\"@type\":\"ListItem\",\"position\":2,\"name\":\"Acidente com crist\u00e3os que voltavam de miss\u00e3o deixa dois mortos em MG e igreja pede ora\u00e7\u00f5es\"}]},{\"@type\":\"WebSite\",\"@id\":\"https:\/\/radioportoseguro.com.br\/site\/#website\",\"url\":\"https:\/\/radioportoseguro.com.br\/site\/\",\"name\":\"R\u00e1dio Porto Seguro\",\"description\":\"\",\"potentialAction\":[{\"@type\":\"SearchAction\",\"target\":{\"@type\":\"EntryPoint\",\"urlTemplate\":\"https:\/\/radioportoseguro.com.br\/site\/?s={search_term_string}\"},\"query-input\":{\"@type\":\"PropertyValueSpecification\",\"valueRequired\":true,\"valueName\":\"search_term_string\"}}],\"inLanguage\":\"pt-BR\"},{\"@type\":\"Person\",\"@id\":\"https:\/\/radioportoseguro.com.br\/site\/#\/schema\/person\/7630acdc320186f13639d3c067ec089b\",\"name\":\"admin\",\"image\":{\"@type\":\"ImageObject\",\"inLanguage\":\"pt-BR\",\"@id\":\"https:\/\/radioportoseguro.com.br\/site\/#\/schema\/person\/image\/\",\"url\":\"https:\/\/secure.gravatar.com\/avatar\/caacf4dc1eedb68fab0df8e1ed46c448e578b2466351bbcb61e47d2ac0caaef0?s=96&d=mm&r=g\",\"contentUrl\":\"https:\/\/secure.gravatar.com\/avatar\/caacf4dc1eedb68fab0df8e1ed46c448e578b2466351bbcb61e47d2ac0caaef0?s=96&d=mm&r=g\",\"caption\":\"admin\"},\"sameAs\":[\"https:\/\/radioportoseguro.com.br\/site\"],\"url\":\"https:\/\/radioportoseguro.com.br\/site\/author\/hezio\/\"}]}<\/script>\n<!-- \/ Yoast SEO plugin. -->","yoast_head_json":{"title":"Acidente com crist\u00e3os que voltavam de miss\u00e3o deixa dois mortos em MG e igreja pede ora\u00e7\u00f5es - R\u00e1dio Porto Seguro","robots":{"index":"index","follow":"follow","max-snippet":"max-snippet:-1","max-image-preview":"max-image-preview:large","max-video-preview":"max-video-preview:-1"},"canonical":"https:\/\/radioportoseguro.com.br\/site\/2026\/04\/29\/acidente-com-cristaos-que-voltavam-de-missao-deixa-dois-mortos-em-mg-e-igreja-pede-oracoes\/","og_locale":"pt_BR","og_type":"article","og_title":"Acidente com crist\u00e3os que voltavam de miss\u00e3o deixa dois mortos em MG e igreja pede ora\u00e7\u00f5es - R\u00e1dio Porto Seguro","og_description":"Um grave acidente entre um \u00f4nibus de uma igreja e uma carreta carregada de a\u00e7\u00facar deixou duas pessoas mortas e mais de 30 feridas na madrugada desta ter\u00e7a-feira (28), na BR-050, em Uberaba, no Tri\u00e2ngulo Mineiro.\u00a0 O \u00f4nibus transportava um grupo de crist\u00e3os da Primeira Igreja Batista B\u00edblica da Cidade Ademar em uma excurs\u00e3o mission\u00e1ria. [&hellip;]","og_url":"https:\/\/radioportoseguro.com.br\/site\/2026\/04\/29\/acidente-com-cristaos-que-voltavam-de-missao-deixa-dois-mortos-em-mg-e-igreja-pede-oracoes\/","og_site_name":"R\u00e1dio Porto Seguro","article_published_time":"2026-04-29T16:42:38+00:00","og_image":[{"url":"https:\/\/media.guiame.com.br\/archives\/2026\/04\/28\/3069313513-o-onibus-apos-o-acidente.jpeg","type":"","width":"","height":""}],"author":"admin","twitter_card":"summary_large_image","twitter_misc":{"Escrito por":"admin","Est. tempo de leitura":"5 minutos"},"schema":{"@context":"https:\/\/schema.org","@graph":[{"@type":"Article","@id":"https:\/\/radioportoseguro.com.br\/site\/2026\/04\/29\/acidente-com-cristaos-que-voltavam-de-missao-deixa-dois-mortos-em-mg-e-igreja-pede-oracoes\/#article","isPartOf":{"@id":"https:\/\/radioportoseguro.com.br\/site\/2026\/04\/29\/acidente-com-cristaos-que-voltavam-de-missao-deixa-dois-mortos-em-mg-e-igreja-pede-oracoes\/"},"author":{"name":"admin","@id":"https:\/\/radioportoseguro.com.br\/site\/#\/schema\/person\/7630acdc320186f13639d3c067ec089b"},"headline":"Acidente com crist\u00e3os que voltavam de miss\u00e3o deixa dois mortos em MG e igreja pede ora\u00e7\u00f5es","datePublished":"2026-04-29T16:42:38+00:00","mainEntityOfPage":{"@id":"https:\/\/radioportoseguro.com.br\/site\/2026\/04\/29\/acidente-com-cristaos-que-voltavam-de-missao-deixa-dois-mortos-em-mg-e-igreja-pede-oracoes\/"},"wordCount":961,"image":{"@id":"https:\/\/radioportoseguro.com.br\/site\/2026\/04\/29\/acidente-com-cristaos-que-voltavam-de-missao-deixa-dois-mortos-em-mg-e-igreja-pede-oracoes\/#primaryimage"},"thumbnailUrl":"https:\/\/radioportoseguro.com.br\/site\/wp-content\/uploads\/2026\/04\/3069313513-o-onibus-apos-o-acidente.jpeg","articleSection":["Destaques"],"inLanguage":"pt-BR"},{"@type":"WebPage","@id":"https:\/\/radioportoseguro.com.br\/site\/2026\/04\/29\/acidente-com-cristaos-que-voltavam-de-missao-deixa-dois-mortos-em-mg-e-igreja-pede-oracoes\/","url":"https:\/\/radioportoseguro.com.br\/site\/2026\/04\/29\/acidente-com-cristaos-que-voltavam-de-missao-deixa-dois-mortos-em-mg-e-igreja-pede-oracoes\/","name":"Acidente com crist\u00e3os que voltavam de miss\u00e3o deixa dois mortos em MG e igreja pede ora\u00e7\u00f5es - R\u00e1dio Porto Seguro","isPartOf":{"@id":"https:\/\/radioportoseguro.com.br\/site\/#website"},"primaryImageOfPage":{"@id":"https:\/\/radioportoseguro.com.br\/site\/2026\/04\/29\/acidente-com-cristaos-que-voltavam-de-missao-deixa-dois-mortos-em-mg-e-igreja-pede-oracoes\/#primaryimage"},"image":{"@id":"https:\/\/radioportoseguro.com.br\/site\/2026\/04\/29\/acidente-com-cristaos-que-voltavam-de-missao-deixa-dois-mortos-em-mg-e-igreja-pede-oracoes\/#primaryimage"},"thumbnailUrl":"https:\/\/radioportoseguro.com.br\/site\/wp-content\/uploads\/2026\/04\/3069313513-o-onibus-apos-o-acidente.jpeg","datePublished":"2026-04-29T16:42:38+00:00","author":{"@id":"https:\/\/radioportoseguro.com.br\/site\/#\/schema\/person\/7630acdc320186f13639d3c067ec089b"},"breadcrumb":{"@id":"https:\/\/radioportoseguro.com.br\/site\/2026\/04\/29\/acidente-com-cristaos-que-voltavam-de-missao-deixa-dois-mortos-em-mg-e-igreja-pede-oracoes\/#breadcrumb"},"inLanguage":"pt-BR","potentialAction":[{"@type":"ReadAction","target":["https:\/\/radioportoseguro.com.br\/site\/2026\/04\/29\/acidente-com-cristaos-que-voltavam-de-missao-deixa-dois-mortos-em-mg-e-igreja-pede-oracoes\/"]}]},{"@type":"ImageObject","inLanguage":"pt-BR","@id":"https:\/\/radioportoseguro.com.br\/site\/2026\/04\/29\/acidente-com-cristaos-que-voltavam-de-missao-deixa-dois-mortos-em-mg-e-igreja-pede-oracoes\/#primaryimage","url":"https:\/\/radioportoseguro.com.br\/site\/wp-content\/uploads\/2026\/04\/3069313513-o-onibus-apos-o-acidente.jpeg","contentUrl":"https:\/\/radioportoseguro.com.br\/site\/wp-content\/uploads\/2026\/04\/3069313513-o-onibus-apos-o-acidente.jpeg","width":1200,"height":600},{"@type":"BreadcrumbList","@id":"https:\/\/radioportoseguro.com.br\/site\/2026\/04\/29\/acidente-com-cristaos-que-voltavam-de-missao-deixa-dois-mortos-em-mg-e-igreja-pede-oracoes\/#breadcrumb","itemListElement":[{"@type":"ListItem","position":1,"name":"In\u00edcio","item":"https:\/\/radioportoseguro.com.br\/site\/"},{"@type":"ListItem","position":2,"name":"Acidente com crist\u00e3os que voltavam de miss\u00e3o deixa dois mortos em MG e igreja pede ora\u00e7\u00f5es"}]},{"@type":"WebSite","@id":"https:\/\/radioportoseguro.com.br\/site\/#website","url":"https:\/\/radioportoseguro.com.br\/site\/","name":"R\u00e1dio Porto Seguro","description":"","potentialAction":[{"@type":"SearchAction","target":{"@type":"EntryPoint","urlTemplate":"https:\/\/radioportoseguro.com.br\/site\/?s={search_term_string}"},"query-input":{"@type":"PropertyValueSpecification","valueRequired":true,"valueName":"search_term_string"}}],"inLanguage":"pt-BR"},{"@type":"Person","@id":"https:\/\/radioportoseguro.com.br\/site\/#\/schema\/person\/7630acdc320186f13639d3c067ec089b","name":"admin","image":{"@type":"ImageObject","inLanguage":"pt-BR","@id":"https:\/\/radioportoseguro.com.br\/site\/#\/schema\/person\/image\/","url":"https:\/\/secure.gravatar.com\/avatar\/caacf4dc1eedb68fab0df8e1ed46c448e578b2466351bbcb61e47d2ac0caaef0?s=96&d=mm&r=g","contentUrl":"https:\/\/secure.gravatar.com\/avatar\/caacf4dc1eedb68fab0df8e1ed46c448e578b2466351bbcb61e47d2ac0caaef0?s=96&d=mm&r=g","caption":"admin"},"sameAs":["https:\/\/radioportoseguro.com.br\/site"],"url":"https:\/\/radioportoseguro.com.br\/site\/author\/hezio\/"}]}},"_links":{"self":[{"href":"https:\/\/radioportoseguro.com.br\/site\/wp-json\/wp\/v2\/posts\/6470","targetHints":{"allow":["GET"]}}],"collection":[{"href":"https:\/\/radioportoseguro.com.br\/site\/wp-json\/wp\/v2\/posts"}],"about":[{"href":"https:\/\/radioportoseguro.com.br\/site\/wp-json\/wp\/v2\/types\/post"}],"author":[{"embeddable":true,"href":"https:\/\/radioportoseguro.com.br\/site\/wp-json\/wp\/v2\/users\/1"}],"replies":[{"embeddable":true,"href":"https:\/\/radioportoseguro.com.br\/site\/wp-json\/wp\/v2\/comments?post=6470"}],"version-history":[{"count":0,"href":"https:\/\/radioportoseguro.com.br\/site\/wp-json\/wp\/v2\/posts\/6470\/revisions"}],"wp:featuredmedia":[{"embeddable":true,"href":"https:\/\/radioportoseguro.com.br\/site\/wp-json\/wp\/v2\/media\/6471"}],"wp:attachment":[{"href":"https:\/\/radioportoseguro.com.br\/site\/wp-json\/wp\/v2\/media?parent=6470"}],"wp:term":[{"taxonomy":"category","embeddable":true,"href":"https:\/\/radioportoseguro.com.br\/site\/wp-json\/wp\/v2\/categories?post=6470"},{"taxonomy":"post_tag","embeddable":true,"href":"https:\/\/radioportoseguro.com.br\/site\/wp-json\/wp\/v2\/tags?post=6470"}],"curies":[{"name":"wp","href":"https:\/\/api.w.org\/{rel}","templated":true}]}}