{"id":6472,"date":"2026-04-29T14:33:09","date_gmt":"2026-04-29T17:33:09","guid":{"rendered":"https:\/\/radioportoseguro.com.br\/site\/2026\/04\/29\/luiza-possi-relata-transformacao-apos-conversao-ao-cristianismo\/"},"modified":"2026-04-29T14:33:09","modified_gmt":"2026-04-29T17:33:09","slug":"luiza-possi-relata-transformacao-apos-conversao-ao-cristianismo","status":"publish","type":"post","link":"https:\/\/radioportoseguro.com.br\/site\/2026\/04\/29\/luiza-possi-relata-transformacao-apos-conversao-ao-cristianismo\/","title":{"rendered":"Luiza Possi relata transforma\u00e7\u00e3o ap\u00f3s convers\u00e3o ao cristianismo"},"content":{"rendered":"<p><br \/>\n<\/p>\n<div>\n<div class=\"td-post-featured-image\">\n<figure><figcaption class=\"wp-caption-text\">Cantora Luiza Possi (Foto: Reprodu\u00e7\u00e3o\/Instagram)<\/figcaption><\/figure>\n<\/div>\n<p> <!-- A generated by theme --> <\/p>\n<p> <!-- end A --> <\/p>\n<p>A cantora <strong>Luiza Possi<\/strong> compartilhou detalhes de sua profunda transforma\u00e7\u00e3o pessoal e espiritual ap\u00f3s sua convers\u00e3o ao cristianismo, em participa\u00e7\u00e3o no programa Mais Voc\u00ea, da Rede Globo, na \u00faltima ter\u00e7a-feira (28). A artista, que se rendeu a Jesus em julho de 2024, descreveu as mudan\u00e7as internas como o aspecto mais significativo de sua nova fase.<\/p>\n<p>Luiza Possi, que n\u00e3o cresceu em um lar crist\u00e3o, iniciou sua caminhada com Deus ao lado do marido, Cris Gomes. Ela relatou que a busca por uma conex\u00e3o espiritual sempre esteve presente em sua vida e em seu lar, culminando em um encontro profundo com Jesus. \u201cEu e meu marido, numa busca; a gente sempre buscou muito por Deus na nossa vida, na nossa casa, at\u00e9 que a gente chegou nesse ser maravilhoso e apaixonante que \u00e9 Jesus. E com toda a intensidade do mundo\u201d, declarou a cantora.<\/p>\n<p>A artista ressaltou que a experi\u00eancia religiosa n\u00e3o a transformou em uma pessoa alien\u00edgena, mas sim em uma vers\u00e3o melhor de si mesma. \u201cO que mais mudou, Ana, de verdade, s\u00e3o mudan\u00e7as muito mais internas do que externas\u201d, afirmou Luiza. \u201c\u00c9 t\u00e3o bom poder falar isso, porque as pessoas tendem a achar que voc\u00ea vira um alien. N\u00e3o, gente, \u00e9 a mesma pessoa. A mesma pessoa, mas, gra\u00e7as a Deus, posso dizer isso, muito melhor\u201d, acrescentou.<\/p>\n<p>Possi enfatizou a no\u00e7\u00e3o de ser escolhida por Deus, em contraste com a ideia de uma escolha unilateral. \u201cN\u00e3o \u00e9 a gente que escolhe, a gente \u00e9 escolhido. E tem gente que quer muito conhecer e talvez n\u00e3o tenha sido alcan\u00e7ada ainda. E eu sinto, sei, posso afirmar que fui alcan\u00e7ada por Jesus e que hoje Ele \u00e9 o centro da minha casa, da minha fam\u00edlia, dos meus filhos\u201d, disse ela, mencionando a alegria de ver seus filhos crescendo com valores crist\u00e3os.<\/p>\n<p>Sobre a convers\u00e3o, Luiza explicou o significado de viver com a \u201cconsci\u00eancia do perd\u00e3o\u201d. Para ela, converter-se implica reconhecer erros, arrepender-se sem se culpar, buscar perd\u00e3o e entender que existe um Redentor que oferece suporte constante. \u201cO que \u00e9 se converter? \u00c9 voc\u00ea ter a consci\u00eancia de que pode se arrepender de coisas que fez, no sentido de n\u00e3o se culpar, mas pedir perd\u00e3o por isso. Que h\u00e1 um Redentor, um Salvador, e que voc\u00ea n\u00e3o est\u00e1 sozinha nunca mais na vida, que tenha algu\u00e9m por voc\u00ea\u201d, explicou.<\/p>\n<p>A cantora comparou a sensa\u00e7\u00e3o de solid\u00e3o e desesperan\u00e7a que muitos enfrentam com o conforto encontrado em sua f\u00e9. \u201cEu sinto que o grande problema de todos n\u00f3s \u00e9, em algum momento, se sentir abandonado, se sentir sozinho, sem for\u00e7a, sem ter como continuar, pensando em desistir \u00e0s vezes da vida, do trabalho, de uma rela\u00e7\u00e3o. E, quando voc\u00ea tem esse encontro com Jesus, voc\u00ea sabe que voc\u00ea tem algu\u00e9m ali por voc\u00ea\u201d, completou. Ela admitiu que, apesar das prova\u00e7\u00f5es, inclusive p\u00fablicas, sua rela\u00e7\u00e3o com Jesus traz prote\u00e7\u00e3o e amor.<\/p>\n<p> <!-- A generated by theme --> <\/p>\n<p> <!-- end A --> <\/p>\n<p>Luiza <strong>descreveu o batismo<\/strong> como um divisor de \u00e1guas em sua vida, uma entrega total que muda a percep\u00e7\u00e3o das coisas. \u201cO batismo muda a vida. Voc\u00ea entende as coisas de outra maneira. Foi muito especial, \u00e9 uma entrega de cora\u00e7\u00e3o, de alma e de esp\u00edrito. Voc\u00ea entende que as coisas n\u00e3o s\u00e3o sobre o seu pr\u00f3prio entendimento, mas s\u00e3o coisas que voc\u00ea aprende atrav\u00e9s do Esp\u00edrito\u201d, relatou. Ela mencionou a capacidade aprimorada de orar por situa\u00e7\u00f5es adversas, perdoar mais facilmente e n\u00e3o retribuir o mal com mal.<\/p>\n<p>Apesar do orgulho por sua trajet\u00f3ria profissional e conquistas, Luiza Possi afirmou que sua identidade atual \u00e9 de uma adoradora. \u201c\u00c9 o momento em que Jesus me chamou, e eu senti isso muito forte: que era para eu louvar, para estar aqui como uma adoradora hoje e louvar de cora\u00e7\u00e3o\u201d, concluiu.<\/p>\n<p><strong>Folha Gospel com informa\u00e7\u00f5es de Guia-me e GShow<\/strong><\/p>\n<p> <!-- A generated by theme --> <\/p>\n<p> <!-- end A --> <\/p><\/div>\n<p><script>(function (d, s, id) {\n                var js, fjs = d.getElementsByTagName(s)[0];\n                if (d.getElementById(id)) return;\n                js = d.createElement(s);\n                js.id = id;\n                js.src=\"https:\/\/connect.facebook.net\/pt_BR\/sdk.js#xfbml=1&version=v2.11&appId=264312870658742&autoLogAppEvents=1\";\n                fjs.parentNode.insertBefore(js, fjs);\n            }(document, 'script', 'facebook-jssdk'));<\/script><br \/>\n<br \/><br \/>\n<br \/>Fonte: Folha Gospel<\/p>\n","protected":false},"excerpt":{"rendered":"<p>Cantora Luiza Possi (Foto: Reprodu\u00e7\u00e3o\/Instagram) A cantora Luiza Possi compartilhou detalhes de sua profunda transforma\u00e7\u00e3o pessoal e espiritual ap\u00f3s sua convers\u00e3o ao cristianismo, em participa\u00e7\u00e3o no programa Mais Voc\u00ea, da Rede Globo, na \u00faltima ter\u00e7a-feira (28). A artista, que se rendeu a Jesus em julho de 2024, descreveu as mudan\u00e7as internas como o aspecto mais [&hellip;]<\/p>\n","protected":false},"author":1,"featured_media":6473,"comment_status":"","ping_status":"open","sticky":false,"template":"","format":"standard","meta":{"footnotes":""},"categories":[3],"tags":[],"class_list":["post-6472","post","type-post","status-publish","format-standard","has-post-thumbnail","hentry","category-gospel"],"yoast_head":"<!-- This site is optimized with the Yoast SEO plugin v26.8 - https:\/\/yoast.com\/product\/yoast-seo-wordpress\/ -->\n<title>Luiza Possi relata transforma\u00e7\u00e3o ap\u00f3s convers\u00e3o ao cristianismo - R\u00e1dio Porto Seguro<\/title>\n<meta name=\"robots\" content=\"index, follow, max-snippet:-1, max-image-preview:large, max-video-preview:-1\" \/>\n<link rel=\"canonical\" href=\"https:\/\/radioportoseguro.com.br\/site\/2026\/04\/29\/luiza-possi-relata-transformacao-apos-conversao-ao-cristianismo\/\" \/>\n<meta property=\"og:locale\" content=\"pt_BR\" \/>\n<meta property=\"og:type\" content=\"article\" \/>\n<meta property=\"og:title\" content=\"Luiza Possi relata transforma\u00e7\u00e3o ap\u00f3s convers\u00e3o ao cristianismo - R\u00e1dio Porto Seguro\" \/>\n<meta property=\"og:description\" content=\"Cantora Luiza Possi (Foto: Reprodu\u00e7\u00e3o\/Instagram) A cantora Luiza Possi compartilhou detalhes de sua profunda transforma\u00e7\u00e3o pessoal e espiritual ap\u00f3s sua convers\u00e3o ao cristianismo, em participa\u00e7\u00e3o no programa Mais Voc\u00ea, da Rede Globo, na \u00faltima ter\u00e7a-feira (28). A artista, que se rendeu a Jesus em julho de 2024, descreveu as mudan\u00e7as internas como o aspecto mais [&hellip;]\" \/>\n<meta property=\"og:url\" content=\"https:\/\/radioportoseguro.com.br\/site\/2026\/04\/29\/luiza-possi-relata-transformacao-apos-conversao-ao-cristianismo\/\" \/>\n<meta property=\"og:site_name\" content=\"R\u00e1dio Porto Seguro\" \/>\n<meta property=\"article:published_time\" content=\"2026-04-29T17:33:09+00:00\" \/>\n<meta property=\"og:image\" content=\"https:\/\/i0.wp.com\/folhagospel.com\/wp-content\/uploads\/2026\/03\/luizapossi.jpeg?resize=696%2C696&amp;ssl=1\" \/>\n<meta name=\"author\" content=\"admin\" \/>\n<meta name=\"twitter:card\" content=\"summary_large_image\" \/>\n<meta name=\"twitter:label1\" content=\"Escrito por\" \/>\n\t<meta name=\"twitter:data1\" content=\"admin\" \/>\n\t<meta name=\"twitter:label2\" content=\"Est. tempo de leitura\" \/>\n\t<meta name=\"twitter:data2\" content=\"3 minutos\" \/>\n<script type=\"application\/ld+json\" class=\"yoast-schema-graph\">{\"@context\":\"https:\/\/schema.org\",\"@graph\":[{\"@type\":\"Article\",\"@id\":\"https:\/\/radioportoseguro.com.br\/site\/2026\/04\/29\/luiza-possi-relata-transformacao-apos-conversao-ao-cristianismo\/#article\",\"isPartOf\":{\"@id\":\"https:\/\/radioportoseguro.com.br\/site\/2026\/04\/29\/luiza-possi-relata-transformacao-apos-conversao-ao-cristianismo\/\"},\"author\":{\"name\":\"admin\",\"@id\":\"https:\/\/radioportoseguro.com.br\/site\/#\/schema\/person\/7630acdc320186f13639d3c067ec089b\"},\"headline\":\"Luiza Possi relata transforma\u00e7\u00e3o ap\u00f3s convers\u00e3o ao cristianismo\",\"datePublished\":\"2026-04-29T17:33:09+00:00\",\"mainEntityOfPage\":{\"@id\":\"https:\/\/radioportoseguro.com.br\/site\/2026\/04\/29\/luiza-possi-relata-transformacao-apos-conversao-ao-cristianismo\/\"},\"wordCount\":694,\"image\":{\"@id\":\"https:\/\/radioportoseguro.com.br\/site\/2026\/04\/29\/luiza-possi-relata-transformacao-apos-conversao-ao-cristianismo\/#primaryimage\"},\"thumbnailUrl\":\"https:\/\/radioportoseguro.com.br\/site\/wp-content\/uploads\/2026\/04\/luizapossi.jpeg\",\"articleSection\":[\"Gospel\"],\"inLanguage\":\"pt-BR\"},{\"@type\":\"WebPage\",\"@id\":\"https:\/\/radioportoseguro.com.br\/site\/2026\/04\/29\/luiza-possi-relata-transformacao-apos-conversao-ao-cristianismo\/\",\"url\":\"https:\/\/radioportoseguro.com.br\/site\/2026\/04\/29\/luiza-possi-relata-transformacao-apos-conversao-ao-cristianismo\/\",\"name\":\"Luiza Possi relata transforma\u00e7\u00e3o ap\u00f3s convers\u00e3o ao cristianismo - R\u00e1dio Porto Seguro\",\"isPartOf\":{\"@id\":\"https:\/\/radioportoseguro.com.br\/site\/#website\"},\"primaryImageOfPage\":{\"@id\":\"https:\/\/radioportoseguro.com.br\/site\/2026\/04\/29\/luiza-possi-relata-transformacao-apos-conversao-ao-cristianismo\/#primaryimage\"},\"image\":{\"@id\":\"https:\/\/radioportoseguro.com.br\/site\/2026\/04\/29\/luiza-possi-relata-transformacao-apos-conversao-ao-cristianismo\/#primaryimage\"},\"thumbnailUrl\":\"https:\/\/radioportoseguro.com.br\/site\/wp-content\/uploads\/2026\/04\/luizapossi.jpeg\",\"datePublished\":\"2026-04-29T17:33:09+00:00\",\"author\":{\"@id\":\"https:\/\/radioportoseguro.com.br\/site\/#\/schema\/person\/7630acdc320186f13639d3c067ec089b\"},\"breadcrumb\":{\"@id\":\"https:\/\/radioportoseguro.com.br\/site\/2026\/04\/29\/luiza-possi-relata-transformacao-apos-conversao-ao-cristianismo\/#breadcrumb\"},\"inLanguage\":\"pt-BR\",\"potentialAction\":[{\"@type\":\"ReadAction\",\"target\":[\"https:\/\/radioportoseguro.com.br\/site\/2026\/04\/29\/luiza-possi-relata-transformacao-apos-conversao-ao-cristianismo\/\"]}]},{\"@type\":\"ImageObject\",\"inLanguage\":\"pt-BR\",\"@id\":\"https:\/\/radioportoseguro.com.br\/site\/2026\/04\/29\/luiza-possi-relata-transformacao-apos-conversao-ao-cristianismo\/#primaryimage\",\"url\":\"https:\/\/radioportoseguro.com.br\/site\/wp-content\/uploads\/2026\/04\/luizapossi.jpeg\",\"contentUrl\":\"https:\/\/radioportoseguro.com.br\/site\/wp-content\/uploads\/2026\/04\/luizapossi.jpeg\",\"width\":1200,\"height\":1200},{\"@type\":\"BreadcrumbList\",\"@id\":\"https:\/\/radioportoseguro.com.br\/site\/2026\/04\/29\/luiza-possi-relata-transformacao-apos-conversao-ao-cristianismo\/#breadcrumb\",\"itemListElement\":[{\"@type\":\"ListItem\",\"position\":1,\"name\":\"In\u00edcio\",\"item\":\"https:\/\/radioportoseguro.com.br\/site\/\"},{\"@type\":\"ListItem\",\"position\":2,\"name\":\"Luiza Possi relata transforma\u00e7\u00e3o ap\u00f3s convers\u00e3o ao cristianismo\"}]},{\"@type\":\"WebSite\",\"@id\":\"https:\/\/radioportoseguro.com.br\/site\/#website\",\"url\":\"https:\/\/radioportoseguro.com.br\/site\/\",\"name\":\"R\u00e1dio Porto Seguro\",\"description\":\"\",\"potentialAction\":[{\"@type\":\"SearchAction\",\"target\":{\"@type\":\"EntryPoint\",\"urlTemplate\":\"https:\/\/radioportoseguro.com.br\/site\/?s={search_term_string}\"},\"query-input\":{\"@type\":\"PropertyValueSpecification\",\"valueRequired\":true,\"valueName\":\"search_term_string\"}}],\"inLanguage\":\"pt-BR\"},{\"@type\":\"Person\",\"@id\":\"https:\/\/radioportoseguro.com.br\/site\/#\/schema\/person\/7630acdc320186f13639d3c067ec089b\",\"name\":\"admin\",\"image\":{\"@type\":\"ImageObject\",\"inLanguage\":\"pt-BR\",\"@id\":\"https:\/\/radioportoseguro.com.br\/site\/#\/schema\/person\/image\/\",\"url\":\"https:\/\/secure.gravatar.com\/avatar\/caacf4dc1eedb68fab0df8e1ed46c448e578b2466351bbcb61e47d2ac0caaef0?s=96&d=mm&r=g\",\"contentUrl\":\"https:\/\/secure.gravatar.com\/avatar\/caacf4dc1eedb68fab0df8e1ed46c448e578b2466351bbcb61e47d2ac0caaef0?s=96&d=mm&r=g\",\"caption\":\"admin\"},\"sameAs\":[\"https:\/\/radioportoseguro.com.br\/site\"],\"url\":\"https:\/\/radioportoseguro.com.br\/site\/author\/hezio\/\"}]}<\/script>\n<!-- \/ Yoast SEO plugin. -->","yoast_head_json":{"title":"Luiza Possi relata transforma\u00e7\u00e3o ap\u00f3s convers\u00e3o ao cristianismo - R\u00e1dio Porto Seguro","robots":{"index":"index","follow":"follow","max-snippet":"max-snippet:-1","max-image-preview":"max-image-preview:large","max-video-preview":"max-video-preview:-1"},"canonical":"https:\/\/radioportoseguro.com.br\/site\/2026\/04\/29\/luiza-possi-relata-transformacao-apos-conversao-ao-cristianismo\/","og_locale":"pt_BR","og_type":"article","og_title":"Luiza Possi relata transforma\u00e7\u00e3o ap\u00f3s convers\u00e3o ao cristianismo - R\u00e1dio Porto Seguro","og_description":"Cantora Luiza Possi (Foto: Reprodu\u00e7\u00e3o\/Instagram) A cantora Luiza Possi compartilhou detalhes de sua profunda transforma\u00e7\u00e3o pessoal e espiritual ap\u00f3s sua convers\u00e3o ao cristianismo, em participa\u00e7\u00e3o no programa Mais Voc\u00ea, da Rede Globo, na \u00faltima ter\u00e7a-feira (28). A artista, que se rendeu a Jesus em julho de 2024, descreveu as mudan\u00e7as internas como o aspecto mais [&hellip;]","og_url":"https:\/\/radioportoseguro.com.br\/site\/2026\/04\/29\/luiza-possi-relata-transformacao-apos-conversao-ao-cristianismo\/","og_site_name":"R\u00e1dio Porto Seguro","article_published_time":"2026-04-29T17:33:09+00:00","og_image":[{"url":"https:\/\/i0.wp.com\/folhagospel.com\/wp-content\/uploads\/2026\/03\/luizapossi.jpeg?resize=696%2C696&amp;ssl=1","type":"","width":"","height":""}],"author":"admin","twitter_card":"summary_large_image","twitter_misc":{"Escrito por":"admin","Est. tempo de leitura":"3 minutos"},"schema":{"@context":"https:\/\/schema.org","@graph":[{"@type":"Article","@id":"https:\/\/radioportoseguro.com.br\/site\/2026\/04\/29\/luiza-possi-relata-transformacao-apos-conversao-ao-cristianismo\/#article","isPartOf":{"@id":"https:\/\/radioportoseguro.com.br\/site\/2026\/04\/29\/luiza-possi-relata-transformacao-apos-conversao-ao-cristianismo\/"},"author":{"name":"admin","@id":"https:\/\/radioportoseguro.com.br\/site\/#\/schema\/person\/7630acdc320186f13639d3c067ec089b"},"headline":"Luiza Possi relata transforma\u00e7\u00e3o ap\u00f3s convers\u00e3o ao cristianismo","datePublished":"2026-04-29T17:33:09+00:00","mainEntityOfPage":{"@id":"https:\/\/radioportoseguro.com.br\/site\/2026\/04\/29\/luiza-possi-relata-transformacao-apos-conversao-ao-cristianismo\/"},"wordCount":694,"image":{"@id":"https:\/\/radioportoseguro.com.br\/site\/2026\/04\/29\/luiza-possi-relata-transformacao-apos-conversao-ao-cristianismo\/#primaryimage"},"thumbnailUrl":"https:\/\/radioportoseguro.com.br\/site\/wp-content\/uploads\/2026\/04\/luizapossi.jpeg","articleSection":["Gospel"],"inLanguage":"pt-BR"},{"@type":"WebPage","@id":"https:\/\/radioportoseguro.com.br\/site\/2026\/04\/29\/luiza-possi-relata-transformacao-apos-conversao-ao-cristianismo\/","url":"https:\/\/radioportoseguro.com.br\/site\/2026\/04\/29\/luiza-possi-relata-transformacao-apos-conversao-ao-cristianismo\/","name":"Luiza Possi relata transforma\u00e7\u00e3o ap\u00f3s convers\u00e3o ao cristianismo - R\u00e1dio Porto Seguro","isPartOf":{"@id":"https:\/\/radioportoseguro.com.br\/site\/#website"},"primaryImageOfPage":{"@id":"https:\/\/radioportoseguro.com.br\/site\/2026\/04\/29\/luiza-possi-relata-transformacao-apos-conversao-ao-cristianismo\/#primaryimage"},"image":{"@id":"https:\/\/radioportoseguro.com.br\/site\/2026\/04\/29\/luiza-possi-relata-transformacao-apos-conversao-ao-cristianismo\/#primaryimage"},"thumbnailUrl":"https:\/\/radioportoseguro.com.br\/site\/wp-content\/uploads\/2026\/04\/luizapossi.jpeg","datePublished":"2026-04-29T17:33:09+00:00","author":{"@id":"https:\/\/radioportoseguro.com.br\/site\/#\/schema\/person\/7630acdc320186f13639d3c067ec089b"},"breadcrumb":{"@id":"https:\/\/radioportoseguro.com.br\/site\/2026\/04\/29\/luiza-possi-relata-transformacao-apos-conversao-ao-cristianismo\/#breadcrumb"},"inLanguage":"pt-BR","potentialAction":[{"@type":"ReadAction","target":["https:\/\/radioportoseguro.com.br\/site\/2026\/04\/29\/luiza-possi-relata-transformacao-apos-conversao-ao-cristianismo\/"]}]},{"@type":"ImageObject","inLanguage":"pt-BR","@id":"https:\/\/radioportoseguro.com.br\/site\/2026\/04\/29\/luiza-possi-relata-transformacao-apos-conversao-ao-cristianismo\/#primaryimage","url":"https:\/\/radioportoseguro.com.br\/site\/wp-content\/uploads\/2026\/04\/luizapossi.jpeg","contentUrl":"https:\/\/radioportoseguro.com.br\/site\/wp-content\/uploads\/2026\/04\/luizapossi.jpeg","width":1200,"height":1200},{"@type":"BreadcrumbList","@id":"https:\/\/radioportoseguro.com.br\/site\/2026\/04\/29\/luiza-possi-relata-transformacao-apos-conversao-ao-cristianismo\/#breadcrumb","itemListElement":[{"@type":"ListItem","position":1,"name":"In\u00edcio","item":"https:\/\/radioportoseguro.com.br\/site\/"},{"@type":"ListItem","position":2,"name":"Luiza Possi relata transforma\u00e7\u00e3o ap\u00f3s convers\u00e3o ao cristianismo"}]},{"@type":"WebSite","@id":"https:\/\/radioportoseguro.com.br\/site\/#website","url":"https:\/\/radioportoseguro.com.br\/site\/","name":"R\u00e1dio Porto Seguro","description":"","potentialAction":[{"@type":"SearchAction","target":{"@type":"EntryPoint","urlTemplate":"https:\/\/radioportoseguro.com.br\/site\/?s={search_term_string}"},"query-input":{"@type":"PropertyValueSpecification","valueRequired":true,"valueName":"search_term_string"}}],"inLanguage":"pt-BR"},{"@type":"Person","@id":"https:\/\/radioportoseguro.com.br\/site\/#\/schema\/person\/7630acdc320186f13639d3c067ec089b","name":"admin","image":{"@type":"ImageObject","inLanguage":"pt-BR","@id":"https:\/\/radioportoseguro.com.br\/site\/#\/schema\/person\/image\/","url":"https:\/\/secure.gravatar.com\/avatar\/caacf4dc1eedb68fab0df8e1ed46c448e578b2466351bbcb61e47d2ac0caaef0?s=96&d=mm&r=g","contentUrl":"https:\/\/secure.gravatar.com\/avatar\/caacf4dc1eedb68fab0df8e1ed46c448e578b2466351bbcb61e47d2ac0caaef0?s=96&d=mm&r=g","caption":"admin"},"sameAs":["https:\/\/radioportoseguro.com.br\/site"],"url":"https:\/\/radioportoseguro.com.br\/site\/author\/hezio\/"}]}},"_links":{"self":[{"href":"https:\/\/radioportoseguro.com.br\/site\/wp-json\/wp\/v2\/posts\/6472","targetHints":{"allow":["GET"]}}],"collection":[{"href":"https:\/\/radioportoseguro.com.br\/site\/wp-json\/wp\/v2\/posts"}],"about":[{"href":"https:\/\/radioportoseguro.com.br\/site\/wp-json\/wp\/v2\/types\/post"}],"author":[{"embeddable":true,"href":"https:\/\/radioportoseguro.com.br\/site\/wp-json\/wp\/v2\/users\/1"}],"replies":[{"embeddable":true,"href":"https:\/\/radioportoseguro.com.br\/site\/wp-json\/wp\/v2\/comments?post=6472"}],"version-history":[{"count":0,"href":"https:\/\/radioportoseguro.com.br\/site\/wp-json\/wp\/v2\/posts\/6472\/revisions"}],"wp:featuredmedia":[{"embeddable":true,"href":"https:\/\/radioportoseguro.com.br\/site\/wp-json\/wp\/v2\/media\/6473"}],"wp:attachment":[{"href":"https:\/\/radioportoseguro.com.br\/site\/wp-json\/wp\/v2\/media?parent=6472"}],"wp:term":[{"taxonomy":"category","embeddable":true,"href":"https:\/\/radioportoseguro.com.br\/site\/wp-json\/wp\/v2\/categories?post=6472"},{"taxonomy":"post_tag","embeddable":true,"href":"https:\/\/radioportoseguro.com.br\/site\/wp-json\/wp\/v2\/tags?post=6472"}],"curies":[{"name":"wp","href":"https:\/\/api.w.org\/{rel}","templated":true}]}}