{"id":6478,"date":"2026-04-29T18:34:31","date_gmt":"2026-04-29T21:34:31","guid":{"rendered":"https:\/\/radioportoseguro.com.br\/site\/2026\/04\/29\/atriz-cassia-kis-e-denunciada-por-transfobia-no-rio-de-janeiro\/"},"modified":"2026-04-29T18:34:31","modified_gmt":"2026-04-29T21:34:31","slug":"atriz-cassia-kis-e-denunciada-por-transfobia-no-rio-de-janeiro","status":"publish","type":"post","link":"https:\/\/radioportoseguro.com.br\/site\/2026\/04\/29\/atriz-cassia-kis-e-denunciada-por-transfobia-no-rio-de-janeiro\/","title":{"rendered":"Atriz C\u00e1ssia Kis \u00e9 denunciada por transfobia no Rio de Janeiro"},"content":{"rendered":"<p><br \/>\n<\/p>\n<div>\n<div class=\"td-post-featured-image\">\n<figure><figcaption class=\"wp-caption-text\">Atriz C\u00e1ssia Kis. (Foto: Facebook C\u00e1ssia Kis)<br \/>\n<\/figcaption><\/figure>\n<\/div>\n<p> <!-- A generated by theme --> <\/p>\n<p> <!-- end A --> <\/p>\n<p>A atriz C\u00e1ssia Kis, de 68 anos, foi denunciada ao Minist\u00e9rio P\u00fablico do Rio de Janeiro (MP-RJ) em decorr\u00eancia de suposta transfobia. O incidente teria ocorrido na sexta-feira (24), no Barra Shopping, e envolve declara\u00e7\u00f5es p\u00fablicas atribu\u00eddas \u00e0 artista sobre identidade de g\u00eanero, motivando um pedido de an\u00e1lise pelas autoridades competentes. O registro policial ocorreu na segunda-feira (27).<\/p>\n<p>Segundo o relato de Roberta Santana, a atriz teria feito coment\u00e1rios transf\u00f3bicos enquanto ambas aguardavam na fila do banheiro feminino. De acordo com a den\u00fancia, C\u00e1ssia Kis teria dito que \u201co Brasil estava perdido porque tinha \u2018homem\u2019 no banheiro\u201d.<\/p>\n<p>Em defesa da atriz, o senador Jorge Seif (PL-SC) e o deputado federal Otoni de Paula (PSD-RJ) manifestaram apoio. Otoni de Paula declarou em sua rede social que \u201ca intimidade das nossas mulheres n\u00e3o \u00e9 negoci\u00e1vel\u201d. Ele acrescentou que permitir a invas\u00e3o de espa\u00e7os reservados \u00e0 privacidade feminina n\u00e3o representa progresso, mas sim uma afronta \u00e0 seguran\u00e7a e ao bom senso.<\/p>\n<p>\u201cA prote\u00e7\u00e3o das nossas filhas, m\u00e3es e esposas \u00e9 um dever. N\u00e3o podemos aceitar que o direito \u00e0 privacidade seja sacrificado no altar de agendas ideol\u00f3gicas\u201d, afirmou o deputado, expressando solidariedade a C\u00e1ssia Kis como parte de uma luta maior pela seguran\u00e7a das mulheres em seus espa\u00e7os \u00edntimos.<\/p>\n<p>Esta n\u00e3o \u00e9 a primeira vez que <strong>C\u00e1ssia Kis<\/strong> se envolve em pol\u00eamicas por declara\u00e7\u00f5es sobre sexualidade e fam\u00edlia. Em 2022, a atriz j\u00e1 havia sido alvo de uma nota de rep\u00fadio da TV Globo e de uma den\u00fancia no Minist\u00e9rio P\u00fablico do Rio de Janeiro ap\u00f3s participar de uma live com a jornalista Leda Nagle.<\/p>\n<p>Na ocasi\u00e3o, em conversa transmitida pelo Instagram, C\u00e1ssia Kis expressou preocupa\u00e7\u00e3o com amea\u00e7as ao conceito de fam\u00edlia tradicional. \u201cDesconstruir fam\u00edlia, se voc\u00ea fomenta o feminismo, esse mundo onde n\u00e3o existe mais o homem e a mulher, mas \u00e9 a mulher com a mulher e o homem com o homem, onde tem essa ideologia de g\u00eanero que j\u00e1 estamos vendo dentro das escolas\u201d, disse a atriz.<\/p>\n<p> <!-- A generated by theme --> <\/p>\n<p> <!-- end A --> <\/p>\n<p>Ela ainda relatou ter recebido imagens de crian\u00e7as pequenas se beijando em ambiente escolar e mencionou a exist\u00eancia de um \u201cbeij\u00f3dromo\u201d. \u201cO que est\u00e1 por tr\u00e1s disso? Destruir a fam\u00edlia sem d\u00favida nenhuma. Mas destruir a fam\u00edlia s\u00f3? N\u00e3o. Destruir a vida humana, porque que eu saiba homem com homem n\u00e3o d\u00e1 filho, mulher com mulher tamb\u00e9m n\u00e3o d\u00e1 filho\u201d, completou C\u00e1ssia Kis.<\/p>\n<p><strong>Folha Gospel com informa\u00e7\u00f5es de G1, Guia-me e Veja<\/strong><\/p>\n<p> <!-- A generated by theme --> <\/p>\n<p> <!-- end A --> <\/p><\/div>\n<p><script>(function (d, s, id) {\n                var js, fjs = d.getElementsByTagName(s)[0];\n                if (d.getElementById(id)) return;\n                js = d.createElement(s);\n                js.id = id;\n                js.src=\"https:\/\/connect.facebook.net\/pt_BR\/sdk.js#xfbml=1&version=v2.11&appId=264312870658742&autoLogAppEvents=1\";\n                fjs.parentNode.insertBefore(js, fjs);\n            }(document, 'script', 'facebook-jssdk'));<\/script><br \/>\n<br \/><br \/>\n<br \/>Fonte: Folha Gospel<\/p>\n","protected":false},"excerpt":{"rendered":"<p>Atriz C\u00e1ssia Kis. (Foto: Facebook C\u00e1ssia Kis) A atriz C\u00e1ssia Kis, de 68 anos, foi denunciada ao Minist\u00e9rio P\u00fablico do Rio de Janeiro (MP-RJ) em decorr\u00eancia de suposta transfobia. O incidente teria ocorrido na sexta-feira (24), no Barra Shopping, e envolve declara\u00e7\u00f5es p\u00fablicas atribu\u00eddas \u00e0 artista sobre identidade de g\u00eanero, motivando um pedido de an\u00e1lise [&hellip;]<\/p>\n","protected":false},"author":1,"featured_media":6479,"comment_status":"","ping_status":"open","sticky":false,"template":"","format":"standard","meta":{"footnotes":""},"categories":[3],"tags":[],"class_list":["post-6478","post","type-post","status-publish","format-standard","has-post-thumbnail","hentry","category-gospel"],"yoast_head":"<!-- This site is optimized with the Yoast SEO plugin v26.8 - https:\/\/yoast.com\/product\/yoast-seo-wordpress\/ -->\n<title>Atriz C\u00e1ssia Kis \u00e9 denunciada por transfobia no Rio de Janeiro - R\u00e1dio Porto Seguro<\/title>\n<meta name=\"robots\" content=\"index, follow, max-snippet:-1, max-image-preview:large, max-video-preview:-1\" \/>\n<link rel=\"canonical\" href=\"https:\/\/radioportoseguro.com.br\/site\/2026\/04\/29\/atriz-cassia-kis-e-denunciada-por-transfobia-no-rio-de-janeiro\/\" \/>\n<meta property=\"og:locale\" content=\"pt_BR\" \/>\n<meta property=\"og:type\" content=\"article\" \/>\n<meta property=\"og:title\" content=\"Atriz C\u00e1ssia Kis \u00e9 denunciada por transfobia no Rio de Janeiro - R\u00e1dio Porto Seguro\" \/>\n<meta property=\"og:description\" content=\"Atriz C\u00e1ssia Kis. (Foto: Facebook C\u00e1ssia Kis) A atriz C\u00e1ssia Kis, de 68 anos, foi denunciada ao Minist\u00e9rio P\u00fablico do Rio de Janeiro (MP-RJ) em decorr\u00eancia de suposta transfobia. O incidente teria ocorrido na sexta-feira (24), no Barra Shopping, e envolve declara\u00e7\u00f5es p\u00fablicas atribu\u00eddas \u00e0 artista sobre identidade de g\u00eanero, motivando um pedido de an\u00e1lise [&hellip;]\" \/>\n<meta property=\"og:url\" content=\"https:\/\/radioportoseguro.com.br\/site\/2026\/04\/29\/atriz-cassia-kis-e-denunciada-por-transfobia-no-rio-de-janeiro\/\" \/>\n<meta property=\"og:site_name\" content=\"R\u00e1dio Porto Seguro\" \/>\n<meta property=\"article:published_time\" content=\"2026-04-29T21:34:31+00:00\" \/>\n<meta property=\"og:image\" content=\"https:\/\/i0.wp.com\/folhagospel.com\/wp-content\/uploads\/2026\/04\/image-35-e1777474182825.png?resize=696%2C414&amp;ssl=1\" \/>\n<meta name=\"author\" content=\"admin\" \/>\n<meta name=\"twitter:card\" content=\"summary_large_image\" \/>\n<meta name=\"twitter:label1\" content=\"Escrito por\" \/>\n\t<meta name=\"twitter:data1\" content=\"admin\" \/>\n\t<meta name=\"twitter:label2\" content=\"Est. tempo de leitura\" \/>\n\t<meta name=\"twitter:data2\" content=\"2 minutos\" \/>\n<script type=\"application\/ld+json\" class=\"yoast-schema-graph\">{\"@context\":\"https:\/\/schema.org\",\"@graph\":[{\"@type\":\"Article\",\"@id\":\"https:\/\/radioportoseguro.com.br\/site\/2026\/04\/29\/atriz-cassia-kis-e-denunciada-por-transfobia-no-rio-de-janeiro\/#article\",\"isPartOf\":{\"@id\":\"https:\/\/radioportoseguro.com.br\/site\/2026\/04\/29\/atriz-cassia-kis-e-denunciada-por-transfobia-no-rio-de-janeiro\/\"},\"author\":{\"name\":\"admin\",\"@id\":\"https:\/\/radioportoseguro.com.br\/site\/#\/schema\/person\/7630acdc320186f13639d3c067ec089b\"},\"headline\":\"Atriz C\u00e1ssia Kis \u00e9 denunciada por transfobia no Rio de Janeiro\",\"datePublished\":\"2026-04-29T21:34:31+00:00\",\"mainEntityOfPage\":{\"@id\":\"https:\/\/radioportoseguro.com.br\/site\/2026\/04\/29\/atriz-cassia-kis-e-denunciada-por-transfobia-no-rio-de-janeiro\/\"},\"wordCount\":469,\"image\":{\"@id\":\"https:\/\/radioportoseguro.com.br\/site\/2026\/04\/29\/atriz-cassia-kis-e-denunciada-por-transfobia-no-rio-de-janeiro\/#primaryimage\"},\"thumbnailUrl\":\"https:\/\/radioportoseguro.com.br\/site\/wp-content\/uploads\/2026\/04\/image-35-e1777474182825.png\",\"articleSection\":[\"Gospel\"],\"inLanguage\":\"pt-BR\"},{\"@type\":\"WebPage\",\"@id\":\"https:\/\/radioportoseguro.com.br\/site\/2026\/04\/29\/atriz-cassia-kis-e-denunciada-por-transfobia-no-rio-de-janeiro\/\",\"url\":\"https:\/\/radioportoseguro.com.br\/site\/2026\/04\/29\/atriz-cassia-kis-e-denunciada-por-transfobia-no-rio-de-janeiro\/\",\"name\":\"Atriz C\u00e1ssia Kis \u00e9 denunciada por transfobia no Rio de Janeiro - R\u00e1dio Porto Seguro\",\"isPartOf\":{\"@id\":\"https:\/\/radioportoseguro.com.br\/site\/#website\"},\"primaryImageOfPage\":{\"@id\":\"https:\/\/radioportoseguro.com.br\/site\/2026\/04\/29\/atriz-cassia-kis-e-denunciada-por-transfobia-no-rio-de-janeiro\/#primaryimage\"},\"image\":{\"@id\":\"https:\/\/radioportoseguro.com.br\/site\/2026\/04\/29\/atriz-cassia-kis-e-denunciada-por-transfobia-no-rio-de-janeiro\/#primaryimage\"},\"thumbnailUrl\":\"https:\/\/radioportoseguro.com.br\/site\/wp-content\/uploads\/2026\/04\/image-35-e1777474182825.png\",\"datePublished\":\"2026-04-29T21:34:31+00:00\",\"author\":{\"@id\":\"https:\/\/radioportoseguro.com.br\/site\/#\/schema\/person\/7630acdc320186f13639d3c067ec089b\"},\"breadcrumb\":{\"@id\":\"https:\/\/radioportoseguro.com.br\/site\/2026\/04\/29\/atriz-cassia-kis-e-denunciada-por-transfobia-no-rio-de-janeiro\/#breadcrumb\"},\"inLanguage\":\"pt-BR\",\"potentialAction\":[{\"@type\":\"ReadAction\",\"target\":[\"https:\/\/radioportoseguro.com.br\/site\/2026\/04\/29\/atriz-cassia-kis-e-denunciada-por-transfobia-no-rio-de-janeiro\/\"]}]},{\"@type\":\"ImageObject\",\"inLanguage\":\"pt-BR\",\"@id\":\"https:\/\/radioportoseguro.com.br\/site\/2026\/04\/29\/atriz-cassia-kis-e-denunciada-por-transfobia-no-rio-de-janeiro\/#primaryimage\",\"url\":\"https:\/\/radioportoseguro.com.br\/site\/wp-content\/uploads\/2026\/04\/image-35-e1777474182825.png\",\"contentUrl\":\"https:\/\/radioportoseguro.com.br\/site\/wp-content\/uploads\/2026\/04\/image-35-e1777474182825.png\",\"width\":756,\"height\":450},{\"@type\":\"BreadcrumbList\",\"@id\":\"https:\/\/radioportoseguro.com.br\/site\/2026\/04\/29\/atriz-cassia-kis-e-denunciada-por-transfobia-no-rio-de-janeiro\/#breadcrumb\",\"itemListElement\":[{\"@type\":\"ListItem\",\"position\":1,\"name\":\"In\u00edcio\",\"item\":\"https:\/\/radioportoseguro.com.br\/site\/\"},{\"@type\":\"ListItem\",\"position\":2,\"name\":\"Atriz C\u00e1ssia Kis \u00e9 denunciada por transfobia no Rio de Janeiro\"}]},{\"@type\":\"WebSite\",\"@id\":\"https:\/\/radioportoseguro.com.br\/site\/#website\",\"url\":\"https:\/\/radioportoseguro.com.br\/site\/\",\"name\":\"R\u00e1dio Porto Seguro\",\"description\":\"\",\"potentialAction\":[{\"@type\":\"SearchAction\",\"target\":{\"@type\":\"EntryPoint\",\"urlTemplate\":\"https:\/\/radioportoseguro.com.br\/site\/?s={search_term_string}\"},\"query-input\":{\"@type\":\"PropertyValueSpecification\",\"valueRequired\":true,\"valueName\":\"search_term_string\"}}],\"inLanguage\":\"pt-BR\"},{\"@type\":\"Person\",\"@id\":\"https:\/\/radioportoseguro.com.br\/site\/#\/schema\/person\/7630acdc320186f13639d3c067ec089b\",\"name\":\"admin\",\"image\":{\"@type\":\"ImageObject\",\"inLanguage\":\"pt-BR\",\"@id\":\"https:\/\/radioportoseguro.com.br\/site\/#\/schema\/person\/image\/\",\"url\":\"https:\/\/secure.gravatar.com\/avatar\/caacf4dc1eedb68fab0df8e1ed46c448e578b2466351bbcb61e47d2ac0caaef0?s=96&d=mm&r=g\",\"contentUrl\":\"https:\/\/secure.gravatar.com\/avatar\/caacf4dc1eedb68fab0df8e1ed46c448e578b2466351bbcb61e47d2ac0caaef0?s=96&d=mm&r=g\",\"caption\":\"admin\"},\"sameAs\":[\"https:\/\/radioportoseguro.com.br\/site\"],\"url\":\"https:\/\/radioportoseguro.com.br\/site\/author\/hezio\/\"}]}<\/script>\n<!-- \/ Yoast SEO plugin. -->","yoast_head_json":{"title":"Atriz C\u00e1ssia Kis \u00e9 denunciada por transfobia no Rio de Janeiro - R\u00e1dio Porto Seguro","robots":{"index":"index","follow":"follow","max-snippet":"max-snippet:-1","max-image-preview":"max-image-preview:large","max-video-preview":"max-video-preview:-1"},"canonical":"https:\/\/radioportoseguro.com.br\/site\/2026\/04\/29\/atriz-cassia-kis-e-denunciada-por-transfobia-no-rio-de-janeiro\/","og_locale":"pt_BR","og_type":"article","og_title":"Atriz C\u00e1ssia Kis \u00e9 denunciada por transfobia no Rio de Janeiro - R\u00e1dio Porto Seguro","og_description":"Atriz C\u00e1ssia Kis. (Foto: Facebook C\u00e1ssia Kis) A atriz C\u00e1ssia Kis, de 68 anos, foi denunciada ao Minist\u00e9rio P\u00fablico do Rio de Janeiro (MP-RJ) em decorr\u00eancia de suposta transfobia. O incidente teria ocorrido na sexta-feira (24), no Barra Shopping, e envolve declara\u00e7\u00f5es p\u00fablicas atribu\u00eddas \u00e0 artista sobre identidade de g\u00eanero, motivando um pedido de an\u00e1lise [&hellip;]","og_url":"https:\/\/radioportoseguro.com.br\/site\/2026\/04\/29\/atriz-cassia-kis-e-denunciada-por-transfobia-no-rio-de-janeiro\/","og_site_name":"R\u00e1dio Porto Seguro","article_published_time":"2026-04-29T21:34:31+00:00","og_image":[{"url":"https:\/\/i0.wp.com\/folhagospel.com\/wp-content\/uploads\/2026\/04\/image-35-e1777474182825.png?resize=696%2C414&amp;ssl=1","type":"","width":"","height":""}],"author":"admin","twitter_card":"summary_large_image","twitter_misc":{"Escrito por":"admin","Est. tempo de leitura":"2 minutos"},"schema":{"@context":"https:\/\/schema.org","@graph":[{"@type":"Article","@id":"https:\/\/radioportoseguro.com.br\/site\/2026\/04\/29\/atriz-cassia-kis-e-denunciada-por-transfobia-no-rio-de-janeiro\/#article","isPartOf":{"@id":"https:\/\/radioportoseguro.com.br\/site\/2026\/04\/29\/atriz-cassia-kis-e-denunciada-por-transfobia-no-rio-de-janeiro\/"},"author":{"name":"admin","@id":"https:\/\/radioportoseguro.com.br\/site\/#\/schema\/person\/7630acdc320186f13639d3c067ec089b"},"headline":"Atriz C\u00e1ssia Kis \u00e9 denunciada por transfobia no Rio de Janeiro","datePublished":"2026-04-29T21:34:31+00:00","mainEntityOfPage":{"@id":"https:\/\/radioportoseguro.com.br\/site\/2026\/04\/29\/atriz-cassia-kis-e-denunciada-por-transfobia-no-rio-de-janeiro\/"},"wordCount":469,"image":{"@id":"https:\/\/radioportoseguro.com.br\/site\/2026\/04\/29\/atriz-cassia-kis-e-denunciada-por-transfobia-no-rio-de-janeiro\/#primaryimage"},"thumbnailUrl":"https:\/\/radioportoseguro.com.br\/site\/wp-content\/uploads\/2026\/04\/image-35-e1777474182825.png","articleSection":["Gospel"],"inLanguage":"pt-BR"},{"@type":"WebPage","@id":"https:\/\/radioportoseguro.com.br\/site\/2026\/04\/29\/atriz-cassia-kis-e-denunciada-por-transfobia-no-rio-de-janeiro\/","url":"https:\/\/radioportoseguro.com.br\/site\/2026\/04\/29\/atriz-cassia-kis-e-denunciada-por-transfobia-no-rio-de-janeiro\/","name":"Atriz C\u00e1ssia Kis \u00e9 denunciada por transfobia no Rio de Janeiro - R\u00e1dio Porto Seguro","isPartOf":{"@id":"https:\/\/radioportoseguro.com.br\/site\/#website"},"primaryImageOfPage":{"@id":"https:\/\/radioportoseguro.com.br\/site\/2026\/04\/29\/atriz-cassia-kis-e-denunciada-por-transfobia-no-rio-de-janeiro\/#primaryimage"},"image":{"@id":"https:\/\/radioportoseguro.com.br\/site\/2026\/04\/29\/atriz-cassia-kis-e-denunciada-por-transfobia-no-rio-de-janeiro\/#primaryimage"},"thumbnailUrl":"https:\/\/radioportoseguro.com.br\/site\/wp-content\/uploads\/2026\/04\/image-35-e1777474182825.png","datePublished":"2026-04-29T21:34:31+00:00","author":{"@id":"https:\/\/radioportoseguro.com.br\/site\/#\/schema\/person\/7630acdc320186f13639d3c067ec089b"},"breadcrumb":{"@id":"https:\/\/radioportoseguro.com.br\/site\/2026\/04\/29\/atriz-cassia-kis-e-denunciada-por-transfobia-no-rio-de-janeiro\/#breadcrumb"},"inLanguage":"pt-BR","potentialAction":[{"@type":"ReadAction","target":["https:\/\/radioportoseguro.com.br\/site\/2026\/04\/29\/atriz-cassia-kis-e-denunciada-por-transfobia-no-rio-de-janeiro\/"]}]},{"@type":"ImageObject","inLanguage":"pt-BR","@id":"https:\/\/radioportoseguro.com.br\/site\/2026\/04\/29\/atriz-cassia-kis-e-denunciada-por-transfobia-no-rio-de-janeiro\/#primaryimage","url":"https:\/\/radioportoseguro.com.br\/site\/wp-content\/uploads\/2026\/04\/image-35-e1777474182825.png","contentUrl":"https:\/\/radioportoseguro.com.br\/site\/wp-content\/uploads\/2026\/04\/image-35-e1777474182825.png","width":756,"height":450},{"@type":"BreadcrumbList","@id":"https:\/\/radioportoseguro.com.br\/site\/2026\/04\/29\/atriz-cassia-kis-e-denunciada-por-transfobia-no-rio-de-janeiro\/#breadcrumb","itemListElement":[{"@type":"ListItem","position":1,"name":"In\u00edcio","item":"https:\/\/radioportoseguro.com.br\/site\/"},{"@type":"ListItem","position":2,"name":"Atriz C\u00e1ssia Kis \u00e9 denunciada por transfobia no Rio de Janeiro"}]},{"@type":"WebSite","@id":"https:\/\/radioportoseguro.com.br\/site\/#website","url":"https:\/\/radioportoseguro.com.br\/site\/","name":"R\u00e1dio Porto Seguro","description":"","potentialAction":[{"@type":"SearchAction","target":{"@type":"EntryPoint","urlTemplate":"https:\/\/radioportoseguro.com.br\/site\/?s={search_term_string}"},"query-input":{"@type":"PropertyValueSpecification","valueRequired":true,"valueName":"search_term_string"}}],"inLanguage":"pt-BR"},{"@type":"Person","@id":"https:\/\/radioportoseguro.com.br\/site\/#\/schema\/person\/7630acdc320186f13639d3c067ec089b","name":"admin","image":{"@type":"ImageObject","inLanguage":"pt-BR","@id":"https:\/\/radioportoseguro.com.br\/site\/#\/schema\/person\/image\/","url":"https:\/\/secure.gravatar.com\/avatar\/caacf4dc1eedb68fab0df8e1ed46c448e578b2466351bbcb61e47d2ac0caaef0?s=96&d=mm&r=g","contentUrl":"https:\/\/secure.gravatar.com\/avatar\/caacf4dc1eedb68fab0df8e1ed46c448e578b2466351bbcb61e47d2ac0caaef0?s=96&d=mm&r=g","caption":"admin"},"sameAs":["https:\/\/radioportoseguro.com.br\/site"],"url":"https:\/\/radioportoseguro.com.br\/site\/author\/hezio\/"}]}},"_links":{"self":[{"href":"https:\/\/radioportoseguro.com.br\/site\/wp-json\/wp\/v2\/posts\/6478","targetHints":{"allow":["GET"]}}],"collection":[{"href":"https:\/\/radioportoseguro.com.br\/site\/wp-json\/wp\/v2\/posts"}],"about":[{"href":"https:\/\/radioportoseguro.com.br\/site\/wp-json\/wp\/v2\/types\/post"}],"author":[{"embeddable":true,"href":"https:\/\/radioportoseguro.com.br\/site\/wp-json\/wp\/v2\/users\/1"}],"replies":[{"embeddable":true,"href":"https:\/\/radioportoseguro.com.br\/site\/wp-json\/wp\/v2\/comments?post=6478"}],"version-history":[{"count":0,"href":"https:\/\/radioportoseguro.com.br\/site\/wp-json\/wp\/v2\/posts\/6478\/revisions"}],"wp:featuredmedia":[{"embeddable":true,"href":"https:\/\/radioportoseguro.com.br\/site\/wp-json\/wp\/v2\/media\/6479"}],"wp:attachment":[{"href":"https:\/\/radioportoseguro.com.br\/site\/wp-json\/wp\/v2\/media?parent=6478"}],"wp:term":[{"taxonomy":"category","embeddable":true,"href":"https:\/\/radioportoseguro.com.br\/site\/wp-json\/wp\/v2\/categories?post=6478"},{"taxonomy":"post_tag","embeddable":true,"href":"https:\/\/radioportoseguro.com.br\/site\/wp-json\/wp\/v2\/tags?post=6478"}],"curies":[{"name":"wp","href":"https:\/\/api.w.org\/{rel}","templated":true}]}}