{"id":6482,"date":"2026-04-29T19:47:06","date_gmt":"2026-04-29T22:47:06","guid":{"rendered":"https:\/\/radioportoseguro.com.br\/site\/2026\/04\/29\/igreja-evangelica-abre-espaco-para-a-comunidade-judaica\/"},"modified":"2026-04-29T19:47:06","modified_gmt":"2026-04-29T22:47:06","slug":"igreja-evangelica-abre-espaco-para-a-comunidade-judaica","status":"publish","type":"post","link":"https:\/\/radioportoseguro.com.br\/site\/2026\/04\/29\/igreja-evangelica-abre-espaco-para-a-comunidade-judaica\/","title":{"rendered":"Igreja evang\u00e9lica abre espa\u00e7o para a comunidade judaica"},"content":{"rendered":"<p><br \/>\n<\/p>\n<div>\n<p>A Igreja Batista Esperan\u00e7a (IBE), localizada na Vila Mariana, em S\u00e3o Paulo, e liderada pelo pastor s\u00eanior Sergio Moura, tem se destacado por abrir suas portas \u00e0 comunidade judaica e promover encontros marcados pela aproxima\u00e7\u00e3o e pelo respeito m\u00fatuo.<\/p>\n<p>Israel, desde sua funda\u00e7\u00e3o em 1948, passou por transforma\u00e7\u00f5es profundas, e ao longo desse percurso diversas igrejas evang\u00e9licas no Brasil t\u00eam demonstrado crescente apoio ao povo judeu. A IBE, por\u00e9m, sempre esteve \u00e0 frente desse movimento, cultivando ao longo de sua hist\u00f3ria um relacionamento marcado pelo afeto, pela solidariedade e pela proximidade com a comunidade judaica.<\/p>\n<p style=\"text-align: left;\">Durante a celebra\u00e7\u00e3o da P\u00e1scoa, a igreja recebeu membros da comunidade judaica para compartilhar reflex\u00f5es sobre o Pessach e o significado dos alimentos tradicionais. O encontro, realizado durante o culto pela manh\u00e3, proporcionou um raro e marcante momento de comunh\u00e3o entre judeus e crist\u00e3os.<\/p>\n<p><\/p>\n<p style=\"text-align: center;\"><sup><span style=\"color: #808080;\">Igreja Batista Esperan\u00e7a em SP. (Foto: Silas Anast\u00e1cio)<\/span><\/sup><\/p>\n<p>O pastor Sergio Moura, conhecido por seu interesse nos acontecimentos relacionados a Israel, tem se dedicado a estudar tanto a dimens\u00e3o hist\u00f3rica quanto a perspectiva prof\u00e9tica do pa\u00eds.<\/p>\n<p>\u00c0s v\u00e9speras do Yom HaSho\u00e1 \u2014 o Dia da Lembran\u00e7a do Holocausto \u2014, a Universidade de Tel Aviv divulgou um relat\u00f3rio alarmante: em 2025, a viol\u00eancia antissemita resultou na morte de 20 judeus, o maior n\u00famero registrado em tr\u00eas d\u00e9cadas.<\/p>\n<p>Diante desse cen\u00e1rio, l\u00edderes crist\u00e3os t\u00eam refor\u00e7ado a import\u00e2ncia de demonstrar apoio e expressar solidariedade ao povo judeu, posicionando-se de forma clara contra o avan\u00e7o do antissemitismo no Brasil e no mundo.<\/p>\n<p>\u00a0<\/p>\n<p><strong>Silas Anast\u00e1cio<\/strong> \u00e9 fundador do Minist\u00e9rio Davar, evangelista e expositor b\u00edblico com s\u00f3lida atua\u00e7\u00e3o h\u00e1 mais de uma d\u00e9cada em temas relacionados ao Estado de Israel e \u00e0 comunidade judaica. Tamb\u00e9m desempenha papel estrat\u00e9gico nos bastidores da m\u00eddia evang\u00e9lica, contribuindo para a articula\u00e7\u00e3o e divulga\u00e7\u00e3o de conte\u00fados que fortalecem os valores\u00a0da\u00a0f\u00e9\u00a0crist\u00e3.<\/p>\n<p><em>* O conte\u00fado do texto acima \u00e9 de colabora\u00e7\u00e3o volunt\u00e1ria, seu teor \u00e9 de total responsabilidade do autor e n\u00e3o reflete necessariamente a opini\u00e3o do Portal Guiame.<\/em><\/p>\n<p>Leia o artigo anterior: <span style=\"color: #800000;\"><strong>Pastor que acolhe refugiados mu\u00e7ulmanos no Brasil revela desafios e aprendizados<\/strong><\/span><\/p>\n<\/div>\n<p><br \/>\n<br \/>Fonte: Guiame <\/p>\n","protected":false},"excerpt":{"rendered":"<p>A Igreja Batista Esperan\u00e7a (IBE), localizada na Vila Mariana, em S\u00e3o Paulo, e liderada pelo pastor s\u00eanior Sergio Moura, tem se destacado por abrir suas portas \u00e0 comunidade judaica e promover encontros marcados pela aproxima\u00e7\u00e3o e pelo respeito m\u00fatuo. Israel, desde sua funda\u00e7\u00e3o em 1948, passou por transforma\u00e7\u00f5es profundas, e ao longo desse percurso diversas [&hellip;]<\/p>\n","protected":false},"author":1,"featured_media":6483,"comment_status":"","ping_status":"open","sticky":false,"template":"","format":"standard","meta":{"footnotes":""},"categories":[43],"tags":[],"class_list":["post-6482","post","type-post","status-publish","format-standard","has-post-thumbnail","hentry","category-destaques"],"yoast_head":"<!-- This site is optimized with the Yoast SEO plugin v26.8 - https:\/\/yoast.com\/product\/yoast-seo-wordpress\/ -->\n<title>Igreja evang\u00e9lica abre espa\u00e7o para a comunidade judaica - R\u00e1dio Porto Seguro<\/title>\n<meta name=\"robots\" content=\"index, follow, max-snippet:-1, max-image-preview:large, max-video-preview:-1\" \/>\n<link rel=\"canonical\" href=\"https:\/\/radioportoseguro.com.br\/site\/2026\/04\/29\/igreja-evangelica-abre-espaco-para-a-comunidade-judaica\/\" \/>\n<meta property=\"og:locale\" content=\"pt_BR\" \/>\n<meta property=\"og:type\" content=\"article\" \/>\n<meta property=\"og:title\" content=\"Igreja evang\u00e9lica abre espa\u00e7o para a comunidade judaica - R\u00e1dio Porto Seguro\" \/>\n<meta property=\"og:description\" content=\"A Igreja Batista Esperan\u00e7a (IBE), localizada na Vila Mariana, em S\u00e3o Paulo, e liderada pelo pastor s\u00eanior Sergio Moura, tem se destacado por abrir suas portas \u00e0 comunidade judaica e promover encontros marcados pela aproxima\u00e7\u00e3o e pelo respeito m\u00fatuo. Israel, desde sua funda\u00e7\u00e3o em 1948, passou por transforma\u00e7\u00f5es profundas, e ao longo desse percurso diversas [&hellip;]\" \/>\n<meta property=\"og:url\" content=\"https:\/\/radioportoseguro.com.br\/site\/2026\/04\/29\/igreja-evangelica-abre-espaco-para-a-comunidade-judaica\/\" \/>\n<meta property=\"og:site_name\" content=\"R\u00e1dio Porto Seguro\" \/>\n<meta property=\"article:published_time\" content=\"2026-04-29T22:47:06+00:00\" \/>\n<meta property=\"og:image\" content=\"https:\/\/thumbor.guiame.com.br\/unsafe\/smart\/https:\/\/media.guiame.com.br\/archives\/2026\/04\/28\/3229841852-batista-esperanca.jpeg\" \/>\n<meta name=\"author\" content=\"admin\" \/>\n<meta name=\"twitter:card\" content=\"summary_large_image\" \/>\n<meta name=\"twitter:label1\" content=\"Escrito por\" \/>\n\t<meta name=\"twitter:data1\" content=\"admin\" \/>\n\t<meta name=\"twitter:label2\" content=\"Est. tempo de leitura\" \/>\n\t<meta name=\"twitter:data2\" content=\"2 minutos\" \/>\n<script type=\"application\/ld+json\" class=\"yoast-schema-graph\">{\"@context\":\"https:\/\/schema.org\",\"@graph\":[{\"@type\":\"Article\",\"@id\":\"https:\/\/radioportoseguro.com.br\/site\/2026\/04\/29\/igreja-evangelica-abre-espaco-para-a-comunidade-judaica\/#article\",\"isPartOf\":{\"@id\":\"https:\/\/radioportoseguro.com.br\/site\/2026\/04\/29\/igreja-evangelica-abre-espaco-para-a-comunidade-judaica\/\"},\"author\":{\"name\":\"admin\",\"@id\":\"https:\/\/radioportoseguro.com.br\/site\/#\/schema\/person\/7630acdc320186f13639d3c067ec089b\"},\"headline\":\"Igreja evang\u00e9lica abre espa\u00e7o para a comunidade judaica\",\"datePublished\":\"2026-04-29T22:47:06+00:00\",\"mainEntityOfPage\":{\"@id\":\"https:\/\/radioportoseguro.com.br\/site\/2026\/04\/29\/igreja-evangelica-abre-espaco-para-a-comunidade-judaica\/\"},\"wordCount\":400,\"image\":{\"@id\":\"https:\/\/radioportoseguro.com.br\/site\/2026\/04\/29\/igreja-evangelica-abre-espaco-para-a-comunidade-judaica\/#primaryimage\"},\"thumbnailUrl\":\"https:\/\/radioportoseguro.com.br\/site\/wp-content\/uploads\/2026\/04\/2342164412-sergio-moura.jpeg\",\"articleSection\":[\"Destaques\"],\"inLanguage\":\"pt-BR\"},{\"@type\":\"WebPage\",\"@id\":\"https:\/\/radioportoseguro.com.br\/site\/2026\/04\/29\/igreja-evangelica-abre-espaco-para-a-comunidade-judaica\/\",\"url\":\"https:\/\/radioportoseguro.com.br\/site\/2026\/04\/29\/igreja-evangelica-abre-espaco-para-a-comunidade-judaica\/\",\"name\":\"Igreja evang\u00e9lica abre espa\u00e7o para a comunidade judaica - R\u00e1dio Porto Seguro\",\"isPartOf\":{\"@id\":\"https:\/\/radioportoseguro.com.br\/site\/#website\"},\"primaryImageOfPage\":{\"@id\":\"https:\/\/radioportoseguro.com.br\/site\/2026\/04\/29\/igreja-evangelica-abre-espaco-para-a-comunidade-judaica\/#primaryimage\"},\"image\":{\"@id\":\"https:\/\/radioportoseguro.com.br\/site\/2026\/04\/29\/igreja-evangelica-abre-espaco-para-a-comunidade-judaica\/#primaryimage\"},\"thumbnailUrl\":\"https:\/\/radioportoseguro.com.br\/site\/wp-content\/uploads\/2026\/04\/2342164412-sergio-moura.jpeg\",\"datePublished\":\"2026-04-29T22:47:06+00:00\",\"author\":{\"@id\":\"https:\/\/radioportoseguro.com.br\/site\/#\/schema\/person\/7630acdc320186f13639d3c067ec089b\"},\"breadcrumb\":{\"@id\":\"https:\/\/radioportoseguro.com.br\/site\/2026\/04\/29\/igreja-evangelica-abre-espaco-para-a-comunidade-judaica\/#breadcrumb\"},\"inLanguage\":\"pt-BR\",\"potentialAction\":[{\"@type\":\"ReadAction\",\"target\":[\"https:\/\/radioportoseguro.com.br\/site\/2026\/04\/29\/igreja-evangelica-abre-espaco-para-a-comunidade-judaica\/\"]}]},{\"@type\":\"ImageObject\",\"inLanguage\":\"pt-BR\",\"@id\":\"https:\/\/radioportoseguro.com.br\/site\/2026\/04\/29\/igreja-evangelica-abre-espaco-para-a-comunidade-judaica\/#primaryimage\",\"url\":\"https:\/\/radioportoseguro.com.br\/site\/wp-content\/uploads\/2026\/04\/2342164412-sergio-moura.jpeg\",\"contentUrl\":\"https:\/\/radioportoseguro.com.br\/site\/wp-content\/uploads\/2026\/04\/2342164412-sergio-moura.jpeg\",\"width\":1200,\"height\":600},{\"@type\":\"BreadcrumbList\",\"@id\":\"https:\/\/radioportoseguro.com.br\/site\/2026\/04\/29\/igreja-evangelica-abre-espaco-para-a-comunidade-judaica\/#breadcrumb\",\"itemListElement\":[{\"@type\":\"ListItem\",\"position\":1,\"name\":\"In\u00edcio\",\"item\":\"https:\/\/radioportoseguro.com.br\/site\/\"},{\"@type\":\"ListItem\",\"position\":2,\"name\":\"Igreja evang\u00e9lica abre espa\u00e7o para a comunidade judaica\"}]},{\"@type\":\"WebSite\",\"@id\":\"https:\/\/radioportoseguro.com.br\/site\/#website\",\"url\":\"https:\/\/radioportoseguro.com.br\/site\/\",\"name\":\"R\u00e1dio Porto Seguro\",\"description\":\"\",\"potentialAction\":[{\"@type\":\"SearchAction\",\"target\":{\"@type\":\"EntryPoint\",\"urlTemplate\":\"https:\/\/radioportoseguro.com.br\/site\/?s={search_term_string}\"},\"query-input\":{\"@type\":\"PropertyValueSpecification\",\"valueRequired\":true,\"valueName\":\"search_term_string\"}}],\"inLanguage\":\"pt-BR\"},{\"@type\":\"Person\",\"@id\":\"https:\/\/radioportoseguro.com.br\/site\/#\/schema\/person\/7630acdc320186f13639d3c067ec089b\",\"name\":\"admin\",\"image\":{\"@type\":\"ImageObject\",\"inLanguage\":\"pt-BR\",\"@id\":\"https:\/\/radioportoseguro.com.br\/site\/#\/schema\/person\/image\/\",\"url\":\"https:\/\/secure.gravatar.com\/avatar\/caacf4dc1eedb68fab0df8e1ed46c448e578b2466351bbcb61e47d2ac0caaef0?s=96&d=mm&r=g\",\"contentUrl\":\"https:\/\/secure.gravatar.com\/avatar\/caacf4dc1eedb68fab0df8e1ed46c448e578b2466351bbcb61e47d2ac0caaef0?s=96&d=mm&r=g\",\"caption\":\"admin\"},\"sameAs\":[\"https:\/\/radioportoseguro.com.br\/site\"],\"url\":\"https:\/\/radioportoseguro.com.br\/site\/author\/hezio\/\"}]}<\/script>\n<!-- \/ Yoast SEO plugin. -->","yoast_head_json":{"title":"Igreja evang\u00e9lica abre espa\u00e7o para a comunidade judaica - R\u00e1dio Porto Seguro","robots":{"index":"index","follow":"follow","max-snippet":"max-snippet:-1","max-image-preview":"max-image-preview:large","max-video-preview":"max-video-preview:-1"},"canonical":"https:\/\/radioportoseguro.com.br\/site\/2026\/04\/29\/igreja-evangelica-abre-espaco-para-a-comunidade-judaica\/","og_locale":"pt_BR","og_type":"article","og_title":"Igreja evang\u00e9lica abre espa\u00e7o para a comunidade judaica - R\u00e1dio Porto Seguro","og_description":"A Igreja Batista Esperan\u00e7a (IBE), localizada na Vila Mariana, em S\u00e3o Paulo, e liderada pelo pastor s\u00eanior Sergio Moura, tem se destacado por abrir suas portas \u00e0 comunidade judaica e promover encontros marcados pela aproxima\u00e7\u00e3o e pelo respeito m\u00fatuo. Israel, desde sua funda\u00e7\u00e3o em 1948, passou por transforma\u00e7\u00f5es profundas, e ao longo desse percurso diversas [&hellip;]","og_url":"https:\/\/radioportoseguro.com.br\/site\/2026\/04\/29\/igreja-evangelica-abre-espaco-para-a-comunidade-judaica\/","og_site_name":"R\u00e1dio Porto Seguro","article_published_time":"2026-04-29T22:47:06+00:00","og_image":[{"url":"https:\/\/thumbor.guiame.com.br\/unsafe\/smart\/https:\/\/media.guiame.com.br\/archives\/2026\/04\/28\/3229841852-batista-esperanca.jpeg","type":"","width":"","height":""}],"author":"admin","twitter_card":"summary_large_image","twitter_misc":{"Escrito por":"admin","Est. tempo de leitura":"2 minutos"},"schema":{"@context":"https:\/\/schema.org","@graph":[{"@type":"Article","@id":"https:\/\/radioportoseguro.com.br\/site\/2026\/04\/29\/igreja-evangelica-abre-espaco-para-a-comunidade-judaica\/#article","isPartOf":{"@id":"https:\/\/radioportoseguro.com.br\/site\/2026\/04\/29\/igreja-evangelica-abre-espaco-para-a-comunidade-judaica\/"},"author":{"name":"admin","@id":"https:\/\/radioportoseguro.com.br\/site\/#\/schema\/person\/7630acdc320186f13639d3c067ec089b"},"headline":"Igreja evang\u00e9lica abre espa\u00e7o para a comunidade judaica","datePublished":"2026-04-29T22:47:06+00:00","mainEntityOfPage":{"@id":"https:\/\/radioportoseguro.com.br\/site\/2026\/04\/29\/igreja-evangelica-abre-espaco-para-a-comunidade-judaica\/"},"wordCount":400,"image":{"@id":"https:\/\/radioportoseguro.com.br\/site\/2026\/04\/29\/igreja-evangelica-abre-espaco-para-a-comunidade-judaica\/#primaryimage"},"thumbnailUrl":"https:\/\/radioportoseguro.com.br\/site\/wp-content\/uploads\/2026\/04\/2342164412-sergio-moura.jpeg","articleSection":["Destaques"],"inLanguage":"pt-BR"},{"@type":"WebPage","@id":"https:\/\/radioportoseguro.com.br\/site\/2026\/04\/29\/igreja-evangelica-abre-espaco-para-a-comunidade-judaica\/","url":"https:\/\/radioportoseguro.com.br\/site\/2026\/04\/29\/igreja-evangelica-abre-espaco-para-a-comunidade-judaica\/","name":"Igreja evang\u00e9lica abre espa\u00e7o para a comunidade judaica - R\u00e1dio Porto Seguro","isPartOf":{"@id":"https:\/\/radioportoseguro.com.br\/site\/#website"},"primaryImageOfPage":{"@id":"https:\/\/radioportoseguro.com.br\/site\/2026\/04\/29\/igreja-evangelica-abre-espaco-para-a-comunidade-judaica\/#primaryimage"},"image":{"@id":"https:\/\/radioportoseguro.com.br\/site\/2026\/04\/29\/igreja-evangelica-abre-espaco-para-a-comunidade-judaica\/#primaryimage"},"thumbnailUrl":"https:\/\/radioportoseguro.com.br\/site\/wp-content\/uploads\/2026\/04\/2342164412-sergio-moura.jpeg","datePublished":"2026-04-29T22:47:06+00:00","author":{"@id":"https:\/\/radioportoseguro.com.br\/site\/#\/schema\/person\/7630acdc320186f13639d3c067ec089b"},"breadcrumb":{"@id":"https:\/\/radioportoseguro.com.br\/site\/2026\/04\/29\/igreja-evangelica-abre-espaco-para-a-comunidade-judaica\/#breadcrumb"},"inLanguage":"pt-BR","potentialAction":[{"@type":"ReadAction","target":["https:\/\/radioportoseguro.com.br\/site\/2026\/04\/29\/igreja-evangelica-abre-espaco-para-a-comunidade-judaica\/"]}]},{"@type":"ImageObject","inLanguage":"pt-BR","@id":"https:\/\/radioportoseguro.com.br\/site\/2026\/04\/29\/igreja-evangelica-abre-espaco-para-a-comunidade-judaica\/#primaryimage","url":"https:\/\/radioportoseguro.com.br\/site\/wp-content\/uploads\/2026\/04\/2342164412-sergio-moura.jpeg","contentUrl":"https:\/\/radioportoseguro.com.br\/site\/wp-content\/uploads\/2026\/04\/2342164412-sergio-moura.jpeg","width":1200,"height":600},{"@type":"BreadcrumbList","@id":"https:\/\/radioportoseguro.com.br\/site\/2026\/04\/29\/igreja-evangelica-abre-espaco-para-a-comunidade-judaica\/#breadcrumb","itemListElement":[{"@type":"ListItem","position":1,"name":"In\u00edcio","item":"https:\/\/radioportoseguro.com.br\/site\/"},{"@type":"ListItem","position":2,"name":"Igreja evang\u00e9lica abre espa\u00e7o para a comunidade judaica"}]},{"@type":"WebSite","@id":"https:\/\/radioportoseguro.com.br\/site\/#website","url":"https:\/\/radioportoseguro.com.br\/site\/","name":"R\u00e1dio Porto Seguro","description":"","potentialAction":[{"@type":"SearchAction","target":{"@type":"EntryPoint","urlTemplate":"https:\/\/radioportoseguro.com.br\/site\/?s={search_term_string}"},"query-input":{"@type":"PropertyValueSpecification","valueRequired":true,"valueName":"search_term_string"}}],"inLanguage":"pt-BR"},{"@type":"Person","@id":"https:\/\/radioportoseguro.com.br\/site\/#\/schema\/person\/7630acdc320186f13639d3c067ec089b","name":"admin","image":{"@type":"ImageObject","inLanguage":"pt-BR","@id":"https:\/\/radioportoseguro.com.br\/site\/#\/schema\/person\/image\/","url":"https:\/\/secure.gravatar.com\/avatar\/caacf4dc1eedb68fab0df8e1ed46c448e578b2466351bbcb61e47d2ac0caaef0?s=96&d=mm&r=g","contentUrl":"https:\/\/secure.gravatar.com\/avatar\/caacf4dc1eedb68fab0df8e1ed46c448e578b2466351bbcb61e47d2ac0caaef0?s=96&d=mm&r=g","caption":"admin"},"sameAs":["https:\/\/radioportoseguro.com.br\/site"],"url":"https:\/\/radioportoseguro.com.br\/site\/author\/hezio\/"}]}},"_links":{"self":[{"href":"https:\/\/radioportoseguro.com.br\/site\/wp-json\/wp\/v2\/posts\/6482","targetHints":{"allow":["GET"]}}],"collection":[{"href":"https:\/\/radioportoseguro.com.br\/site\/wp-json\/wp\/v2\/posts"}],"about":[{"href":"https:\/\/radioportoseguro.com.br\/site\/wp-json\/wp\/v2\/types\/post"}],"author":[{"embeddable":true,"href":"https:\/\/radioportoseguro.com.br\/site\/wp-json\/wp\/v2\/users\/1"}],"replies":[{"embeddable":true,"href":"https:\/\/radioportoseguro.com.br\/site\/wp-json\/wp\/v2\/comments?post=6482"}],"version-history":[{"count":0,"href":"https:\/\/radioportoseguro.com.br\/site\/wp-json\/wp\/v2\/posts\/6482\/revisions"}],"wp:featuredmedia":[{"embeddable":true,"href":"https:\/\/radioportoseguro.com.br\/site\/wp-json\/wp\/v2\/media\/6483"}],"wp:attachment":[{"href":"https:\/\/radioportoseguro.com.br\/site\/wp-json\/wp\/v2\/media?parent=6482"}],"wp:term":[{"taxonomy":"category","embeddable":true,"href":"https:\/\/radioportoseguro.com.br\/site\/wp-json\/wp\/v2\/categories?post=6482"},{"taxonomy":"post_tag","embeddable":true,"href":"https:\/\/radioportoseguro.com.br\/site\/wp-json\/wp\/v2\/tags?post=6482"}],"curies":[{"name":"wp","href":"https:\/\/api.w.org\/{rel}","templated":true}]}}