{"id":6486,"date":"2026-04-29T22:35:24","date_gmt":"2026-04-30T01:35:24","guid":{"rendered":"https:\/\/radioportoseguro.com.br\/site\/2026\/04\/29\/lei-que-restringe-uso-de-banheiro-feminino-por-pessoas-trans-e-sancionada-em-campo-grande\/"},"modified":"2026-04-29T22:35:24","modified_gmt":"2026-04-30T01:35:24","slug":"lei-que-restringe-uso-de-banheiro-feminino-por-pessoas-trans-e-sancionada-em-campo-grande","status":"publish","type":"post","link":"https:\/\/radioportoseguro.com.br\/site\/2026\/04\/29\/lei-que-restringe-uso-de-banheiro-feminino-por-pessoas-trans-e-sancionada-em-campo-grande\/","title":{"rendered":"Lei que restringe uso de banheiro feminino por pessoas trans \u00e9 sancionada em Campo Grande"},"content":{"rendered":"<p><br \/>\n<\/p>\n<div>\n<div class=\"td-post-featured-image\">\n<figure><figcaption class=\"wp-caption-text\">Placas indicativas dos banheiros masculino e feminino<\/figcaption><\/figure>\n<\/div>\n<p> <!-- A generated by theme --> <\/p>\n<p> <!-- end A --> <\/p>\n<p>Uma nova legisla\u00e7\u00e3o aprovada em Campo Grande, capital do Mato Grosso do Sul, pro\u00edbe o uso de banheiros femininos em espa\u00e7os p\u00fablicos por pessoas transg\u00eanero. <\/p>\n<p>A medida, sancionada pela prefeita Adriane Lopes e publicada no Di\u00e1rio Oficial na \u00faltima quarta-feira (22), \u00e9 de autoria do vereador Andr\u00e9 Salineiro e visa, segundo seus proponentes, garantir a prote\u00e7\u00e3o da intimidade, seguran\u00e7a e dignidade das mulheres biol\u00f3gicas. <\/p>\n<p>A lei, que j\u00e1 est\u00e1 em vigor, exige que a prefeitura promova adapta\u00e7\u00f5es estruturais e fiscalize seu cumprimento.<\/p>\n<p>O vereador Andr\u00e9 Salineiro defendeu a iniciativa como uma medida para assegurar direitos b\u00e1sicos. \u201cProteger as mulheres nunca deveria ser motivo de d\u00favida. Apresentei um projeto para garantir algo simples que banheiros femininos sejam utilizados por mulheres biol\u00f3gicas\u201d, declarou Salineiro, acrescentando que a lei \u00e9 necess\u00e1ria para garantir direitos que foram conquistados com dificuldade.<\/p>\n<p>Em suas declara\u00e7\u00f5es \u00e0 imprensa, a prefeita Adriane Lopes reiterou que a san\u00e7\u00e3o da lei tem como objetivo resguardar os direitos femininos. \u201cEu respeito todas as op\u00e7\u00f5es sexuais, mas cheguei ao \u00f3bvio de ter que sancionar uma lei para resguardar os direitos das mulheres\u201d, afirmou Lopes. A prefeita enfatizou a import\u00e2ncia de defender a identidade feminina, declarando \u201cHoje como mulher, prefeita, eu vou lutar pelas mulheres, n\u00e3o s\u00f3 o meu direito, mas das mulheres de Campo Grande\u201d. O texto da lei tamb\u00e9m prev\u00ea a realiza\u00e7\u00e3o de a\u00e7\u00f5es educativas, como palestras e debates voltados \u00e0 valoriza\u00e7\u00e3o da mulher.<\/p>\n<p>Por outro lado, a nova legisla\u00e7\u00e3o j\u00e1 enfrenta resist\u00eancia. Um advogado transg\u00eanero protocolou uma representa\u00e7\u00e3o contra a lei no Minist\u00e9rio P\u00fablico do Estado de Mato Grosso do Sul (MPMS). A institui\u00e7\u00e3o informou \u00e0 CNN Brasil que a mat\u00e9ria est\u00e1 sob an\u00e1lise do Procurador-Geral de Justi\u00e7a quanto \u00e0 eventual cabimento de A\u00e7\u00e3o Direta de Inconstitucionalidade, indicando poss\u00edveis questionamentos legais sobre a constitucionalidade da norma.<\/p>\n<p> <!-- A generated by theme --> <\/p>\n<p> <!-- end A --> <\/p>\n<p><strong>Folha Gospel com informa\u00e7\u00f5es de CNN Brasil e Campo Grande News<\/strong><\/p>\n<p> <!-- A generated by theme --> <\/p>\n<p> <!-- end A --> <\/p><\/div>\n<p><script>(function (d, s, id) {\n                var js, fjs = d.getElementsByTagName(s)[0];\n                if (d.getElementById(id)) return;\n                js = d.createElement(s);\n                js.id = id;\n                js.src=\"https:\/\/connect.facebook.net\/pt_BR\/sdk.js#xfbml=1&version=v2.11&appId=264312870658742&autoLogAppEvents=1\";\n                fjs.parentNode.insertBefore(js, fjs);\n            }(document, 'script', 'facebook-jssdk'));<\/script><br \/>\n<br \/><br \/>\n<br \/>Fonte: Folha Gospel<\/p>\n","protected":false},"excerpt":{"rendered":"<p>Placas indicativas dos banheiros masculino e feminino Uma nova legisla\u00e7\u00e3o aprovada em Campo Grande, capital do Mato Grosso do Sul, pro\u00edbe o uso de banheiros femininos em espa\u00e7os p\u00fablicos por pessoas transg\u00eanero. A medida, sancionada pela prefeita Adriane Lopes e publicada no Di\u00e1rio Oficial na \u00faltima quarta-feira (22), \u00e9 de autoria do vereador Andr\u00e9 Salineiro [&hellip;]<\/p>\n","protected":false},"author":1,"featured_media":6487,"comment_status":"","ping_status":"open","sticky":false,"template":"","format":"standard","meta":{"footnotes":""},"categories":[3],"tags":[],"class_list":["post-6486","post","type-post","status-publish","format-standard","has-post-thumbnail","hentry","category-gospel"],"yoast_head":"<!-- This site is optimized with the Yoast SEO plugin v26.8 - https:\/\/yoast.com\/product\/yoast-seo-wordpress\/ -->\n<title>Lei que restringe uso de banheiro feminino por pessoas trans \u00e9 sancionada em Campo Grande - R\u00e1dio Porto Seguro<\/title>\n<meta name=\"robots\" content=\"index, follow, max-snippet:-1, max-image-preview:large, max-video-preview:-1\" \/>\n<link rel=\"canonical\" href=\"https:\/\/radioportoseguro.com.br\/site\/2026\/04\/29\/lei-que-restringe-uso-de-banheiro-feminino-por-pessoas-trans-e-sancionada-em-campo-grande\/\" \/>\n<meta property=\"og:locale\" content=\"pt_BR\" \/>\n<meta property=\"og:type\" content=\"article\" \/>\n<meta property=\"og:title\" content=\"Lei que restringe uso de banheiro feminino por pessoas trans \u00e9 sancionada em Campo Grande - R\u00e1dio Porto Seguro\" \/>\n<meta property=\"og:description\" content=\"Placas indicativas dos banheiros masculino e feminino Uma nova legisla\u00e7\u00e3o aprovada em Campo Grande, capital do Mato Grosso do Sul, pro\u00edbe o uso de banheiros femininos em espa\u00e7os p\u00fablicos por pessoas transg\u00eanero. A medida, sancionada pela prefeita Adriane Lopes e publicada no Di\u00e1rio Oficial na \u00faltima quarta-feira (22), \u00e9 de autoria do vereador Andr\u00e9 Salineiro [&hellip;]\" \/>\n<meta property=\"og:url\" content=\"https:\/\/radioportoseguro.com.br\/site\/2026\/04\/29\/lei-que-restringe-uso-de-banheiro-feminino-por-pessoas-trans-e-sancionada-em-campo-grande\/\" \/>\n<meta property=\"og:site_name\" content=\"R\u00e1dio Porto Seguro\" \/>\n<meta property=\"article:published_time\" content=\"2026-04-30T01:35:24+00:00\" \/>\n<meta property=\"og:image\" content=\"https:\/\/i0.wp.com\/folhagospel.com\/wp-content\/uploads\/2022\/08\/Placas-indicativas-dos-banheiros-masculino-e-feminino.jpg?resize=696%2C497&amp;ssl=1\" \/>\n<meta name=\"author\" content=\"admin\" \/>\n<meta name=\"twitter:card\" content=\"summary_large_image\" \/>\n<meta name=\"twitter:label1\" content=\"Escrito por\" \/>\n\t<meta name=\"twitter:data1\" content=\"admin\" \/>\n\t<meta name=\"twitter:label2\" content=\"Est. tempo de leitura\" \/>\n\t<meta name=\"twitter:data2\" content=\"2 minutos\" \/>\n<script type=\"application\/ld+json\" class=\"yoast-schema-graph\">{\"@context\":\"https:\/\/schema.org\",\"@graph\":[{\"@type\":\"Article\",\"@id\":\"https:\/\/radioportoseguro.com.br\/site\/2026\/04\/29\/lei-que-restringe-uso-de-banheiro-feminino-por-pessoas-trans-e-sancionada-em-campo-grande\/#article\",\"isPartOf\":{\"@id\":\"https:\/\/radioportoseguro.com.br\/site\/2026\/04\/29\/lei-que-restringe-uso-de-banheiro-feminino-por-pessoas-trans-e-sancionada-em-campo-grande\/\"},\"author\":{\"name\":\"admin\",\"@id\":\"https:\/\/radioportoseguro.com.br\/site\/#\/schema\/person\/7630acdc320186f13639d3c067ec089b\"},\"headline\":\"Lei que restringe uso de banheiro feminino por pessoas trans \u00e9 sancionada em Campo Grande\",\"datePublished\":\"2026-04-30T01:35:24+00:00\",\"mainEntityOfPage\":{\"@id\":\"https:\/\/radioportoseguro.com.br\/site\/2026\/04\/29\/lei-que-restringe-uso-de-banheiro-feminino-por-pessoas-trans-e-sancionada-em-campo-grande\/\"},\"wordCount\":362,\"image\":{\"@id\":\"https:\/\/radioportoseguro.com.br\/site\/2026\/04\/29\/lei-que-restringe-uso-de-banheiro-feminino-por-pessoas-trans-e-sancionada-em-campo-grande\/#primaryimage\"},\"thumbnailUrl\":\"https:\/\/radioportoseguro.com.br\/site\/wp-content\/uploads\/2026\/04\/Placas-indicativas-dos-banheiros-masculino-e-feminino.jpg\",\"articleSection\":[\"Gospel\"],\"inLanguage\":\"pt-BR\"},{\"@type\":\"WebPage\",\"@id\":\"https:\/\/radioportoseguro.com.br\/site\/2026\/04\/29\/lei-que-restringe-uso-de-banheiro-feminino-por-pessoas-trans-e-sancionada-em-campo-grande\/\",\"url\":\"https:\/\/radioportoseguro.com.br\/site\/2026\/04\/29\/lei-que-restringe-uso-de-banheiro-feminino-por-pessoas-trans-e-sancionada-em-campo-grande\/\",\"name\":\"Lei que restringe uso de banheiro feminino por pessoas trans \u00e9 sancionada em Campo Grande - R\u00e1dio Porto Seguro\",\"isPartOf\":{\"@id\":\"https:\/\/radioportoseguro.com.br\/site\/#website\"},\"primaryImageOfPage\":{\"@id\":\"https:\/\/radioportoseguro.com.br\/site\/2026\/04\/29\/lei-que-restringe-uso-de-banheiro-feminino-por-pessoas-trans-e-sancionada-em-campo-grande\/#primaryimage\"},\"image\":{\"@id\":\"https:\/\/radioportoseguro.com.br\/site\/2026\/04\/29\/lei-que-restringe-uso-de-banheiro-feminino-por-pessoas-trans-e-sancionada-em-campo-grande\/#primaryimage\"},\"thumbnailUrl\":\"https:\/\/radioportoseguro.com.br\/site\/wp-content\/uploads\/2026\/04\/Placas-indicativas-dos-banheiros-masculino-e-feminino.jpg\",\"datePublished\":\"2026-04-30T01:35:24+00:00\",\"author\":{\"@id\":\"https:\/\/radioportoseguro.com.br\/site\/#\/schema\/person\/7630acdc320186f13639d3c067ec089b\"},\"breadcrumb\":{\"@id\":\"https:\/\/radioportoseguro.com.br\/site\/2026\/04\/29\/lei-que-restringe-uso-de-banheiro-feminino-por-pessoas-trans-e-sancionada-em-campo-grande\/#breadcrumb\"},\"inLanguage\":\"pt-BR\",\"potentialAction\":[{\"@type\":\"ReadAction\",\"target\":[\"https:\/\/radioportoseguro.com.br\/site\/2026\/04\/29\/lei-que-restringe-uso-de-banheiro-feminino-por-pessoas-trans-e-sancionada-em-campo-grande\/\"]}]},{\"@type\":\"ImageObject\",\"inLanguage\":\"pt-BR\",\"@id\":\"https:\/\/radioportoseguro.com.br\/site\/2026\/04\/29\/lei-que-restringe-uso-de-banheiro-feminino-por-pessoas-trans-e-sancionada-em-campo-grande\/#primaryimage\",\"url\":\"https:\/\/radioportoseguro.com.br\/site\/wp-content\/uploads\/2026\/04\/Placas-indicativas-dos-banheiros-masculino-e-feminino.jpg\",\"contentUrl\":\"https:\/\/radioportoseguro.com.br\/site\/wp-content\/uploads\/2026\/04\/Placas-indicativas-dos-banheiros-masculino-e-feminino.jpg\",\"width\":700,\"height\":500},{\"@type\":\"BreadcrumbList\",\"@id\":\"https:\/\/radioportoseguro.com.br\/site\/2026\/04\/29\/lei-que-restringe-uso-de-banheiro-feminino-por-pessoas-trans-e-sancionada-em-campo-grande\/#breadcrumb\",\"itemListElement\":[{\"@type\":\"ListItem\",\"position\":1,\"name\":\"In\u00edcio\",\"item\":\"https:\/\/radioportoseguro.com.br\/site\/\"},{\"@type\":\"ListItem\",\"position\":2,\"name\":\"Lei que restringe uso de banheiro feminino por pessoas trans \u00e9 sancionada em Campo Grande\"}]},{\"@type\":\"WebSite\",\"@id\":\"https:\/\/radioportoseguro.com.br\/site\/#website\",\"url\":\"https:\/\/radioportoseguro.com.br\/site\/\",\"name\":\"R\u00e1dio Porto Seguro\",\"description\":\"\",\"potentialAction\":[{\"@type\":\"SearchAction\",\"target\":{\"@type\":\"EntryPoint\",\"urlTemplate\":\"https:\/\/radioportoseguro.com.br\/site\/?s={search_term_string}\"},\"query-input\":{\"@type\":\"PropertyValueSpecification\",\"valueRequired\":true,\"valueName\":\"search_term_string\"}}],\"inLanguage\":\"pt-BR\"},{\"@type\":\"Person\",\"@id\":\"https:\/\/radioportoseguro.com.br\/site\/#\/schema\/person\/7630acdc320186f13639d3c067ec089b\",\"name\":\"admin\",\"image\":{\"@type\":\"ImageObject\",\"inLanguage\":\"pt-BR\",\"@id\":\"https:\/\/radioportoseguro.com.br\/site\/#\/schema\/person\/image\/\",\"url\":\"https:\/\/secure.gravatar.com\/avatar\/caacf4dc1eedb68fab0df8e1ed46c448e578b2466351bbcb61e47d2ac0caaef0?s=96&d=mm&r=g\",\"contentUrl\":\"https:\/\/secure.gravatar.com\/avatar\/caacf4dc1eedb68fab0df8e1ed46c448e578b2466351bbcb61e47d2ac0caaef0?s=96&d=mm&r=g\",\"caption\":\"admin\"},\"sameAs\":[\"https:\/\/radioportoseguro.com.br\/site\"],\"url\":\"https:\/\/radioportoseguro.com.br\/site\/author\/hezio\/\"}]}<\/script>\n<!-- \/ Yoast SEO plugin. -->","yoast_head_json":{"title":"Lei que restringe uso de banheiro feminino por pessoas trans \u00e9 sancionada em Campo Grande - R\u00e1dio Porto Seguro","robots":{"index":"index","follow":"follow","max-snippet":"max-snippet:-1","max-image-preview":"max-image-preview:large","max-video-preview":"max-video-preview:-1"},"canonical":"https:\/\/radioportoseguro.com.br\/site\/2026\/04\/29\/lei-que-restringe-uso-de-banheiro-feminino-por-pessoas-trans-e-sancionada-em-campo-grande\/","og_locale":"pt_BR","og_type":"article","og_title":"Lei que restringe uso de banheiro feminino por pessoas trans \u00e9 sancionada em Campo Grande - R\u00e1dio Porto Seguro","og_description":"Placas indicativas dos banheiros masculino e feminino Uma nova legisla\u00e7\u00e3o aprovada em Campo Grande, capital do Mato Grosso do Sul, pro\u00edbe o uso de banheiros femininos em espa\u00e7os p\u00fablicos por pessoas transg\u00eanero. A medida, sancionada pela prefeita Adriane Lopes e publicada no Di\u00e1rio Oficial na \u00faltima quarta-feira (22), \u00e9 de autoria do vereador Andr\u00e9 Salineiro [&hellip;]","og_url":"https:\/\/radioportoseguro.com.br\/site\/2026\/04\/29\/lei-que-restringe-uso-de-banheiro-feminino-por-pessoas-trans-e-sancionada-em-campo-grande\/","og_site_name":"R\u00e1dio Porto Seguro","article_published_time":"2026-04-30T01:35:24+00:00","og_image":[{"url":"https:\/\/i0.wp.com\/folhagospel.com\/wp-content\/uploads\/2022\/08\/Placas-indicativas-dos-banheiros-masculino-e-feminino.jpg?resize=696%2C497&amp;ssl=1","type":"","width":"","height":""}],"author":"admin","twitter_card":"summary_large_image","twitter_misc":{"Escrito por":"admin","Est. tempo de leitura":"2 minutos"},"schema":{"@context":"https:\/\/schema.org","@graph":[{"@type":"Article","@id":"https:\/\/radioportoseguro.com.br\/site\/2026\/04\/29\/lei-que-restringe-uso-de-banheiro-feminino-por-pessoas-trans-e-sancionada-em-campo-grande\/#article","isPartOf":{"@id":"https:\/\/radioportoseguro.com.br\/site\/2026\/04\/29\/lei-que-restringe-uso-de-banheiro-feminino-por-pessoas-trans-e-sancionada-em-campo-grande\/"},"author":{"name":"admin","@id":"https:\/\/radioportoseguro.com.br\/site\/#\/schema\/person\/7630acdc320186f13639d3c067ec089b"},"headline":"Lei que restringe uso de banheiro feminino por pessoas trans \u00e9 sancionada em Campo Grande","datePublished":"2026-04-30T01:35:24+00:00","mainEntityOfPage":{"@id":"https:\/\/radioportoseguro.com.br\/site\/2026\/04\/29\/lei-que-restringe-uso-de-banheiro-feminino-por-pessoas-trans-e-sancionada-em-campo-grande\/"},"wordCount":362,"image":{"@id":"https:\/\/radioportoseguro.com.br\/site\/2026\/04\/29\/lei-que-restringe-uso-de-banheiro-feminino-por-pessoas-trans-e-sancionada-em-campo-grande\/#primaryimage"},"thumbnailUrl":"https:\/\/radioportoseguro.com.br\/site\/wp-content\/uploads\/2026\/04\/Placas-indicativas-dos-banheiros-masculino-e-feminino.jpg","articleSection":["Gospel"],"inLanguage":"pt-BR"},{"@type":"WebPage","@id":"https:\/\/radioportoseguro.com.br\/site\/2026\/04\/29\/lei-que-restringe-uso-de-banheiro-feminino-por-pessoas-trans-e-sancionada-em-campo-grande\/","url":"https:\/\/radioportoseguro.com.br\/site\/2026\/04\/29\/lei-que-restringe-uso-de-banheiro-feminino-por-pessoas-trans-e-sancionada-em-campo-grande\/","name":"Lei que restringe uso de banheiro feminino por pessoas trans \u00e9 sancionada em Campo Grande - R\u00e1dio Porto Seguro","isPartOf":{"@id":"https:\/\/radioportoseguro.com.br\/site\/#website"},"primaryImageOfPage":{"@id":"https:\/\/radioportoseguro.com.br\/site\/2026\/04\/29\/lei-que-restringe-uso-de-banheiro-feminino-por-pessoas-trans-e-sancionada-em-campo-grande\/#primaryimage"},"image":{"@id":"https:\/\/radioportoseguro.com.br\/site\/2026\/04\/29\/lei-que-restringe-uso-de-banheiro-feminino-por-pessoas-trans-e-sancionada-em-campo-grande\/#primaryimage"},"thumbnailUrl":"https:\/\/radioportoseguro.com.br\/site\/wp-content\/uploads\/2026\/04\/Placas-indicativas-dos-banheiros-masculino-e-feminino.jpg","datePublished":"2026-04-30T01:35:24+00:00","author":{"@id":"https:\/\/radioportoseguro.com.br\/site\/#\/schema\/person\/7630acdc320186f13639d3c067ec089b"},"breadcrumb":{"@id":"https:\/\/radioportoseguro.com.br\/site\/2026\/04\/29\/lei-que-restringe-uso-de-banheiro-feminino-por-pessoas-trans-e-sancionada-em-campo-grande\/#breadcrumb"},"inLanguage":"pt-BR","potentialAction":[{"@type":"ReadAction","target":["https:\/\/radioportoseguro.com.br\/site\/2026\/04\/29\/lei-que-restringe-uso-de-banheiro-feminino-por-pessoas-trans-e-sancionada-em-campo-grande\/"]}]},{"@type":"ImageObject","inLanguage":"pt-BR","@id":"https:\/\/radioportoseguro.com.br\/site\/2026\/04\/29\/lei-que-restringe-uso-de-banheiro-feminino-por-pessoas-trans-e-sancionada-em-campo-grande\/#primaryimage","url":"https:\/\/radioportoseguro.com.br\/site\/wp-content\/uploads\/2026\/04\/Placas-indicativas-dos-banheiros-masculino-e-feminino.jpg","contentUrl":"https:\/\/radioportoseguro.com.br\/site\/wp-content\/uploads\/2026\/04\/Placas-indicativas-dos-banheiros-masculino-e-feminino.jpg","width":700,"height":500},{"@type":"BreadcrumbList","@id":"https:\/\/radioportoseguro.com.br\/site\/2026\/04\/29\/lei-que-restringe-uso-de-banheiro-feminino-por-pessoas-trans-e-sancionada-em-campo-grande\/#breadcrumb","itemListElement":[{"@type":"ListItem","position":1,"name":"In\u00edcio","item":"https:\/\/radioportoseguro.com.br\/site\/"},{"@type":"ListItem","position":2,"name":"Lei que restringe uso de banheiro feminino por pessoas trans \u00e9 sancionada em Campo Grande"}]},{"@type":"WebSite","@id":"https:\/\/radioportoseguro.com.br\/site\/#website","url":"https:\/\/radioportoseguro.com.br\/site\/","name":"R\u00e1dio Porto Seguro","description":"","potentialAction":[{"@type":"SearchAction","target":{"@type":"EntryPoint","urlTemplate":"https:\/\/radioportoseguro.com.br\/site\/?s={search_term_string}"},"query-input":{"@type":"PropertyValueSpecification","valueRequired":true,"valueName":"search_term_string"}}],"inLanguage":"pt-BR"},{"@type":"Person","@id":"https:\/\/radioportoseguro.com.br\/site\/#\/schema\/person\/7630acdc320186f13639d3c067ec089b","name":"admin","image":{"@type":"ImageObject","inLanguage":"pt-BR","@id":"https:\/\/radioportoseguro.com.br\/site\/#\/schema\/person\/image\/","url":"https:\/\/secure.gravatar.com\/avatar\/caacf4dc1eedb68fab0df8e1ed46c448e578b2466351bbcb61e47d2ac0caaef0?s=96&d=mm&r=g","contentUrl":"https:\/\/secure.gravatar.com\/avatar\/caacf4dc1eedb68fab0df8e1ed46c448e578b2466351bbcb61e47d2ac0caaef0?s=96&d=mm&r=g","caption":"admin"},"sameAs":["https:\/\/radioportoseguro.com.br\/site"],"url":"https:\/\/radioportoseguro.com.br\/site\/author\/hezio\/"}]}},"_links":{"self":[{"href":"https:\/\/radioportoseguro.com.br\/site\/wp-json\/wp\/v2\/posts\/6486","targetHints":{"allow":["GET"]}}],"collection":[{"href":"https:\/\/radioportoseguro.com.br\/site\/wp-json\/wp\/v2\/posts"}],"about":[{"href":"https:\/\/radioportoseguro.com.br\/site\/wp-json\/wp\/v2\/types\/post"}],"author":[{"embeddable":true,"href":"https:\/\/radioportoseguro.com.br\/site\/wp-json\/wp\/v2\/users\/1"}],"replies":[{"embeddable":true,"href":"https:\/\/radioportoseguro.com.br\/site\/wp-json\/wp\/v2\/comments?post=6486"}],"version-history":[{"count":0,"href":"https:\/\/radioportoseguro.com.br\/site\/wp-json\/wp\/v2\/posts\/6486\/revisions"}],"wp:featuredmedia":[{"embeddable":true,"href":"https:\/\/radioportoseguro.com.br\/site\/wp-json\/wp\/v2\/media\/6487"}],"wp:attachment":[{"href":"https:\/\/radioportoseguro.com.br\/site\/wp-json\/wp\/v2\/media?parent=6486"}],"wp:term":[{"taxonomy":"category","embeddable":true,"href":"https:\/\/radioportoseguro.com.br\/site\/wp-json\/wp\/v2\/categories?post=6486"},{"taxonomy":"post_tag","embeddable":true,"href":"https:\/\/radioportoseguro.com.br\/site\/wp-json\/wp\/v2\/tags?post=6486"}],"curies":[{"name":"wp","href":"https:\/\/api.w.org\/{rel}","templated":true}]}}