{"id":6502,"date":"2026-04-30T07:30:14","date_gmt":"2026-04-30T10:30:14","guid":{"rendered":"https:\/\/radioportoseguro.com.br\/site\/2026\/04\/30\/sorriso-desalinhado-vejas-6-problemas-que-vao-alem-da-saude-bucal\/"},"modified":"2026-04-30T07:30:14","modified_gmt":"2026-04-30T10:30:14","slug":"sorriso-desalinhado-vejas-6-problemas-que-vao-alem-da-saude-bucal","status":"publish","type":"post","link":"https:\/\/radioportoseguro.com.br\/site\/2026\/04\/30\/sorriso-desalinhado-vejas-6-problemas-que-vao-alem-da-saude-bucal\/","title":{"rendered":"Sorriso desalinhado? Vejas 6 problemas que v\u00e3o al\u00e9m da sa\u00fade bucal"},"content":{"rendered":"<p><br \/>\n<br \/><\/p>\n<div>\n<p><span class=\"news_capital_letter\">V<\/span>oc\u00ea sabia que dentes desalinhados podem ser a causa daquela dor de cabe\u00e7a frequente? Isso acontece porque, quando a mordida n\u00e3o encaixa corretamente, h\u00e1 uma sobrecarga na musculatura da face e na articula\u00e7\u00e3o da mand\u00edbula. De acordo com a Organiza\u00e7\u00e3o Mundial da Sa\u00fade (OMS), as doen\u00e7as bucais est\u00e3o entre as condi\u00e7\u00f5es mais comuns no mundo, muitas delas associadas \u00e0 dificuldade de higieniza\u00e7\u00e3o, algo bastante frequente em pessoas com dentes desalinhados.<\/p>\n<p>\u201cO sorriso torto compromete a mordida e dificulta a higieniza\u00e7\u00e3o, favorecendo o ac\u00famulo de placa bacteriana. Com o tempo, isso pode desencadear c\u00e1ries, doen\u00e7as gengivais e at\u00e9 impactar a sa\u00fade geral, j\u00e1 que a boca \u00e9 uma porta de entrada para o organismo\u201d, explica o dentista Dr. Paulo Yanase, da Oral Sin.<\/p>\n<h3 class=\"news_h3\" style=\"font-size: 1.2em; font-weight: bold; color: #006da6;\">Mas afinal, o que os dentes desalinhados podem causar na sa\u00fade?<\/h3>\n<p><span class=\"news_bold\">Maior risco de c\u00e1ries:<\/span> quando os dentes s\u00e3o desalinhados, formam cantos dif\u00edceis de limpar. Nesses locais, restos de alimentos e bact\u00e9rias se acumulam com mais facilidade, favorecendo o surgimento de c\u00e1ries.<\/p>\n<p><span class=\"news_bold\">Gengivite e periodontite: <\/span>a limpeza incompleta tamb\u00e9m afeta a gengiva, causando inflama\u00e7\u00f5es. Se n\u00e3o tratada, essa condi\u00e7\u00e3o pode evoluir para periodontite, uma infec\u00e7\u00e3o mais grave que pode levar at\u00e9 \u00e0 perda dos dentes.<\/p>\n<p><span class=\"news_bold\">Dores de cabe\u00e7a e na ATM: <\/span>a mordida desalinhada faz com que a musculatura da face trabalhe de forma desequilibrada, gerando tens\u00e3o. Isso pode causar dores de cabe\u00e7a e desconforto na ATM (articula\u00e7\u00e3o temporomandibular), que \u00e9 a articula\u00e7\u00e3o respons\u00e1vel por ligar a mand\u00edbula ao cr\u00e2nio e permitir movimentos como falar e mastigar.<\/p>\n<p><span class=\"news_bold\">Desgaste irregular dos dentes: <\/span>quando a mordida n\u00e3o encaixa corretamente, alguns dentes recebem mais press\u00e3o do que outros durante a mastiga\u00e7\u00e3o, o que pode causar desgaste excessivo em determinadas \u00e1reas.<\/p>\n<p><span class=\"news_bold\">Impactos na digest\u00e3o:<\/span> se os dentes n\u00e3o trituram bem os alimentos por causa do desalinhamento, o sistema digestivo precisa trabalhar mais para compensar, o que pode causar desconfortos ao longo do tempo.<\/p>\n<p><span class=\"news_bold\">Altera\u00e7\u00f5es na fala: <\/span>em casos mais graves, a posi\u00e7\u00e3o dos dentes interfere na forma como a l\u00edngua encosta neles, dificultando a pron\u00fancia correta de alguns sons.<\/p>\n<p>Al\u00e9m desses impactos, \u00e9 importante entender que o desalinhamento n\u00e3o acontece por um \u00fanico motivo. Ele pode estar ligado \u00e0 gen\u00e9tica, h\u00e1bitos na inf\u00e2ncia, como uso prolongado de chupeta ou chupar dedo, perda de dentes ao longo da vida e at\u00e9 ao bruxismo. Com o tempo, os pr\u00f3prios dentes tamb\u00e9m podem se movimentar naturalmente, alterando o encaixe da mordida.<\/p>\n<p>\u201cMuita gente adia o tratamento por achar que \u00e9 apenas uma quest\u00e3o est\u00e9tica, mas o desalinhamento dent\u00e1rio \u00e9 progressivo e tende a piorar com o tempo. Quando n\u00e3o tratado, pode comprometer n\u00e3o s\u00f3 os dentes, mas toda a fun\u00e7\u00e3o mastigat\u00f3ria e a sa\u00fade bucal. Hoje temos op\u00e7\u00f5es modernas e discretas de tratamento, e buscar ajuda no in\u00edcio faz toda a diferen\u00e7a no resultado e na qualidade de vida do paciente\u201d, finaliza o Dr.<\/p>\n<p>Leia Tamb\u00e9m: Press\u00e3o Alta: um a cada quatro adultos no Brasil convive com a condi\u00e7\u00e3o<\/p>\n<\/p><\/div>\n<p><br \/>\n<br \/>Fonte: Not\u00edcias Ao Minuto<\/p>\n","protected":false},"excerpt":{"rendered":"<p>Voc\u00ea sabia que dentes desalinhados podem ser a causa daquela dor de cabe\u00e7a frequente? Isso acontece porque, quando a mordida n\u00e3o encaixa corretamente, h\u00e1 uma sobrecarga na musculatura da face e na articula\u00e7\u00e3o da mand\u00edbula. De acordo com a Organiza\u00e7\u00e3o Mundial da Sa\u00fade (OMS), as doen\u00e7as bucais est\u00e3o entre as condi\u00e7\u00f5es mais comuns no mundo, [&hellip;]<\/p>\n","protected":false},"author":1,"featured_media":6503,"comment_status":"","ping_status":"open","sticky":false,"template":"","format":"standard","meta":{"footnotes":""},"categories":[44],"tags":[],"class_list":["post-6502","post","type-post","status-publish","format-standard","has-post-thumbnail","hentry","category-vida-estilo"],"yoast_head":"<!-- This site is optimized with the Yoast SEO plugin v26.8 - https:\/\/yoast.com\/product\/yoast-seo-wordpress\/ -->\n<title>Sorriso desalinhado? Vejas 6 problemas que v\u00e3o al\u00e9m da sa\u00fade bucal - R\u00e1dio Porto Seguro<\/title>\n<meta name=\"robots\" content=\"index, follow, max-snippet:-1, max-image-preview:large, max-video-preview:-1\" \/>\n<link rel=\"canonical\" href=\"https:\/\/radioportoseguro.com.br\/site\/2026\/04\/30\/sorriso-desalinhado-vejas-6-problemas-que-vao-alem-da-saude-bucal\/\" \/>\n<meta property=\"og:locale\" content=\"pt_BR\" \/>\n<meta property=\"og:type\" content=\"article\" \/>\n<meta property=\"og:title\" content=\"Sorriso desalinhado? Vejas 6 problemas que v\u00e3o al\u00e9m da sa\u00fade bucal - R\u00e1dio Porto Seguro\" \/>\n<meta property=\"og:description\" content=\"Voc\u00ea sabia que dentes desalinhados podem ser a causa daquela dor de cabe\u00e7a frequente? Isso acontece porque, quando a mordida n\u00e3o encaixa corretamente, h\u00e1 uma sobrecarga na musculatura da face e na articula\u00e7\u00e3o da mand\u00edbula. De acordo com a Organiza\u00e7\u00e3o Mundial da Sa\u00fade (OMS), as doen\u00e7as bucais est\u00e3o entre as condi\u00e7\u00f5es mais comuns no mundo, [&hellip;]\" \/>\n<meta property=\"og:url\" content=\"https:\/\/radioportoseguro.com.br\/site\/2026\/04\/30\/sorriso-desalinhado-vejas-6-problemas-que-vao-alem-da-saude-bucal\/\" \/>\n<meta property=\"og:site_name\" content=\"R\u00e1dio Porto Seguro\" \/>\n<meta property=\"article:published_time\" content=\"2026-04-30T10:30:14+00:00\" \/>\n<meta property=\"og:image\" content=\"https:\/\/media-manager.noticiasaominuto.com.br\/640\/naom_597b0d67bfaf5.webp\" \/>\n<meta name=\"author\" content=\"admin\" \/>\n<meta name=\"twitter:card\" content=\"summary_large_image\" \/>\n<meta name=\"twitter:label1\" content=\"Escrito por\" \/>\n\t<meta name=\"twitter:data1\" content=\"admin\" \/>\n\t<meta name=\"twitter:label2\" content=\"Est. tempo de leitura\" \/>\n\t<meta name=\"twitter:data2\" content=\"3 minutos\" \/>\n<script type=\"application\/ld+json\" class=\"yoast-schema-graph\">{\"@context\":\"https:\/\/schema.org\",\"@graph\":[{\"@type\":\"Article\",\"@id\":\"https:\/\/radioportoseguro.com.br\/site\/2026\/04\/30\/sorriso-desalinhado-vejas-6-problemas-que-vao-alem-da-saude-bucal\/#article\",\"isPartOf\":{\"@id\":\"https:\/\/radioportoseguro.com.br\/site\/2026\/04\/30\/sorriso-desalinhado-vejas-6-problemas-que-vao-alem-da-saude-bucal\/\"},\"author\":{\"name\":\"admin\",\"@id\":\"https:\/\/radioportoseguro.com.br\/site\/#\/schema\/person\/7630acdc320186f13639d3c067ec089b\"},\"headline\":\"Sorriso desalinhado? Vejas 6 problemas que v\u00e3o al\u00e9m da sa\u00fade bucal\",\"datePublished\":\"2026-04-30T10:30:14+00:00\",\"mainEntityOfPage\":{\"@id\":\"https:\/\/radioportoseguro.com.br\/site\/2026\/04\/30\/sorriso-desalinhado-vejas-6-problemas-que-vao-alem-da-saude-bucal\/\"},\"wordCount\":560,\"image\":{\"@id\":\"https:\/\/radioportoseguro.com.br\/site\/2026\/04\/30\/sorriso-desalinhado-vejas-6-problemas-que-vao-alem-da-saude-bucal\/#primaryimage\"},\"thumbnailUrl\":\"https:\/\/radioportoseguro.com.br\/site\/wp-content\/uploads\/2026\/04\/naom_597b0d67bfaf5.webp.webp\",\"articleSection\":[\"Vida &amp; Estilo\"],\"inLanguage\":\"pt-BR\"},{\"@type\":\"WebPage\",\"@id\":\"https:\/\/radioportoseguro.com.br\/site\/2026\/04\/30\/sorriso-desalinhado-vejas-6-problemas-que-vao-alem-da-saude-bucal\/\",\"url\":\"https:\/\/radioportoseguro.com.br\/site\/2026\/04\/30\/sorriso-desalinhado-vejas-6-problemas-que-vao-alem-da-saude-bucal\/\",\"name\":\"Sorriso desalinhado? Vejas 6 problemas que v\u00e3o al\u00e9m da sa\u00fade bucal - R\u00e1dio Porto Seguro\",\"isPartOf\":{\"@id\":\"https:\/\/radioportoseguro.com.br\/site\/#website\"},\"primaryImageOfPage\":{\"@id\":\"https:\/\/radioportoseguro.com.br\/site\/2026\/04\/30\/sorriso-desalinhado-vejas-6-problemas-que-vao-alem-da-saude-bucal\/#primaryimage\"},\"image\":{\"@id\":\"https:\/\/radioportoseguro.com.br\/site\/2026\/04\/30\/sorriso-desalinhado-vejas-6-problemas-que-vao-alem-da-saude-bucal\/#primaryimage\"},\"thumbnailUrl\":\"https:\/\/radioportoseguro.com.br\/site\/wp-content\/uploads\/2026\/04\/naom_597b0d67bfaf5.webp.webp\",\"datePublished\":\"2026-04-30T10:30:14+00:00\",\"author\":{\"@id\":\"https:\/\/radioportoseguro.com.br\/site\/#\/schema\/person\/7630acdc320186f13639d3c067ec089b\"},\"breadcrumb\":{\"@id\":\"https:\/\/radioportoseguro.com.br\/site\/2026\/04\/30\/sorriso-desalinhado-vejas-6-problemas-que-vao-alem-da-saude-bucal\/#breadcrumb\"},\"inLanguage\":\"pt-BR\",\"potentialAction\":[{\"@type\":\"ReadAction\",\"target\":[\"https:\/\/radioportoseguro.com.br\/site\/2026\/04\/30\/sorriso-desalinhado-vejas-6-problemas-que-vao-alem-da-saude-bucal\/\"]}]},{\"@type\":\"ImageObject\",\"inLanguage\":\"pt-BR\",\"@id\":\"https:\/\/radioportoseguro.com.br\/site\/2026\/04\/30\/sorriso-desalinhado-vejas-6-problemas-que-vao-alem-da-saude-bucal\/#primaryimage\",\"url\":\"https:\/\/radioportoseguro.com.br\/site\/wp-content\/uploads\/2026\/04\/naom_597b0d67bfaf5.webp.webp\",\"contentUrl\":\"https:\/\/radioportoseguro.com.br\/site\/wp-content\/uploads\/2026\/04\/naom_597b0d67bfaf5.webp.webp\",\"width\":960,\"height\":540},{\"@type\":\"BreadcrumbList\",\"@id\":\"https:\/\/radioportoseguro.com.br\/site\/2026\/04\/30\/sorriso-desalinhado-vejas-6-problemas-que-vao-alem-da-saude-bucal\/#breadcrumb\",\"itemListElement\":[{\"@type\":\"ListItem\",\"position\":1,\"name\":\"In\u00edcio\",\"item\":\"https:\/\/radioportoseguro.com.br\/site\/\"},{\"@type\":\"ListItem\",\"position\":2,\"name\":\"Sorriso desalinhado? Vejas 6 problemas que v\u00e3o al\u00e9m da sa\u00fade bucal\"}]},{\"@type\":\"WebSite\",\"@id\":\"https:\/\/radioportoseguro.com.br\/site\/#website\",\"url\":\"https:\/\/radioportoseguro.com.br\/site\/\",\"name\":\"R\u00e1dio Porto Seguro\",\"description\":\"\",\"potentialAction\":[{\"@type\":\"SearchAction\",\"target\":{\"@type\":\"EntryPoint\",\"urlTemplate\":\"https:\/\/radioportoseguro.com.br\/site\/?s={search_term_string}\"},\"query-input\":{\"@type\":\"PropertyValueSpecification\",\"valueRequired\":true,\"valueName\":\"search_term_string\"}}],\"inLanguage\":\"pt-BR\"},{\"@type\":\"Person\",\"@id\":\"https:\/\/radioportoseguro.com.br\/site\/#\/schema\/person\/7630acdc320186f13639d3c067ec089b\",\"name\":\"admin\",\"image\":{\"@type\":\"ImageObject\",\"inLanguage\":\"pt-BR\",\"@id\":\"https:\/\/radioportoseguro.com.br\/site\/#\/schema\/person\/image\/\",\"url\":\"https:\/\/secure.gravatar.com\/avatar\/caacf4dc1eedb68fab0df8e1ed46c448e578b2466351bbcb61e47d2ac0caaef0?s=96&d=mm&r=g\",\"contentUrl\":\"https:\/\/secure.gravatar.com\/avatar\/caacf4dc1eedb68fab0df8e1ed46c448e578b2466351bbcb61e47d2ac0caaef0?s=96&d=mm&r=g\",\"caption\":\"admin\"},\"sameAs\":[\"https:\/\/radioportoseguro.com.br\/site\"],\"url\":\"https:\/\/radioportoseguro.com.br\/site\/author\/hezio\/\"}]}<\/script>\n<!-- \/ Yoast SEO plugin. -->","yoast_head_json":{"title":"Sorriso desalinhado? Vejas 6 problemas que v\u00e3o al\u00e9m da sa\u00fade bucal - R\u00e1dio Porto Seguro","robots":{"index":"index","follow":"follow","max-snippet":"max-snippet:-1","max-image-preview":"max-image-preview:large","max-video-preview":"max-video-preview:-1"},"canonical":"https:\/\/radioportoseguro.com.br\/site\/2026\/04\/30\/sorriso-desalinhado-vejas-6-problemas-que-vao-alem-da-saude-bucal\/","og_locale":"pt_BR","og_type":"article","og_title":"Sorriso desalinhado? Vejas 6 problemas que v\u00e3o al\u00e9m da sa\u00fade bucal - R\u00e1dio Porto Seguro","og_description":"Voc\u00ea sabia que dentes desalinhados podem ser a causa daquela dor de cabe\u00e7a frequente? Isso acontece porque, quando a mordida n\u00e3o encaixa corretamente, h\u00e1 uma sobrecarga na musculatura da face e na articula\u00e7\u00e3o da mand\u00edbula. De acordo com a Organiza\u00e7\u00e3o Mundial da Sa\u00fade (OMS), as doen\u00e7as bucais est\u00e3o entre as condi\u00e7\u00f5es mais comuns no mundo, [&hellip;]","og_url":"https:\/\/radioportoseguro.com.br\/site\/2026\/04\/30\/sorriso-desalinhado-vejas-6-problemas-que-vao-alem-da-saude-bucal\/","og_site_name":"R\u00e1dio Porto Seguro","article_published_time":"2026-04-30T10:30:14+00:00","og_image":[{"url":"https:\/\/media-manager.noticiasaominuto.com.br\/640\/naom_597b0d67bfaf5.webp","type":"","width":"","height":""}],"author":"admin","twitter_card":"summary_large_image","twitter_misc":{"Escrito por":"admin","Est. tempo de leitura":"3 minutos"},"schema":{"@context":"https:\/\/schema.org","@graph":[{"@type":"Article","@id":"https:\/\/radioportoseguro.com.br\/site\/2026\/04\/30\/sorriso-desalinhado-vejas-6-problemas-que-vao-alem-da-saude-bucal\/#article","isPartOf":{"@id":"https:\/\/radioportoseguro.com.br\/site\/2026\/04\/30\/sorriso-desalinhado-vejas-6-problemas-que-vao-alem-da-saude-bucal\/"},"author":{"name":"admin","@id":"https:\/\/radioportoseguro.com.br\/site\/#\/schema\/person\/7630acdc320186f13639d3c067ec089b"},"headline":"Sorriso desalinhado? Vejas 6 problemas que v\u00e3o al\u00e9m da sa\u00fade bucal","datePublished":"2026-04-30T10:30:14+00:00","mainEntityOfPage":{"@id":"https:\/\/radioportoseguro.com.br\/site\/2026\/04\/30\/sorriso-desalinhado-vejas-6-problemas-que-vao-alem-da-saude-bucal\/"},"wordCount":560,"image":{"@id":"https:\/\/radioportoseguro.com.br\/site\/2026\/04\/30\/sorriso-desalinhado-vejas-6-problemas-que-vao-alem-da-saude-bucal\/#primaryimage"},"thumbnailUrl":"https:\/\/radioportoseguro.com.br\/site\/wp-content\/uploads\/2026\/04\/naom_597b0d67bfaf5.webp.webp","articleSection":["Vida &amp; Estilo"],"inLanguage":"pt-BR"},{"@type":"WebPage","@id":"https:\/\/radioportoseguro.com.br\/site\/2026\/04\/30\/sorriso-desalinhado-vejas-6-problemas-que-vao-alem-da-saude-bucal\/","url":"https:\/\/radioportoseguro.com.br\/site\/2026\/04\/30\/sorriso-desalinhado-vejas-6-problemas-que-vao-alem-da-saude-bucal\/","name":"Sorriso desalinhado? Vejas 6 problemas que v\u00e3o al\u00e9m da sa\u00fade bucal - R\u00e1dio Porto Seguro","isPartOf":{"@id":"https:\/\/radioportoseguro.com.br\/site\/#website"},"primaryImageOfPage":{"@id":"https:\/\/radioportoseguro.com.br\/site\/2026\/04\/30\/sorriso-desalinhado-vejas-6-problemas-que-vao-alem-da-saude-bucal\/#primaryimage"},"image":{"@id":"https:\/\/radioportoseguro.com.br\/site\/2026\/04\/30\/sorriso-desalinhado-vejas-6-problemas-que-vao-alem-da-saude-bucal\/#primaryimage"},"thumbnailUrl":"https:\/\/radioportoseguro.com.br\/site\/wp-content\/uploads\/2026\/04\/naom_597b0d67bfaf5.webp.webp","datePublished":"2026-04-30T10:30:14+00:00","author":{"@id":"https:\/\/radioportoseguro.com.br\/site\/#\/schema\/person\/7630acdc320186f13639d3c067ec089b"},"breadcrumb":{"@id":"https:\/\/radioportoseguro.com.br\/site\/2026\/04\/30\/sorriso-desalinhado-vejas-6-problemas-que-vao-alem-da-saude-bucal\/#breadcrumb"},"inLanguage":"pt-BR","potentialAction":[{"@type":"ReadAction","target":["https:\/\/radioportoseguro.com.br\/site\/2026\/04\/30\/sorriso-desalinhado-vejas-6-problemas-que-vao-alem-da-saude-bucal\/"]}]},{"@type":"ImageObject","inLanguage":"pt-BR","@id":"https:\/\/radioportoseguro.com.br\/site\/2026\/04\/30\/sorriso-desalinhado-vejas-6-problemas-que-vao-alem-da-saude-bucal\/#primaryimage","url":"https:\/\/radioportoseguro.com.br\/site\/wp-content\/uploads\/2026\/04\/naom_597b0d67bfaf5.webp.webp","contentUrl":"https:\/\/radioportoseguro.com.br\/site\/wp-content\/uploads\/2026\/04\/naom_597b0d67bfaf5.webp.webp","width":960,"height":540},{"@type":"BreadcrumbList","@id":"https:\/\/radioportoseguro.com.br\/site\/2026\/04\/30\/sorriso-desalinhado-vejas-6-problemas-que-vao-alem-da-saude-bucal\/#breadcrumb","itemListElement":[{"@type":"ListItem","position":1,"name":"In\u00edcio","item":"https:\/\/radioportoseguro.com.br\/site\/"},{"@type":"ListItem","position":2,"name":"Sorriso desalinhado? Vejas 6 problemas que v\u00e3o al\u00e9m da sa\u00fade bucal"}]},{"@type":"WebSite","@id":"https:\/\/radioportoseguro.com.br\/site\/#website","url":"https:\/\/radioportoseguro.com.br\/site\/","name":"R\u00e1dio Porto Seguro","description":"","potentialAction":[{"@type":"SearchAction","target":{"@type":"EntryPoint","urlTemplate":"https:\/\/radioportoseguro.com.br\/site\/?s={search_term_string}"},"query-input":{"@type":"PropertyValueSpecification","valueRequired":true,"valueName":"search_term_string"}}],"inLanguage":"pt-BR"},{"@type":"Person","@id":"https:\/\/radioportoseguro.com.br\/site\/#\/schema\/person\/7630acdc320186f13639d3c067ec089b","name":"admin","image":{"@type":"ImageObject","inLanguage":"pt-BR","@id":"https:\/\/radioportoseguro.com.br\/site\/#\/schema\/person\/image\/","url":"https:\/\/secure.gravatar.com\/avatar\/caacf4dc1eedb68fab0df8e1ed46c448e578b2466351bbcb61e47d2ac0caaef0?s=96&d=mm&r=g","contentUrl":"https:\/\/secure.gravatar.com\/avatar\/caacf4dc1eedb68fab0df8e1ed46c448e578b2466351bbcb61e47d2ac0caaef0?s=96&d=mm&r=g","caption":"admin"},"sameAs":["https:\/\/radioportoseguro.com.br\/site"],"url":"https:\/\/radioportoseguro.com.br\/site\/author\/hezio\/"}]}},"_links":{"self":[{"href":"https:\/\/radioportoseguro.com.br\/site\/wp-json\/wp\/v2\/posts\/6502","targetHints":{"allow":["GET"]}}],"collection":[{"href":"https:\/\/radioportoseguro.com.br\/site\/wp-json\/wp\/v2\/posts"}],"about":[{"href":"https:\/\/radioportoseguro.com.br\/site\/wp-json\/wp\/v2\/types\/post"}],"author":[{"embeddable":true,"href":"https:\/\/radioportoseguro.com.br\/site\/wp-json\/wp\/v2\/users\/1"}],"replies":[{"embeddable":true,"href":"https:\/\/radioportoseguro.com.br\/site\/wp-json\/wp\/v2\/comments?post=6502"}],"version-history":[{"count":0,"href":"https:\/\/radioportoseguro.com.br\/site\/wp-json\/wp\/v2\/posts\/6502\/revisions"}],"wp:featuredmedia":[{"embeddable":true,"href":"https:\/\/radioportoseguro.com.br\/site\/wp-json\/wp\/v2\/media\/6503"}],"wp:attachment":[{"href":"https:\/\/radioportoseguro.com.br\/site\/wp-json\/wp\/v2\/media?parent=6502"}],"wp:term":[{"taxonomy":"category","embeddable":true,"href":"https:\/\/radioportoseguro.com.br\/site\/wp-json\/wp\/v2\/categories?post=6502"},{"taxonomy":"post_tag","embeddable":true,"href":"https:\/\/radioportoseguro.com.br\/site\/wp-json\/wp\/v2\/tags?post=6502"}],"curies":[{"name":"wp","href":"https:\/\/api.w.org\/{rel}","templated":true}]}}