{"id":6506,"date":"2026-04-30T10:01:57","date_gmt":"2026-04-30T13:01:57","guid":{"rendered":"https:\/\/radioportoseguro.com.br\/site\/2026\/04\/30\/idosa-de-95-anos-e-batizada-na-igreja-estou-leve-feliz-e-realizada\/"},"modified":"2026-04-30T10:01:57","modified_gmt":"2026-04-30T13:01:57","slug":"idosa-de-95-anos-e-batizada-na-igreja-estou-leve-feliz-e-realizada","status":"publish","type":"post","link":"https:\/\/radioportoseguro.com.br\/site\/2026\/04\/30\/idosa-de-95-anos-e-batizada-na-igreja-estou-leve-feliz-e-realizada\/","title":{"rendered":"Idosa de 95 anos \u00e9 batizada na igreja: \u2018Estou leve, feliz e realizada\u2019"},"content":{"rendered":"<p><br \/>\n<\/p>\n<div>\n<p>Aos 95 anos, D. Jandyra Cosentino viveu um dos momentos mais marcantes de sua caminhada espiritual. No \u00faltimo domingo (26), ela desceu \u00e0s \u00e1guas na Igreja Batista Boas Novas, na Vila Prudente (SP), onde foi <span style=\"color: #800000;\"><strong>batizada<\/strong><\/span> pelo pastor presidente Vagner Vaelatti.<\/p>\n<p>A cerim\u00f4nia aconteceu poucos dias depois de seu anivers\u00e1rio de 95 anos, celebrado em 21 de abril, e reuniu amigos e familiares que acompanham sua caminhada de f\u00e9, entre eles a neta Ariane Storti e seu marido, Silver Gama, que ajudou D. Jandyra a chegar ao batist\u00e9rio.<\/p>\n<blockquote class=\"instagram-media\" style=\"background: #FFF; border: 0; border-radius: 3px; box-shadow: 0 0 1px 0 rgba(0,0,0,0.5),0 1px 10px 0 rgba(0,0,0,0.15); margin: 1px; max-width: 540px; min-width: 326px; padding: 0; width: calc(100% - 2px);\" data-instgrm-captioned=\"\" data-instgrm-permalink=\"https:\/\/www.instagram.com\/reel\/DXnQ__FDGnk\/?utm_source=ig_embed&amp;utm_campaign=loading\" data-instgrm-version=\"14\"><p>&#13;<br \/>\n&#13;\n<\/p><\/blockquote>\n<p>O <span style=\"color: #800000;\"><strong>testemunho<\/strong> <\/span>de D. Jandyra, que est\u00e1 na igreja h\u00e1 um ano, emocionou a todos pela simplicidade, lucidez e alegria.<\/p>\n<p>\u201cComecei na igreja com a Ariane. Eu gostei muito de l\u00e1, me senti bem l\u00e1, senti que l\u00e1 era meu lugar\u201d, declarou D. Jandyra ao <strong>Guiame<\/strong>, ao falar sobre seus primeiros passos na congrega\u00e7\u00e3o.<\/p>\n<p>Ela tamb\u00e9m explicou por que decidiu se batizar agora, j\u00e1 na terceira idade:<\/p>\n<p>\u201cResolvi me batizar porque fui batizada na igreja cat\u00f3lica quando eu era beb\u00ea, n\u00e3o entendia nada. Agora eu entendi tudo.\u201d<\/p>\n<p>Com a voz tomada pela gratid\u00e3o, D. Jandyra resumiu o sentimento ap\u00f3s o ato p\u00fablico de f\u00e9:<\/p>\n<p>\u201cAgora eu t\u00f4 realizada. Me batizei, estou muito feliz, estou muito contente.\u201d<\/p>\n<p>Antes de ser batizada, a idosa contou que participou das aulas de batismo com Elias Neto, vice-presidente da Boas Novas.<\/p>\n<p>Segundo Ariane, Elias foi bem paciente e sua did\u00e1tica \u201cajudou o entendimento da vov\u00f3 em rela\u00e7\u00e3o ao batismo.\u201d<\/p>\n<p>D. Jandyra contou ao Guiame como se sentiu ap\u00f3s ser batizada: \u201cGostei de tudo e me senti muito bem, muito leve. Estou feliz agora\u201d.<\/p>\n<p><strong>Emo\u00e7\u00e3o na fam\u00edlia<\/strong><\/p>\n<p>Para a neta Ariane, que acompanhou de perto a decis\u00e3o da av\u00f3, o momento representou uma resposta de ora\u00e7\u00e3o e o agir de Deus ao longo dos anos.<\/p>\n<p style=\"text-align: left;\">\u201cFoi muito emocionante, porque eu fui a primeira da minha fam\u00edlia a me converter\u201d, relatou. Segundo ela, depois disso, seu ent\u00e3o namorado Silver tamb\u00e9m se converteu, foi batizado e os dois passaram a criar o filho Lorenzo na igreja.<\/p>\n<p><\/p>\n<p style=\"text-align: center;\"><span style=\"color: #808080;\"><sup>A neta Ariane Storti, que levou D. Jandyra para a igreja, chora durante batismo da av\u00f3. (Foto: Arquivo pessoal)<\/sup><\/span><\/p>\n<p>Ariane explicou que a av\u00f3 e a m\u00e3e tinham forte tradi\u00e7\u00e3o cat\u00f3lica, o que tornou a decis\u00e3o ainda mais significativa.<\/p>\n<p>\u201cEntendemos que \u00e9 tudo no tempo do Senhor. Para mim, aquele momento do batismo da minha v\u00f3 \u00e9 como se eu visse se cumprindo que n\u00e3o s\u00f3 eu e minha casa serviremos ao Senhor, mas eu e minha fam\u00edlia serviremos ao Senhor.\u201d<\/p>\n<p>Emocionada, ela confessou que ainda chora ao lembrar da cena.<\/p>\n<p>\u201cToda vez que eu lembro, que eu penso, que eu vejo, que eu converso com algu\u00e9m, eu choro, porque \u00e9 lindo o que Deus faz.\u201d<\/p>\n<p><strong>Testemunho vivo<\/strong><\/p>\n<p>O batismo de D. Jandyra se tornou testemunho vivo de que nunca \u00e9 tarde para tomar uma decis\u00e3o de f\u00e9.<\/p>\n<p style=\"text-align: left;\">No dia do batismo, a igreja estava cheia para testemunhar um dos momentos mais importantes da vida crist\u00e3.<\/p>\n<p><img fetchpriority=\"high\" decoding=\"async\" style=\"display: block; margin-left: auto; margin-right: auto;\" src=\"https:\/\/thumbor.guiame.com.br\/unsafe\/smart\/https:\/\/media.guiame.com.br\/archives\/2026\/04\/28\/3100068711-jandyra-cosentino.jpeg\" alt=\"\" width=\"332\" height=\"442\"\/><\/p>\n<p style=\"text-align: center;\"><span style=\"color: #808080;\"><sup>D. Jandyra Cosentino participando da Ceia ap\u00f3s o batismo. (Foto: Arquivo pessoal)<\/sup><\/span><\/p>\n<p>Seguindo a orienta\u00e7\u00e3o do pastor Vagner, todos se levantaram para demonstrar carinho e respeito \u00e0 idosa que desceria \u00e0s \u00e1guas. Ap\u00f3s o batismo, a congrega\u00e7\u00e3o aplaudiu o ato de f\u00e9 de D. Jandyra.<\/p>\n<p>Aos 95 anos, ela mostrou que o chamado de Deus n\u00e3o conhece limites de idade e que sempre h\u00e1 tempo para recome\u00e7ar.<\/p>\n<\/div>\n<p><script async src=\"\/\/www.instagram.com\/embed.js\"><\/script><br \/>\n<br \/><br \/>\n<br \/>Fonte: Guiame <\/p>\n","protected":false},"excerpt":{"rendered":"<p>Aos 95 anos, D. Jandyra Cosentino viveu um dos momentos mais marcantes de sua caminhada espiritual. No \u00faltimo domingo (26), ela desceu \u00e0s \u00e1guas na Igreja Batista Boas Novas, na Vila Prudente (SP), onde foi batizada pelo pastor presidente Vagner Vaelatti. A cerim\u00f4nia aconteceu poucos dias depois de seu anivers\u00e1rio de 95 anos, celebrado em [&hellip;]<\/p>\n","protected":false},"author":1,"featured_media":6507,"comment_status":"","ping_status":"open","sticky":false,"template":"","format":"standard","meta":{"footnotes":""},"categories":[43],"tags":[],"class_list":["post-6506","post","type-post","status-publish","format-standard","has-post-thumbnail","hentry","category-destaques"],"yoast_head":"<!-- This site is optimized with the Yoast SEO plugin v26.8 - https:\/\/yoast.com\/product\/yoast-seo-wordpress\/ -->\n<title>Idosa de 95 anos \u00e9 batizada na igreja: \u2018Estou leve, feliz e realizada\u2019 - R\u00e1dio Porto Seguro<\/title>\n<meta name=\"robots\" content=\"index, follow, max-snippet:-1, max-image-preview:large, max-video-preview:-1\" \/>\n<link rel=\"canonical\" href=\"https:\/\/radioportoseguro.com.br\/site\/2026\/04\/30\/idosa-de-95-anos-e-batizada-na-igreja-estou-leve-feliz-e-realizada\/\" \/>\n<meta property=\"og:locale\" content=\"pt_BR\" \/>\n<meta property=\"og:type\" content=\"article\" \/>\n<meta property=\"og:title\" content=\"Idosa de 95 anos \u00e9 batizada na igreja: \u2018Estou leve, feliz e realizada\u2019 - R\u00e1dio Porto Seguro\" \/>\n<meta property=\"og:description\" content=\"Aos 95 anos, D. Jandyra Cosentino viveu um dos momentos mais marcantes de sua caminhada espiritual. No \u00faltimo domingo (26), ela desceu \u00e0s \u00e1guas na Igreja Batista Boas Novas, na Vila Prudente (SP), onde foi batizada pelo pastor presidente Vagner Vaelatti. A cerim\u00f4nia aconteceu poucos dias depois de seu anivers\u00e1rio de 95 anos, celebrado em [&hellip;]\" \/>\n<meta property=\"og:url\" content=\"https:\/\/radioportoseguro.com.br\/site\/2026\/04\/30\/idosa-de-95-anos-e-batizada-na-igreja-estou-leve-feliz-e-realizada\/\" \/>\n<meta property=\"og:site_name\" content=\"R\u00e1dio Porto Seguro\" \/>\n<meta property=\"article:published_time\" content=\"2026-04-30T13:01:57+00:00\" \/>\n<meta property=\"og:image\" content=\"https:\/\/thumbor.guiame.com.br\/unsafe\/smart\/https:\/\/media.guiame.com.br\/archives\/2026\/04\/28\/2351697790-ariane-storti.png\" \/>\n<meta name=\"author\" content=\"admin\" \/>\n<meta name=\"twitter:card\" content=\"summary_large_image\" \/>\n<meta name=\"twitter:label1\" content=\"Escrito por\" \/>\n\t<meta name=\"twitter:data1\" content=\"admin\" \/>\n\t<meta name=\"twitter:label2\" content=\"Est. tempo de leitura\" \/>\n\t<meta name=\"twitter:data2\" content=\"3 minutos\" \/>\n<script type=\"application\/ld+json\" class=\"yoast-schema-graph\">{\"@context\":\"https:\/\/schema.org\",\"@graph\":[{\"@type\":\"Article\",\"@id\":\"https:\/\/radioportoseguro.com.br\/site\/2026\/04\/30\/idosa-de-95-anos-e-batizada-na-igreja-estou-leve-feliz-e-realizada\/#article\",\"isPartOf\":{\"@id\":\"https:\/\/radioportoseguro.com.br\/site\/2026\/04\/30\/idosa-de-95-anos-e-batizada-na-igreja-estou-leve-feliz-e-realizada\/\"},\"author\":{\"name\":\"admin\",\"@id\":\"https:\/\/radioportoseguro.com.br\/site\/#\/schema\/person\/7630acdc320186f13639d3c067ec089b\"},\"headline\":\"Idosa de 95 anos \u00e9 batizada na igreja: \u2018Estou leve, feliz e realizada\u2019\",\"datePublished\":\"2026-04-30T13:01:57+00:00\",\"mainEntityOfPage\":{\"@id\":\"https:\/\/radioportoseguro.com.br\/site\/2026\/04\/30\/idosa-de-95-anos-e-batizada-na-igreja-estou-leve-feliz-e-realizada\/\"},\"wordCount\":598,\"image\":{\"@id\":\"https:\/\/radioportoseguro.com.br\/site\/2026\/04\/30\/idosa-de-95-anos-e-batizada-na-igreja-estou-leve-feliz-e-realizada\/#primaryimage\"},\"thumbnailUrl\":\"https:\/\/radioportoseguro.com.br\/site\/wp-content\/uploads\/2026\/04\/2764889427-jandyra-cosentino.png\",\"articleSection\":[\"Destaques\"],\"inLanguage\":\"pt-BR\"},{\"@type\":\"WebPage\",\"@id\":\"https:\/\/radioportoseguro.com.br\/site\/2026\/04\/30\/idosa-de-95-anos-e-batizada-na-igreja-estou-leve-feliz-e-realizada\/\",\"url\":\"https:\/\/radioportoseguro.com.br\/site\/2026\/04\/30\/idosa-de-95-anos-e-batizada-na-igreja-estou-leve-feliz-e-realizada\/\",\"name\":\"Idosa de 95 anos \u00e9 batizada na igreja: \u2018Estou leve, feliz e realizada\u2019 - R\u00e1dio Porto Seguro\",\"isPartOf\":{\"@id\":\"https:\/\/radioportoseguro.com.br\/site\/#website\"},\"primaryImageOfPage\":{\"@id\":\"https:\/\/radioportoseguro.com.br\/site\/2026\/04\/30\/idosa-de-95-anos-e-batizada-na-igreja-estou-leve-feliz-e-realizada\/#primaryimage\"},\"image\":{\"@id\":\"https:\/\/radioportoseguro.com.br\/site\/2026\/04\/30\/idosa-de-95-anos-e-batizada-na-igreja-estou-leve-feliz-e-realizada\/#primaryimage\"},\"thumbnailUrl\":\"https:\/\/radioportoseguro.com.br\/site\/wp-content\/uploads\/2026\/04\/2764889427-jandyra-cosentino.png\",\"datePublished\":\"2026-04-30T13:01:57+00:00\",\"author\":{\"@id\":\"https:\/\/radioportoseguro.com.br\/site\/#\/schema\/person\/7630acdc320186f13639d3c067ec089b\"},\"breadcrumb\":{\"@id\":\"https:\/\/radioportoseguro.com.br\/site\/2026\/04\/30\/idosa-de-95-anos-e-batizada-na-igreja-estou-leve-feliz-e-realizada\/#breadcrumb\"},\"inLanguage\":\"pt-BR\",\"potentialAction\":[{\"@type\":\"ReadAction\",\"target\":[\"https:\/\/radioportoseguro.com.br\/site\/2026\/04\/30\/idosa-de-95-anos-e-batizada-na-igreja-estou-leve-feliz-e-realizada\/\"]}]},{\"@type\":\"ImageObject\",\"inLanguage\":\"pt-BR\",\"@id\":\"https:\/\/radioportoseguro.com.br\/site\/2026\/04\/30\/idosa-de-95-anos-e-batizada-na-igreja-estou-leve-feliz-e-realizada\/#primaryimage\",\"url\":\"https:\/\/radioportoseguro.com.br\/site\/wp-content\/uploads\/2026\/04\/2764889427-jandyra-cosentino.png\",\"contentUrl\":\"https:\/\/radioportoseguro.com.br\/site\/wp-content\/uploads\/2026\/04\/2764889427-jandyra-cosentino.png\",\"width\":1200,\"height\":600},{\"@type\":\"BreadcrumbList\",\"@id\":\"https:\/\/radioportoseguro.com.br\/site\/2026\/04\/30\/idosa-de-95-anos-e-batizada-na-igreja-estou-leve-feliz-e-realizada\/#breadcrumb\",\"itemListElement\":[{\"@type\":\"ListItem\",\"position\":1,\"name\":\"In\u00edcio\",\"item\":\"https:\/\/radioportoseguro.com.br\/site\/\"},{\"@type\":\"ListItem\",\"position\":2,\"name\":\"Idosa de 95 anos \u00e9 batizada na igreja: \u2018Estou leve, feliz e realizada\u2019\"}]},{\"@type\":\"WebSite\",\"@id\":\"https:\/\/radioportoseguro.com.br\/site\/#website\",\"url\":\"https:\/\/radioportoseguro.com.br\/site\/\",\"name\":\"R\u00e1dio Porto Seguro\",\"description\":\"\",\"potentialAction\":[{\"@type\":\"SearchAction\",\"target\":{\"@type\":\"EntryPoint\",\"urlTemplate\":\"https:\/\/radioportoseguro.com.br\/site\/?s={search_term_string}\"},\"query-input\":{\"@type\":\"PropertyValueSpecification\",\"valueRequired\":true,\"valueName\":\"search_term_string\"}}],\"inLanguage\":\"pt-BR\"},{\"@type\":\"Person\",\"@id\":\"https:\/\/radioportoseguro.com.br\/site\/#\/schema\/person\/7630acdc320186f13639d3c067ec089b\",\"name\":\"admin\",\"image\":{\"@type\":\"ImageObject\",\"inLanguage\":\"pt-BR\",\"@id\":\"https:\/\/radioportoseguro.com.br\/site\/#\/schema\/person\/image\/\",\"url\":\"https:\/\/secure.gravatar.com\/avatar\/caacf4dc1eedb68fab0df8e1ed46c448e578b2466351bbcb61e47d2ac0caaef0?s=96&d=mm&r=g\",\"contentUrl\":\"https:\/\/secure.gravatar.com\/avatar\/caacf4dc1eedb68fab0df8e1ed46c448e578b2466351bbcb61e47d2ac0caaef0?s=96&d=mm&r=g\",\"caption\":\"admin\"},\"sameAs\":[\"https:\/\/radioportoseguro.com.br\/site\"],\"url\":\"https:\/\/radioportoseguro.com.br\/site\/author\/hezio\/\"}]}<\/script>\n<!-- \/ Yoast SEO plugin. -->","yoast_head_json":{"title":"Idosa de 95 anos \u00e9 batizada na igreja: \u2018Estou leve, feliz e realizada\u2019 - R\u00e1dio Porto Seguro","robots":{"index":"index","follow":"follow","max-snippet":"max-snippet:-1","max-image-preview":"max-image-preview:large","max-video-preview":"max-video-preview:-1"},"canonical":"https:\/\/radioportoseguro.com.br\/site\/2026\/04\/30\/idosa-de-95-anos-e-batizada-na-igreja-estou-leve-feliz-e-realizada\/","og_locale":"pt_BR","og_type":"article","og_title":"Idosa de 95 anos \u00e9 batizada na igreja: \u2018Estou leve, feliz e realizada\u2019 - R\u00e1dio Porto Seguro","og_description":"Aos 95 anos, D. Jandyra Cosentino viveu um dos momentos mais marcantes de sua caminhada espiritual. No \u00faltimo domingo (26), ela desceu \u00e0s \u00e1guas na Igreja Batista Boas Novas, na Vila Prudente (SP), onde foi batizada pelo pastor presidente Vagner Vaelatti. A cerim\u00f4nia aconteceu poucos dias depois de seu anivers\u00e1rio de 95 anos, celebrado em [&hellip;]","og_url":"https:\/\/radioportoseguro.com.br\/site\/2026\/04\/30\/idosa-de-95-anos-e-batizada-na-igreja-estou-leve-feliz-e-realizada\/","og_site_name":"R\u00e1dio Porto Seguro","article_published_time":"2026-04-30T13:01:57+00:00","og_image":[{"url":"https:\/\/thumbor.guiame.com.br\/unsafe\/smart\/https:\/\/media.guiame.com.br\/archives\/2026\/04\/28\/2351697790-ariane-storti.png","type":"","width":"","height":""}],"author":"admin","twitter_card":"summary_large_image","twitter_misc":{"Escrito por":"admin","Est. tempo de leitura":"3 minutos"},"schema":{"@context":"https:\/\/schema.org","@graph":[{"@type":"Article","@id":"https:\/\/radioportoseguro.com.br\/site\/2026\/04\/30\/idosa-de-95-anos-e-batizada-na-igreja-estou-leve-feliz-e-realizada\/#article","isPartOf":{"@id":"https:\/\/radioportoseguro.com.br\/site\/2026\/04\/30\/idosa-de-95-anos-e-batizada-na-igreja-estou-leve-feliz-e-realizada\/"},"author":{"name":"admin","@id":"https:\/\/radioportoseguro.com.br\/site\/#\/schema\/person\/7630acdc320186f13639d3c067ec089b"},"headline":"Idosa de 95 anos \u00e9 batizada na igreja: \u2018Estou leve, feliz e realizada\u2019","datePublished":"2026-04-30T13:01:57+00:00","mainEntityOfPage":{"@id":"https:\/\/radioportoseguro.com.br\/site\/2026\/04\/30\/idosa-de-95-anos-e-batizada-na-igreja-estou-leve-feliz-e-realizada\/"},"wordCount":598,"image":{"@id":"https:\/\/radioportoseguro.com.br\/site\/2026\/04\/30\/idosa-de-95-anos-e-batizada-na-igreja-estou-leve-feliz-e-realizada\/#primaryimage"},"thumbnailUrl":"https:\/\/radioportoseguro.com.br\/site\/wp-content\/uploads\/2026\/04\/2764889427-jandyra-cosentino.png","articleSection":["Destaques"],"inLanguage":"pt-BR"},{"@type":"WebPage","@id":"https:\/\/radioportoseguro.com.br\/site\/2026\/04\/30\/idosa-de-95-anos-e-batizada-na-igreja-estou-leve-feliz-e-realizada\/","url":"https:\/\/radioportoseguro.com.br\/site\/2026\/04\/30\/idosa-de-95-anos-e-batizada-na-igreja-estou-leve-feliz-e-realizada\/","name":"Idosa de 95 anos \u00e9 batizada na igreja: \u2018Estou leve, feliz e realizada\u2019 - R\u00e1dio Porto Seguro","isPartOf":{"@id":"https:\/\/radioportoseguro.com.br\/site\/#website"},"primaryImageOfPage":{"@id":"https:\/\/radioportoseguro.com.br\/site\/2026\/04\/30\/idosa-de-95-anos-e-batizada-na-igreja-estou-leve-feliz-e-realizada\/#primaryimage"},"image":{"@id":"https:\/\/radioportoseguro.com.br\/site\/2026\/04\/30\/idosa-de-95-anos-e-batizada-na-igreja-estou-leve-feliz-e-realizada\/#primaryimage"},"thumbnailUrl":"https:\/\/radioportoseguro.com.br\/site\/wp-content\/uploads\/2026\/04\/2764889427-jandyra-cosentino.png","datePublished":"2026-04-30T13:01:57+00:00","author":{"@id":"https:\/\/radioportoseguro.com.br\/site\/#\/schema\/person\/7630acdc320186f13639d3c067ec089b"},"breadcrumb":{"@id":"https:\/\/radioportoseguro.com.br\/site\/2026\/04\/30\/idosa-de-95-anos-e-batizada-na-igreja-estou-leve-feliz-e-realizada\/#breadcrumb"},"inLanguage":"pt-BR","potentialAction":[{"@type":"ReadAction","target":["https:\/\/radioportoseguro.com.br\/site\/2026\/04\/30\/idosa-de-95-anos-e-batizada-na-igreja-estou-leve-feliz-e-realizada\/"]}]},{"@type":"ImageObject","inLanguage":"pt-BR","@id":"https:\/\/radioportoseguro.com.br\/site\/2026\/04\/30\/idosa-de-95-anos-e-batizada-na-igreja-estou-leve-feliz-e-realizada\/#primaryimage","url":"https:\/\/radioportoseguro.com.br\/site\/wp-content\/uploads\/2026\/04\/2764889427-jandyra-cosentino.png","contentUrl":"https:\/\/radioportoseguro.com.br\/site\/wp-content\/uploads\/2026\/04\/2764889427-jandyra-cosentino.png","width":1200,"height":600},{"@type":"BreadcrumbList","@id":"https:\/\/radioportoseguro.com.br\/site\/2026\/04\/30\/idosa-de-95-anos-e-batizada-na-igreja-estou-leve-feliz-e-realizada\/#breadcrumb","itemListElement":[{"@type":"ListItem","position":1,"name":"In\u00edcio","item":"https:\/\/radioportoseguro.com.br\/site\/"},{"@type":"ListItem","position":2,"name":"Idosa de 95 anos \u00e9 batizada na igreja: \u2018Estou leve, feliz e realizada\u2019"}]},{"@type":"WebSite","@id":"https:\/\/radioportoseguro.com.br\/site\/#website","url":"https:\/\/radioportoseguro.com.br\/site\/","name":"R\u00e1dio Porto Seguro","description":"","potentialAction":[{"@type":"SearchAction","target":{"@type":"EntryPoint","urlTemplate":"https:\/\/radioportoseguro.com.br\/site\/?s={search_term_string}"},"query-input":{"@type":"PropertyValueSpecification","valueRequired":true,"valueName":"search_term_string"}}],"inLanguage":"pt-BR"},{"@type":"Person","@id":"https:\/\/radioportoseguro.com.br\/site\/#\/schema\/person\/7630acdc320186f13639d3c067ec089b","name":"admin","image":{"@type":"ImageObject","inLanguage":"pt-BR","@id":"https:\/\/radioportoseguro.com.br\/site\/#\/schema\/person\/image\/","url":"https:\/\/secure.gravatar.com\/avatar\/caacf4dc1eedb68fab0df8e1ed46c448e578b2466351bbcb61e47d2ac0caaef0?s=96&d=mm&r=g","contentUrl":"https:\/\/secure.gravatar.com\/avatar\/caacf4dc1eedb68fab0df8e1ed46c448e578b2466351bbcb61e47d2ac0caaef0?s=96&d=mm&r=g","caption":"admin"},"sameAs":["https:\/\/radioportoseguro.com.br\/site"],"url":"https:\/\/radioportoseguro.com.br\/site\/author\/hezio\/"}]}},"_links":{"self":[{"href":"https:\/\/radioportoseguro.com.br\/site\/wp-json\/wp\/v2\/posts\/6506","targetHints":{"allow":["GET"]}}],"collection":[{"href":"https:\/\/radioportoseguro.com.br\/site\/wp-json\/wp\/v2\/posts"}],"about":[{"href":"https:\/\/radioportoseguro.com.br\/site\/wp-json\/wp\/v2\/types\/post"}],"author":[{"embeddable":true,"href":"https:\/\/radioportoseguro.com.br\/site\/wp-json\/wp\/v2\/users\/1"}],"replies":[{"embeddable":true,"href":"https:\/\/radioportoseguro.com.br\/site\/wp-json\/wp\/v2\/comments?post=6506"}],"version-history":[{"count":0,"href":"https:\/\/radioportoseguro.com.br\/site\/wp-json\/wp\/v2\/posts\/6506\/revisions"}],"wp:featuredmedia":[{"embeddable":true,"href":"https:\/\/radioportoseguro.com.br\/site\/wp-json\/wp\/v2\/media\/6507"}],"wp:attachment":[{"href":"https:\/\/radioportoseguro.com.br\/site\/wp-json\/wp\/v2\/media?parent=6506"}],"wp:term":[{"taxonomy":"category","embeddable":true,"href":"https:\/\/radioportoseguro.com.br\/site\/wp-json\/wp\/v2\/categories?post=6506"},{"taxonomy":"post_tag","embeddable":true,"href":"https:\/\/radioportoseguro.com.br\/site\/wp-json\/wp\/v2\/tags?post=6506"}],"curies":[{"name":"wp","href":"https:\/\/api.w.org\/{rel}","templated":true}]}}