{"id":6510,"date":"2026-04-30T12:02:52","date_gmt":"2026-04-30T15:02:52","guid":{"rendered":"https:\/\/radioportoseguro.com.br\/site\/2026\/04\/30\/o-messias-rejeitado-derrota-historica-expoe-tensao-entre-poder-e-fe\/"},"modified":"2026-04-30T12:02:52","modified_gmt":"2026-04-30T15:02:52","slug":"o-messias-rejeitado-derrota-historica-expoe-tensao-entre-poder-e-fe","status":"publish","type":"post","link":"https:\/\/radioportoseguro.com.br\/site\/2026\/04\/30\/o-messias-rejeitado-derrota-historica-expoe-tensao-entre-poder-e-fe\/","title":{"rendered":"O Messias rejeitado: Derrota hist\u00f3rica exp\u00f5e tens\u00e3o entre poder e f\u00e9"},"content":{"rendered":"<p><br \/>\n<br \/><\/p>\n<div>\n<p>Ontem, n\u00e3o apenas quem acompanha a pol\u00edtica \u2013 seja por interesse ou por dever de of\u00edcio \u2013 testemunhou a rejei\u00e7\u00e3o de Jorge Messias ao cargo de ministro do Supremo Tribunal Federal no Senado Federal, mas tamb\u00e9m grande parte da sociedade interessada nos rumos que o Judici\u00e1rio brasileiro pode tomar.<\/p>\n<p>Na vota\u00e7\u00e3o realizada nesta quarta-feira (29), o indicado do presidente Luiz In\u00e1cio Lula da Silva foi barrado por 42 votos contr\u00e1rios e 34 favor\u00e1veis, n\u00e3o alcan\u00e7ando os 41 necess\u00e1rios para aprova\u00e7\u00e3o, marcando um dos epis\u00f3dios mais emblem\u00e1ticos da pol\u00edtica brasileira recente.<\/p>\n<p>Na avalia\u00e7\u00e3o de diversos analistas pol\u00edticos que acompanhei, o resultado n\u00e3o representa apenas uma derrota pessoal de Jorge Messias \u2013 que se empenhou intensamente, ao longo de cerca de cinco meses, visitando senadores em busca de apoio para chegar ao topo do Judici\u00e1rio \u2013, mas tamb\u00e9m um marco hist\u00f3rico.<\/p>\n<p>Pela primeira vez em mais de 130 anos, o Senado rejeita um indicado ao Supremo Tribunal Federal. O \u00faltimo caso semelhante ocorreu em 1894, durante o governo de Floriano Peixoto.<\/p>\n<p><strong>Os motivos da rejei\u00e7\u00e3o<\/strong><\/p>\n<p>A derrota de Jorge Messias n\u00e3o ocorreu por acaso, afirmam comentaristas. Ela reflete um conjunto de fatores pol\u00edticos e institucionais que se acumularam nos bastidores. Entre os principais, destacam-se:<\/p>\n<p style=\"padding-left: 30px;\"><strong>&#8211; Resist\u00eancia pol\u00edtica no Senado:<\/strong> setores da oposi\u00e7\u00e3o e parte do chamado \u201ccentr\u00e3o\u201d j\u00e1 demonstravam desconforto com a indica\u00e7\u00e3o.\u00a0<\/p>\n<p style=\"padding-left: 30px;\"><strong>&#8211; Falta de articula\u00e7\u00e3o eficaz do governo:<\/strong> analistas apontam dificuldades na constru\u00e7\u00e3o de apoio suficiente dentro da Casa.\u00a0<\/p>\n<p style=\"padding-left: 30px;\"><strong>&#8211; Disputa interna por poder: <\/strong>o presidente do Senado, Davi Alcolumbre, defendia outro nome para a vaga.\u00a0<\/p>\n<p style=\"padding-left: 30px;\"><strong>&#8211; Momento eleitoral: <\/strong>com elei\u00e7\u00f5es pr\u00f3ximas, parlamentares preferiram n\u00e3o fortalecer o governo com mais uma indica\u00e7\u00e3o ao Supremo.\u00a0<\/p>\n<p style=\"padding-left: 30px;\"><strong>&#8211; Cr\u00edticas institucionais ao STF:<\/strong> parte dos senadores v\u00ea a Corte como excessivamente ativa, o que influenciou o ambiente da vota\u00e7\u00e3o.\u00a0<\/p>\n<p><strong>Entre a pol\u00edtica e a f\u00e9<\/strong><\/p>\n<p>Jorge Rodrigo Ara\u00fajo Messias, de 45 anos, natural de Salvador, \u00e9 evang\u00e9lico e ligado ao meio batista.<\/p>\n<p>Essas \u201ccredenciais\u201d deram a ele diversos apoios de figuras influentes no meio evang\u00e9lico, entre pol\u00edticos e l\u00edderes de denomina\u00e7\u00f5es.<\/p>\n<p>Uma dessas manifesta\u00e7\u00f5es p\u00fablicas veio por meio de uma publica\u00e7\u00e3o do ministro Andr\u00e9 Mendon\u00e7a, tamb\u00e9m evang\u00e9lico e pastor licenciado. Ap\u00f3s a derrota de Messias, ele escreveu:<\/p>\n<p>\u201cRespeito a decis\u00e3o do Senado, mas n\u00e3o posso deixar de externar minha opini\u00e3o. O Brasil perde a oportunidade de ter um grande Ministro do Supremo. Messias \u00e9 um homem de car\u00e1ter, \u00edntegro e que preenche os requisitos constitucionais para ser Ministro do STF. E amigo verdadeiro n\u00e3o est\u00e1 presente nas festas; est\u00e1 presente nos momentos dif\u00edceis. Messias, saia dessa batalha de cabe\u00e7a erguida. Voc\u00ea combateu o bom combate! Deus o aben\u00e7oe! Deus aben\u00e7oe nosso Brasil!\u201d<\/p>\n<blockquote class=\"twitter-tweet\"><p>&#13;<\/p>\n<p dir=\"ltr\" lang=\"pt\">Respeito a decis\u00e3o do Senado, mas n\u00e3o posso deixar de externar minha opini\u00e3o. O Brasil perde a oportunidade de ter um grande Ministro do Supremo.<\/p>\n<p>Messias \u00e9 um homem de car\u00e1ter, \u00edntegro e que preenche os requisitos constitucionais para ser Ministro do STF. <\/p>\n<p>E amigo verdadeiro\u2026<\/p>\n<p>&#13;<br \/>\n\u2014 Andr\u00e9 Mendon\u00e7a (@MinAMendonca) <a href=\"https:\/\/twitter.com\/MinAMendonca\/status\/2049624208691409172?ref_src=twsrc%5Etfw\">April 29, 2026<\/a><\/p><\/blockquote>\n<p>Messias, que \u00e9 servidor p\u00fablico, disse considerar que a rejei\u00e7\u00e3o da indica\u00e7\u00e3o \u00e9 apenas mais uma etapa em sua vida e que veio ap\u00f3s um processo de tentativa de \u201cdesconstru\u00e7\u00e3o\u201d do seu nome por meses, desde o an\u00fancio da indica\u00e7\u00e3o at\u00e9 a vota\u00e7\u00e3o.<\/p>\n<p>Em entrevista ap\u00f3s ter seu nome rejeitado para ocupar um cargo no STF, Messias, que chegou a se definir como \u201cservo de Deus\u201d na sabatina, disse:<\/p>\n<p>\u201cTemos que aceitar. O Senado \u00e9 soberano e se manifestou.\u201d<\/p>\n<p>E acrescentou:<\/p>\n<p>\u201cSou grato a cada voto que recebi. Cada um cumpre um prop\u00f3sito, e eu cumpri o meu.\u201d\u00a0<\/p>\n<p>O epis\u00f3dio carrega um simbolismo inevit\u00e1vel: um homem chamado Messias rejeitado em pra\u00e7a p\u00fablica no ambiente pol\u00edtico por atitudes que muitos evang\u00e9licos tamb\u00e9m repudiaram. Entre elas, sua posi\u00e7\u00e3o sobre a <span style=\"color: #800000;\"><strong>assistolia fetal<\/strong>,<\/span> procedimento m\u00e9dico que interrompe os batimentos card\u00edacos do feto.<\/p>\n<p>Na Advocacia-Geral da Uni\u00e3o (AGU), em parecer enviado ao Supremo no \u00e2mbito da ADPF 1.141, Messias considerou inconstitucional a resolu\u00e7\u00e3o do Conselho Federal de Medicina (CFM) que buscava proibir o uso da assistolia nos casos de interrup\u00e7\u00e3o de gravidez j\u00e1 previstos em lei, como nas situa\u00e7\u00f5es decorrentes de estupro.<\/p>\n<p>Durante a sabatina, afirmou ser contra o aborto. No entanto, para cr\u00edticos, sua atua\u00e7\u00e3o institucional acabou tendo mais peso do que sua pr\u00f3pria declara\u00e7\u00e3o.<\/p>\n<p>Ao comentar o resultado desfavor\u00e1vel a Jorge Messias, o l\u00edder do PL na C\u00e2mara, S\u00f3stenes Cavalcante (RJ), que, durante a sabatina, chegou a abra\u00e7\u00e1-lo, afirmou que \u201clamentavelmente, algumas decis\u00f5es dele na AGU foram muito mal compreendidas pelo segmento evang\u00e9lico\u201d.<\/p>\n<p>\u00a0<\/p>\n<p><strong>Adriana Bernardo<\/strong> (@adrianammbernardo) \u00e9 jornalista, escritora e idealizadora do grupo feminino crist\u00e3o \u201cAmigas de Deus\u201d. Professora de Teologia e Aconselhamento. Casada com Bene Bernardo, \u00e9 m\u00e3e de Raphael, Aline e Guilherme, e av\u00f3 de Raquel, Daniel e J\u00falia.<\/p>\n<p><em>* O conte\u00fado do texto acima \u00e9 de total responsabilidade do autor e n\u00e3o reflete necessariamente a opini\u00e3o do Portal Guiame.<\/em><\/p>\n<p>Leia o artigo anterior: <span style=\"color: #800000;\"><strong>Acordos de Isaac: Entenda o compromisso firmado entre Milei e Netanyahu<\/strong><\/span><\/p>\n<\/div>\n<p><script async src=\"\/\/platform.twitter.com\/widgets.js\" charset=\"utf-8\"><\/script><br \/>\n<br \/><br \/>\n<br \/>Fonte: Guiame <\/p>\n","protected":false},"excerpt":{"rendered":"<p>Ontem, n\u00e3o apenas quem acompanha a pol\u00edtica \u2013 seja por interesse ou por dever de of\u00edcio \u2013 testemunhou a rejei\u00e7\u00e3o de Jorge Messias ao cargo de ministro do Supremo Tribunal Federal no Senado Federal, mas tamb\u00e9m grande parte da sociedade interessada nos rumos que o Judici\u00e1rio brasileiro pode tomar. Na vota\u00e7\u00e3o realizada nesta quarta-feira (29), [&hellip;]<\/p>\n","protected":false},"author":1,"featured_media":6511,"comment_status":"","ping_status":"open","sticky":false,"template":"","format":"standard","meta":{"footnotes":""},"categories":[43],"tags":[],"class_list":["post-6510","post","type-post","status-publish","format-standard","has-post-thumbnail","hentry","category-destaques"],"yoast_head":"<!-- This site is optimized with the Yoast SEO plugin v26.8 - https:\/\/yoast.com\/product\/yoast-seo-wordpress\/ -->\n<title>O Messias rejeitado: Derrota hist\u00f3rica exp\u00f5e tens\u00e3o entre poder e f\u00e9 - R\u00e1dio Porto Seguro<\/title>\n<meta name=\"robots\" content=\"index, follow, max-snippet:-1, max-image-preview:large, max-video-preview:-1\" \/>\n<link rel=\"canonical\" href=\"https:\/\/radioportoseguro.com.br\/site\/2026\/04\/30\/o-messias-rejeitado-derrota-historica-expoe-tensao-entre-poder-e-fe\/\" \/>\n<meta property=\"og:locale\" content=\"pt_BR\" \/>\n<meta property=\"og:type\" content=\"article\" \/>\n<meta property=\"og:title\" content=\"O Messias rejeitado: Derrota hist\u00f3rica exp\u00f5e tens\u00e3o entre poder e f\u00e9 - R\u00e1dio Porto Seguro\" \/>\n<meta property=\"og:description\" content=\"Ontem, n\u00e3o apenas quem acompanha a pol\u00edtica \u2013 seja por interesse ou por dever de of\u00edcio \u2013 testemunhou a rejei\u00e7\u00e3o de Jorge Messias ao cargo de ministro do Supremo Tribunal Federal no Senado Federal, mas tamb\u00e9m grande parte da sociedade interessada nos rumos que o Judici\u00e1rio brasileiro pode tomar. Na vota\u00e7\u00e3o realizada nesta quarta-feira (29), [&hellip;]\" \/>\n<meta property=\"og:url\" content=\"https:\/\/radioportoseguro.com.br\/site\/2026\/04\/30\/o-messias-rejeitado-derrota-historica-expoe-tensao-entre-poder-e-fe\/\" \/>\n<meta property=\"og:site_name\" content=\"R\u00e1dio Porto Seguro\" \/>\n<meta property=\"article:published_time\" content=\"2026-04-30T15:02:52+00:00\" \/>\n<meta property=\"og:image\" content=\"https:\/\/media.guiame.com.br\/archives\/2026\/04\/30\/2725462912-jorge-messias.png\" \/>\n<meta name=\"author\" content=\"admin\" \/>\n<meta name=\"twitter:card\" content=\"summary_large_image\" \/>\n<meta name=\"twitter:label1\" content=\"Escrito por\" \/>\n\t<meta name=\"twitter:data1\" content=\"admin\" \/>\n\t<meta name=\"twitter:label2\" content=\"Est. tempo de leitura\" \/>\n\t<meta name=\"twitter:data2\" content=\"5 minutos\" \/>\n<script type=\"application\/ld+json\" class=\"yoast-schema-graph\">{\"@context\":\"https:\/\/schema.org\",\"@graph\":[{\"@type\":\"Article\",\"@id\":\"https:\/\/radioportoseguro.com.br\/site\/2026\/04\/30\/o-messias-rejeitado-derrota-historica-expoe-tensao-entre-poder-e-fe\/#article\",\"isPartOf\":{\"@id\":\"https:\/\/radioportoseguro.com.br\/site\/2026\/04\/30\/o-messias-rejeitado-derrota-historica-expoe-tensao-entre-poder-e-fe\/\"},\"author\":{\"name\":\"admin\",\"@id\":\"https:\/\/radioportoseguro.com.br\/site\/#\/schema\/person\/7630acdc320186f13639d3c067ec089b\"},\"headline\":\"O Messias rejeitado: Derrota hist\u00f3rica exp\u00f5e tens\u00e3o entre poder e f\u00e9\",\"datePublished\":\"2026-04-30T15:02:52+00:00\",\"mainEntityOfPage\":{\"@id\":\"https:\/\/radioportoseguro.com.br\/site\/2026\/04\/30\/o-messias-rejeitado-derrota-historica-expoe-tensao-entre-poder-e-fe\/\"},\"wordCount\":917,\"image\":{\"@id\":\"https:\/\/radioportoseguro.com.br\/site\/2026\/04\/30\/o-messias-rejeitado-derrota-historica-expoe-tensao-entre-poder-e-fe\/#primaryimage\"},\"thumbnailUrl\":\"https:\/\/radioportoseguro.com.br\/site\/wp-content\/uploads\/2026\/04\/2725462912-jorge-messias.png\",\"articleSection\":[\"Destaques\"],\"inLanguage\":\"pt-BR\"},{\"@type\":\"WebPage\",\"@id\":\"https:\/\/radioportoseguro.com.br\/site\/2026\/04\/30\/o-messias-rejeitado-derrota-historica-expoe-tensao-entre-poder-e-fe\/\",\"url\":\"https:\/\/radioportoseguro.com.br\/site\/2026\/04\/30\/o-messias-rejeitado-derrota-historica-expoe-tensao-entre-poder-e-fe\/\",\"name\":\"O Messias rejeitado: Derrota hist\u00f3rica exp\u00f5e tens\u00e3o entre poder e f\u00e9 - R\u00e1dio Porto Seguro\",\"isPartOf\":{\"@id\":\"https:\/\/radioportoseguro.com.br\/site\/#website\"},\"primaryImageOfPage\":{\"@id\":\"https:\/\/radioportoseguro.com.br\/site\/2026\/04\/30\/o-messias-rejeitado-derrota-historica-expoe-tensao-entre-poder-e-fe\/#primaryimage\"},\"image\":{\"@id\":\"https:\/\/radioportoseguro.com.br\/site\/2026\/04\/30\/o-messias-rejeitado-derrota-historica-expoe-tensao-entre-poder-e-fe\/#primaryimage\"},\"thumbnailUrl\":\"https:\/\/radioportoseguro.com.br\/site\/wp-content\/uploads\/2026\/04\/2725462912-jorge-messias.png\",\"datePublished\":\"2026-04-30T15:02:52+00:00\",\"author\":{\"@id\":\"https:\/\/radioportoseguro.com.br\/site\/#\/schema\/person\/7630acdc320186f13639d3c067ec089b\"},\"breadcrumb\":{\"@id\":\"https:\/\/radioportoseguro.com.br\/site\/2026\/04\/30\/o-messias-rejeitado-derrota-historica-expoe-tensao-entre-poder-e-fe\/#breadcrumb\"},\"inLanguage\":\"pt-BR\",\"potentialAction\":[{\"@type\":\"ReadAction\",\"target\":[\"https:\/\/radioportoseguro.com.br\/site\/2026\/04\/30\/o-messias-rejeitado-derrota-historica-expoe-tensao-entre-poder-e-fe\/\"]}]},{\"@type\":\"ImageObject\",\"inLanguage\":\"pt-BR\",\"@id\":\"https:\/\/radioportoseguro.com.br\/site\/2026\/04\/30\/o-messias-rejeitado-derrota-historica-expoe-tensao-entre-poder-e-fe\/#primaryimage\",\"url\":\"https:\/\/radioportoseguro.com.br\/site\/wp-content\/uploads\/2026\/04\/2725462912-jorge-messias.png\",\"contentUrl\":\"https:\/\/radioportoseguro.com.br\/site\/wp-content\/uploads\/2026\/04\/2725462912-jorge-messias.png\",\"width\":1200,\"height\":600},{\"@type\":\"BreadcrumbList\",\"@id\":\"https:\/\/radioportoseguro.com.br\/site\/2026\/04\/30\/o-messias-rejeitado-derrota-historica-expoe-tensao-entre-poder-e-fe\/#breadcrumb\",\"itemListElement\":[{\"@type\":\"ListItem\",\"position\":1,\"name\":\"In\u00edcio\",\"item\":\"https:\/\/radioportoseguro.com.br\/site\/\"},{\"@type\":\"ListItem\",\"position\":2,\"name\":\"O Messias rejeitado: Derrota hist\u00f3rica exp\u00f5e tens\u00e3o entre poder e f\u00e9\"}]},{\"@type\":\"WebSite\",\"@id\":\"https:\/\/radioportoseguro.com.br\/site\/#website\",\"url\":\"https:\/\/radioportoseguro.com.br\/site\/\",\"name\":\"R\u00e1dio Porto Seguro\",\"description\":\"\",\"potentialAction\":[{\"@type\":\"SearchAction\",\"target\":{\"@type\":\"EntryPoint\",\"urlTemplate\":\"https:\/\/radioportoseguro.com.br\/site\/?s={search_term_string}\"},\"query-input\":{\"@type\":\"PropertyValueSpecification\",\"valueRequired\":true,\"valueName\":\"search_term_string\"}}],\"inLanguage\":\"pt-BR\"},{\"@type\":\"Person\",\"@id\":\"https:\/\/radioportoseguro.com.br\/site\/#\/schema\/person\/7630acdc320186f13639d3c067ec089b\",\"name\":\"admin\",\"image\":{\"@type\":\"ImageObject\",\"inLanguage\":\"pt-BR\",\"@id\":\"https:\/\/radioportoseguro.com.br\/site\/#\/schema\/person\/image\/\",\"url\":\"https:\/\/secure.gravatar.com\/avatar\/caacf4dc1eedb68fab0df8e1ed46c448e578b2466351bbcb61e47d2ac0caaef0?s=96&d=mm&r=g\",\"contentUrl\":\"https:\/\/secure.gravatar.com\/avatar\/caacf4dc1eedb68fab0df8e1ed46c448e578b2466351bbcb61e47d2ac0caaef0?s=96&d=mm&r=g\",\"caption\":\"admin\"},\"sameAs\":[\"https:\/\/radioportoseguro.com.br\/site\"],\"url\":\"https:\/\/radioportoseguro.com.br\/site\/author\/hezio\/\"}]}<\/script>\n<!-- \/ Yoast SEO plugin. -->","yoast_head_json":{"title":"O Messias rejeitado: Derrota hist\u00f3rica exp\u00f5e tens\u00e3o entre poder e f\u00e9 - R\u00e1dio Porto Seguro","robots":{"index":"index","follow":"follow","max-snippet":"max-snippet:-1","max-image-preview":"max-image-preview:large","max-video-preview":"max-video-preview:-1"},"canonical":"https:\/\/radioportoseguro.com.br\/site\/2026\/04\/30\/o-messias-rejeitado-derrota-historica-expoe-tensao-entre-poder-e-fe\/","og_locale":"pt_BR","og_type":"article","og_title":"O Messias rejeitado: Derrota hist\u00f3rica exp\u00f5e tens\u00e3o entre poder e f\u00e9 - R\u00e1dio Porto Seguro","og_description":"Ontem, n\u00e3o apenas quem acompanha a pol\u00edtica \u2013 seja por interesse ou por dever de of\u00edcio \u2013 testemunhou a rejei\u00e7\u00e3o de Jorge Messias ao cargo de ministro do Supremo Tribunal Federal no Senado Federal, mas tamb\u00e9m grande parte da sociedade interessada nos rumos que o Judici\u00e1rio brasileiro pode tomar. Na vota\u00e7\u00e3o realizada nesta quarta-feira (29), [&hellip;]","og_url":"https:\/\/radioportoseguro.com.br\/site\/2026\/04\/30\/o-messias-rejeitado-derrota-historica-expoe-tensao-entre-poder-e-fe\/","og_site_name":"R\u00e1dio Porto Seguro","article_published_time":"2026-04-30T15:02:52+00:00","og_image":[{"url":"https:\/\/media.guiame.com.br\/archives\/2026\/04\/30\/2725462912-jorge-messias.png","type":"","width":"","height":""}],"author":"admin","twitter_card":"summary_large_image","twitter_misc":{"Escrito por":"admin","Est. tempo de leitura":"5 minutos"},"schema":{"@context":"https:\/\/schema.org","@graph":[{"@type":"Article","@id":"https:\/\/radioportoseguro.com.br\/site\/2026\/04\/30\/o-messias-rejeitado-derrota-historica-expoe-tensao-entre-poder-e-fe\/#article","isPartOf":{"@id":"https:\/\/radioportoseguro.com.br\/site\/2026\/04\/30\/o-messias-rejeitado-derrota-historica-expoe-tensao-entre-poder-e-fe\/"},"author":{"name":"admin","@id":"https:\/\/radioportoseguro.com.br\/site\/#\/schema\/person\/7630acdc320186f13639d3c067ec089b"},"headline":"O Messias rejeitado: Derrota hist\u00f3rica exp\u00f5e tens\u00e3o entre poder e f\u00e9","datePublished":"2026-04-30T15:02:52+00:00","mainEntityOfPage":{"@id":"https:\/\/radioportoseguro.com.br\/site\/2026\/04\/30\/o-messias-rejeitado-derrota-historica-expoe-tensao-entre-poder-e-fe\/"},"wordCount":917,"image":{"@id":"https:\/\/radioportoseguro.com.br\/site\/2026\/04\/30\/o-messias-rejeitado-derrota-historica-expoe-tensao-entre-poder-e-fe\/#primaryimage"},"thumbnailUrl":"https:\/\/radioportoseguro.com.br\/site\/wp-content\/uploads\/2026\/04\/2725462912-jorge-messias.png","articleSection":["Destaques"],"inLanguage":"pt-BR"},{"@type":"WebPage","@id":"https:\/\/radioportoseguro.com.br\/site\/2026\/04\/30\/o-messias-rejeitado-derrota-historica-expoe-tensao-entre-poder-e-fe\/","url":"https:\/\/radioportoseguro.com.br\/site\/2026\/04\/30\/o-messias-rejeitado-derrota-historica-expoe-tensao-entre-poder-e-fe\/","name":"O Messias rejeitado: Derrota hist\u00f3rica exp\u00f5e tens\u00e3o entre poder e f\u00e9 - R\u00e1dio Porto Seguro","isPartOf":{"@id":"https:\/\/radioportoseguro.com.br\/site\/#website"},"primaryImageOfPage":{"@id":"https:\/\/radioportoseguro.com.br\/site\/2026\/04\/30\/o-messias-rejeitado-derrota-historica-expoe-tensao-entre-poder-e-fe\/#primaryimage"},"image":{"@id":"https:\/\/radioportoseguro.com.br\/site\/2026\/04\/30\/o-messias-rejeitado-derrota-historica-expoe-tensao-entre-poder-e-fe\/#primaryimage"},"thumbnailUrl":"https:\/\/radioportoseguro.com.br\/site\/wp-content\/uploads\/2026\/04\/2725462912-jorge-messias.png","datePublished":"2026-04-30T15:02:52+00:00","author":{"@id":"https:\/\/radioportoseguro.com.br\/site\/#\/schema\/person\/7630acdc320186f13639d3c067ec089b"},"breadcrumb":{"@id":"https:\/\/radioportoseguro.com.br\/site\/2026\/04\/30\/o-messias-rejeitado-derrota-historica-expoe-tensao-entre-poder-e-fe\/#breadcrumb"},"inLanguage":"pt-BR","potentialAction":[{"@type":"ReadAction","target":["https:\/\/radioportoseguro.com.br\/site\/2026\/04\/30\/o-messias-rejeitado-derrota-historica-expoe-tensao-entre-poder-e-fe\/"]}]},{"@type":"ImageObject","inLanguage":"pt-BR","@id":"https:\/\/radioportoseguro.com.br\/site\/2026\/04\/30\/o-messias-rejeitado-derrota-historica-expoe-tensao-entre-poder-e-fe\/#primaryimage","url":"https:\/\/radioportoseguro.com.br\/site\/wp-content\/uploads\/2026\/04\/2725462912-jorge-messias.png","contentUrl":"https:\/\/radioportoseguro.com.br\/site\/wp-content\/uploads\/2026\/04\/2725462912-jorge-messias.png","width":1200,"height":600},{"@type":"BreadcrumbList","@id":"https:\/\/radioportoseguro.com.br\/site\/2026\/04\/30\/o-messias-rejeitado-derrota-historica-expoe-tensao-entre-poder-e-fe\/#breadcrumb","itemListElement":[{"@type":"ListItem","position":1,"name":"In\u00edcio","item":"https:\/\/radioportoseguro.com.br\/site\/"},{"@type":"ListItem","position":2,"name":"O Messias rejeitado: Derrota hist\u00f3rica exp\u00f5e tens\u00e3o entre poder e f\u00e9"}]},{"@type":"WebSite","@id":"https:\/\/radioportoseguro.com.br\/site\/#website","url":"https:\/\/radioportoseguro.com.br\/site\/","name":"R\u00e1dio Porto Seguro","description":"","potentialAction":[{"@type":"SearchAction","target":{"@type":"EntryPoint","urlTemplate":"https:\/\/radioportoseguro.com.br\/site\/?s={search_term_string}"},"query-input":{"@type":"PropertyValueSpecification","valueRequired":true,"valueName":"search_term_string"}}],"inLanguage":"pt-BR"},{"@type":"Person","@id":"https:\/\/radioportoseguro.com.br\/site\/#\/schema\/person\/7630acdc320186f13639d3c067ec089b","name":"admin","image":{"@type":"ImageObject","inLanguage":"pt-BR","@id":"https:\/\/radioportoseguro.com.br\/site\/#\/schema\/person\/image\/","url":"https:\/\/secure.gravatar.com\/avatar\/caacf4dc1eedb68fab0df8e1ed46c448e578b2466351bbcb61e47d2ac0caaef0?s=96&d=mm&r=g","contentUrl":"https:\/\/secure.gravatar.com\/avatar\/caacf4dc1eedb68fab0df8e1ed46c448e578b2466351bbcb61e47d2ac0caaef0?s=96&d=mm&r=g","caption":"admin"},"sameAs":["https:\/\/radioportoseguro.com.br\/site"],"url":"https:\/\/radioportoseguro.com.br\/site\/author\/hezio\/"}]}},"_links":{"self":[{"href":"https:\/\/radioportoseguro.com.br\/site\/wp-json\/wp\/v2\/posts\/6510","targetHints":{"allow":["GET"]}}],"collection":[{"href":"https:\/\/radioportoseguro.com.br\/site\/wp-json\/wp\/v2\/posts"}],"about":[{"href":"https:\/\/radioportoseguro.com.br\/site\/wp-json\/wp\/v2\/types\/post"}],"author":[{"embeddable":true,"href":"https:\/\/radioportoseguro.com.br\/site\/wp-json\/wp\/v2\/users\/1"}],"replies":[{"embeddable":true,"href":"https:\/\/radioportoseguro.com.br\/site\/wp-json\/wp\/v2\/comments?post=6510"}],"version-history":[{"count":0,"href":"https:\/\/radioportoseguro.com.br\/site\/wp-json\/wp\/v2\/posts\/6510\/revisions"}],"wp:featuredmedia":[{"embeddable":true,"href":"https:\/\/radioportoseguro.com.br\/site\/wp-json\/wp\/v2\/media\/6511"}],"wp:attachment":[{"href":"https:\/\/radioportoseguro.com.br\/site\/wp-json\/wp\/v2\/media?parent=6510"}],"wp:term":[{"taxonomy":"category","embeddable":true,"href":"https:\/\/radioportoseguro.com.br\/site\/wp-json\/wp\/v2\/categories?post=6510"},{"taxonomy":"post_tag","embeddable":true,"href":"https:\/\/radioportoseguro.com.br\/site\/wp-json\/wp\/v2\/tags?post=6510"}],"curies":[{"name":"wp","href":"https:\/\/api.w.org\/{rel}","templated":true}]}}