{"id":6516,"date":"2026-04-30T14:59:46","date_gmt":"2026-04-30T17:59:46","guid":{"rendered":"https:\/\/radioportoseguro.com.br\/site\/2026\/04\/30\/cristao-e-preso-e-crucificado-no-egito-por-se-converter-ao-cristianismo\/"},"modified":"2026-04-30T14:59:46","modified_gmt":"2026-04-30T17:59:46","slug":"cristao-e-preso-e-crucificado-no-egito-por-se-converter-ao-cristianismo","status":"publish","type":"post","link":"https:\/\/radioportoseguro.com.br\/site\/2026\/04\/30\/cristao-e-preso-e-crucificado-no-egito-por-se-converter-ao-cristianismo\/","title":{"rendered":"Crist\u00e3o \u00e9 preso e crucificado no Egito por se converter ao cristianismo"},"content":{"rendered":"<p><br \/>\n<\/p>\n<div>\n<div class=\"td-post-featured-image\">\n<figure><figcaption class=\"wp-caption-text\">Said Abdelrazek enfrenta acusa\u00e7\u00f5es no Egito relacionadas \u00e0 sua f\u00e9 crist\u00e3. (Foto: Christian Solidarity Worldwide)<\/figcaption><\/figure>\n<\/div>\n<p> <!-- A generated by theme --> <\/p>\n<p> <!-- end A --> <\/p>\n<p>O julgamento de um homem crist\u00e3o eg\u00edpcio preso sob acusa\u00e7\u00f5es relacionadas \u00e0 sua convers\u00e3o do islamismo e \u00e0 sua tentativa de alterar a designa\u00e7\u00e3o religiosa em seus documentos de identidade come\u00e7ou na semana passada no Cairo.<\/p>\n<p>Said Mansour Rezk Abdelrazek foi preso em julho sob acusa\u00e7\u00f5es relacionadas a \u201cterrorismo\u201d. A apostasia n\u00e3o \u00e9 ilegal no <strong>Egito<\/strong>, mas alterar a designa\u00e7\u00e3o religiosa em documentos de identidade oficiais \u00e9 praticamente imposs\u00edvel e deixa os convertidos sujeitos a processos por representarem uma \u201camea\u00e7a \u00e0 seguran\u00e7a nacional\u201d.<\/p>\n<p>Segundo o grupo de defesa Coptic Solidarity, os promotores apresentaram v\u00e1rias acusa\u00e7\u00f5es contra Abdelrazek, incluindo a cria\u00e7\u00e3o e lideran\u00e7a de um grupo em viola\u00e7\u00e3o da lei; a participa\u00e7\u00e3o em um grupo supostamente fundado ilegalmente; o financiamento do grupo; a promo\u00e7\u00e3o de ideias e cren\u00e7as consideradas \u201cprejudiciais \u00e0 unidade nacional e \u00e0 paz social\u201d; e o desprezo pelo Isl\u00e3 e o questionamento de seus princ\u00edpios fundamentais.<\/p>\n<p>Segundo a organiza\u00e7\u00e3o Coptic Solidarity, a equipe jur\u00eddica de Abdelrazek apresentou, em 21 de abril, diversas mo\u00e7\u00f5es importantes, incluindo pedidos de adiamento do processo para que pudessem preparar uma defesa completa. O tribunal concedeu o adiamento e agendou a pr\u00f3xima audi\u00eancia para 15 de junho.<\/p>\n<p>Abdelrazek est\u00e1 detido na pris\u00e3o 10 de Ramadan, no Cairo, onde, segundo relatos, foi privado de necessidades b\u00e1sicas, incluindo alimenta\u00e7\u00e3o adequada, roupas e cuidados m\u00e9dicos, e mantido pendurado em posi\u00e7\u00e3o de crucifica\u00e7\u00e3o.<\/p>\n<p>A audi\u00eancia ocorreu no Primeiro Circuito Criminal de Terrorismo do Egito, em Badr, na zona leste do Cairo. Grupos internacionais de direitos humanos h\u00e1 muito criticam os tribunais de Badr pela falta de transpar\u00eancia, pela aus\u00eancia de devido processo legal e pela priva\u00e7\u00e3o de prote\u00e7\u00f5es legais b\u00e1sicas aos r\u00e9us. A pris\u00e3o preventiva prolongada e o acesso limitado a advogados s\u00e3o pr\u00e1ticas comuns.<\/p>\n<p> <!-- A generated by theme --> <\/p>\n<p> <!-- end A --> <\/p>\n<p>A Comiss\u00e3o dos Estados Unidos para a Liberdade Religiosa Internacional (USCIRF) designou Abdelrazek como prisioneiro de consci\u00eancia religioso, afirmando que ele foi detido por sua convers\u00e3o religiosa e atividades religiosas. Em 22 de julho, a Procuradoria Suprema de Seguran\u00e7a do Estado do Egito o acusou de \u201cdesprezo pelo Isl\u00e3\u201d, participa\u00e7\u00e3o em uma organiza\u00e7\u00e3o terrorista proibida, incita\u00e7\u00e3o \u00e0 desordem e dissemina\u00e7\u00e3o de informa\u00e7\u00f5es falsas, segundo a USCIRF.<\/p>\n<p>\u201cDurante a deten\u00e7\u00e3o, as autoridades e os outros presos abusaram f\u00edsica e psicologicamente de Abdelrazek por causa de sua convers\u00e3o\u201d, observou a comiss\u00e3o.<\/p>\n<p>O r\u00e9u foi representado por uma equipe de defesa jur\u00eddica que inclu\u00eda a Iniciativa Eg\u00edpcia para os Direitos da Pessoa e a Comiss\u00e3o Eg\u00edpcia para os Direitos e Liberdades, bem como o escrit\u00f3rio do advogado de cassa\u00e7\u00e3o Saeed Fayez.<\/p>\n<p><strong>Convers\u00e3o e asilo<\/strong><\/p>\n<p>De acordo com a USCIRF, as dificuldades legais, sociais e civis resultantes da convers\u00e3o anterior de Abdelrazek ao cristianismo o levaram a fugir para a R\u00fassia em 2019.<\/p>\n<p>Ele pediu asilo por motivos religiosos, mas em 2023, as autoridades russas o prenderam por sua liga\u00e7\u00e3o a um v\u00eddeo gravado em privado que supostamente ofendia o Isl\u00e3. Suas postagens online sobre o Isl\u00e3 teriam incomodado mu\u00e7ulmanos na R\u00fassia.<\/p>\n<p>Em 2024, a R\u00fassia o deportou para o Egito, o que, segundo defensores dos direitos humanos, violou o princ\u00edpio da n\u00e3o repuls\u00e3o, visto que ele possu\u00eda documenta\u00e7\u00e3o do Alto Comissariado das Na\u00e7\u00f5es Unidas para Refugiados (ACNUR) confirmando que ele se qualificava para prote\u00e7\u00e3o internacional. O princ\u00edpio da n\u00e3o repuls\u00e3o visa proteger refugiados e requerentes de asilo do retorno for\u00e7ado a um pa\u00eds onde enfrentam amea\u00e7a de persegui\u00e7\u00e3o.<\/p>\n<p>As autoridades eg\u00edpcias o prenderam e o mantiveram incomunic\u00e1vel por cerca de 10 dias.<\/p>\n<p>\u201cQuando a comunica\u00e7\u00e3o foi retomada, as autoridades eg\u00edpcias o interrogaram sobre suas cren\u00e7as religiosas e o pressionaram a reconsiderar sua f\u00e9, monitorar outros convertidos e pediram que ele exclu\u00edsse suas contas nas redes sociais\u201d, afirma a USCIRF em seu site. \u201cAs autoridades finalmente o libertaram com instru\u00e7\u00f5es para n\u00e3o falar publicamente nem fazer proselitismo.\u201d<\/p>\n<p>Em julho de 2025, as autoridades eg\u00edpcias detiveram novamente Abdelrazek sem mandado e o acusaram depois que ele voltou a publicar suas cren\u00e7as religiosas online e pediu a um advogado que o ajudasse a alterar a designa\u00e7\u00e3o de religi\u00e3o em seus documentos de identifica\u00e7\u00e3o. Abdelrazek teria afirmado que, durante esse per\u00edodo, foi coagido a se submeter \u00e0 dolorosa remo\u00e7\u00e3o de uma tatuagem crist\u00e3 e foi mantido suspenso por horas em uma posi\u00e7\u00e3o semelhante \u00e0 de uma crucifica\u00e7\u00e3o.<\/p>\n<p>Abdelrazek ainda aguarda uma decis\u00e3o sobre um pedido de visto humanit\u00e1rio para a Austr\u00e1lia que apresentou em maio de 2024.<\/p>\n<p>\u201cSua noiva \u00e9 cidad\u00e3 australiana e apelou por uma interven\u00e7\u00e3o urgente, criticando o que descreveu como a falta de um engajamento diplom\u00e1tico significativo por parte da Austr\u00e1lia\u201d, afirmou o grupo de ajuda humanit\u00e1ria Church in Chains.<\/p>\n<p>Em 26 de janeiro, o Instituto de Estudos de Direitos Humanos do Cairo enviou uma carta de \u201capelo urgente\u201d em nome de uma coaliz\u00e3o internacional de organiza\u00e7\u00f5es de direitos humanos, defensores da liberdade religiosa e especialistas independentes, \u201cpara instar respeitosamente o Governo Australiano a tomar medidas humanit\u00e1rias e diplom\u00e1ticas imediatas em nome do Sr. Said Mansour Rezk Abdelrazek, um cidad\u00e3o eg\u00edpcio e convertido ao cristianismo que est\u00e1 detido arbitrariamente no Cairo desde 15 de julho de 2025, por exercer seu direito fundamental \u00e0 liberdade de cren\u00e7a\u201d, informou o Church in Chains.<\/p>\n<p>A carta afirma que a pris\u00e3o de Abdelrazek reflete um padr\u00e3o persistente e alarmante de persegui\u00e7\u00e3o religiosa no Egito, particularmente contra indiv\u00edduos que se convertem do Isl\u00e3.<\/p>\n<p>\u201cO Sr. Abdelrazek se converteu ao cristianismo em 2016, ap\u00f3s anos de reflex\u00e3o pessoal. Desde ent\u00e3o, ele tem sofrido persegui\u00e7\u00e3o severa e cont\u00ednua por parte das autoridades eg\u00edpcias, incluindo repetidas pris\u00f5es arbitr\u00e1rias, tortura e maus-tratos, div\u00f3rcio for\u00e7ado, separa\u00e7\u00e3o de seu filho pequeno e vigil\u00e2ncia constante\u201d, afirma a carta, segundo a organiza\u00e7\u00e3o Church in Chains.<\/p>\n<p>\u201cSua experi\u00eancia contradiz flagrantemente o Artigo 64 da Constitui\u00e7\u00e3o do Egito, que afirma que \u2018a liberdade de cren\u00e7a \u00e9 absoluta\u2019, mas na pr\u00e1tica nega esse direito \u00e0queles que abandonam o Isl\u00e3.\u201d<\/p>\n<p>A carta insta o Governo australiano a conceder a Abdelrazek o estatuto de humanit\u00e1rio ou de prote\u00e7\u00e3o, permitindo a sua relocaliza\u00e7\u00e3o segura e a sua reunifica\u00e7\u00e3o com a sua noiva na Austr\u00e1lia; a pressionar as autoridades eg\u00edpcias, atrav\u00e9s de canais diplom\u00e1ticos bilaterais, para que o libertem imediata e incondicionalmente; e a apresentar o seu caso em f\u00f3runs internacionais relevantes, incluindo as Na\u00e7\u00f5es Unidas, enfatizando as obriga\u00e7\u00f5es do Egito ao abrigo do direito internacional dos direitos humanos.<\/p>\n<p>O Egito ficou em 42\u00ba lugar na <strong>Lista Mundial da Persegui\u00e7\u00e3o 2026<\/strong> da Portas Abertas, que classifica os 50 pa\u00edses onde \u00e9 mais dif\u00edcil ser crist\u00e3o.<\/p>\n<p><strong>Folha Gospel com informa\u00e7\u00f5es de The Christian Post<\/strong><\/p>\n<p> <!-- A generated by theme --> <\/p>\n<p> <!-- end A --> <\/p><\/div>\n<p><script>(function (d, s, id) {\n                var js, fjs = d.getElementsByTagName(s)[0];\n                if (d.getElementById(id)) return;\n                js = d.createElement(s);\n                js.id = id;\n                js.src=\"https:\/\/connect.facebook.net\/pt_BR\/sdk.js#xfbml=1&version=v2.11&appId=264312870658742&autoLogAppEvents=1\";\n                fjs.parentNode.insertBefore(js, fjs);\n            }(document, 'script', 'facebook-jssdk'));<\/script><br \/>\n<br \/><br \/>\n<br \/>Fonte: Folha Gospel<\/p>\n","protected":false},"excerpt":{"rendered":"<p>Said Abdelrazek enfrenta acusa\u00e7\u00f5es no Egito relacionadas \u00e0 sua f\u00e9 crist\u00e3. (Foto: Christian Solidarity Worldwide) O julgamento de um homem crist\u00e3o eg\u00edpcio preso sob acusa\u00e7\u00f5es relacionadas \u00e0 sua convers\u00e3o do islamismo e \u00e0 sua tentativa de alterar a designa\u00e7\u00e3o religiosa em seus documentos de identidade come\u00e7ou na semana passada no Cairo. Said Mansour Rezk Abdelrazek [&hellip;]<\/p>\n","protected":false},"author":1,"featured_media":6517,"comment_status":"","ping_status":"open","sticky":false,"template":"","format":"standard","meta":{"footnotes":""},"categories":[3],"tags":[],"class_list":["post-6516","post","type-post","status-publish","format-standard","has-post-thumbnail","hentry","category-gospel"],"yoast_head":"<!-- This site is optimized with the Yoast SEO plugin v26.8 - https:\/\/yoast.com\/product\/yoast-seo-wordpress\/ -->\n<title>Crist\u00e3o \u00e9 preso e crucificado no Egito por se converter ao cristianismo - R\u00e1dio Porto Seguro<\/title>\n<meta name=\"robots\" content=\"index, follow, max-snippet:-1, max-image-preview:large, max-video-preview:-1\" \/>\n<link rel=\"canonical\" href=\"https:\/\/radioportoseguro.com.br\/site\/2026\/04\/30\/cristao-e-preso-e-crucificado-no-egito-por-se-converter-ao-cristianismo\/\" \/>\n<meta property=\"og:locale\" content=\"pt_BR\" \/>\n<meta property=\"og:type\" content=\"article\" \/>\n<meta property=\"og:title\" content=\"Crist\u00e3o \u00e9 preso e crucificado no Egito por se converter ao cristianismo - R\u00e1dio Porto Seguro\" \/>\n<meta property=\"og:description\" content=\"Said Abdelrazek enfrenta acusa\u00e7\u00f5es no Egito relacionadas \u00e0 sua f\u00e9 crist\u00e3. (Foto: Christian Solidarity Worldwide) O julgamento de um homem crist\u00e3o eg\u00edpcio preso sob acusa\u00e7\u00f5es relacionadas \u00e0 sua convers\u00e3o do islamismo e \u00e0 sua tentativa de alterar a designa\u00e7\u00e3o religiosa em seus documentos de identidade come\u00e7ou na semana passada no Cairo. Said Mansour Rezk Abdelrazek [&hellip;]\" \/>\n<meta property=\"og:url\" content=\"https:\/\/radioportoseguro.com.br\/site\/2026\/04\/30\/cristao-e-preso-e-crucificado-no-egito-por-se-converter-ao-cristianismo\/\" \/>\n<meta property=\"og:site_name\" content=\"R\u00e1dio Porto Seguro\" \/>\n<meta property=\"article:published_time\" content=\"2026-04-30T17:59:46+00:00\" \/>\n<meta property=\"og:image\" content=\"https:\/\/i0.wp.com\/folhagospel.com\/wp-content\/uploads\/2026\/04\/Said-Abdelrazek-enfrenta-acusacoes-no-Egito-relacionadas-a-sua-fe-crista.jpg?resize=696%2C497&amp;ssl=1\" \/>\n<meta name=\"author\" content=\"admin\" \/>\n<meta name=\"twitter:card\" content=\"summary_large_image\" \/>\n<meta name=\"twitter:label1\" content=\"Escrito por\" \/>\n\t<meta name=\"twitter:data1\" content=\"admin\" \/>\n\t<meta name=\"twitter:label2\" content=\"Est. tempo de leitura\" \/>\n\t<meta name=\"twitter:data2\" content=\"6 minutos\" \/>\n<script type=\"application\/ld+json\" class=\"yoast-schema-graph\">{\"@context\":\"https:\/\/schema.org\",\"@graph\":[{\"@type\":\"Article\",\"@id\":\"https:\/\/radioportoseguro.com.br\/site\/2026\/04\/30\/cristao-e-preso-e-crucificado-no-egito-por-se-converter-ao-cristianismo\/#article\",\"isPartOf\":{\"@id\":\"https:\/\/radioportoseguro.com.br\/site\/2026\/04\/30\/cristao-e-preso-e-crucificado-no-egito-por-se-converter-ao-cristianismo\/\"},\"author\":{\"name\":\"admin\",\"@id\":\"https:\/\/radioportoseguro.com.br\/site\/#\/schema\/person\/7630acdc320186f13639d3c067ec089b\"},\"headline\":\"Crist\u00e3o \u00e9 preso e crucificado no Egito por se converter ao cristianismo\",\"datePublished\":\"2026-04-30T17:59:46+00:00\",\"mainEntityOfPage\":{\"@id\":\"https:\/\/radioportoseguro.com.br\/site\/2026\/04\/30\/cristao-e-preso-e-crucificado-no-egito-por-se-converter-ao-cristianismo\/\"},\"wordCount\":1219,\"image\":{\"@id\":\"https:\/\/radioportoseguro.com.br\/site\/2026\/04\/30\/cristao-e-preso-e-crucificado-no-egito-por-se-converter-ao-cristianismo\/#primaryimage\"},\"thumbnailUrl\":\"https:\/\/radioportoseguro.com.br\/site\/wp-content\/uploads\/2026\/04\/Said-Abdelrazek-enfrenta-acusacoes-no-Egito-relacionadas-a-sua-fe-crista.jpg\",\"articleSection\":[\"Gospel\"],\"inLanguage\":\"pt-BR\"},{\"@type\":\"WebPage\",\"@id\":\"https:\/\/radioportoseguro.com.br\/site\/2026\/04\/30\/cristao-e-preso-e-crucificado-no-egito-por-se-converter-ao-cristianismo\/\",\"url\":\"https:\/\/radioportoseguro.com.br\/site\/2026\/04\/30\/cristao-e-preso-e-crucificado-no-egito-por-se-converter-ao-cristianismo\/\",\"name\":\"Crist\u00e3o \u00e9 preso e crucificado no Egito por se converter ao cristianismo - R\u00e1dio Porto Seguro\",\"isPartOf\":{\"@id\":\"https:\/\/radioportoseguro.com.br\/site\/#website\"},\"primaryImageOfPage\":{\"@id\":\"https:\/\/radioportoseguro.com.br\/site\/2026\/04\/30\/cristao-e-preso-e-crucificado-no-egito-por-se-converter-ao-cristianismo\/#primaryimage\"},\"image\":{\"@id\":\"https:\/\/radioportoseguro.com.br\/site\/2026\/04\/30\/cristao-e-preso-e-crucificado-no-egito-por-se-converter-ao-cristianismo\/#primaryimage\"},\"thumbnailUrl\":\"https:\/\/radioportoseguro.com.br\/site\/wp-content\/uploads\/2026\/04\/Said-Abdelrazek-enfrenta-acusacoes-no-Egito-relacionadas-a-sua-fe-crista.jpg\",\"datePublished\":\"2026-04-30T17:59:46+00:00\",\"author\":{\"@id\":\"https:\/\/radioportoseguro.com.br\/site\/#\/schema\/person\/7630acdc320186f13639d3c067ec089b\"},\"breadcrumb\":{\"@id\":\"https:\/\/radioportoseguro.com.br\/site\/2026\/04\/30\/cristao-e-preso-e-crucificado-no-egito-por-se-converter-ao-cristianismo\/#breadcrumb\"},\"inLanguage\":\"pt-BR\",\"potentialAction\":[{\"@type\":\"ReadAction\",\"target\":[\"https:\/\/radioportoseguro.com.br\/site\/2026\/04\/30\/cristao-e-preso-e-crucificado-no-egito-por-se-converter-ao-cristianismo\/\"]}]},{\"@type\":\"ImageObject\",\"inLanguage\":\"pt-BR\",\"@id\":\"https:\/\/radioportoseguro.com.br\/site\/2026\/04\/30\/cristao-e-preso-e-crucificado-no-egito-por-se-converter-ao-cristianismo\/#primaryimage\",\"url\":\"https:\/\/radioportoseguro.com.br\/site\/wp-content\/uploads\/2026\/04\/Said-Abdelrazek-enfrenta-acusacoes-no-Egito-relacionadas-a-sua-fe-crista.jpg\",\"contentUrl\":\"https:\/\/radioportoseguro.com.br\/site\/wp-content\/uploads\/2026\/04\/Said-Abdelrazek-enfrenta-acusacoes-no-Egito-relacionadas-a-sua-fe-crista.jpg\",\"width\":700,\"height\":500},{\"@type\":\"BreadcrumbList\",\"@id\":\"https:\/\/radioportoseguro.com.br\/site\/2026\/04\/30\/cristao-e-preso-e-crucificado-no-egito-por-se-converter-ao-cristianismo\/#breadcrumb\",\"itemListElement\":[{\"@type\":\"ListItem\",\"position\":1,\"name\":\"In\u00edcio\",\"item\":\"https:\/\/radioportoseguro.com.br\/site\/\"},{\"@type\":\"ListItem\",\"position\":2,\"name\":\"Crist\u00e3o \u00e9 preso e crucificado no Egito por se converter ao cristianismo\"}]},{\"@type\":\"WebSite\",\"@id\":\"https:\/\/radioportoseguro.com.br\/site\/#website\",\"url\":\"https:\/\/radioportoseguro.com.br\/site\/\",\"name\":\"R\u00e1dio Porto Seguro\",\"description\":\"\",\"potentialAction\":[{\"@type\":\"SearchAction\",\"target\":{\"@type\":\"EntryPoint\",\"urlTemplate\":\"https:\/\/radioportoseguro.com.br\/site\/?s={search_term_string}\"},\"query-input\":{\"@type\":\"PropertyValueSpecification\",\"valueRequired\":true,\"valueName\":\"search_term_string\"}}],\"inLanguage\":\"pt-BR\"},{\"@type\":\"Person\",\"@id\":\"https:\/\/radioportoseguro.com.br\/site\/#\/schema\/person\/7630acdc320186f13639d3c067ec089b\",\"name\":\"admin\",\"image\":{\"@type\":\"ImageObject\",\"inLanguage\":\"pt-BR\",\"@id\":\"https:\/\/radioportoseguro.com.br\/site\/#\/schema\/person\/image\/\",\"url\":\"https:\/\/secure.gravatar.com\/avatar\/caacf4dc1eedb68fab0df8e1ed46c448e578b2466351bbcb61e47d2ac0caaef0?s=96&d=mm&r=g\",\"contentUrl\":\"https:\/\/secure.gravatar.com\/avatar\/caacf4dc1eedb68fab0df8e1ed46c448e578b2466351bbcb61e47d2ac0caaef0?s=96&d=mm&r=g\",\"caption\":\"admin\"},\"sameAs\":[\"https:\/\/radioportoseguro.com.br\/site\"],\"url\":\"https:\/\/radioportoseguro.com.br\/site\/author\/hezio\/\"}]}<\/script>\n<!-- \/ Yoast SEO plugin. -->","yoast_head_json":{"title":"Crist\u00e3o \u00e9 preso e crucificado no Egito por se converter ao cristianismo - R\u00e1dio Porto Seguro","robots":{"index":"index","follow":"follow","max-snippet":"max-snippet:-1","max-image-preview":"max-image-preview:large","max-video-preview":"max-video-preview:-1"},"canonical":"https:\/\/radioportoseguro.com.br\/site\/2026\/04\/30\/cristao-e-preso-e-crucificado-no-egito-por-se-converter-ao-cristianismo\/","og_locale":"pt_BR","og_type":"article","og_title":"Crist\u00e3o \u00e9 preso e crucificado no Egito por se converter ao cristianismo - R\u00e1dio Porto Seguro","og_description":"Said Abdelrazek enfrenta acusa\u00e7\u00f5es no Egito relacionadas \u00e0 sua f\u00e9 crist\u00e3. (Foto: Christian Solidarity Worldwide) O julgamento de um homem crist\u00e3o eg\u00edpcio preso sob acusa\u00e7\u00f5es relacionadas \u00e0 sua convers\u00e3o do islamismo e \u00e0 sua tentativa de alterar a designa\u00e7\u00e3o religiosa em seus documentos de identidade come\u00e7ou na semana passada no Cairo. Said Mansour Rezk Abdelrazek [&hellip;]","og_url":"https:\/\/radioportoseguro.com.br\/site\/2026\/04\/30\/cristao-e-preso-e-crucificado-no-egito-por-se-converter-ao-cristianismo\/","og_site_name":"R\u00e1dio Porto Seguro","article_published_time":"2026-04-30T17:59:46+00:00","og_image":[{"url":"https:\/\/i0.wp.com\/folhagospel.com\/wp-content\/uploads\/2026\/04\/Said-Abdelrazek-enfrenta-acusacoes-no-Egito-relacionadas-a-sua-fe-crista.jpg?resize=696%2C497&amp;ssl=1","type":"","width":"","height":""}],"author":"admin","twitter_card":"summary_large_image","twitter_misc":{"Escrito por":"admin","Est. tempo de leitura":"6 minutos"},"schema":{"@context":"https:\/\/schema.org","@graph":[{"@type":"Article","@id":"https:\/\/radioportoseguro.com.br\/site\/2026\/04\/30\/cristao-e-preso-e-crucificado-no-egito-por-se-converter-ao-cristianismo\/#article","isPartOf":{"@id":"https:\/\/radioportoseguro.com.br\/site\/2026\/04\/30\/cristao-e-preso-e-crucificado-no-egito-por-se-converter-ao-cristianismo\/"},"author":{"name":"admin","@id":"https:\/\/radioportoseguro.com.br\/site\/#\/schema\/person\/7630acdc320186f13639d3c067ec089b"},"headline":"Crist\u00e3o \u00e9 preso e crucificado no Egito por se converter ao cristianismo","datePublished":"2026-04-30T17:59:46+00:00","mainEntityOfPage":{"@id":"https:\/\/radioportoseguro.com.br\/site\/2026\/04\/30\/cristao-e-preso-e-crucificado-no-egito-por-se-converter-ao-cristianismo\/"},"wordCount":1219,"image":{"@id":"https:\/\/radioportoseguro.com.br\/site\/2026\/04\/30\/cristao-e-preso-e-crucificado-no-egito-por-se-converter-ao-cristianismo\/#primaryimage"},"thumbnailUrl":"https:\/\/radioportoseguro.com.br\/site\/wp-content\/uploads\/2026\/04\/Said-Abdelrazek-enfrenta-acusacoes-no-Egito-relacionadas-a-sua-fe-crista.jpg","articleSection":["Gospel"],"inLanguage":"pt-BR"},{"@type":"WebPage","@id":"https:\/\/radioportoseguro.com.br\/site\/2026\/04\/30\/cristao-e-preso-e-crucificado-no-egito-por-se-converter-ao-cristianismo\/","url":"https:\/\/radioportoseguro.com.br\/site\/2026\/04\/30\/cristao-e-preso-e-crucificado-no-egito-por-se-converter-ao-cristianismo\/","name":"Crist\u00e3o \u00e9 preso e crucificado no Egito por se converter ao cristianismo - R\u00e1dio Porto Seguro","isPartOf":{"@id":"https:\/\/radioportoseguro.com.br\/site\/#website"},"primaryImageOfPage":{"@id":"https:\/\/radioportoseguro.com.br\/site\/2026\/04\/30\/cristao-e-preso-e-crucificado-no-egito-por-se-converter-ao-cristianismo\/#primaryimage"},"image":{"@id":"https:\/\/radioportoseguro.com.br\/site\/2026\/04\/30\/cristao-e-preso-e-crucificado-no-egito-por-se-converter-ao-cristianismo\/#primaryimage"},"thumbnailUrl":"https:\/\/radioportoseguro.com.br\/site\/wp-content\/uploads\/2026\/04\/Said-Abdelrazek-enfrenta-acusacoes-no-Egito-relacionadas-a-sua-fe-crista.jpg","datePublished":"2026-04-30T17:59:46+00:00","author":{"@id":"https:\/\/radioportoseguro.com.br\/site\/#\/schema\/person\/7630acdc320186f13639d3c067ec089b"},"breadcrumb":{"@id":"https:\/\/radioportoseguro.com.br\/site\/2026\/04\/30\/cristao-e-preso-e-crucificado-no-egito-por-se-converter-ao-cristianismo\/#breadcrumb"},"inLanguage":"pt-BR","potentialAction":[{"@type":"ReadAction","target":["https:\/\/radioportoseguro.com.br\/site\/2026\/04\/30\/cristao-e-preso-e-crucificado-no-egito-por-se-converter-ao-cristianismo\/"]}]},{"@type":"ImageObject","inLanguage":"pt-BR","@id":"https:\/\/radioportoseguro.com.br\/site\/2026\/04\/30\/cristao-e-preso-e-crucificado-no-egito-por-se-converter-ao-cristianismo\/#primaryimage","url":"https:\/\/radioportoseguro.com.br\/site\/wp-content\/uploads\/2026\/04\/Said-Abdelrazek-enfrenta-acusacoes-no-Egito-relacionadas-a-sua-fe-crista.jpg","contentUrl":"https:\/\/radioportoseguro.com.br\/site\/wp-content\/uploads\/2026\/04\/Said-Abdelrazek-enfrenta-acusacoes-no-Egito-relacionadas-a-sua-fe-crista.jpg","width":700,"height":500},{"@type":"BreadcrumbList","@id":"https:\/\/radioportoseguro.com.br\/site\/2026\/04\/30\/cristao-e-preso-e-crucificado-no-egito-por-se-converter-ao-cristianismo\/#breadcrumb","itemListElement":[{"@type":"ListItem","position":1,"name":"In\u00edcio","item":"https:\/\/radioportoseguro.com.br\/site\/"},{"@type":"ListItem","position":2,"name":"Crist\u00e3o \u00e9 preso e crucificado no Egito por se converter ao cristianismo"}]},{"@type":"WebSite","@id":"https:\/\/radioportoseguro.com.br\/site\/#website","url":"https:\/\/radioportoseguro.com.br\/site\/","name":"R\u00e1dio Porto Seguro","description":"","potentialAction":[{"@type":"SearchAction","target":{"@type":"EntryPoint","urlTemplate":"https:\/\/radioportoseguro.com.br\/site\/?s={search_term_string}"},"query-input":{"@type":"PropertyValueSpecification","valueRequired":true,"valueName":"search_term_string"}}],"inLanguage":"pt-BR"},{"@type":"Person","@id":"https:\/\/radioportoseguro.com.br\/site\/#\/schema\/person\/7630acdc320186f13639d3c067ec089b","name":"admin","image":{"@type":"ImageObject","inLanguage":"pt-BR","@id":"https:\/\/radioportoseguro.com.br\/site\/#\/schema\/person\/image\/","url":"https:\/\/secure.gravatar.com\/avatar\/caacf4dc1eedb68fab0df8e1ed46c448e578b2466351bbcb61e47d2ac0caaef0?s=96&d=mm&r=g","contentUrl":"https:\/\/secure.gravatar.com\/avatar\/caacf4dc1eedb68fab0df8e1ed46c448e578b2466351bbcb61e47d2ac0caaef0?s=96&d=mm&r=g","caption":"admin"},"sameAs":["https:\/\/radioportoseguro.com.br\/site"],"url":"https:\/\/radioportoseguro.com.br\/site\/author\/hezio\/"}]}},"_links":{"self":[{"href":"https:\/\/radioportoseguro.com.br\/site\/wp-json\/wp\/v2\/posts\/6516","targetHints":{"allow":["GET"]}}],"collection":[{"href":"https:\/\/radioportoseguro.com.br\/site\/wp-json\/wp\/v2\/posts"}],"about":[{"href":"https:\/\/radioportoseguro.com.br\/site\/wp-json\/wp\/v2\/types\/post"}],"author":[{"embeddable":true,"href":"https:\/\/radioportoseguro.com.br\/site\/wp-json\/wp\/v2\/users\/1"}],"replies":[{"embeddable":true,"href":"https:\/\/radioportoseguro.com.br\/site\/wp-json\/wp\/v2\/comments?post=6516"}],"version-history":[{"count":0,"href":"https:\/\/radioportoseguro.com.br\/site\/wp-json\/wp\/v2\/posts\/6516\/revisions"}],"wp:featuredmedia":[{"embeddable":true,"href":"https:\/\/radioportoseguro.com.br\/site\/wp-json\/wp\/v2\/media\/6517"}],"wp:attachment":[{"href":"https:\/\/radioportoseguro.com.br\/site\/wp-json\/wp\/v2\/media?parent=6516"}],"wp:term":[{"taxonomy":"category","embeddable":true,"href":"https:\/\/radioportoseguro.com.br\/site\/wp-json\/wp\/v2\/categories?post=6516"},{"taxonomy":"post_tag","embeddable":true,"href":"https:\/\/radioportoseguro.com.br\/site\/wp-json\/wp\/v2\/tags?post=6516"}],"curies":[{"name":"wp","href":"https:\/\/api.w.org\/{rel}","templated":true}]}}