{"id":6520,"date":"2026-04-30T18:13:40","date_gmt":"2026-04-30T21:13:40","guid":{"rendered":"https:\/\/radioportoseguro.com.br\/site\/2026\/04\/30\/a-fe-verdadeira-nasce-quando-reconhecemos-nossa-cegueira-espiritual-diz-pastor\/"},"modified":"2026-04-30T18:13:40","modified_gmt":"2026-04-30T21:13:40","slug":"a-fe-verdadeira-nasce-quando-reconhecemos-nossa-cegueira-espiritual-diz-pastor","status":"publish","type":"post","link":"https:\/\/radioportoseguro.com.br\/site\/2026\/04\/30\/a-fe-verdadeira-nasce-quando-reconhecemos-nossa-cegueira-espiritual-diz-pastor\/","title":{"rendered":"\u201cA f\u00e9 verdadeira nasce quando reconhecemos nossa cegueira espiritual\u201d, diz pastor"},"content":{"rendered":"<p><br \/>\n<br \/><\/p>\n<div>\n<p><span style=\"font-weight: 400;\">O pastor Tom Dias exortou os crist\u00e3os a deixarem Jesus remover a <\/span><span style=\"color: #800000;\"><strong>cegueira espiritual<\/strong><\/span><span style=\"font-weight: 400;\"> e desfrutarem de uma vida na luz de Cristo, durante uma prega\u00e7\u00e3o na Igreja Adventista da Promessa Vila Helena (IAPV), em Sorocaba, S\u00e3o Paulo.<\/span><\/p>\n<p><span style=\"font-weight: 400;\">Baseado na passagem b\u00edblica de Jo\u00e3o 9, quando Jesus cura um <\/span><span style=\"color: #800000;\"><strong>cego de nascen\u00e7a,<\/strong><\/span><span style=\"font-weight: 400;\"> o pastor falou sobre o ensinamento espiritual do texto.<\/span><\/p>\n<p><span style=\"font-weight: 400;\">\u201cJesus volta a dizer: \u2018Eu sou a luz do mundo\u2019. Ele \u00e9 a luz que abre os olhos daqueles que desejam ver a sua pr\u00f3pria cegueira, daqueles que muitas vezes pensam estar andando na luz, mas, na verdade, n\u00e3o est\u00e3o\u201d, iniciou.<\/span><\/p>\n<p><span style=\"font-weight: 400;\">Tom observou que Jesus v\u00ea primeiro a humanidade do cego e n\u00e3o sua doen\u00e7a. \u201cO texto \u00e9 claro em dizer: \u2018Jesus viu um homem\u2019. Jesus n\u00e3o viu primeiro a sua defici\u00eancia. Jesus n\u00e3o viu primeiro a sua dificuldade. Jesus n\u00e3o viu aquilo que o diferenciava dos outros. Ele viu primeiro o homem\u201d, afirmou.<\/span><\/p>\n<p><strong>Jesus v\u00ea o interior<\/strong><\/p>\n<p><span style=\"font-weight: 400;\">O pastor lembrou que Cristo n\u00e3o v\u00ea apenas o exterior do homem, mas o interior do seu cora\u00e7\u00e3o e oferece sua gra\u00e7a transformadora.<\/span><\/p>\n<p><span style=\"font-weight: 400;\">\u201cJesus n\u00e3o v\u00ea o drogado, Jesus v\u00ea o menino. Jesus n\u00e3o v\u00ea a prostituta, Jesus v\u00ea a mulher. Jesus v\u00ea al\u00e9m das m\u00e1scaras, Jesus v\u00ea al\u00e9m dos rem\u00e9dios, Ele v\u00ea al\u00e9m dos traumas. Jesus v\u00ea a gente por tr\u00e1s de tudo isso. Jesus v\u00ea algu\u00e9m que precisa de gra\u00e7a\u201d, pregou.<\/span><\/p>\n<p><span style=\"font-weight: 400;\">\u201cO Senhor diz pra gente: \u2018Eu sei porque voc\u00ea se tornou uma pessoa desconfiada. Eu sei porque voc\u00ea n\u00e3o confia em ningu\u00e9m. Mas eu n\u00e3o te vejo como o homem v\u00ea. Eu olho voc\u00ea por dentro. Eu sei onde est\u00e3o as \u00e1reas da tua vida em que o meu poder precisa entrar para corrigir e curar\u2019\u201d.<\/span><\/p>\n<p><span style=\"font-weight: 400;\">Na passagem b\u00edblica de Jo\u00e3o 9, os disc\u00edpulos enxergaram primeiro a limita\u00e7\u00e3o do cego. \u201cEles s\u00e3o os primeiros a tirar conclus\u00f5es sobre o problema e v\u00e3o dizer: \u2018Senhor, porque ele \u00e9 cego? Quem pecou? Foi ele? Foram os pais?\u2019\u201d, comentou Tom.<\/span><\/p>\n<p><span style=\"font-weight: 400;\">Depois de explicar que o cego n\u00e3o nasceu assim por causa do pecado, mas para manifestar a Gl\u00f3ria de Deus, Jesus faz lama com sua pr\u00f3pria saliva, passa nos olhos do homem e ordena que ele se lave no tanque.<\/span><\/p>\n<p><span style=\"font-weight: 400;\">\u201cEnquanto a \u00e1gua batia nos seus olhos, ele vai limpando, talvez ele comece a ver alguns reflexos sobre a \u00e1gua, as coisas come\u00e7am a ficar n\u00edtidas, ele come\u00e7a a enxergar, ele viu a luz, o sol bate em seus olhos, ele v\u00ea a cor das flores, tudo agora se encaixa, o que ele ouve se sincroniza com o que ele v\u00ea\u201d, parafraseou o pastor Tom.<\/span><\/p>\n<p><strong>Vida na luz<\/strong><\/p>\n<p><span style=\"font-weight: 400;\">Segundo o l\u00edder, o homem n\u00e3o foi apenas curado de sua cegueira f\u00edsica, mas tamb\u00e9m de sua cegueira espiritual. \u201cEle era impossibilitado de ver espiritualmente. Ele foi curado e restaurado\u201d, destacou.<\/span><\/p>\n<p><span style=\"font-weight: 400;\">\u201cDavi, Paulo e Jeremias falaram que a pior defici\u00eancia que o homem carrega n\u00e3o \u00e9 a cegueira, a surdez, a paralisia, o c\u00e2ncer, \u00e9 o pecado. O mesmo Jesus que abriu os olhos do cego, abre tamb\u00e9m agora os olhos da sua alma\u201d, ministrou.<\/span><\/p>\n<p><span style=\"font-weight: 400;\">O pastor declarou que Jesus deseja curar a cegueira espiritual para que os homens vivam em sua luz.<\/span><\/p>\n<p><span style=\"font-weight: 400;\">\u201cUm dia todos n\u00f3s fomos cegos. A Palavra diz que Ele desceu do C\u00e9u pra nos encontrar, Ele deixou toda a sua gl\u00f3ria para nos restaurar, cuidar e redimir. Desde quando o Senhor te viu, Ele nunca mais deixar\u00e1 de te olhar\u201d, garantiu.<\/span><\/p>\n<p><span style=\"font-weight: 400;\">Tom Dias incentivou os crist\u00e3os a viverem uma vida dedicada ao Senhor e a terem uma f\u00e9 genu\u00edna.<\/span><\/p>\n<p><span style=\"font-weight: 400;\">\u201cVoc\u00ea j\u00e1 foi visto, j\u00e1 foi curado, j\u00e1 foi redimido. Voc\u00ea vai largar essas coisas que te afastam de Deus ou vai continuar em pecado? Voc\u00ea vai ficar apagado na escurid\u00e3o ou vai confessar que Jesus Cristo \u00e9 o Senhor e vai deixar Ele cuidar da sua vida?\u201d.<\/span><\/p>\n<p><span style=\"font-weight: 400;\">E enfatizou: \u201cA f\u00e9 verdadeira \u00e9 a que nasce quando n\u00f3s reconhecemos a nossa cegueira e olhamos para Cristo\u201d.<\/span><\/p>\n<\/div>\n<p><br \/>\n<br \/>Fonte: Guiame <\/p>\n","protected":false},"excerpt":{"rendered":"<p>O pastor Tom Dias exortou os crist\u00e3os a deixarem Jesus remover a cegueira espiritual e desfrutarem de uma vida na luz de Cristo, durante uma prega\u00e7\u00e3o na Igreja Adventista da Promessa Vila Helena (IAPV), em Sorocaba, S\u00e3o Paulo. Baseado na passagem b\u00edblica de Jo\u00e3o 9, quando Jesus cura um cego de nascen\u00e7a, o pastor falou [&hellip;]<\/p>\n","protected":false},"author":1,"featured_media":6521,"comment_status":"","ping_status":"open","sticky":false,"template":"","format":"standard","meta":{"footnotes":""},"categories":[43],"tags":[],"class_list":["post-6520","post","type-post","status-publish","format-standard","has-post-thumbnail","hentry","category-destaques"],"yoast_head":"<!-- This site is optimized with the Yoast SEO plugin v26.8 - https:\/\/yoast.com\/product\/yoast-seo-wordpress\/ -->\n<title>\u201cA f\u00e9 verdadeira nasce quando reconhecemos nossa cegueira espiritual\u201d, diz pastor - R\u00e1dio Porto Seguro<\/title>\n<meta name=\"robots\" content=\"index, follow, max-snippet:-1, max-image-preview:large, max-video-preview:-1\" \/>\n<link rel=\"canonical\" href=\"https:\/\/radioportoseguro.com.br\/site\/2026\/04\/30\/a-fe-verdadeira-nasce-quando-reconhecemos-nossa-cegueira-espiritual-diz-pastor\/\" \/>\n<meta property=\"og:locale\" content=\"pt_BR\" \/>\n<meta property=\"og:type\" content=\"article\" \/>\n<meta property=\"og:title\" content=\"\u201cA f\u00e9 verdadeira nasce quando reconhecemos nossa cegueira espiritual\u201d, diz pastor - R\u00e1dio Porto Seguro\" \/>\n<meta property=\"og:description\" content=\"O pastor Tom Dias exortou os crist\u00e3os a deixarem Jesus remover a cegueira espiritual e desfrutarem de uma vida na luz de Cristo, durante uma prega\u00e7\u00e3o na Igreja Adventista da Promessa Vila Helena (IAPV), em Sorocaba, S\u00e3o Paulo. Baseado na passagem b\u00edblica de Jo\u00e3o 9, quando Jesus cura um cego de nascen\u00e7a, o pastor falou [&hellip;]\" \/>\n<meta property=\"og:url\" content=\"https:\/\/radioportoseguro.com.br\/site\/2026\/04\/30\/a-fe-verdadeira-nasce-quando-reconhecemos-nossa-cegueira-espiritual-diz-pastor\/\" \/>\n<meta property=\"og:site_name\" content=\"R\u00e1dio Porto Seguro\" \/>\n<meta property=\"article:published_time\" content=\"2026-04-30T21:13:40+00:00\" \/>\n<meta property=\"og:image\" content=\"https:\/\/media.guiame.com.br\/archives\/2026\/04\/29\/3563960813-tom-dias.jpeg\" \/>\n<meta name=\"author\" content=\"admin\" \/>\n<meta name=\"twitter:card\" content=\"summary_large_image\" \/>\n<meta name=\"twitter:label1\" content=\"Escrito por\" \/>\n\t<meta name=\"twitter:data1\" content=\"admin\" \/>\n\t<meta name=\"twitter:label2\" content=\"Est. tempo de leitura\" \/>\n\t<meta name=\"twitter:data2\" content=\"4 minutos\" \/>\n<script type=\"application\/ld+json\" class=\"yoast-schema-graph\">{\"@context\":\"https:\/\/schema.org\",\"@graph\":[{\"@type\":\"Article\",\"@id\":\"https:\/\/radioportoseguro.com.br\/site\/2026\/04\/30\/a-fe-verdadeira-nasce-quando-reconhecemos-nossa-cegueira-espiritual-diz-pastor\/#article\",\"isPartOf\":{\"@id\":\"https:\/\/radioportoseguro.com.br\/site\/2026\/04\/30\/a-fe-verdadeira-nasce-quando-reconhecemos-nossa-cegueira-espiritual-diz-pastor\/\"},\"author\":{\"name\":\"admin\",\"@id\":\"https:\/\/radioportoseguro.com.br\/site\/#\/schema\/person\/7630acdc320186f13639d3c067ec089b\"},\"headline\":\"\u201cA f\u00e9 verdadeira nasce quando reconhecemos nossa cegueira espiritual\u201d, diz pastor\",\"datePublished\":\"2026-04-30T21:13:40+00:00\",\"mainEntityOfPage\":{\"@id\":\"https:\/\/radioportoseguro.com.br\/site\/2026\/04\/30\/a-fe-verdadeira-nasce-quando-reconhecemos-nossa-cegueira-espiritual-diz-pastor\/\"},\"wordCount\":724,\"image\":{\"@id\":\"https:\/\/radioportoseguro.com.br\/site\/2026\/04\/30\/a-fe-verdadeira-nasce-quando-reconhecemos-nossa-cegueira-espiritual-diz-pastor\/#primaryimage\"},\"thumbnailUrl\":\"https:\/\/radioportoseguro.com.br\/site\/wp-content\/uploads\/2026\/04\/3563960813-tom-dias.jpeg\",\"articleSection\":[\"Destaques\"],\"inLanguage\":\"pt-BR\"},{\"@type\":\"WebPage\",\"@id\":\"https:\/\/radioportoseguro.com.br\/site\/2026\/04\/30\/a-fe-verdadeira-nasce-quando-reconhecemos-nossa-cegueira-espiritual-diz-pastor\/\",\"url\":\"https:\/\/radioportoseguro.com.br\/site\/2026\/04\/30\/a-fe-verdadeira-nasce-quando-reconhecemos-nossa-cegueira-espiritual-diz-pastor\/\",\"name\":\"\u201cA f\u00e9 verdadeira nasce quando reconhecemos nossa cegueira espiritual\u201d, diz pastor - R\u00e1dio Porto Seguro\",\"isPartOf\":{\"@id\":\"https:\/\/radioportoseguro.com.br\/site\/#website\"},\"primaryImageOfPage\":{\"@id\":\"https:\/\/radioportoseguro.com.br\/site\/2026\/04\/30\/a-fe-verdadeira-nasce-quando-reconhecemos-nossa-cegueira-espiritual-diz-pastor\/#primaryimage\"},\"image\":{\"@id\":\"https:\/\/radioportoseguro.com.br\/site\/2026\/04\/30\/a-fe-verdadeira-nasce-quando-reconhecemos-nossa-cegueira-espiritual-diz-pastor\/#primaryimage\"},\"thumbnailUrl\":\"https:\/\/radioportoseguro.com.br\/site\/wp-content\/uploads\/2026\/04\/3563960813-tom-dias.jpeg\",\"datePublished\":\"2026-04-30T21:13:40+00:00\",\"author\":{\"@id\":\"https:\/\/radioportoseguro.com.br\/site\/#\/schema\/person\/7630acdc320186f13639d3c067ec089b\"},\"breadcrumb\":{\"@id\":\"https:\/\/radioportoseguro.com.br\/site\/2026\/04\/30\/a-fe-verdadeira-nasce-quando-reconhecemos-nossa-cegueira-espiritual-diz-pastor\/#breadcrumb\"},\"inLanguage\":\"pt-BR\",\"potentialAction\":[{\"@type\":\"ReadAction\",\"target\":[\"https:\/\/radioportoseguro.com.br\/site\/2026\/04\/30\/a-fe-verdadeira-nasce-quando-reconhecemos-nossa-cegueira-espiritual-diz-pastor\/\"]}]},{\"@type\":\"ImageObject\",\"inLanguage\":\"pt-BR\",\"@id\":\"https:\/\/radioportoseguro.com.br\/site\/2026\/04\/30\/a-fe-verdadeira-nasce-quando-reconhecemos-nossa-cegueira-espiritual-diz-pastor\/#primaryimage\",\"url\":\"https:\/\/radioportoseguro.com.br\/site\/wp-content\/uploads\/2026\/04\/3563960813-tom-dias.jpeg\",\"contentUrl\":\"https:\/\/radioportoseguro.com.br\/site\/wp-content\/uploads\/2026\/04\/3563960813-tom-dias.jpeg\",\"width\":1200,\"height\":600},{\"@type\":\"BreadcrumbList\",\"@id\":\"https:\/\/radioportoseguro.com.br\/site\/2026\/04\/30\/a-fe-verdadeira-nasce-quando-reconhecemos-nossa-cegueira-espiritual-diz-pastor\/#breadcrumb\",\"itemListElement\":[{\"@type\":\"ListItem\",\"position\":1,\"name\":\"In\u00edcio\",\"item\":\"https:\/\/radioportoseguro.com.br\/site\/\"},{\"@type\":\"ListItem\",\"position\":2,\"name\":\"\u201cA f\u00e9 verdadeira nasce quando reconhecemos nossa cegueira espiritual\u201d, diz pastor\"}]},{\"@type\":\"WebSite\",\"@id\":\"https:\/\/radioportoseguro.com.br\/site\/#website\",\"url\":\"https:\/\/radioportoseguro.com.br\/site\/\",\"name\":\"R\u00e1dio Porto Seguro\",\"description\":\"\",\"potentialAction\":[{\"@type\":\"SearchAction\",\"target\":{\"@type\":\"EntryPoint\",\"urlTemplate\":\"https:\/\/radioportoseguro.com.br\/site\/?s={search_term_string}\"},\"query-input\":{\"@type\":\"PropertyValueSpecification\",\"valueRequired\":true,\"valueName\":\"search_term_string\"}}],\"inLanguage\":\"pt-BR\"},{\"@type\":\"Person\",\"@id\":\"https:\/\/radioportoseguro.com.br\/site\/#\/schema\/person\/7630acdc320186f13639d3c067ec089b\",\"name\":\"admin\",\"image\":{\"@type\":\"ImageObject\",\"inLanguage\":\"pt-BR\",\"@id\":\"https:\/\/radioportoseguro.com.br\/site\/#\/schema\/person\/image\/\",\"url\":\"https:\/\/secure.gravatar.com\/avatar\/caacf4dc1eedb68fab0df8e1ed46c448e578b2466351bbcb61e47d2ac0caaef0?s=96&d=mm&r=g\",\"contentUrl\":\"https:\/\/secure.gravatar.com\/avatar\/caacf4dc1eedb68fab0df8e1ed46c448e578b2466351bbcb61e47d2ac0caaef0?s=96&d=mm&r=g\",\"caption\":\"admin\"},\"sameAs\":[\"https:\/\/radioportoseguro.com.br\/site\"],\"url\":\"https:\/\/radioportoseguro.com.br\/site\/author\/hezio\/\"}]}<\/script>\n<!-- \/ Yoast SEO plugin. -->","yoast_head_json":{"title":"\u201cA f\u00e9 verdadeira nasce quando reconhecemos nossa cegueira espiritual\u201d, diz pastor - R\u00e1dio Porto Seguro","robots":{"index":"index","follow":"follow","max-snippet":"max-snippet:-1","max-image-preview":"max-image-preview:large","max-video-preview":"max-video-preview:-1"},"canonical":"https:\/\/radioportoseguro.com.br\/site\/2026\/04\/30\/a-fe-verdadeira-nasce-quando-reconhecemos-nossa-cegueira-espiritual-diz-pastor\/","og_locale":"pt_BR","og_type":"article","og_title":"\u201cA f\u00e9 verdadeira nasce quando reconhecemos nossa cegueira espiritual\u201d, diz pastor - R\u00e1dio Porto Seguro","og_description":"O pastor Tom Dias exortou os crist\u00e3os a deixarem Jesus remover a cegueira espiritual e desfrutarem de uma vida na luz de Cristo, durante uma prega\u00e7\u00e3o na Igreja Adventista da Promessa Vila Helena (IAPV), em Sorocaba, S\u00e3o Paulo. Baseado na passagem b\u00edblica de Jo\u00e3o 9, quando Jesus cura um cego de nascen\u00e7a, o pastor falou [&hellip;]","og_url":"https:\/\/radioportoseguro.com.br\/site\/2026\/04\/30\/a-fe-verdadeira-nasce-quando-reconhecemos-nossa-cegueira-espiritual-diz-pastor\/","og_site_name":"R\u00e1dio Porto Seguro","article_published_time":"2026-04-30T21:13:40+00:00","og_image":[{"url":"https:\/\/media.guiame.com.br\/archives\/2026\/04\/29\/3563960813-tom-dias.jpeg","type":"","width":"","height":""}],"author":"admin","twitter_card":"summary_large_image","twitter_misc":{"Escrito por":"admin","Est. tempo de leitura":"4 minutos"},"schema":{"@context":"https:\/\/schema.org","@graph":[{"@type":"Article","@id":"https:\/\/radioportoseguro.com.br\/site\/2026\/04\/30\/a-fe-verdadeira-nasce-quando-reconhecemos-nossa-cegueira-espiritual-diz-pastor\/#article","isPartOf":{"@id":"https:\/\/radioportoseguro.com.br\/site\/2026\/04\/30\/a-fe-verdadeira-nasce-quando-reconhecemos-nossa-cegueira-espiritual-diz-pastor\/"},"author":{"name":"admin","@id":"https:\/\/radioportoseguro.com.br\/site\/#\/schema\/person\/7630acdc320186f13639d3c067ec089b"},"headline":"\u201cA f\u00e9 verdadeira nasce quando reconhecemos nossa cegueira espiritual\u201d, diz pastor","datePublished":"2026-04-30T21:13:40+00:00","mainEntityOfPage":{"@id":"https:\/\/radioportoseguro.com.br\/site\/2026\/04\/30\/a-fe-verdadeira-nasce-quando-reconhecemos-nossa-cegueira-espiritual-diz-pastor\/"},"wordCount":724,"image":{"@id":"https:\/\/radioportoseguro.com.br\/site\/2026\/04\/30\/a-fe-verdadeira-nasce-quando-reconhecemos-nossa-cegueira-espiritual-diz-pastor\/#primaryimage"},"thumbnailUrl":"https:\/\/radioportoseguro.com.br\/site\/wp-content\/uploads\/2026\/04\/3563960813-tom-dias.jpeg","articleSection":["Destaques"],"inLanguage":"pt-BR"},{"@type":"WebPage","@id":"https:\/\/radioportoseguro.com.br\/site\/2026\/04\/30\/a-fe-verdadeira-nasce-quando-reconhecemos-nossa-cegueira-espiritual-diz-pastor\/","url":"https:\/\/radioportoseguro.com.br\/site\/2026\/04\/30\/a-fe-verdadeira-nasce-quando-reconhecemos-nossa-cegueira-espiritual-diz-pastor\/","name":"\u201cA f\u00e9 verdadeira nasce quando reconhecemos nossa cegueira espiritual\u201d, diz pastor - R\u00e1dio Porto Seguro","isPartOf":{"@id":"https:\/\/radioportoseguro.com.br\/site\/#website"},"primaryImageOfPage":{"@id":"https:\/\/radioportoseguro.com.br\/site\/2026\/04\/30\/a-fe-verdadeira-nasce-quando-reconhecemos-nossa-cegueira-espiritual-diz-pastor\/#primaryimage"},"image":{"@id":"https:\/\/radioportoseguro.com.br\/site\/2026\/04\/30\/a-fe-verdadeira-nasce-quando-reconhecemos-nossa-cegueira-espiritual-diz-pastor\/#primaryimage"},"thumbnailUrl":"https:\/\/radioportoseguro.com.br\/site\/wp-content\/uploads\/2026\/04\/3563960813-tom-dias.jpeg","datePublished":"2026-04-30T21:13:40+00:00","author":{"@id":"https:\/\/radioportoseguro.com.br\/site\/#\/schema\/person\/7630acdc320186f13639d3c067ec089b"},"breadcrumb":{"@id":"https:\/\/radioportoseguro.com.br\/site\/2026\/04\/30\/a-fe-verdadeira-nasce-quando-reconhecemos-nossa-cegueira-espiritual-diz-pastor\/#breadcrumb"},"inLanguage":"pt-BR","potentialAction":[{"@type":"ReadAction","target":["https:\/\/radioportoseguro.com.br\/site\/2026\/04\/30\/a-fe-verdadeira-nasce-quando-reconhecemos-nossa-cegueira-espiritual-diz-pastor\/"]}]},{"@type":"ImageObject","inLanguage":"pt-BR","@id":"https:\/\/radioportoseguro.com.br\/site\/2026\/04\/30\/a-fe-verdadeira-nasce-quando-reconhecemos-nossa-cegueira-espiritual-diz-pastor\/#primaryimage","url":"https:\/\/radioportoseguro.com.br\/site\/wp-content\/uploads\/2026\/04\/3563960813-tom-dias.jpeg","contentUrl":"https:\/\/radioportoseguro.com.br\/site\/wp-content\/uploads\/2026\/04\/3563960813-tom-dias.jpeg","width":1200,"height":600},{"@type":"BreadcrumbList","@id":"https:\/\/radioportoseguro.com.br\/site\/2026\/04\/30\/a-fe-verdadeira-nasce-quando-reconhecemos-nossa-cegueira-espiritual-diz-pastor\/#breadcrumb","itemListElement":[{"@type":"ListItem","position":1,"name":"In\u00edcio","item":"https:\/\/radioportoseguro.com.br\/site\/"},{"@type":"ListItem","position":2,"name":"\u201cA f\u00e9 verdadeira nasce quando reconhecemos nossa cegueira espiritual\u201d, diz pastor"}]},{"@type":"WebSite","@id":"https:\/\/radioportoseguro.com.br\/site\/#website","url":"https:\/\/radioportoseguro.com.br\/site\/","name":"R\u00e1dio Porto Seguro","description":"","potentialAction":[{"@type":"SearchAction","target":{"@type":"EntryPoint","urlTemplate":"https:\/\/radioportoseguro.com.br\/site\/?s={search_term_string}"},"query-input":{"@type":"PropertyValueSpecification","valueRequired":true,"valueName":"search_term_string"}}],"inLanguage":"pt-BR"},{"@type":"Person","@id":"https:\/\/radioportoseguro.com.br\/site\/#\/schema\/person\/7630acdc320186f13639d3c067ec089b","name":"admin","image":{"@type":"ImageObject","inLanguage":"pt-BR","@id":"https:\/\/radioportoseguro.com.br\/site\/#\/schema\/person\/image\/","url":"https:\/\/secure.gravatar.com\/avatar\/caacf4dc1eedb68fab0df8e1ed46c448e578b2466351bbcb61e47d2ac0caaef0?s=96&d=mm&r=g","contentUrl":"https:\/\/secure.gravatar.com\/avatar\/caacf4dc1eedb68fab0df8e1ed46c448e578b2466351bbcb61e47d2ac0caaef0?s=96&d=mm&r=g","caption":"admin"},"sameAs":["https:\/\/radioportoseguro.com.br\/site"],"url":"https:\/\/radioportoseguro.com.br\/site\/author\/hezio\/"}]}},"_links":{"self":[{"href":"https:\/\/radioportoseguro.com.br\/site\/wp-json\/wp\/v2\/posts\/6520","targetHints":{"allow":["GET"]}}],"collection":[{"href":"https:\/\/radioportoseguro.com.br\/site\/wp-json\/wp\/v2\/posts"}],"about":[{"href":"https:\/\/radioportoseguro.com.br\/site\/wp-json\/wp\/v2\/types\/post"}],"author":[{"embeddable":true,"href":"https:\/\/radioportoseguro.com.br\/site\/wp-json\/wp\/v2\/users\/1"}],"replies":[{"embeddable":true,"href":"https:\/\/radioportoseguro.com.br\/site\/wp-json\/wp\/v2\/comments?post=6520"}],"version-history":[{"count":0,"href":"https:\/\/radioportoseguro.com.br\/site\/wp-json\/wp\/v2\/posts\/6520\/revisions"}],"wp:featuredmedia":[{"embeddable":true,"href":"https:\/\/radioportoseguro.com.br\/site\/wp-json\/wp\/v2\/media\/6521"}],"wp:attachment":[{"href":"https:\/\/radioportoseguro.com.br\/site\/wp-json\/wp\/v2\/media?parent=6520"}],"wp:term":[{"taxonomy":"category","embeddable":true,"href":"https:\/\/radioportoseguro.com.br\/site\/wp-json\/wp\/v2\/categories?post=6520"},{"taxonomy":"post_tag","embeddable":true,"href":"https:\/\/radioportoseguro.com.br\/site\/wp-json\/wp\/v2\/tags?post=6520"}],"curies":[{"name":"wp","href":"https:\/\/api.w.org\/{rel}","templated":true}]}}