{"id":6522,"date":"2026-04-30T19:02:01","date_gmt":"2026-04-30T22:02:01","guid":{"rendered":"https:\/\/radioportoseguro.com.br\/site\/2026\/04\/30\/assembleia-de-deus-abre-filial-na-suecia-pais-com-alto-indice-de-ateus\/"},"modified":"2026-04-30T19:02:01","modified_gmt":"2026-04-30T22:02:01","slug":"assembleia-de-deus-abre-filial-na-suecia-pais-com-alto-indice-de-ateus","status":"publish","type":"post","link":"https:\/\/radioportoseguro.com.br\/site\/2026\/04\/30\/assembleia-de-deus-abre-filial-na-suecia-pais-com-alto-indice-de-ateus\/","title":{"rendered":"Assembleia de Deus abre filial na Su\u00e9cia, pa\u00eds com alto \u00edndice de ateus"},"content":{"rendered":"<p><br \/>\n<\/p>\n<div>\n<div class=\"td-post-featured-image\">\n<figure><figcaption class=\"wp-caption-text\">O pastor Jos\u00e9 Wellington Bezerra da Costa (esq.), presidente da Assembleia de Deus Minist\u00e9rio do Bel\u00e9m em S\u00e3o Paulo)<\/figcaption><\/figure>\n<\/div>\n<p> <!-- A generated by theme --> <\/p>\n<p> <!-- end A --> <\/p>\n<p>Um momento de profunda emo\u00e7\u00e3o marcou a inaugura\u00e7\u00e3o de uma nova igreja da Assembleia de Deus na <strong>Su\u00e9cia<\/strong>. O pastor Jos\u00e9 Wellington Bezerra da Costa manifestou sua como\u00e7\u00e3o ao ver a abertura do templo em uma na\u00e7\u00e3o com fortes la\u00e7os hist\u00f3ricos com a origem da denomina\u00e7\u00e3o, mas que tamb\u00e9m se destaca por seu\u00a0elevado percentual de ate\u00edsmo.<\/p>\n<p>As ra\u00edzes da Assembleia de Deus no Brasil remontam ao in\u00edcio do s\u00e9culo XX, quando\u00a0mission\u00e1rios suecos como Gunnar Vingren e Daniel Berg\u00a0chegaram ao pa\u00eds em 1910. A percep\u00e7\u00e3o de que a igreja fundada por eles agora retorna \u00e0 sua na\u00e7\u00e3o de origem gerou um sentimento especial. <\/p>\n<p>\u201c\u00c9 emocionante saber que de l\u00e1 surgiu a Assembleia de Deus, e agora temos o privil\u00e9gio de levar novamente a Palavra \u00e0quela na\u00e7\u00e3o\u201d, declarou o pastor.<\/p>\n<p>A nova congrega\u00e7\u00e3o sueca tem como objetivo acolher tanto a comunidade brasileira residente no pa\u00eds quanto os moradores locais. Os organizadores indicam que o espa\u00e7o servir\u00e1 tamb\u00e9m como ponto estrat\u00e9gico para a expans\u00e3o das atividades da igreja em toda a regi\u00e3o.<\/p>\n<p>A <strong>Su\u00e9cia <\/strong>\u00e9 reconhecida mundialmente por apresentar um dos mais altos \u00edndices de <strong>ate\u00edsmo <\/strong>entre suas popula\u00e7\u00f5es. Uma pesquisa realizada em 2025 pelo Pew Research Center, abrangendo 22 pa\u00edses, apontou que 52% dos suecos se autodefinem como ateus, agn\u00f3sticos ou sem filia\u00e7\u00e3o religiosa espec\u00edfica. <\/p>\n<p>Mais da metade desse grupo \u2014 o equivalente a 28% de toda a popula\u00e7\u00e3o sueca \u2014 se declara completamente ateu, rejeitando a exist\u00eancia de for\u00e7as divinas e de vida ap\u00f3s a morte.<\/p>\n<p> <!-- A generated by theme --> <\/p>\n<p> <!-- end A --> <\/p>\n<figure class=\"wp-block-embed is-type-rich is-provider-instagram wp-block-embed-instagram\"\/>\n<p><strong>Folha Gospel com informa\u00e7\u00f5es de UOL<\/strong><\/p>\n<p> <!-- A generated by theme --> <\/p>\n<p> <!-- end A --> <\/p><\/div>\n<p><script>(function (d, s, id) {\n                var js, fjs = d.getElementsByTagName(s)[0];\n                if (d.getElementById(id)) return;\n                js = d.createElement(s);\n                js.id = id;\n                js.src=\"https:\/\/connect.facebook.net\/pt_BR\/sdk.js#xfbml=1&version=v2.11&appId=264312870658742&autoLogAppEvents=1\";\n                fjs.parentNode.insertBefore(js, fjs);\n            }(document, 'script', 'facebook-jssdk'));<\/script><br \/>\n<br \/><br \/>\n<br \/>Fonte: Folha Gospel<\/p>\n","protected":false},"excerpt":{"rendered":"<p>O pastor Jos\u00e9 Wellington Bezerra da Costa (esq.), presidente da Assembleia de Deus Minist\u00e9rio do Bel\u00e9m em S\u00e3o Paulo) Um momento de profunda emo\u00e7\u00e3o marcou a inaugura\u00e7\u00e3o de uma nova igreja da Assembleia de Deus na Su\u00e9cia. O pastor Jos\u00e9 Wellington Bezerra da Costa manifestou sua como\u00e7\u00e3o ao ver a abertura do templo em uma [&hellip;]<\/p>\n","protected":false},"author":1,"featured_media":6523,"comment_status":"","ping_status":"open","sticky":false,"template":"","format":"standard","meta":{"footnotes":""},"categories":[3],"tags":[],"class_list":["post-6522","post","type-post","status-publish","format-standard","has-post-thumbnail","hentry","category-gospel"],"yoast_head":"<!-- This site is optimized with the Yoast SEO plugin v26.8 - https:\/\/yoast.com\/product\/yoast-seo-wordpress\/ -->\n<title>Assembleia de Deus abre filial na Su\u00e9cia, pa\u00eds com alto \u00edndice de ateus - R\u00e1dio Porto Seguro<\/title>\n<meta name=\"robots\" content=\"index, follow, max-snippet:-1, max-image-preview:large, max-video-preview:-1\" \/>\n<link rel=\"canonical\" href=\"https:\/\/radioportoseguro.com.br\/site\/2026\/04\/30\/assembleia-de-deus-abre-filial-na-suecia-pais-com-alto-indice-de-ateus\/\" \/>\n<meta property=\"og:locale\" content=\"pt_BR\" \/>\n<meta property=\"og:type\" content=\"article\" \/>\n<meta property=\"og:title\" content=\"Assembleia de Deus abre filial na Su\u00e9cia, pa\u00eds com alto \u00edndice de ateus - R\u00e1dio Porto Seguro\" \/>\n<meta property=\"og:description\" content=\"O pastor Jos\u00e9 Wellington Bezerra da Costa (esq.), presidente da Assembleia de Deus Minist\u00e9rio do Bel\u00e9m em S\u00e3o Paulo) Um momento de profunda emo\u00e7\u00e3o marcou a inaugura\u00e7\u00e3o de uma nova igreja da Assembleia de Deus na Su\u00e9cia. O pastor Jos\u00e9 Wellington Bezerra da Costa manifestou sua como\u00e7\u00e3o ao ver a abertura do templo em uma [&hellip;]\" \/>\n<meta property=\"og:url\" content=\"https:\/\/radioportoseguro.com.br\/site\/2026\/04\/30\/assembleia-de-deus-abre-filial-na-suecia-pais-com-alto-indice-de-ateus\/\" \/>\n<meta property=\"og:site_name\" content=\"R\u00e1dio Porto Seguro\" \/>\n<meta property=\"article:published_time\" content=\"2026-04-30T22:02:01+00:00\" \/>\n<meta property=\"og:image\" content=\"https:\/\/i0.wp.com\/folhagospel.com\/wp-content\/uploads\/2026\/04\/image-41.png?resize=696%2C391&amp;ssl=1\" \/>\n<meta name=\"author\" content=\"admin\" \/>\n<meta name=\"twitter:card\" content=\"summary_large_image\" \/>\n<meta name=\"twitter:label1\" content=\"Escrito por\" \/>\n\t<meta name=\"twitter:data1\" content=\"admin\" \/>\n\t<meta name=\"twitter:label2\" content=\"Est. tempo de leitura\" \/>\n\t<meta name=\"twitter:data2\" content=\"2 minutos\" \/>\n<script type=\"application\/ld+json\" class=\"yoast-schema-graph\">{\"@context\":\"https:\/\/schema.org\",\"@graph\":[{\"@type\":\"Article\",\"@id\":\"https:\/\/radioportoseguro.com.br\/site\/2026\/04\/30\/assembleia-de-deus-abre-filial-na-suecia-pais-com-alto-indice-de-ateus\/#article\",\"isPartOf\":{\"@id\":\"https:\/\/radioportoseguro.com.br\/site\/2026\/04\/30\/assembleia-de-deus-abre-filial-na-suecia-pais-com-alto-indice-de-ateus\/\"},\"author\":{\"name\":\"admin\",\"@id\":\"https:\/\/radioportoseguro.com.br\/site\/#\/schema\/person\/7630acdc320186f13639d3c067ec089b\"},\"headline\":\"Assembleia de Deus abre filial na Su\u00e9cia, pa\u00eds com alto \u00edndice de ateus\",\"datePublished\":\"2026-04-30T22:02:01+00:00\",\"mainEntityOfPage\":{\"@id\":\"https:\/\/radioportoseguro.com.br\/site\/2026\/04\/30\/assembleia-de-deus-abre-filial-na-suecia-pais-com-alto-indice-de-ateus\/\"},\"wordCount\":324,\"image\":{\"@id\":\"https:\/\/radioportoseguro.com.br\/site\/2026\/04\/30\/assembleia-de-deus-abre-filial-na-suecia-pais-com-alto-indice-de-ateus\/#primaryimage\"},\"thumbnailUrl\":\"https:\/\/radioportoseguro.com.br\/site\/wp-content\/uploads\/2026\/04\/image-41.png\",\"articleSection\":[\"Gospel\"],\"inLanguage\":\"pt-BR\"},{\"@type\":\"WebPage\",\"@id\":\"https:\/\/radioportoseguro.com.br\/site\/2026\/04\/30\/assembleia-de-deus-abre-filial-na-suecia-pais-com-alto-indice-de-ateus\/\",\"url\":\"https:\/\/radioportoseguro.com.br\/site\/2026\/04\/30\/assembleia-de-deus-abre-filial-na-suecia-pais-com-alto-indice-de-ateus\/\",\"name\":\"Assembleia de Deus abre filial na Su\u00e9cia, pa\u00eds com alto \u00edndice de ateus - R\u00e1dio Porto Seguro\",\"isPartOf\":{\"@id\":\"https:\/\/radioportoseguro.com.br\/site\/#website\"},\"primaryImageOfPage\":{\"@id\":\"https:\/\/radioportoseguro.com.br\/site\/2026\/04\/30\/assembleia-de-deus-abre-filial-na-suecia-pais-com-alto-indice-de-ateus\/#primaryimage\"},\"image\":{\"@id\":\"https:\/\/radioportoseguro.com.br\/site\/2026\/04\/30\/assembleia-de-deus-abre-filial-na-suecia-pais-com-alto-indice-de-ateus\/#primaryimage\"},\"thumbnailUrl\":\"https:\/\/radioportoseguro.com.br\/site\/wp-content\/uploads\/2026\/04\/image-41.png\",\"datePublished\":\"2026-04-30T22:02:01+00:00\",\"author\":{\"@id\":\"https:\/\/radioportoseguro.com.br\/site\/#\/schema\/person\/7630acdc320186f13639d3c067ec089b\"},\"breadcrumb\":{\"@id\":\"https:\/\/radioportoseguro.com.br\/site\/2026\/04\/30\/assembleia-de-deus-abre-filial-na-suecia-pais-com-alto-indice-de-ateus\/#breadcrumb\"},\"inLanguage\":\"pt-BR\",\"potentialAction\":[{\"@type\":\"ReadAction\",\"target\":[\"https:\/\/radioportoseguro.com.br\/site\/2026\/04\/30\/assembleia-de-deus-abre-filial-na-suecia-pais-com-alto-indice-de-ateus\/\"]}]},{\"@type\":\"ImageObject\",\"inLanguage\":\"pt-BR\",\"@id\":\"https:\/\/radioportoseguro.com.br\/site\/2026\/04\/30\/assembleia-de-deus-abre-filial-na-suecia-pais-com-alto-indice-de-ateus\/#primaryimage\",\"url\":\"https:\/\/radioportoseguro.com.br\/site\/wp-content\/uploads\/2026\/04\/image-41.png\",\"contentUrl\":\"https:\/\/radioportoseguro.com.br\/site\/wp-content\/uploads\/2026\/04\/image-41.png\",\"width\":900,\"height\":506},{\"@type\":\"BreadcrumbList\",\"@id\":\"https:\/\/radioportoseguro.com.br\/site\/2026\/04\/30\/assembleia-de-deus-abre-filial-na-suecia-pais-com-alto-indice-de-ateus\/#breadcrumb\",\"itemListElement\":[{\"@type\":\"ListItem\",\"position\":1,\"name\":\"In\u00edcio\",\"item\":\"https:\/\/radioportoseguro.com.br\/site\/\"},{\"@type\":\"ListItem\",\"position\":2,\"name\":\"Assembleia de Deus abre filial na Su\u00e9cia, pa\u00eds com alto \u00edndice de ateus\"}]},{\"@type\":\"WebSite\",\"@id\":\"https:\/\/radioportoseguro.com.br\/site\/#website\",\"url\":\"https:\/\/radioportoseguro.com.br\/site\/\",\"name\":\"R\u00e1dio Porto Seguro\",\"description\":\"\",\"potentialAction\":[{\"@type\":\"SearchAction\",\"target\":{\"@type\":\"EntryPoint\",\"urlTemplate\":\"https:\/\/radioportoseguro.com.br\/site\/?s={search_term_string}\"},\"query-input\":{\"@type\":\"PropertyValueSpecification\",\"valueRequired\":true,\"valueName\":\"search_term_string\"}}],\"inLanguage\":\"pt-BR\"},{\"@type\":\"Person\",\"@id\":\"https:\/\/radioportoseguro.com.br\/site\/#\/schema\/person\/7630acdc320186f13639d3c067ec089b\",\"name\":\"admin\",\"image\":{\"@type\":\"ImageObject\",\"inLanguage\":\"pt-BR\",\"@id\":\"https:\/\/radioportoseguro.com.br\/site\/#\/schema\/person\/image\/\",\"url\":\"https:\/\/secure.gravatar.com\/avatar\/caacf4dc1eedb68fab0df8e1ed46c448e578b2466351bbcb61e47d2ac0caaef0?s=96&d=mm&r=g\",\"contentUrl\":\"https:\/\/secure.gravatar.com\/avatar\/caacf4dc1eedb68fab0df8e1ed46c448e578b2466351bbcb61e47d2ac0caaef0?s=96&d=mm&r=g\",\"caption\":\"admin\"},\"sameAs\":[\"https:\/\/radioportoseguro.com.br\/site\"],\"url\":\"https:\/\/radioportoseguro.com.br\/site\/author\/hezio\/\"}]}<\/script>\n<!-- \/ Yoast SEO plugin. -->","yoast_head_json":{"title":"Assembleia de Deus abre filial na Su\u00e9cia, pa\u00eds com alto \u00edndice de ateus - R\u00e1dio Porto Seguro","robots":{"index":"index","follow":"follow","max-snippet":"max-snippet:-1","max-image-preview":"max-image-preview:large","max-video-preview":"max-video-preview:-1"},"canonical":"https:\/\/radioportoseguro.com.br\/site\/2026\/04\/30\/assembleia-de-deus-abre-filial-na-suecia-pais-com-alto-indice-de-ateus\/","og_locale":"pt_BR","og_type":"article","og_title":"Assembleia de Deus abre filial na Su\u00e9cia, pa\u00eds com alto \u00edndice de ateus - R\u00e1dio Porto Seguro","og_description":"O pastor Jos\u00e9 Wellington Bezerra da Costa (esq.), presidente da Assembleia de Deus Minist\u00e9rio do Bel\u00e9m em S\u00e3o Paulo) Um momento de profunda emo\u00e7\u00e3o marcou a inaugura\u00e7\u00e3o de uma nova igreja da Assembleia de Deus na Su\u00e9cia. O pastor Jos\u00e9 Wellington Bezerra da Costa manifestou sua como\u00e7\u00e3o ao ver a abertura do templo em uma [&hellip;]","og_url":"https:\/\/radioportoseguro.com.br\/site\/2026\/04\/30\/assembleia-de-deus-abre-filial-na-suecia-pais-com-alto-indice-de-ateus\/","og_site_name":"R\u00e1dio Porto Seguro","article_published_time":"2026-04-30T22:02:01+00:00","og_image":[{"url":"https:\/\/i0.wp.com\/folhagospel.com\/wp-content\/uploads\/2026\/04\/image-41.png?resize=696%2C391&amp;ssl=1","type":"","width":"","height":""}],"author":"admin","twitter_card":"summary_large_image","twitter_misc":{"Escrito por":"admin","Est. tempo de leitura":"2 minutos"},"schema":{"@context":"https:\/\/schema.org","@graph":[{"@type":"Article","@id":"https:\/\/radioportoseguro.com.br\/site\/2026\/04\/30\/assembleia-de-deus-abre-filial-na-suecia-pais-com-alto-indice-de-ateus\/#article","isPartOf":{"@id":"https:\/\/radioportoseguro.com.br\/site\/2026\/04\/30\/assembleia-de-deus-abre-filial-na-suecia-pais-com-alto-indice-de-ateus\/"},"author":{"name":"admin","@id":"https:\/\/radioportoseguro.com.br\/site\/#\/schema\/person\/7630acdc320186f13639d3c067ec089b"},"headline":"Assembleia de Deus abre filial na Su\u00e9cia, pa\u00eds com alto \u00edndice de ateus","datePublished":"2026-04-30T22:02:01+00:00","mainEntityOfPage":{"@id":"https:\/\/radioportoseguro.com.br\/site\/2026\/04\/30\/assembleia-de-deus-abre-filial-na-suecia-pais-com-alto-indice-de-ateus\/"},"wordCount":324,"image":{"@id":"https:\/\/radioportoseguro.com.br\/site\/2026\/04\/30\/assembleia-de-deus-abre-filial-na-suecia-pais-com-alto-indice-de-ateus\/#primaryimage"},"thumbnailUrl":"https:\/\/radioportoseguro.com.br\/site\/wp-content\/uploads\/2026\/04\/image-41.png","articleSection":["Gospel"],"inLanguage":"pt-BR"},{"@type":"WebPage","@id":"https:\/\/radioportoseguro.com.br\/site\/2026\/04\/30\/assembleia-de-deus-abre-filial-na-suecia-pais-com-alto-indice-de-ateus\/","url":"https:\/\/radioportoseguro.com.br\/site\/2026\/04\/30\/assembleia-de-deus-abre-filial-na-suecia-pais-com-alto-indice-de-ateus\/","name":"Assembleia de Deus abre filial na Su\u00e9cia, pa\u00eds com alto \u00edndice de ateus - R\u00e1dio Porto Seguro","isPartOf":{"@id":"https:\/\/radioportoseguro.com.br\/site\/#website"},"primaryImageOfPage":{"@id":"https:\/\/radioportoseguro.com.br\/site\/2026\/04\/30\/assembleia-de-deus-abre-filial-na-suecia-pais-com-alto-indice-de-ateus\/#primaryimage"},"image":{"@id":"https:\/\/radioportoseguro.com.br\/site\/2026\/04\/30\/assembleia-de-deus-abre-filial-na-suecia-pais-com-alto-indice-de-ateus\/#primaryimage"},"thumbnailUrl":"https:\/\/radioportoseguro.com.br\/site\/wp-content\/uploads\/2026\/04\/image-41.png","datePublished":"2026-04-30T22:02:01+00:00","author":{"@id":"https:\/\/radioportoseguro.com.br\/site\/#\/schema\/person\/7630acdc320186f13639d3c067ec089b"},"breadcrumb":{"@id":"https:\/\/radioportoseguro.com.br\/site\/2026\/04\/30\/assembleia-de-deus-abre-filial-na-suecia-pais-com-alto-indice-de-ateus\/#breadcrumb"},"inLanguage":"pt-BR","potentialAction":[{"@type":"ReadAction","target":["https:\/\/radioportoseguro.com.br\/site\/2026\/04\/30\/assembleia-de-deus-abre-filial-na-suecia-pais-com-alto-indice-de-ateus\/"]}]},{"@type":"ImageObject","inLanguage":"pt-BR","@id":"https:\/\/radioportoseguro.com.br\/site\/2026\/04\/30\/assembleia-de-deus-abre-filial-na-suecia-pais-com-alto-indice-de-ateus\/#primaryimage","url":"https:\/\/radioportoseguro.com.br\/site\/wp-content\/uploads\/2026\/04\/image-41.png","contentUrl":"https:\/\/radioportoseguro.com.br\/site\/wp-content\/uploads\/2026\/04\/image-41.png","width":900,"height":506},{"@type":"BreadcrumbList","@id":"https:\/\/radioportoseguro.com.br\/site\/2026\/04\/30\/assembleia-de-deus-abre-filial-na-suecia-pais-com-alto-indice-de-ateus\/#breadcrumb","itemListElement":[{"@type":"ListItem","position":1,"name":"In\u00edcio","item":"https:\/\/radioportoseguro.com.br\/site\/"},{"@type":"ListItem","position":2,"name":"Assembleia de Deus abre filial na Su\u00e9cia, pa\u00eds com alto \u00edndice de ateus"}]},{"@type":"WebSite","@id":"https:\/\/radioportoseguro.com.br\/site\/#website","url":"https:\/\/radioportoseguro.com.br\/site\/","name":"R\u00e1dio Porto Seguro","description":"","potentialAction":[{"@type":"SearchAction","target":{"@type":"EntryPoint","urlTemplate":"https:\/\/radioportoseguro.com.br\/site\/?s={search_term_string}"},"query-input":{"@type":"PropertyValueSpecification","valueRequired":true,"valueName":"search_term_string"}}],"inLanguage":"pt-BR"},{"@type":"Person","@id":"https:\/\/radioportoseguro.com.br\/site\/#\/schema\/person\/7630acdc320186f13639d3c067ec089b","name":"admin","image":{"@type":"ImageObject","inLanguage":"pt-BR","@id":"https:\/\/radioportoseguro.com.br\/site\/#\/schema\/person\/image\/","url":"https:\/\/secure.gravatar.com\/avatar\/caacf4dc1eedb68fab0df8e1ed46c448e578b2466351bbcb61e47d2ac0caaef0?s=96&d=mm&r=g","contentUrl":"https:\/\/secure.gravatar.com\/avatar\/caacf4dc1eedb68fab0df8e1ed46c448e578b2466351bbcb61e47d2ac0caaef0?s=96&d=mm&r=g","caption":"admin"},"sameAs":["https:\/\/radioportoseguro.com.br\/site"],"url":"https:\/\/radioportoseguro.com.br\/site\/author\/hezio\/"}]}},"_links":{"self":[{"href":"https:\/\/radioportoseguro.com.br\/site\/wp-json\/wp\/v2\/posts\/6522","targetHints":{"allow":["GET"]}}],"collection":[{"href":"https:\/\/radioportoseguro.com.br\/site\/wp-json\/wp\/v2\/posts"}],"about":[{"href":"https:\/\/radioportoseguro.com.br\/site\/wp-json\/wp\/v2\/types\/post"}],"author":[{"embeddable":true,"href":"https:\/\/radioportoseguro.com.br\/site\/wp-json\/wp\/v2\/users\/1"}],"replies":[{"embeddable":true,"href":"https:\/\/radioportoseguro.com.br\/site\/wp-json\/wp\/v2\/comments?post=6522"}],"version-history":[{"count":0,"href":"https:\/\/radioportoseguro.com.br\/site\/wp-json\/wp\/v2\/posts\/6522\/revisions"}],"wp:featuredmedia":[{"embeddable":true,"href":"https:\/\/radioportoseguro.com.br\/site\/wp-json\/wp\/v2\/media\/6523"}],"wp:attachment":[{"href":"https:\/\/radioportoseguro.com.br\/site\/wp-json\/wp\/v2\/media?parent=6522"}],"wp:term":[{"taxonomy":"category","embeddable":true,"href":"https:\/\/radioportoseguro.com.br\/site\/wp-json\/wp\/v2\/categories?post=6522"},{"taxonomy":"post_tag","embeddable":true,"href":"https:\/\/radioportoseguro.com.br\/site\/wp-json\/wp\/v2\/tags?post=6522"}],"curies":[{"name":"wp","href":"https:\/\/api.w.org\/{rel}","templated":true}]}}