{"id":6530,"date":"2026-04-30T23:04:19","date_gmt":"2026-05-01T02:04:19","guid":{"rendered":"https:\/\/radioportoseguro.com.br\/site\/2026\/04\/30\/azerbaijao-destroi-igrejas-cristas-historicas-em-nagorno-karabakh\/"},"modified":"2026-04-30T23:04:19","modified_gmt":"2026-05-01T02:04:19","slug":"azerbaijao-destroi-igrejas-cristas-historicas-em-nagorno-karabakh","status":"publish","type":"post","link":"https:\/\/radioportoseguro.com.br\/site\/2026\/04\/30\/azerbaijao-destroi-igrejas-cristas-historicas-em-nagorno-karabakh\/","title":{"rendered":"Azerbaij\u00e3o destr\u00f3i igrejas crist\u00e3s hist\u00f3ricas em Nagorno-Karabakh"},"content":{"rendered":"<p><br \/>\n<\/p>\n<div>\n<div class=\"td-post-featured-image\">\n<figure><figcaption class=\"wp-caption-text\">Mapa da regi\u00e3o onde ficam Azerbaij\u00e3o, Arm\u00eania e Nagorno-Karabakh (Foto: Reprodu\u00e7\u00e3o\/G1)<\/figcaption><\/figure>\n<\/div>\n<p> <!-- A generated by theme --> <\/p>\n<p> <!-- end A --> <\/p>\n<p>Imagens de sat\u00e9lite confirmaram a demoli\u00e7\u00e3o de duas igrejas crist\u00e3s hist\u00f3ricas em Stepanakert, a principal cidade da regi\u00e3o de <strong>Nagorno-Karabakh<\/strong>, controlada pelo <strong>Azerbaij\u00e3o <\/strong>desde setembro de 2023. As autoridades religiosas da Arm\u00eania classificaram a a\u00e7\u00e3o como uma campanha deliberada para apagar o patrim\u00f4nio religioso arm\u00eanio do territ\u00f3rio.<\/p>\n<p>A Catedral da Santa M\u00e3e de Deus, principal local de culto crist\u00e3o em Stepanakert, chamada Khankendi pelos azerbaijanos, foi demolida, informou a R\u00e1dio Europa Livre , com base em imagens de sat\u00e9lite captadas no domingo.<\/p>\n<p>A constru\u00e7\u00e3o da catedral come\u00e7ou em 2006 e o \u200b\u200blocal foi consagrado em 2019. Durante as ofensivas militares do Azerbaij\u00e3o na d\u00e9cada de 2020, o por\u00e3o da catedral foi usado como abrigo antia\u00e9reo pelos moradores.<\/p>\n<p>Uma publica\u00e7\u00e3o nas redes sociais do in\u00edcio de fevereiro mostrava uma cerca de constru\u00e7\u00e3o cercando a catedral. Acredita-se que o pr\u00e9dio tenha sido demolido no in\u00edcio de abril.<\/p>\n<p>Al\u00e9m da catedral, imagens de sat\u00e9lite confirmaram que a Igreja de S\u00e3o Jac\u00f3, outro importante local crist\u00e3o na cidade, tamb\u00e9m foi destru\u00edda nas \u00faltimas semanas. Conclu\u00edda em 2007, a igreja foi financiada por um filantropo arm\u00eanio-americano em mem\u00f3ria de seu filho falecido. Cruzes de pedra no terreno ao redor da igreja demolida tamb\u00e9m foram destru\u00eddas, segundo a Igreja Arm\u00eania.<\/p>\n<p>O Conselho Mu\u00e7ulmano do C\u00e1ucaso, um \u00f3rg\u00e3o religioso ligado ao governo do Azerbaij\u00e3o, confirmou a demoli\u00e7\u00e3o planejada pelo Estado de ambas as igrejas, de acordo com o Asbarez .<\/p>\n<p> <!-- A generated by theme --> <\/p>\n<p> <!-- end A --> <\/p>\n<p>O conselho afirmou que as estruturas haviam sido constru\u00eddas \u201cilegalmente\u201d durante o que chamou de ocupa\u00e7\u00e3o arm\u00eania do territ\u00f3rio azerbaijano e argumentou que a demoli\u00e7\u00e3o \u201cn\u00e3o pode ser distorcida de forma alguma como destrui\u00e7\u00e3o de patrim\u00f4nio religioso ou cultural\u201d. Acrescentou que azerbaijanos que retornaram \u00e0 cidade pressionaram as autoridades para que removessem estruturas que n\u00e3o existiam ali antes do per\u00edodo descrito como \u201cocupa\u00e7\u00e3o\u201d.<\/p>\n<p>Na semana passada, a Santa S\u00e9 de Etchmiadzin, autoridade governante da Igreja Apost\u00f3lica Arm\u00eania, acusou o Azerbaij\u00e3o de \u201catacar deliberadamente locais sagrados crist\u00e3os arm\u00eanios, buscando apagar a presen\u00e7a arm\u00eania\u201d em Nagorno-Karabakh, informou o Middle East Eye .<\/p>\n<p>O Conselho de Mu\u00e7ulmanos do C\u00e1ucaso rejeitou essa declara\u00e7\u00e3o como \u201cuma manifesta\u00e7\u00e3o de hostilidade e desinforma\u00e7\u00e3o\u201d.<\/p>\n<p>Elnare Akimova, membro do parlamento do Azerbaij\u00e3o, classificou os relatos da destrui\u00e7\u00e3o das igrejas como \u201cuma provoca\u00e7\u00e3o das for\u00e7as revanchistas\u201d e afirmou que o Azerbaij\u00e3o \u201cpreservou monumentos religiosos e hist\u00f3ricos em seu territ\u00f3rio como pol\u00edtica de Estado\u201d.<\/p>\n<p>Lernik Hovhannisyan, presidente do Conselho Diocesano de Artsakh, \u00f3rg\u00e3o administrativo da Igreja Arm\u00eania na regi\u00e3o de Nagorno-Karabakh, que os arm\u00eanios chamam de Artsakh, contestou a vers\u00e3o apresentada pelo governo do Azerbaij\u00e3o. Segundo ele, os arm\u00eanios sempre foram a popula\u00e7\u00e3o predominante de Stepanakert e os azerbaijanos foram trazidos para o distrito de Krkzhan, na parte alta da cidade, na d\u00e9cada de 1960, para alterar as condi\u00e7\u00f5es demogr\u00e1ficas no que era ent\u00e3o o Oblast Aut\u00f4nomo de Nagorno-Karabakh.<\/p>\n<p>Hovhannisyan tamb\u00e9m questionou por que as justificativas azerbaijanas n\u00e3o mencionavam as igrejas da Hora Verde e de Mokhrenes, constru\u00eddas nos s\u00e9culos XVIII e XIX, que foram destru\u00eddas na cidade vizinha de Shushi.<\/p>\n<p>Ele disse que isso era inconsistente com a imagem que o Azerbaij\u00e3o projeta de si mesmo como um pa\u00eds tolerante onde, segundo suas pr\u00f3prias palavras, \u201cuma igreja, uma mesquita e uma sinagoga convivem lado a lado\u201d. Ele perguntou onde estavam agora os 27.000 monumentos de Nakhichevan e os monumentos do norte de Artsakh.<\/p>\n<p>Hovhannisyan argumentou que as demoli\u00e7\u00f5es eram incompat\u00edveis com os padr\u00f5es internacionais de autodetermina\u00e7\u00e3o.<\/p>\n<p>A Organiza\u00e7\u00e3o para a Seguran\u00e7a e Coopera\u00e7\u00e3o na Europa (OSCE), Grupo de Minsk, o \u00f3rg\u00e3o multinacional de media\u00e7\u00e3o copresidido pela Fran\u00e7a, R\u00fassia e Estados Unidos, que trabalhou desde 1992 para encontrar uma solu\u00e7\u00e3o negociada para o conflito de Nagorno-Karabakh, reconheceu em seus documentos o direito da popula\u00e7\u00e3o arm\u00eania do territ\u00f3rio \u00e0 autodetermina\u00e7\u00e3o.<\/p>\n<p>O grupo estava praticamente inativo desde a invas\u00e3o em larga escala da Ucr\u00e2nia pela R\u00fassia, em fevereiro de 2022, que rompeu as rela\u00e7\u00f5es de trabalho entre seus copresidentes, e cessou toda atividade substancial ap\u00f3s a ofensiva do Azerbaij\u00e3o em setembro de 2023.<\/p>\n<p>As demoli\u00e7\u00f5es geraram controv\u00e9rsia \u00e0s v\u00e9speras das elei\u00e7\u00f5es parlamentares da Arm\u00eania, com cr\u00edticos acusando o primeiro-ministro Nikol Pashinyan de n\u00e3o pressionar o assunto nem buscar uma condena\u00e7\u00e3o internacional de Baku pela destrui\u00e7\u00e3o de locais sagrados crist\u00e3os no territ\u00f3rio.<\/p>\n<p>Pashinyan afirmou que seu governo estava trabalhando para reunir informa\u00e7\u00f5es completas sobre o assunto, mas n\u00e3o chegou a condenar Baku. \u201cN\u00e3o creio que, levando em conta nossa experi\u00eancia anterior, faremos disso um tema de discuss\u00f5es internacionais em n\u00edvel estatal\u201d, disse ele a rep\u00f3rteres. Ele tamb\u00e9m afirmou que \u201cesses assuntos s\u00e3o uma faca de dois gumes\u201d, pedindo, em vez disso, \u201cprud\u00eancia\u201d.<\/p>\n<p>Cerca de 120 mil arm\u00eanios \u00e9tnicos fugiram de <strong>Nagorno-Karabakh<\/strong> ap\u00f3s uma s\u00e9rie de ofensivas militares azerbaijanas que culminaram na captura total do territ\u00f3rio pelo Azerbaij\u00e3o em setembro de 2023. Os arm\u00eanios capturados durante o conflito permanecem presos no Azerbaij\u00e3o.<\/p>\n<p>Em uma publica\u00e7\u00e3o no X , Nadine Maenza, ex-presidente da Comiss\u00e3o dos Estados Unidos para a Liberdade Religiosa Internacional (USCIRF), chamou a destrui\u00e7\u00e3o de igrejas de \u201cgenoc\u00eddio cultural ap\u00f3s a limpeza \u00e9tnica de 120.000 pessoas\u201d.<\/p>\n<p><strong>Folha Gospel com informa\u00e7\u00f5es de The Christian Post<\/strong><\/p>\n<p> <!-- A generated by theme --> <\/p>\n<p> <!-- end A --> <\/p><\/div>\n<p><script>(function (d, s, id) {\n                var js, fjs = d.getElementsByTagName(s)[0];\n                if (d.getElementById(id)) return;\n                js = d.createElement(s);\n                js.id = id;\n                js.src=\"https:\/\/connect.facebook.net\/pt_BR\/sdk.js#xfbml=1&version=v2.11&appId=264312870658742&autoLogAppEvents=1\";\n                fjs.parentNode.insertBefore(js, fjs);\n            }(document, 'script', 'facebook-jssdk'));<\/script><br \/>\n<br \/><br \/>\n<br \/>Fonte: Folha Gospel<\/p>\n","protected":false},"excerpt":{"rendered":"<p>Mapa da regi\u00e3o onde ficam Azerbaij\u00e3o, Arm\u00eania e Nagorno-Karabakh (Foto: Reprodu\u00e7\u00e3o\/G1) Imagens de sat\u00e9lite confirmaram a demoli\u00e7\u00e3o de duas igrejas crist\u00e3s hist\u00f3ricas em Stepanakert, a principal cidade da regi\u00e3o de Nagorno-Karabakh, controlada pelo Azerbaij\u00e3o desde setembro de 2023. As autoridades religiosas da Arm\u00eania classificaram a a\u00e7\u00e3o como uma campanha deliberada para apagar o patrim\u00f4nio religioso [&hellip;]<\/p>\n","protected":false},"author":1,"featured_media":6531,"comment_status":"","ping_status":"open","sticky":false,"template":"","format":"standard","meta":{"footnotes":""},"categories":[3],"tags":[],"class_list":["post-6530","post","type-post","status-publish","format-standard","has-post-thumbnail","hentry","category-gospel"],"yoast_head":"<!-- This site is optimized with the Yoast SEO plugin v26.8 - https:\/\/yoast.com\/product\/yoast-seo-wordpress\/ -->\n<title>Azerbaij\u00e3o destr\u00f3i igrejas crist\u00e3s hist\u00f3ricas em Nagorno-Karabakh - R\u00e1dio Porto Seguro<\/title>\n<meta name=\"robots\" content=\"index, follow, max-snippet:-1, max-image-preview:large, max-video-preview:-1\" \/>\n<link rel=\"canonical\" href=\"https:\/\/radioportoseguro.com.br\/site\/2026\/04\/30\/azerbaijao-destroi-igrejas-cristas-historicas-em-nagorno-karabakh\/\" \/>\n<meta property=\"og:locale\" content=\"pt_BR\" \/>\n<meta property=\"og:type\" content=\"article\" \/>\n<meta property=\"og:title\" content=\"Azerbaij\u00e3o destr\u00f3i igrejas crist\u00e3s hist\u00f3ricas em Nagorno-Karabakh - R\u00e1dio Porto Seguro\" \/>\n<meta property=\"og:description\" content=\"Mapa da regi\u00e3o onde ficam Azerbaij\u00e3o, Arm\u00eania e Nagorno-Karabakh (Foto: Reprodu\u00e7\u00e3o\/G1) Imagens de sat\u00e9lite confirmaram a demoli\u00e7\u00e3o de duas igrejas crist\u00e3s hist\u00f3ricas em Stepanakert, a principal cidade da regi\u00e3o de Nagorno-Karabakh, controlada pelo Azerbaij\u00e3o desde setembro de 2023. As autoridades religiosas da Arm\u00eania classificaram a a\u00e7\u00e3o como uma campanha deliberada para apagar o patrim\u00f4nio religioso [&hellip;]\" \/>\n<meta property=\"og:url\" content=\"https:\/\/radioportoseguro.com.br\/site\/2026\/04\/30\/azerbaijao-destroi-igrejas-cristas-historicas-em-nagorno-karabakh\/\" \/>\n<meta property=\"og:site_name\" content=\"R\u00e1dio Porto Seguro\" \/>\n<meta property=\"article:published_time\" content=\"2026-05-01T02:04:19+00:00\" \/>\n<meta property=\"og:image\" content=\"https:\/\/i0.wp.com\/folhagospel.com\/wp-content\/uploads\/2023\/10\/mapa-azerbaijao-armenia.webp?resize=696%2C392&amp;ssl=1\" \/>\n<meta name=\"author\" content=\"admin\" \/>\n<meta name=\"twitter:card\" content=\"summary_large_image\" \/>\n<meta name=\"twitter:label1\" content=\"Escrito por\" \/>\n\t<meta name=\"twitter:data1\" content=\"admin\" \/>\n\t<meta name=\"twitter:label2\" content=\"Est. tempo de leitura\" \/>\n\t<meta name=\"twitter:data2\" content=\"5 minutos\" \/>\n<script type=\"application\/ld+json\" class=\"yoast-schema-graph\">{\"@context\":\"https:\/\/schema.org\",\"@graph\":[{\"@type\":\"Article\",\"@id\":\"https:\/\/radioportoseguro.com.br\/site\/2026\/04\/30\/azerbaijao-destroi-igrejas-cristas-historicas-em-nagorno-karabakh\/#article\",\"isPartOf\":{\"@id\":\"https:\/\/radioportoseguro.com.br\/site\/2026\/04\/30\/azerbaijao-destroi-igrejas-cristas-historicas-em-nagorno-karabakh\/\"},\"author\":{\"name\":\"admin\",\"@id\":\"https:\/\/radioportoseguro.com.br\/site\/#\/schema\/person\/7630acdc320186f13639d3c067ec089b\"},\"headline\":\"Azerbaij\u00e3o destr\u00f3i igrejas crist\u00e3s hist\u00f3ricas em Nagorno-Karabakh\",\"datePublished\":\"2026-05-01T02:04:19+00:00\",\"mainEntityOfPage\":{\"@id\":\"https:\/\/radioportoseguro.com.br\/site\/2026\/04\/30\/azerbaijao-destroi-igrejas-cristas-historicas-em-nagorno-karabakh\/\"},\"wordCount\":997,\"image\":{\"@id\":\"https:\/\/radioportoseguro.com.br\/site\/2026\/04\/30\/azerbaijao-destroi-igrejas-cristas-historicas-em-nagorno-karabakh\/#primaryimage\"},\"thumbnailUrl\":\"https:\/\/radioportoseguro.com.br\/site\/wp-content\/uploads\/2026\/04\/mapa-azerbaijao-armenia.webp.webp\",\"articleSection\":[\"Gospel\"],\"inLanguage\":\"pt-BR\"},{\"@type\":\"WebPage\",\"@id\":\"https:\/\/radioportoseguro.com.br\/site\/2026\/04\/30\/azerbaijao-destroi-igrejas-cristas-historicas-em-nagorno-karabakh\/\",\"url\":\"https:\/\/radioportoseguro.com.br\/site\/2026\/04\/30\/azerbaijao-destroi-igrejas-cristas-historicas-em-nagorno-karabakh\/\",\"name\":\"Azerbaij\u00e3o destr\u00f3i igrejas crist\u00e3s hist\u00f3ricas em Nagorno-Karabakh - R\u00e1dio Porto Seguro\",\"isPartOf\":{\"@id\":\"https:\/\/radioportoseguro.com.br\/site\/#website\"},\"primaryImageOfPage\":{\"@id\":\"https:\/\/radioportoseguro.com.br\/site\/2026\/04\/30\/azerbaijao-destroi-igrejas-cristas-historicas-em-nagorno-karabakh\/#primaryimage\"},\"image\":{\"@id\":\"https:\/\/radioportoseguro.com.br\/site\/2026\/04\/30\/azerbaijao-destroi-igrejas-cristas-historicas-em-nagorno-karabakh\/#primaryimage\"},\"thumbnailUrl\":\"https:\/\/radioportoseguro.com.br\/site\/wp-content\/uploads\/2026\/04\/mapa-azerbaijao-armenia.webp.webp\",\"datePublished\":\"2026-05-01T02:04:19+00:00\",\"author\":{\"@id\":\"https:\/\/radioportoseguro.com.br\/site\/#\/schema\/person\/7630acdc320186f13639d3c067ec089b\"},\"breadcrumb\":{\"@id\":\"https:\/\/radioportoseguro.com.br\/site\/2026\/04\/30\/azerbaijao-destroi-igrejas-cristas-historicas-em-nagorno-karabakh\/#breadcrumb\"},\"inLanguage\":\"pt-BR\",\"potentialAction\":[{\"@type\":\"ReadAction\",\"target\":[\"https:\/\/radioportoseguro.com.br\/site\/2026\/04\/30\/azerbaijao-destroi-igrejas-cristas-historicas-em-nagorno-karabakh\/\"]}]},{\"@type\":\"ImageObject\",\"inLanguage\":\"pt-BR\",\"@id\":\"https:\/\/radioportoseguro.com.br\/site\/2026\/04\/30\/azerbaijao-destroi-igrejas-cristas-historicas-em-nagorno-karabakh\/#primaryimage\",\"url\":\"https:\/\/radioportoseguro.com.br\/site\/wp-content\/uploads\/2026\/04\/mapa-azerbaijao-armenia.webp.webp\",\"contentUrl\":\"https:\/\/radioportoseguro.com.br\/site\/wp-content\/uploads\/2026\/04\/mapa-azerbaijao-armenia.webp.webp\",\"width\":1200,\"height\":675},{\"@type\":\"BreadcrumbList\",\"@id\":\"https:\/\/radioportoseguro.com.br\/site\/2026\/04\/30\/azerbaijao-destroi-igrejas-cristas-historicas-em-nagorno-karabakh\/#breadcrumb\",\"itemListElement\":[{\"@type\":\"ListItem\",\"position\":1,\"name\":\"In\u00edcio\",\"item\":\"https:\/\/radioportoseguro.com.br\/site\/\"},{\"@type\":\"ListItem\",\"position\":2,\"name\":\"Azerbaij\u00e3o destr\u00f3i igrejas crist\u00e3s hist\u00f3ricas em Nagorno-Karabakh\"}]},{\"@type\":\"WebSite\",\"@id\":\"https:\/\/radioportoseguro.com.br\/site\/#website\",\"url\":\"https:\/\/radioportoseguro.com.br\/site\/\",\"name\":\"R\u00e1dio Porto Seguro\",\"description\":\"\",\"potentialAction\":[{\"@type\":\"SearchAction\",\"target\":{\"@type\":\"EntryPoint\",\"urlTemplate\":\"https:\/\/radioportoseguro.com.br\/site\/?s={search_term_string}\"},\"query-input\":{\"@type\":\"PropertyValueSpecification\",\"valueRequired\":true,\"valueName\":\"search_term_string\"}}],\"inLanguage\":\"pt-BR\"},{\"@type\":\"Person\",\"@id\":\"https:\/\/radioportoseguro.com.br\/site\/#\/schema\/person\/7630acdc320186f13639d3c067ec089b\",\"name\":\"admin\",\"image\":{\"@type\":\"ImageObject\",\"inLanguage\":\"pt-BR\",\"@id\":\"https:\/\/radioportoseguro.com.br\/site\/#\/schema\/person\/image\/\",\"url\":\"https:\/\/secure.gravatar.com\/avatar\/caacf4dc1eedb68fab0df8e1ed46c448e578b2466351bbcb61e47d2ac0caaef0?s=96&d=mm&r=g\",\"contentUrl\":\"https:\/\/secure.gravatar.com\/avatar\/caacf4dc1eedb68fab0df8e1ed46c448e578b2466351bbcb61e47d2ac0caaef0?s=96&d=mm&r=g\",\"caption\":\"admin\"},\"sameAs\":[\"https:\/\/radioportoseguro.com.br\/site\"],\"url\":\"https:\/\/radioportoseguro.com.br\/site\/author\/hezio\/\"}]}<\/script>\n<!-- \/ Yoast SEO plugin. -->","yoast_head_json":{"title":"Azerbaij\u00e3o destr\u00f3i igrejas crist\u00e3s hist\u00f3ricas em Nagorno-Karabakh - R\u00e1dio Porto Seguro","robots":{"index":"index","follow":"follow","max-snippet":"max-snippet:-1","max-image-preview":"max-image-preview:large","max-video-preview":"max-video-preview:-1"},"canonical":"https:\/\/radioportoseguro.com.br\/site\/2026\/04\/30\/azerbaijao-destroi-igrejas-cristas-historicas-em-nagorno-karabakh\/","og_locale":"pt_BR","og_type":"article","og_title":"Azerbaij\u00e3o destr\u00f3i igrejas crist\u00e3s hist\u00f3ricas em Nagorno-Karabakh - R\u00e1dio Porto Seguro","og_description":"Mapa da regi\u00e3o onde ficam Azerbaij\u00e3o, Arm\u00eania e Nagorno-Karabakh (Foto: Reprodu\u00e7\u00e3o\/G1) Imagens de sat\u00e9lite confirmaram a demoli\u00e7\u00e3o de duas igrejas crist\u00e3s hist\u00f3ricas em Stepanakert, a principal cidade da regi\u00e3o de Nagorno-Karabakh, controlada pelo Azerbaij\u00e3o desde setembro de 2023. As autoridades religiosas da Arm\u00eania classificaram a a\u00e7\u00e3o como uma campanha deliberada para apagar o patrim\u00f4nio religioso [&hellip;]","og_url":"https:\/\/radioportoseguro.com.br\/site\/2026\/04\/30\/azerbaijao-destroi-igrejas-cristas-historicas-em-nagorno-karabakh\/","og_site_name":"R\u00e1dio Porto Seguro","article_published_time":"2026-05-01T02:04:19+00:00","og_image":[{"url":"https:\/\/i0.wp.com\/folhagospel.com\/wp-content\/uploads\/2023\/10\/mapa-azerbaijao-armenia.webp?resize=696%2C392&amp;ssl=1","type":"","width":"","height":""}],"author":"admin","twitter_card":"summary_large_image","twitter_misc":{"Escrito por":"admin","Est. tempo de leitura":"5 minutos"},"schema":{"@context":"https:\/\/schema.org","@graph":[{"@type":"Article","@id":"https:\/\/radioportoseguro.com.br\/site\/2026\/04\/30\/azerbaijao-destroi-igrejas-cristas-historicas-em-nagorno-karabakh\/#article","isPartOf":{"@id":"https:\/\/radioportoseguro.com.br\/site\/2026\/04\/30\/azerbaijao-destroi-igrejas-cristas-historicas-em-nagorno-karabakh\/"},"author":{"name":"admin","@id":"https:\/\/radioportoseguro.com.br\/site\/#\/schema\/person\/7630acdc320186f13639d3c067ec089b"},"headline":"Azerbaij\u00e3o destr\u00f3i igrejas crist\u00e3s hist\u00f3ricas em Nagorno-Karabakh","datePublished":"2026-05-01T02:04:19+00:00","mainEntityOfPage":{"@id":"https:\/\/radioportoseguro.com.br\/site\/2026\/04\/30\/azerbaijao-destroi-igrejas-cristas-historicas-em-nagorno-karabakh\/"},"wordCount":997,"image":{"@id":"https:\/\/radioportoseguro.com.br\/site\/2026\/04\/30\/azerbaijao-destroi-igrejas-cristas-historicas-em-nagorno-karabakh\/#primaryimage"},"thumbnailUrl":"https:\/\/radioportoseguro.com.br\/site\/wp-content\/uploads\/2026\/04\/mapa-azerbaijao-armenia.webp.webp","articleSection":["Gospel"],"inLanguage":"pt-BR"},{"@type":"WebPage","@id":"https:\/\/radioportoseguro.com.br\/site\/2026\/04\/30\/azerbaijao-destroi-igrejas-cristas-historicas-em-nagorno-karabakh\/","url":"https:\/\/radioportoseguro.com.br\/site\/2026\/04\/30\/azerbaijao-destroi-igrejas-cristas-historicas-em-nagorno-karabakh\/","name":"Azerbaij\u00e3o destr\u00f3i igrejas crist\u00e3s hist\u00f3ricas em Nagorno-Karabakh - R\u00e1dio Porto Seguro","isPartOf":{"@id":"https:\/\/radioportoseguro.com.br\/site\/#website"},"primaryImageOfPage":{"@id":"https:\/\/radioportoseguro.com.br\/site\/2026\/04\/30\/azerbaijao-destroi-igrejas-cristas-historicas-em-nagorno-karabakh\/#primaryimage"},"image":{"@id":"https:\/\/radioportoseguro.com.br\/site\/2026\/04\/30\/azerbaijao-destroi-igrejas-cristas-historicas-em-nagorno-karabakh\/#primaryimage"},"thumbnailUrl":"https:\/\/radioportoseguro.com.br\/site\/wp-content\/uploads\/2026\/04\/mapa-azerbaijao-armenia.webp.webp","datePublished":"2026-05-01T02:04:19+00:00","author":{"@id":"https:\/\/radioportoseguro.com.br\/site\/#\/schema\/person\/7630acdc320186f13639d3c067ec089b"},"breadcrumb":{"@id":"https:\/\/radioportoseguro.com.br\/site\/2026\/04\/30\/azerbaijao-destroi-igrejas-cristas-historicas-em-nagorno-karabakh\/#breadcrumb"},"inLanguage":"pt-BR","potentialAction":[{"@type":"ReadAction","target":["https:\/\/radioportoseguro.com.br\/site\/2026\/04\/30\/azerbaijao-destroi-igrejas-cristas-historicas-em-nagorno-karabakh\/"]}]},{"@type":"ImageObject","inLanguage":"pt-BR","@id":"https:\/\/radioportoseguro.com.br\/site\/2026\/04\/30\/azerbaijao-destroi-igrejas-cristas-historicas-em-nagorno-karabakh\/#primaryimage","url":"https:\/\/radioportoseguro.com.br\/site\/wp-content\/uploads\/2026\/04\/mapa-azerbaijao-armenia.webp.webp","contentUrl":"https:\/\/radioportoseguro.com.br\/site\/wp-content\/uploads\/2026\/04\/mapa-azerbaijao-armenia.webp.webp","width":1200,"height":675},{"@type":"BreadcrumbList","@id":"https:\/\/radioportoseguro.com.br\/site\/2026\/04\/30\/azerbaijao-destroi-igrejas-cristas-historicas-em-nagorno-karabakh\/#breadcrumb","itemListElement":[{"@type":"ListItem","position":1,"name":"In\u00edcio","item":"https:\/\/radioportoseguro.com.br\/site\/"},{"@type":"ListItem","position":2,"name":"Azerbaij\u00e3o destr\u00f3i igrejas crist\u00e3s hist\u00f3ricas em Nagorno-Karabakh"}]},{"@type":"WebSite","@id":"https:\/\/radioportoseguro.com.br\/site\/#website","url":"https:\/\/radioportoseguro.com.br\/site\/","name":"R\u00e1dio Porto Seguro","description":"","potentialAction":[{"@type":"SearchAction","target":{"@type":"EntryPoint","urlTemplate":"https:\/\/radioportoseguro.com.br\/site\/?s={search_term_string}"},"query-input":{"@type":"PropertyValueSpecification","valueRequired":true,"valueName":"search_term_string"}}],"inLanguage":"pt-BR"},{"@type":"Person","@id":"https:\/\/radioportoseguro.com.br\/site\/#\/schema\/person\/7630acdc320186f13639d3c067ec089b","name":"admin","image":{"@type":"ImageObject","inLanguage":"pt-BR","@id":"https:\/\/radioportoseguro.com.br\/site\/#\/schema\/person\/image\/","url":"https:\/\/secure.gravatar.com\/avatar\/caacf4dc1eedb68fab0df8e1ed46c448e578b2466351bbcb61e47d2ac0caaef0?s=96&d=mm&r=g","contentUrl":"https:\/\/secure.gravatar.com\/avatar\/caacf4dc1eedb68fab0df8e1ed46c448e578b2466351bbcb61e47d2ac0caaef0?s=96&d=mm&r=g","caption":"admin"},"sameAs":["https:\/\/radioportoseguro.com.br\/site"],"url":"https:\/\/radioportoseguro.com.br\/site\/author\/hezio\/"}]}},"_links":{"self":[{"href":"https:\/\/radioportoseguro.com.br\/site\/wp-json\/wp\/v2\/posts\/6530","targetHints":{"allow":["GET"]}}],"collection":[{"href":"https:\/\/radioportoseguro.com.br\/site\/wp-json\/wp\/v2\/posts"}],"about":[{"href":"https:\/\/radioportoseguro.com.br\/site\/wp-json\/wp\/v2\/types\/post"}],"author":[{"embeddable":true,"href":"https:\/\/radioportoseguro.com.br\/site\/wp-json\/wp\/v2\/users\/1"}],"replies":[{"embeddable":true,"href":"https:\/\/radioportoseguro.com.br\/site\/wp-json\/wp\/v2\/comments?post=6530"}],"version-history":[{"count":0,"href":"https:\/\/radioportoseguro.com.br\/site\/wp-json\/wp\/v2\/posts\/6530\/revisions"}],"wp:featuredmedia":[{"embeddable":true,"href":"https:\/\/radioportoseguro.com.br\/site\/wp-json\/wp\/v2\/media\/6531"}],"wp:attachment":[{"href":"https:\/\/radioportoseguro.com.br\/site\/wp-json\/wp\/v2\/media?parent=6530"}],"wp:term":[{"taxonomy":"category","embeddable":true,"href":"https:\/\/radioportoseguro.com.br\/site\/wp-json\/wp\/v2\/categories?post=6530"},{"taxonomy":"post_tag","embeddable":true,"href":"https:\/\/radioportoseguro.com.br\/site\/wp-json\/wp\/v2\/tags?post=6530"}],"curies":[{"name":"wp","href":"https:\/\/api.w.org\/{rel}","templated":true}]}}