{"id":6534,"date":"2026-05-01T01:49:39","date_gmt":"2026-05-01T04:49:39","guid":{"rendered":"https:\/\/radioportoseguro.com.br\/site\/2026\/05\/01\/legados-culturais-que-herdamos-de-africanos-e-indigenas-e-nem-percebemos\/"},"modified":"2026-05-01T01:49:39","modified_gmt":"2026-05-01T04:49:39","slug":"legados-culturais-que-herdamos-de-africanos-e-indigenas-e-nem-percebemos","status":"publish","type":"post","link":"https:\/\/radioportoseguro.com.br\/site\/2026\/05\/01\/legados-culturais-que-herdamos-de-africanos-e-indigenas-e-nem-percebemos\/","title":{"rendered":"Legados culturais que herdamos de africanos e ind\u00edgenas (e nem percebemos)"},"content":{"rendered":"<p><br \/>\n<br \/><\/p>\n<div>\n<p><span class=\"news_capital_letter\">E<\/span>uropeus invadiram as Am\u00e9ricas, tentaram a todo custo catequizar e introduzir a cultura europeia nos povos ind\u00edgenas que encontraram por aqui, escravizaram milh\u00f5es de africanos, arrancaram essas pessoas de suas fam\u00edlias e as trouxeram para o outro lado do Atl\u00e2ntico. Tudo isso durou, oficialmente, 388 anos &#8211; de 22 de abril de 1500 (quando os portugueses chegaram ao Brasil) a 13 de maio de 1888 (quando a Lei \u00c1urea foi assinada, apenas 135 anos atr\u00e1s). No entanto, esses povos oprimidos conseguiram preservar parte de seus costumes e, hoje em dia, s\u00e3o muitos os h\u00e1bitos culturais que herdamos de africanos e ind\u00edgenas.<\/p>\n<p>Confira a galeria e veja quais s\u00e3o as heran\u00e7as culturais origin\u00e1rias desses povos guerreiros que nem nos demos conta.<\/p>\n<\/p><\/div>\n<p><br \/>\n<br \/>Fonte: Not\u00edcias Ao Minuto<\/p>\n","protected":false},"excerpt":{"rendered":"<p>Europeus invadiram as Am\u00e9ricas, tentaram a todo custo catequizar e introduzir a cultura europeia nos povos ind\u00edgenas que encontraram por aqui, escravizaram milh\u00f5es de africanos, arrancaram essas pessoas de suas fam\u00edlias e as trouxeram para o outro lado do Atl\u00e2ntico. Tudo isso durou, oficialmente, 388 anos &#8211; de 22 de abril de 1500 (quando os [&hellip;]<\/p>\n","protected":false},"author":1,"featured_media":6535,"comment_status":"","ping_status":"open","sticky":false,"template":"","format":"standard","meta":{"footnotes":""},"categories":[44],"tags":[],"class_list":["post-6534","post","type-post","status-publish","format-standard","has-post-thumbnail","hentry","category-vida-estilo"],"yoast_head":"<!-- This site is optimized with the Yoast SEO plugin v26.8 - https:\/\/yoast.com\/product\/yoast-seo-wordpress\/ -->\n<title>Legados culturais que herdamos de africanos e ind\u00edgenas (e nem percebemos) - R\u00e1dio Porto Seguro<\/title>\n<meta name=\"robots\" content=\"index, follow, max-snippet:-1, max-image-preview:large, max-video-preview:-1\" \/>\n<link rel=\"canonical\" href=\"https:\/\/radioportoseguro.com.br\/site\/2026\/05\/01\/legados-culturais-que-herdamos-de-africanos-e-indigenas-e-nem-percebemos\/\" \/>\n<meta property=\"og:locale\" content=\"pt_BR\" \/>\n<meta property=\"og:type\" content=\"article\" \/>\n<meta property=\"og:title\" content=\"Legados culturais que herdamos de africanos e ind\u00edgenas (e nem percebemos) - R\u00e1dio Porto Seguro\" \/>\n<meta property=\"og:description\" content=\"Europeus invadiram as Am\u00e9ricas, tentaram a todo custo catequizar e introduzir a cultura europeia nos povos ind\u00edgenas que encontraram por aqui, escravizaram milh\u00f5es de africanos, arrancaram essas pessoas de suas fam\u00edlias e as trouxeram para o outro lado do Atl\u00e2ntico. Tudo isso durou, oficialmente, 388 anos &#8211; de 22 de abril de 1500 (quando os [&hellip;]\" \/>\n<meta property=\"og:url\" content=\"https:\/\/radioportoseguro.com.br\/site\/2026\/05\/01\/legados-culturais-que-herdamos-de-africanos-e-indigenas-e-nem-percebemos\/\" \/>\n<meta property=\"og:site_name\" content=\"R\u00e1dio Porto Seguro\" \/>\n<meta property=\"article:published_time\" content=\"2026-05-01T04:49:39+00:00\" \/>\n<meta property=\"og:image\" content=\"https:\/\/media-manager.noticiasaominuto.com.br\/640\/naom_6258480abcd77.webp\" \/>\n<meta name=\"author\" content=\"admin\" \/>\n<meta name=\"twitter:card\" content=\"summary_large_image\" \/>\n<meta name=\"twitter:label1\" content=\"Escrito por\" \/>\n\t<meta name=\"twitter:data1\" content=\"admin\" \/>\n\t<meta name=\"twitter:label2\" content=\"Est. tempo de leitura\" \/>\n\t<meta name=\"twitter:data2\" content=\"1 minuto\" \/>\n<script type=\"application\/ld+json\" class=\"yoast-schema-graph\">{\"@context\":\"https:\/\/schema.org\",\"@graph\":[{\"@type\":\"Article\",\"@id\":\"https:\/\/radioportoseguro.com.br\/site\/2026\/05\/01\/legados-culturais-que-herdamos-de-africanos-e-indigenas-e-nem-percebemos\/#article\",\"isPartOf\":{\"@id\":\"https:\/\/radioportoseguro.com.br\/site\/2026\/05\/01\/legados-culturais-que-herdamos-de-africanos-e-indigenas-e-nem-percebemos\/\"},\"author\":{\"name\":\"admin\",\"@id\":\"https:\/\/radioportoseguro.com.br\/site\/#\/schema\/person\/7630acdc320186f13639d3c067ec089b\"},\"headline\":\"Legados culturais que herdamos de africanos e ind\u00edgenas (e nem percebemos)\",\"datePublished\":\"2026-05-01T04:49:39+00:00\",\"mainEntityOfPage\":{\"@id\":\"https:\/\/radioportoseguro.com.br\/site\/2026\/05\/01\/legados-culturais-que-herdamos-de-africanos-e-indigenas-e-nem-percebemos\/\"},\"wordCount\":145,\"image\":{\"@id\":\"https:\/\/radioportoseguro.com.br\/site\/2026\/05\/01\/legados-culturais-que-herdamos-de-africanos-e-indigenas-e-nem-percebemos\/#primaryimage\"},\"thumbnailUrl\":\"https:\/\/radioportoseguro.com.br\/site\/wp-content\/uploads\/2026\/05\/naom_6258480abcd77.webp.webp\",\"articleSection\":[\"Vida &amp; Estilo\"],\"inLanguage\":\"pt-BR\"},{\"@type\":\"WebPage\",\"@id\":\"https:\/\/radioportoseguro.com.br\/site\/2026\/05\/01\/legados-culturais-que-herdamos-de-africanos-e-indigenas-e-nem-percebemos\/\",\"url\":\"https:\/\/radioportoseguro.com.br\/site\/2026\/05\/01\/legados-culturais-que-herdamos-de-africanos-e-indigenas-e-nem-percebemos\/\",\"name\":\"Legados culturais que herdamos de africanos e ind\u00edgenas (e nem percebemos) - R\u00e1dio Porto Seguro\",\"isPartOf\":{\"@id\":\"https:\/\/radioportoseguro.com.br\/site\/#website\"},\"primaryImageOfPage\":{\"@id\":\"https:\/\/radioportoseguro.com.br\/site\/2026\/05\/01\/legados-culturais-que-herdamos-de-africanos-e-indigenas-e-nem-percebemos\/#primaryimage\"},\"image\":{\"@id\":\"https:\/\/radioportoseguro.com.br\/site\/2026\/05\/01\/legados-culturais-que-herdamos-de-africanos-e-indigenas-e-nem-percebemos\/#primaryimage\"},\"thumbnailUrl\":\"https:\/\/radioportoseguro.com.br\/site\/wp-content\/uploads\/2026\/05\/naom_6258480abcd77.webp.webp\",\"datePublished\":\"2026-05-01T04:49:39+00:00\",\"author\":{\"@id\":\"https:\/\/radioportoseguro.com.br\/site\/#\/schema\/person\/7630acdc320186f13639d3c067ec089b\"},\"breadcrumb\":{\"@id\":\"https:\/\/radioportoseguro.com.br\/site\/2026\/05\/01\/legados-culturais-que-herdamos-de-africanos-e-indigenas-e-nem-percebemos\/#breadcrumb\"},\"inLanguage\":\"pt-BR\",\"potentialAction\":[{\"@type\":\"ReadAction\",\"target\":[\"https:\/\/radioportoseguro.com.br\/site\/2026\/05\/01\/legados-culturais-que-herdamos-de-africanos-e-indigenas-e-nem-percebemos\/\"]}]},{\"@type\":\"ImageObject\",\"inLanguage\":\"pt-BR\",\"@id\":\"https:\/\/radioportoseguro.com.br\/site\/2026\/05\/01\/legados-culturais-que-herdamos-de-africanos-e-indigenas-e-nem-percebemos\/#primaryimage\",\"url\":\"https:\/\/radioportoseguro.com.br\/site\/wp-content\/uploads\/2026\/05\/naom_6258480abcd77.webp.webp\",\"contentUrl\":\"https:\/\/radioportoseguro.com.br\/site\/wp-content\/uploads\/2026\/05\/naom_6258480abcd77.webp.webp\",\"width\":960,\"height\":540},{\"@type\":\"BreadcrumbList\",\"@id\":\"https:\/\/radioportoseguro.com.br\/site\/2026\/05\/01\/legados-culturais-que-herdamos-de-africanos-e-indigenas-e-nem-percebemos\/#breadcrumb\",\"itemListElement\":[{\"@type\":\"ListItem\",\"position\":1,\"name\":\"In\u00edcio\",\"item\":\"https:\/\/radioportoseguro.com.br\/site\/\"},{\"@type\":\"ListItem\",\"position\":2,\"name\":\"Legados culturais que herdamos de africanos e ind\u00edgenas (e nem percebemos)\"}]},{\"@type\":\"WebSite\",\"@id\":\"https:\/\/radioportoseguro.com.br\/site\/#website\",\"url\":\"https:\/\/radioportoseguro.com.br\/site\/\",\"name\":\"R\u00e1dio Porto Seguro\",\"description\":\"\",\"potentialAction\":[{\"@type\":\"SearchAction\",\"target\":{\"@type\":\"EntryPoint\",\"urlTemplate\":\"https:\/\/radioportoseguro.com.br\/site\/?s={search_term_string}\"},\"query-input\":{\"@type\":\"PropertyValueSpecification\",\"valueRequired\":true,\"valueName\":\"search_term_string\"}}],\"inLanguage\":\"pt-BR\"},{\"@type\":\"Person\",\"@id\":\"https:\/\/radioportoseguro.com.br\/site\/#\/schema\/person\/7630acdc320186f13639d3c067ec089b\",\"name\":\"admin\",\"image\":{\"@type\":\"ImageObject\",\"inLanguage\":\"pt-BR\",\"@id\":\"https:\/\/radioportoseguro.com.br\/site\/#\/schema\/person\/image\/\",\"url\":\"https:\/\/secure.gravatar.com\/avatar\/caacf4dc1eedb68fab0df8e1ed46c448e578b2466351bbcb61e47d2ac0caaef0?s=96&d=mm&r=g\",\"contentUrl\":\"https:\/\/secure.gravatar.com\/avatar\/caacf4dc1eedb68fab0df8e1ed46c448e578b2466351bbcb61e47d2ac0caaef0?s=96&d=mm&r=g\",\"caption\":\"admin\"},\"sameAs\":[\"https:\/\/radioportoseguro.com.br\/site\"],\"url\":\"https:\/\/radioportoseguro.com.br\/site\/author\/hezio\/\"}]}<\/script>\n<!-- \/ Yoast SEO plugin. -->","yoast_head_json":{"title":"Legados culturais que herdamos de africanos e ind\u00edgenas (e nem percebemos) - R\u00e1dio Porto Seguro","robots":{"index":"index","follow":"follow","max-snippet":"max-snippet:-1","max-image-preview":"max-image-preview:large","max-video-preview":"max-video-preview:-1"},"canonical":"https:\/\/radioportoseguro.com.br\/site\/2026\/05\/01\/legados-culturais-que-herdamos-de-africanos-e-indigenas-e-nem-percebemos\/","og_locale":"pt_BR","og_type":"article","og_title":"Legados culturais que herdamos de africanos e ind\u00edgenas (e nem percebemos) - R\u00e1dio Porto Seguro","og_description":"Europeus invadiram as Am\u00e9ricas, tentaram a todo custo catequizar e introduzir a cultura europeia nos povos ind\u00edgenas que encontraram por aqui, escravizaram milh\u00f5es de africanos, arrancaram essas pessoas de suas fam\u00edlias e as trouxeram para o outro lado do Atl\u00e2ntico. Tudo isso durou, oficialmente, 388 anos &#8211; de 22 de abril de 1500 (quando os [&hellip;]","og_url":"https:\/\/radioportoseguro.com.br\/site\/2026\/05\/01\/legados-culturais-que-herdamos-de-africanos-e-indigenas-e-nem-percebemos\/","og_site_name":"R\u00e1dio Porto Seguro","article_published_time":"2026-05-01T04:49:39+00:00","og_image":[{"url":"https:\/\/media-manager.noticiasaominuto.com.br\/640\/naom_6258480abcd77.webp","type":"","width":"","height":""}],"author":"admin","twitter_card":"summary_large_image","twitter_misc":{"Escrito por":"admin","Est. tempo de leitura":"1 minuto"},"schema":{"@context":"https:\/\/schema.org","@graph":[{"@type":"Article","@id":"https:\/\/radioportoseguro.com.br\/site\/2026\/05\/01\/legados-culturais-que-herdamos-de-africanos-e-indigenas-e-nem-percebemos\/#article","isPartOf":{"@id":"https:\/\/radioportoseguro.com.br\/site\/2026\/05\/01\/legados-culturais-que-herdamos-de-africanos-e-indigenas-e-nem-percebemos\/"},"author":{"name":"admin","@id":"https:\/\/radioportoseguro.com.br\/site\/#\/schema\/person\/7630acdc320186f13639d3c067ec089b"},"headline":"Legados culturais que herdamos de africanos e ind\u00edgenas (e nem percebemos)","datePublished":"2026-05-01T04:49:39+00:00","mainEntityOfPage":{"@id":"https:\/\/radioportoseguro.com.br\/site\/2026\/05\/01\/legados-culturais-que-herdamos-de-africanos-e-indigenas-e-nem-percebemos\/"},"wordCount":145,"image":{"@id":"https:\/\/radioportoseguro.com.br\/site\/2026\/05\/01\/legados-culturais-que-herdamos-de-africanos-e-indigenas-e-nem-percebemos\/#primaryimage"},"thumbnailUrl":"https:\/\/radioportoseguro.com.br\/site\/wp-content\/uploads\/2026\/05\/naom_6258480abcd77.webp.webp","articleSection":["Vida &amp; Estilo"],"inLanguage":"pt-BR"},{"@type":"WebPage","@id":"https:\/\/radioportoseguro.com.br\/site\/2026\/05\/01\/legados-culturais-que-herdamos-de-africanos-e-indigenas-e-nem-percebemos\/","url":"https:\/\/radioportoseguro.com.br\/site\/2026\/05\/01\/legados-culturais-que-herdamos-de-africanos-e-indigenas-e-nem-percebemos\/","name":"Legados culturais que herdamos de africanos e ind\u00edgenas (e nem percebemos) - R\u00e1dio Porto Seguro","isPartOf":{"@id":"https:\/\/radioportoseguro.com.br\/site\/#website"},"primaryImageOfPage":{"@id":"https:\/\/radioportoseguro.com.br\/site\/2026\/05\/01\/legados-culturais-que-herdamos-de-africanos-e-indigenas-e-nem-percebemos\/#primaryimage"},"image":{"@id":"https:\/\/radioportoseguro.com.br\/site\/2026\/05\/01\/legados-culturais-que-herdamos-de-africanos-e-indigenas-e-nem-percebemos\/#primaryimage"},"thumbnailUrl":"https:\/\/radioportoseguro.com.br\/site\/wp-content\/uploads\/2026\/05\/naom_6258480abcd77.webp.webp","datePublished":"2026-05-01T04:49:39+00:00","author":{"@id":"https:\/\/radioportoseguro.com.br\/site\/#\/schema\/person\/7630acdc320186f13639d3c067ec089b"},"breadcrumb":{"@id":"https:\/\/radioportoseguro.com.br\/site\/2026\/05\/01\/legados-culturais-que-herdamos-de-africanos-e-indigenas-e-nem-percebemos\/#breadcrumb"},"inLanguage":"pt-BR","potentialAction":[{"@type":"ReadAction","target":["https:\/\/radioportoseguro.com.br\/site\/2026\/05\/01\/legados-culturais-que-herdamos-de-africanos-e-indigenas-e-nem-percebemos\/"]}]},{"@type":"ImageObject","inLanguage":"pt-BR","@id":"https:\/\/radioportoseguro.com.br\/site\/2026\/05\/01\/legados-culturais-que-herdamos-de-africanos-e-indigenas-e-nem-percebemos\/#primaryimage","url":"https:\/\/radioportoseguro.com.br\/site\/wp-content\/uploads\/2026\/05\/naom_6258480abcd77.webp.webp","contentUrl":"https:\/\/radioportoseguro.com.br\/site\/wp-content\/uploads\/2026\/05\/naom_6258480abcd77.webp.webp","width":960,"height":540},{"@type":"BreadcrumbList","@id":"https:\/\/radioportoseguro.com.br\/site\/2026\/05\/01\/legados-culturais-que-herdamos-de-africanos-e-indigenas-e-nem-percebemos\/#breadcrumb","itemListElement":[{"@type":"ListItem","position":1,"name":"In\u00edcio","item":"https:\/\/radioportoseguro.com.br\/site\/"},{"@type":"ListItem","position":2,"name":"Legados culturais que herdamos de africanos e ind\u00edgenas (e nem percebemos)"}]},{"@type":"WebSite","@id":"https:\/\/radioportoseguro.com.br\/site\/#website","url":"https:\/\/radioportoseguro.com.br\/site\/","name":"R\u00e1dio Porto Seguro","description":"","potentialAction":[{"@type":"SearchAction","target":{"@type":"EntryPoint","urlTemplate":"https:\/\/radioportoseguro.com.br\/site\/?s={search_term_string}"},"query-input":{"@type":"PropertyValueSpecification","valueRequired":true,"valueName":"search_term_string"}}],"inLanguage":"pt-BR"},{"@type":"Person","@id":"https:\/\/radioportoseguro.com.br\/site\/#\/schema\/person\/7630acdc320186f13639d3c067ec089b","name":"admin","image":{"@type":"ImageObject","inLanguage":"pt-BR","@id":"https:\/\/radioportoseguro.com.br\/site\/#\/schema\/person\/image\/","url":"https:\/\/secure.gravatar.com\/avatar\/caacf4dc1eedb68fab0df8e1ed46c448e578b2466351bbcb61e47d2ac0caaef0?s=96&d=mm&r=g","contentUrl":"https:\/\/secure.gravatar.com\/avatar\/caacf4dc1eedb68fab0df8e1ed46c448e578b2466351bbcb61e47d2ac0caaef0?s=96&d=mm&r=g","caption":"admin"},"sameAs":["https:\/\/radioportoseguro.com.br\/site"],"url":"https:\/\/radioportoseguro.com.br\/site\/author\/hezio\/"}]}},"_links":{"self":[{"href":"https:\/\/radioportoseguro.com.br\/site\/wp-json\/wp\/v2\/posts\/6534","targetHints":{"allow":["GET"]}}],"collection":[{"href":"https:\/\/radioportoseguro.com.br\/site\/wp-json\/wp\/v2\/posts"}],"about":[{"href":"https:\/\/radioportoseguro.com.br\/site\/wp-json\/wp\/v2\/types\/post"}],"author":[{"embeddable":true,"href":"https:\/\/radioportoseguro.com.br\/site\/wp-json\/wp\/v2\/users\/1"}],"replies":[{"embeddable":true,"href":"https:\/\/radioportoseguro.com.br\/site\/wp-json\/wp\/v2\/comments?post=6534"}],"version-history":[{"count":0,"href":"https:\/\/radioportoseguro.com.br\/site\/wp-json\/wp\/v2\/posts\/6534\/revisions"}],"wp:featuredmedia":[{"embeddable":true,"href":"https:\/\/radioportoseguro.com.br\/site\/wp-json\/wp\/v2\/media\/6535"}],"wp:attachment":[{"href":"https:\/\/radioportoseguro.com.br\/site\/wp-json\/wp\/v2\/media?parent=6534"}],"wp:term":[{"taxonomy":"category","embeddable":true,"href":"https:\/\/radioportoseguro.com.br\/site\/wp-json\/wp\/v2\/categories?post=6534"},{"taxonomy":"post_tag","embeddable":true,"href":"https:\/\/radioportoseguro.com.br\/site\/wp-json\/wp\/v2\/tags?post=6534"}],"curies":[{"name":"wp","href":"https:\/\/api.w.org\/{rel}","templated":true}]}}