{"id":6536,"date":"2026-05-01T02:22:45","date_gmt":"2026-05-01T05:22:45","guid":{"rendered":"https:\/\/radioportoseguro.com.br\/site\/2026\/05\/01\/a-pascoa-da-segunda-chance\/"},"modified":"2026-05-01T02:22:45","modified_gmt":"2026-05-01T05:22:45","slug":"a-pascoa-da-segunda-chance","status":"publish","type":"post","link":"https:\/\/radioportoseguro.com.br\/site\/2026\/05\/01\/a-pascoa-da-segunda-chance\/","title":{"rendered":"A P\u00e1scoa da segunda chance"},"content":{"rendered":"<p><br \/>\n<br \/><\/p>\n<div>\n<p>O pr\u00f3ximo dia primeiro de maio coincide com um evento pouco conhecido dentro do calend\u00e1rio hebraico \u2014 14 de Iyar. Este \u00e9 o dia designado para a segunda P\u00e1scoa ou <em>Pesach Sheni <\/em>e ocorre ap\u00f3s um m\u00eas da celebra\u00e7\u00e3o principal.<\/p>\n<p>A Festa da P\u00e1scoa \u00e9 a \u00fanica da Tor\u00e1 que engloba esse conceito de uma segunda celebra\u00e7\u00e3o. Esta ordenan\u00e7a est\u00e1 em N\u00fameros 9:6-13, ap\u00f3s Mois\u00e9s ser questionado por alguns homens impedidos de entregar sua oferta devido \u00e0 impureza. Ela foi dada por Deus a Mois\u00e9s ap\u00f3s este ser questionado por alguns homens que n\u00e3o puderam celebrar a P\u00e1scoa na data estabelecida de 14 de Nisan, pois estavam ritualmente impuros por terem tido contato com um cad\u00e1ver.<\/p>\n<p>Deus respondeu a Mois\u00e9s que pessoas que estivessem ritualmente impuras, devido a algum contato com morto, ou por se encontrarem em uma viagem longa, ainda assim poderiam participar da celebra\u00e7\u00e3o. E estabeleceu um m\u00eas exato ap\u00f3s a P\u00e1scoa para isso, em 14 de Iyar.<\/p>\n<p>Esse \u00e9 o conceito de <em>Pesach Sheni, <\/em>a segunda celebra\u00e7\u00e3o de <em>Pesach<\/em>. A n\u00e3o participa\u00e7\u00e3o na primeira, por\u00e9m, devia ser justificada. Ou seja, o contato com o cad\u00e1ver teria de ser uma necessidade como, por exemplo, na morte de um parente pr\u00f3ximo. Ou a \u201cviagem longa\u201d s\u00f3 poderia ser uma justificativa se ocorressem imprevistos no caminho que impedissem algu\u00e9m de chegar a tempo da celebra\u00e7\u00e3o. Se a n\u00e3o participa\u00e7\u00e3o fosse por motivo de neglig\u00eancia, a segunda celebra\u00e7\u00e3o n\u00e3o era permitida e a pessoa era punida com a exclus\u00e3o da comunidade de Israel, o que, para alguns s\u00e1bios, era uma pena considerada pior que a de morte.<\/p>\n<p><strong>Um desejo sincero<\/strong><\/p>\n<p><em>Pesach Sheni<\/em> \u00e9 a \u00fanica Festa da Tor\u00e1 que se admite uma flexibilidade, caso n\u00e3o se consiga chegar a tempo para a celebra\u00e7\u00e3o da primeira P\u00e1scoa. As tr\u00eas festas anuais requeriam prepara\u00e7\u00e3o e antecipa\u00e7\u00e3o de modo a se chegar em Jerusal\u00e9m no tempo apropriado para apresentar o devido sacrif\u00edcio.<\/p>\n<p>O mais interessante \u00e9 que esse mandamento foi originado por uma provoca\u00e7\u00e3o humana, conforme o verso 7: \u201cEstamos impuros por causa de um cad\u00e1ver, mas por que ser\u00edamos privados de oferecer a oferta do Senhor a seu tempo determinado no meio dos filhos de Israel?\u201d. Eram homens que, por motivo de for\u00e7a maior e por acontecimentos alheios a sua vontade, n\u00e3o se conformaram em perder a celebra\u00e7\u00e3o da P\u00e1scoa, mas desejaram em seu \u00edntimo uma oportunidade para apresentarem suas ofertas. Deus viu a sinceridade em seu interior e emitiu esse mandamento a Mois\u00e9s, garantindo que no m\u00eas seguinte, no mesmo dia 14, eles pudessem participar da P\u00e1scoa do Senhor.<\/p>\n<p>Embora essa seja a \u00fanica vez em que <em>Pesach Sheni<\/em> aparece em toda a B\u00edblia, esse mandamento \u00e9 bem explorado e ampliado pelos comentaristas cl\u00e1ssicos no Talmude que acrescentam detalhes pr\u00e1ticos como, por exemplo, o sacrif\u00edcio pascal que deveria ser acompanhado de <em>matza<\/em> (asmo) e <em>maror<\/em> (ervas amargas), s\u00edmbolos proeminentes da P\u00e1scoa, juntamente com o cordeiro. Rashi, rabino do s\u00e9culo XI e um dos expoentes s\u00e1bios da hist\u00f3ria de Israel, destaca o m\u00e9rito daqueles israelitas que trouxeram ousadamente a quest\u00e3o at\u00e9 Mois\u00e9s e enfatiza que, mesmo perdendo o primeiro <em>Pesach<\/em>, ningu\u00e9m precisa ficar exclu\u00eddo.<\/p>\n<p><strong>Uma segunda chance<\/strong><\/p>\n<p>O mandamento de <em>Pesach Sheni<\/em> nos leva a uma reflex\u00e3o mais profunda sobre a bondade e a miseric\u00f3rdia divinas. Estes atributos sempre estar\u00e3o ao alcance do homem, por\u00e9m, muitas vezes \u00e9 preciso ousadia para desfrutar deles, como fizeram aqueles israelitas impuros. Quantas vezes, muitos perdem o melhor de Deus tamb\u00e9m por se encontrarem impuros, presos \u00e0s amarras deste mundo e aos mais diversos pecados, exclu\u00eddos da comunh\u00e3o dos santos?<\/p>\n<p><em>Pesach Sheni<\/em> nos ensina que nunca \u00e9 tarde para se buscar ao Senhor, arrepender-se de sua impureza e fazer o caminho de volta, tal qual o filho pr\u00f3digo. Na Nova Alian\u00e7a, temos Yeshua por Mediador, em lugar de Mois\u00e9s, e \u00e9 a Ele quem devemos ir para buscar miseric\u00f3rdia para uma nova oportunidade. O Senhor n\u00e3o a negou no passado e n\u00e3o a negar\u00e1 hoje.<\/p>\n<p>Portanto, <em>Pesach Sheni<\/em> fala de uma segunda chance. \u00c9 relevante que a Festa em que o cordeiro pascal era sacrificado, que teve seu ant\u00edtipo cumprido no Cordeiro de Deus sacrificado pelos pecados da humanidade, seja a \u00fanica a contemplar uma segunda data. Isso soa prof\u00e9tico e aponta para um Deus de miseric\u00f3rdia e benevol\u00eancia. Ele abre espa\u00e7o para todo aquele que dele deseja se aproximar, ainda que tardiamente. Sempre haver\u00e1 uma porta aberta, pois Ele \u00e9 o Deus da segunda chance.<\/p>\n<p>\u00a0<\/p>\n<p><strong>Get\u00falio Cidade<\/strong> \u00e9 escritor, tradutor e hebra\u00edsta, autor de A Oliveira Natural: As Ra\u00edzes Judaicas do Cristianismo e do blog www.aoliveiranatural.com.br.<\/p>\n<p><em>* O conte\u00fado do texto acima \u00e9 uma colabora\u00e7\u00e3o volunt\u00e1ria, de total responsabilidade do autor e n\u00e3o reflete necessariamente a opini\u00e3o do Portal Guiame.<\/em><\/p>\n<p>Leia o artigo anterior: <span style=\"color: #800000;\"><strong>Yom Hashoah \u2014 O Dia do Holocausto<\/strong><\/span><\/p>\n<\/div>\n<p><br \/>\n<br \/>Fonte: Guiame <\/p>\n","protected":false},"excerpt":{"rendered":"<p>O pr\u00f3ximo dia primeiro de maio coincide com um evento pouco conhecido dentro do calend\u00e1rio hebraico \u2014 14 de Iyar. Este \u00e9 o dia designado para a segunda P\u00e1scoa ou Pesach Sheni e ocorre ap\u00f3s um m\u00eas da celebra\u00e7\u00e3o principal. A Festa da P\u00e1scoa \u00e9 a \u00fanica da Tor\u00e1 que engloba esse conceito de uma [&hellip;]<\/p>\n","protected":false},"author":1,"featured_media":6537,"comment_status":"","ping_status":"open","sticky":false,"template":"","format":"standard","meta":{"footnotes":""},"categories":[43],"tags":[],"class_list":["post-6536","post","type-post","status-publish","format-standard","has-post-thumbnail","hentry","category-destaques"],"yoast_head":"<!-- This site is optimized with the Yoast SEO plugin v26.8 - https:\/\/yoast.com\/product\/yoast-seo-wordpress\/ -->\n<title>A P\u00e1scoa da segunda chance - R\u00e1dio Porto Seguro<\/title>\n<meta name=\"robots\" content=\"index, follow, max-snippet:-1, max-image-preview:large, max-video-preview:-1\" \/>\n<link rel=\"canonical\" href=\"https:\/\/radioportoseguro.com.br\/site\/2026\/05\/01\/a-pascoa-da-segunda-chance\/\" \/>\n<meta property=\"og:locale\" content=\"pt_BR\" \/>\n<meta property=\"og:type\" content=\"article\" \/>\n<meta property=\"og:title\" content=\"A P\u00e1scoa da segunda chance - R\u00e1dio Porto Seguro\" \/>\n<meta property=\"og:description\" content=\"O pr\u00f3ximo dia primeiro de maio coincide com um evento pouco conhecido dentro do calend\u00e1rio hebraico \u2014 14 de Iyar. Este \u00e9 o dia designado para a segunda P\u00e1scoa ou Pesach Sheni e ocorre ap\u00f3s um m\u00eas da celebra\u00e7\u00e3o principal. A Festa da P\u00e1scoa \u00e9 a \u00fanica da Tor\u00e1 que engloba esse conceito de uma [&hellip;]\" \/>\n<meta property=\"og:url\" content=\"https:\/\/radioportoseguro.com.br\/site\/2026\/05\/01\/a-pascoa-da-segunda-chance\/\" \/>\n<meta property=\"og:site_name\" content=\"R\u00e1dio Porto Seguro\" \/>\n<meta property=\"article:published_time\" content=\"2026-05-01T05:22:45+00:00\" \/>\n<meta property=\"og:image\" content=\"https:\/\/media.guiame.com.br\/archives\/2026\/04\/29\/1080525404-pascoa.png\" \/>\n<meta name=\"author\" content=\"admin\" \/>\n<meta name=\"twitter:card\" content=\"summary_large_image\" \/>\n<meta name=\"twitter:label1\" content=\"Escrito por\" \/>\n\t<meta name=\"twitter:data1\" content=\"admin\" \/>\n\t<meta name=\"twitter:label2\" content=\"Est. tempo de leitura\" \/>\n\t<meta name=\"twitter:data2\" content=\"4 minutos\" \/>\n<script type=\"application\/ld+json\" class=\"yoast-schema-graph\">{\"@context\":\"https:\/\/schema.org\",\"@graph\":[{\"@type\":\"Article\",\"@id\":\"https:\/\/radioportoseguro.com.br\/site\/2026\/05\/01\/a-pascoa-da-segunda-chance\/#article\",\"isPartOf\":{\"@id\":\"https:\/\/radioportoseguro.com.br\/site\/2026\/05\/01\/a-pascoa-da-segunda-chance\/\"},\"author\":{\"name\":\"admin\",\"@id\":\"https:\/\/radioportoseguro.com.br\/site\/#\/schema\/person\/7630acdc320186f13639d3c067ec089b\"},\"headline\":\"A P\u00e1scoa da segunda chance\",\"datePublished\":\"2026-05-01T05:22:45+00:00\",\"mainEntityOfPage\":{\"@id\":\"https:\/\/radioportoseguro.com.br\/site\/2026\/05\/01\/a-pascoa-da-segunda-chance\/\"},\"wordCount\":881,\"image\":{\"@id\":\"https:\/\/radioportoseguro.com.br\/site\/2026\/05\/01\/a-pascoa-da-segunda-chance\/#primaryimage\"},\"thumbnailUrl\":\"https:\/\/radioportoseguro.com.br\/site\/wp-content\/uploads\/2026\/05\/1080525404-pascoa.png\",\"articleSection\":[\"Destaques\"],\"inLanguage\":\"pt-BR\"},{\"@type\":\"WebPage\",\"@id\":\"https:\/\/radioportoseguro.com.br\/site\/2026\/05\/01\/a-pascoa-da-segunda-chance\/\",\"url\":\"https:\/\/radioportoseguro.com.br\/site\/2026\/05\/01\/a-pascoa-da-segunda-chance\/\",\"name\":\"A P\u00e1scoa da segunda chance - R\u00e1dio Porto Seguro\",\"isPartOf\":{\"@id\":\"https:\/\/radioportoseguro.com.br\/site\/#website\"},\"primaryImageOfPage\":{\"@id\":\"https:\/\/radioportoseguro.com.br\/site\/2026\/05\/01\/a-pascoa-da-segunda-chance\/#primaryimage\"},\"image\":{\"@id\":\"https:\/\/radioportoseguro.com.br\/site\/2026\/05\/01\/a-pascoa-da-segunda-chance\/#primaryimage\"},\"thumbnailUrl\":\"https:\/\/radioportoseguro.com.br\/site\/wp-content\/uploads\/2026\/05\/1080525404-pascoa.png\",\"datePublished\":\"2026-05-01T05:22:45+00:00\",\"author\":{\"@id\":\"https:\/\/radioportoseguro.com.br\/site\/#\/schema\/person\/7630acdc320186f13639d3c067ec089b\"},\"breadcrumb\":{\"@id\":\"https:\/\/radioportoseguro.com.br\/site\/2026\/05\/01\/a-pascoa-da-segunda-chance\/#breadcrumb\"},\"inLanguage\":\"pt-BR\",\"potentialAction\":[{\"@type\":\"ReadAction\",\"target\":[\"https:\/\/radioportoseguro.com.br\/site\/2026\/05\/01\/a-pascoa-da-segunda-chance\/\"]}]},{\"@type\":\"ImageObject\",\"inLanguage\":\"pt-BR\",\"@id\":\"https:\/\/radioportoseguro.com.br\/site\/2026\/05\/01\/a-pascoa-da-segunda-chance\/#primaryimage\",\"url\":\"https:\/\/radioportoseguro.com.br\/site\/wp-content\/uploads\/2026\/05\/1080525404-pascoa.png\",\"contentUrl\":\"https:\/\/radioportoseguro.com.br\/site\/wp-content\/uploads\/2026\/05\/1080525404-pascoa.png\",\"width\":1200,\"height\":600},{\"@type\":\"BreadcrumbList\",\"@id\":\"https:\/\/radioportoseguro.com.br\/site\/2026\/05\/01\/a-pascoa-da-segunda-chance\/#breadcrumb\",\"itemListElement\":[{\"@type\":\"ListItem\",\"position\":1,\"name\":\"In\u00edcio\",\"item\":\"https:\/\/radioportoseguro.com.br\/site\/\"},{\"@type\":\"ListItem\",\"position\":2,\"name\":\"A P\u00e1scoa da segunda chance\"}]},{\"@type\":\"WebSite\",\"@id\":\"https:\/\/radioportoseguro.com.br\/site\/#website\",\"url\":\"https:\/\/radioportoseguro.com.br\/site\/\",\"name\":\"R\u00e1dio Porto Seguro\",\"description\":\"\",\"potentialAction\":[{\"@type\":\"SearchAction\",\"target\":{\"@type\":\"EntryPoint\",\"urlTemplate\":\"https:\/\/radioportoseguro.com.br\/site\/?s={search_term_string}\"},\"query-input\":{\"@type\":\"PropertyValueSpecification\",\"valueRequired\":true,\"valueName\":\"search_term_string\"}}],\"inLanguage\":\"pt-BR\"},{\"@type\":\"Person\",\"@id\":\"https:\/\/radioportoseguro.com.br\/site\/#\/schema\/person\/7630acdc320186f13639d3c067ec089b\",\"name\":\"admin\",\"image\":{\"@type\":\"ImageObject\",\"inLanguage\":\"pt-BR\",\"@id\":\"https:\/\/radioportoseguro.com.br\/site\/#\/schema\/person\/image\/\",\"url\":\"https:\/\/secure.gravatar.com\/avatar\/caacf4dc1eedb68fab0df8e1ed46c448e578b2466351bbcb61e47d2ac0caaef0?s=96&d=mm&r=g\",\"contentUrl\":\"https:\/\/secure.gravatar.com\/avatar\/caacf4dc1eedb68fab0df8e1ed46c448e578b2466351bbcb61e47d2ac0caaef0?s=96&d=mm&r=g\",\"caption\":\"admin\"},\"sameAs\":[\"https:\/\/radioportoseguro.com.br\/site\"],\"url\":\"https:\/\/radioportoseguro.com.br\/site\/author\/hezio\/\"}]}<\/script>\n<!-- \/ Yoast SEO plugin. -->","yoast_head_json":{"title":"A P\u00e1scoa da segunda chance - R\u00e1dio Porto Seguro","robots":{"index":"index","follow":"follow","max-snippet":"max-snippet:-1","max-image-preview":"max-image-preview:large","max-video-preview":"max-video-preview:-1"},"canonical":"https:\/\/radioportoseguro.com.br\/site\/2026\/05\/01\/a-pascoa-da-segunda-chance\/","og_locale":"pt_BR","og_type":"article","og_title":"A P\u00e1scoa da segunda chance - R\u00e1dio Porto Seguro","og_description":"O pr\u00f3ximo dia primeiro de maio coincide com um evento pouco conhecido dentro do calend\u00e1rio hebraico \u2014 14 de Iyar. Este \u00e9 o dia designado para a segunda P\u00e1scoa ou Pesach Sheni e ocorre ap\u00f3s um m\u00eas da celebra\u00e7\u00e3o principal. A Festa da P\u00e1scoa \u00e9 a \u00fanica da Tor\u00e1 que engloba esse conceito de uma [&hellip;]","og_url":"https:\/\/radioportoseguro.com.br\/site\/2026\/05\/01\/a-pascoa-da-segunda-chance\/","og_site_name":"R\u00e1dio Porto Seguro","article_published_time":"2026-05-01T05:22:45+00:00","og_image":[{"url":"https:\/\/media.guiame.com.br\/archives\/2026\/04\/29\/1080525404-pascoa.png","type":"","width":"","height":""}],"author":"admin","twitter_card":"summary_large_image","twitter_misc":{"Escrito por":"admin","Est. tempo de leitura":"4 minutos"},"schema":{"@context":"https:\/\/schema.org","@graph":[{"@type":"Article","@id":"https:\/\/radioportoseguro.com.br\/site\/2026\/05\/01\/a-pascoa-da-segunda-chance\/#article","isPartOf":{"@id":"https:\/\/radioportoseguro.com.br\/site\/2026\/05\/01\/a-pascoa-da-segunda-chance\/"},"author":{"name":"admin","@id":"https:\/\/radioportoseguro.com.br\/site\/#\/schema\/person\/7630acdc320186f13639d3c067ec089b"},"headline":"A P\u00e1scoa da segunda chance","datePublished":"2026-05-01T05:22:45+00:00","mainEntityOfPage":{"@id":"https:\/\/radioportoseguro.com.br\/site\/2026\/05\/01\/a-pascoa-da-segunda-chance\/"},"wordCount":881,"image":{"@id":"https:\/\/radioportoseguro.com.br\/site\/2026\/05\/01\/a-pascoa-da-segunda-chance\/#primaryimage"},"thumbnailUrl":"https:\/\/radioportoseguro.com.br\/site\/wp-content\/uploads\/2026\/05\/1080525404-pascoa.png","articleSection":["Destaques"],"inLanguage":"pt-BR"},{"@type":"WebPage","@id":"https:\/\/radioportoseguro.com.br\/site\/2026\/05\/01\/a-pascoa-da-segunda-chance\/","url":"https:\/\/radioportoseguro.com.br\/site\/2026\/05\/01\/a-pascoa-da-segunda-chance\/","name":"A P\u00e1scoa da segunda chance - R\u00e1dio Porto Seguro","isPartOf":{"@id":"https:\/\/radioportoseguro.com.br\/site\/#website"},"primaryImageOfPage":{"@id":"https:\/\/radioportoseguro.com.br\/site\/2026\/05\/01\/a-pascoa-da-segunda-chance\/#primaryimage"},"image":{"@id":"https:\/\/radioportoseguro.com.br\/site\/2026\/05\/01\/a-pascoa-da-segunda-chance\/#primaryimage"},"thumbnailUrl":"https:\/\/radioportoseguro.com.br\/site\/wp-content\/uploads\/2026\/05\/1080525404-pascoa.png","datePublished":"2026-05-01T05:22:45+00:00","author":{"@id":"https:\/\/radioportoseguro.com.br\/site\/#\/schema\/person\/7630acdc320186f13639d3c067ec089b"},"breadcrumb":{"@id":"https:\/\/radioportoseguro.com.br\/site\/2026\/05\/01\/a-pascoa-da-segunda-chance\/#breadcrumb"},"inLanguage":"pt-BR","potentialAction":[{"@type":"ReadAction","target":["https:\/\/radioportoseguro.com.br\/site\/2026\/05\/01\/a-pascoa-da-segunda-chance\/"]}]},{"@type":"ImageObject","inLanguage":"pt-BR","@id":"https:\/\/radioportoseguro.com.br\/site\/2026\/05\/01\/a-pascoa-da-segunda-chance\/#primaryimage","url":"https:\/\/radioportoseguro.com.br\/site\/wp-content\/uploads\/2026\/05\/1080525404-pascoa.png","contentUrl":"https:\/\/radioportoseguro.com.br\/site\/wp-content\/uploads\/2026\/05\/1080525404-pascoa.png","width":1200,"height":600},{"@type":"BreadcrumbList","@id":"https:\/\/radioportoseguro.com.br\/site\/2026\/05\/01\/a-pascoa-da-segunda-chance\/#breadcrumb","itemListElement":[{"@type":"ListItem","position":1,"name":"In\u00edcio","item":"https:\/\/radioportoseguro.com.br\/site\/"},{"@type":"ListItem","position":2,"name":"A P\u00e1scoa da segunda chance"}]},{"@type":"WebSite","@id":"https:\/\/radioportoseguro.com.br\/site\/#website","url":"https:\/\/radioportoseguro.com.br\/site\/","name":"R\u00e1dio Porto Seguro","description":"","potentialAction":[{"@type":"SearchAction","target":{"@type":"EntryPoint","urlTemplate":"https:\/\/radioportoseguro.com.br\/site\/?s={search_term_string}"},"query-input":{"@type":"PropertyValueSpecification","valueRequired":true,"valueName":"search_term_string"}}],"inLanguage":"pt-BR"},{"@type":"Person","@id":"https:\/\/radioportoseguro.com.br\/site\/#\/schema\/person\/7630acdc320186f13639d3c067ec089b","name":"admin","image":{"@type":"ImageObject","inLanguage":"pt-BR","@id":"https:\/\/radioportoseguro.com.br\/site\/#\/schema\/person\/image\/","url":"https:\/\/secure.gravatar.com\/avatar\/caacf4dc1eedb68fab0df8e1ed46c448e578b2466351bbcb61e47d2ac0caaef0?s=96&d=mm&r=g","contentUrl":"https:\/\/secure.gravatar.com\/avatar\/caacf4dc1eedb68fab0df8e1ed46c448e578b2466351bbcb61e47d2ac0caaef0?s=96&d=mm&r=g","caption":"admin"},"sameAs":["https:\/\/radioportoseguro.com.br\/site"],"url":"https:\/\/radioportoseguro.com.br\/site\/author\/hezio\/"}]}},"_links":{"self":[{"href":"https:\/\/radioportoseguro.com.br\/site\/wp-json\/wp\/v2\/posts\/6536","targetHints":{"allow":["GET"]}}],"collection":[{"href":"https:\/\/radioportoseguro.com.br\/site\/wp-json\/wp\/v2\/posts"}],"about":[{"href":"https:\/\/radioportoseguro.com.br\/site\/wp-json\/wp\/v2\/types\/post"}],"author":[{"embeddable":true,"href":"https:\/\/radioportoseguro.com.br\/site\/wp-json\/wp\/v2\/users\/1"}],"replies":[{"embeddable":true,"href":"https:\/\/radioportoseguro.com.br\/site\/wp-json\/wp\/v2\/comments?post=6536"}],"version-history":[{"count":0,"href":"https:\/\/radioportoseguro.com.br\/site\/wp-json\/wp\/v2\/posts\/6536\/revisions"}],"wp:featuredmedia":[{"embeddable":true,"href":"https:\/\/radioportoseguro.com.br\/site\/wp-json\/wp\/v2\/media\/6537"}],"wp:attachment":[{"href":"https:\/\/radioportoseguro.com.br\/site\/wp-json\/wp\/v2\/media?parent=6536"}],"wp:term":[{"taxonomy":"category","embeddable":true,"href":"https:\/\/radioportoseguro.com.br\/site\/wp-json\/wp\/v2\/categories?post=6536"},{"taxonomy":"post_tag","embeddable":true,"href":"https:\/\/radioportoseguro.com.br\/site\/wp-json\/wp\/v2\/tags?post=6536"}],"curies":[{"name":"wp","href":"https:\/\/api.w.org\/{rel}","templated":true}]}}