{"id":6538,"date":"2026-05-01T03:08:08","date_gmt":"2026-05-01T06:08:08","guid":{"rendered":"https:\/\/radioportoseguro.com.br\/site\/2026\/05\/01\/lideres-cristaos-buscam-unidade-para-amparar-388-milhoes-de-perseguidos-no-mundo\/"},"modified":"2026-05-01T03:08:08","modified_gmt":"2026-05-01T06:08:08","slug":"lideres-cristaos-buscam-unidade-para-amparar-388-milhoes-de-perseguidos-no-mundo","status":"publish","type":"post","link":"https:\/\/radioportoseguro.com.br\/site\/2026\/05\/01\/lideres-cristaos-buscam-unidade-para-amparar-388-milhoes-de-perseguidos-no-mundo\/","title":{"rendered":"L\u00edderes crist\u00e3os buscam unidade para amparar 388 milh\u00f5es de perseguidos no mundo"},"content":{"rendered":"<p><br \/>\n<\/p>\n<div>\n<div class=\"td-post-featured-image\">\n<figure><figcaption class=\"wp-caption-text\">L\u00edderes crist\u00e3os se re\u00fanem para para discutir o futuro do apoio a crist\u00e3os perseguidos (Foto: Reprodu\u00e7\u00e3o)<\/figcaption><\/figure>\n<\/div>\n<p> <!-- A generated by theme --> <\/p>\n<p> <!-- end A --> <\/p>\n<p>Mais de 70 l\u00edderes de minist\u00e9rios se reuniram em uma cidade europeia, em um encontro anual da Religious Liberty Partnership (RLP), para discutir o futuro do apoio a crist\u00e3os perseguidos. <\/p>\n<p>O presidente da International Christian Concern (ICC), Shawn Wright, apresentou sua vis\u00e3o sobre como a colabora\u00e7\u00e3o entre organiza\u00e7\u00f5es pode efetivamente alcan\u00e7ar e servir os mais de 388 milh\u00f5es de crist\u00e3os que enfrentam persegui\u00e7\u00e3o.<\/p>\n<p>A ICC, membro fundador da RLP, entidade dedicada \u00e0 liberdade religiosa e ao amparo de crentes perseguidos, teve seu l\u00edder convidado a compartilhar reflex\u00f5es sobre a necessidade de\u2026 (<strong>Leia a \u00edntegra clicando aqui<\/strong>)<\/p>\n<p> <!-- A generated by theme --> <\/p>\n<p> <!-- end A --> <\/p><\/div>\n<p><script>(function (d, s, id) {\n                var js, fjs = d.getElementsByTagName(s)[0];\n                if (d.getElementById(id)) return;\n                js = d.createElement(s);\n                js.id = id;\n                js.src=\"https:\/\/connect.facebook.net\/pt_BR\/sdk.js#xfbml=1&version=v2.11&appId=264312870658742&autoLogAppEvents=1\";\n                fjs.parentNode.insertBefore(js, fjs);\n            }(document, 'script', 'facebook-jssdk'));<\/script><br \/>\n<br \/><br \/>\n<br \/>Fonte: Folha Gospel<\/p>\n","protected":false},"excerpt":{"rendered":"<p>L\u00edderes crist\u00e3os se re\u00fanem para para discutir o futuro do apoio a crist\u00e3os perseguidos (Foto: Reprodu\u00e7\u00e3o) Mais de 70 l\u00edderes de minist\u00e9rios se reuniram em uma cidade europeia, em um encontro anual da Religious Liberty Partnership (RLP), para discutir o futuro do apoio a crist\u00e3os perseguidos. O presidente da International Christian Concern (ICC), Shawn Wright, [&hellip;]<\/p>\n","protected":false},"author":1,"featured_media":6539,"comment_status":"","ping_status":"open","sticky":false,"template":"","format":"standard","meta":{"footnotes":""},"categories":[3],"tags":[],"class_list":["post-6538","post","type-post","status-publish","format-standard","has-post-thumbnail","hentry","category-gospel"],"yoast_head":"<!-- This site is optimized with the Yoast SEO plugin v26.8 - https:\/\/yoast.com\/product\/yoast-seo-wordpress\/ -->\n<title>L\u00edderes crist\u00e3os buscam unidade para amparar 388 milh\u00f5es de perseguidos no mundo - R\u00e1dio Porto Seguro<\/title>\n<meta name=\"robots\" content=\"index, follow, max-snippet:-1, max-image-preview:large, max-video-preview:-1\" \/>\n<link rel=\"canonical\" href=\"https:\/\/radioportoseguro.com.br\/site\/2026\/05\/01\/lideres-cristaos-buscam-unidade-para-amparar-388-milhoes-de-perseguidos-no-mundo\/\" \/>\n<meta property=\"og:locale\" content=\"pt_BR\" \/>\n<meta property=\"og:type\" content=\"article\" \/>\n<meta property=\"og:title\" content=\"L\u00edderes crist\u00e3os buscam unidade para amparar 388 milh\u00f5es de perseguidos no mundo - R\u00e1dio Porto Seguro\" \/>\n<meta property=\"og:description\" content=\"L\u00edderes crist\u00e3os se re\u00fanem para para discutir o futuro do apoio a crist\u00e3os perseguidos (Foto: Reprodu\u00e7\u00e3o) Mais de 70 l\u00edderes de minist\u00e9rios se reuniram em uma cidade europeia, em um encontro anual da Religious Liberty Partnership (RLP), para discutir o futuro do apoio a crist\u00e3os perseguidos. O presidente da International Christian Concern (ICC), Shawn Wright, [&hellip;]\" \/>\n<meta property=\"og:url\" content=\"https:\/\/radioportoseguro.com.br\/site\/2026\/05\/01\/lideres-cristaos-buscam-unidade-para-amparar-388-milhoes-de-perseguidos-no-mundo\/\" \/>\n<meta property=\"og:site_name\" content=\"R\u00e1dio Porto Seguro\" \/>\n<meta property=\"article:published_time\" content=\"2026-05-01T06:08:08+00:00\" \/>\n<meta property=\"og:image\" content=\"https:\/\/i0.wp.com\/folhagospel.com\/wp-content\/uploads\/2026\/04\/image-40.png?resize=696%2C522&amp;ssl=1\" \/>\n<meta name=\"author\" content=\"admin\" \/>\n<meta name=\"twitter:card\" content=\"summary_large_image\" \/>\n<meta name=\"twitter:label1\" content=\"Escrito por\" \/>\n\t<meta name=\"twitter:data1\" content=\"admin\" \/>\n\t<meta name=\"twitter:label2\" content=\"Est. tempo de leitura\" \/>\n\t<meta name=\"twitter:data2\" content=\"1 minuto\" \/>\n<script type=\"application\/ld+json\" class=\"yoast-schema-graph\">{\"@context\":\"https:\/\/schema.org\",\"@graph\":[{\"@type\":\"Article\",\"@id\":\"https:\/\/radioportoseguro.com.br\/site\/2026\/05\/01\/lideres-cristaos-buscam-unidade-para-amparar-388-milhoes-de-perseguidos-no-mundo\/#article\",\"isPartOf\":{\"@id\":\"https:\/\/radioportoseguro.com.br\/site\/2026\/05\/01\/lideres-cristaos-buscam-unidade-para-amparar-388-milhoes-de-perseguidos-no-mundo\/\"},\"author\":{\"name\":\"admin\",\"@id\":\"https:\/\/radioportoseguro.com.br\/site\/#\/schema\/person\/7630acdc320186f13639d3c067ec089b\"},\"headline\":\"L\u00edderes crist\u00e3os buscam unidade para amparar 388 milh\u00f5es de perseguidos no mundo\",\"datePublished\":\"2026-05-01T06:08:08+00:00\",\"mainEntityOfPage\":{\"@id\":\"https:\/\/radioportoseguro.com.br\/site\/2026\/05\/01\/lideres-cristaos-buscam-unidade-para-amparar-388-milhoes-de-perseguidos-no-mundo\/\"},\"wordCount\":145,\"image\":{\"@id\":\"https:\/\/radioportoseguro.com.br\/site\/2026\/05\/01\/lideres-cristaos-buscam-unidade-para-amparar-388-milhoes-de-perseguidos-no-mundo\/#primaryimage\"},\"thumbnailUrl\":\"https:\/\/radioportoseguro.com.br\/site\/wp-content\/uploads\/2026\/05\/image-40.png\",\"articleSection\":[\"Gospel\"],\"inLanguage\":\"pt-BR\"},{\"@type\":\"WebPage\",\"@id\":\"https:\/\/radioportoseguro.com.br\/site\/2026\/05\/01\/lideres-cristaos-buscam-unidade-para-amparar-388-milhoes-de-perseguidos-no-mundo\/\",\"url\":\"https:\/\/radioportoseguro.com.br\/site\/2026\/05\/01\/lideres-cristaos-buscam-unidade-para-amparar-388-milhoes-de-perseguidos-no-mundo\/\",\"name\":\"L\u00edderes crist\u00e3os buscam unidade para amparar 388 milh\u00f5es de perseguidos no mundo - R\u00e1dio Porto Seguro\",\"isPartOf\":{\"@id\":\"https:\/\/radioportoseguro.com.br\/site\/#website\"},\"primaryImageOfPage\":{\"@id\":\"https:\/\/radioportoseguro.com.br\/site\/2026\/05\/01\/lideres-cristaos-buscam-unidade-para-amparar-388-milhoes-de-perseguidos-no-mundo\/#primaryimage\"},\"image\":{\"@id\":\"https:\/\/radioportoseguro.com.br\/site\/2026\/05\/01\/lideres-cristaos-buscam-unidade-para-amparar-388-milhoes-de-perseguidos-no-mundo\/#primaryimage\"},\"thumbnailUrl\":\"https:\/\/radioportoseguro.com.br\/site\/wp-content\/uploads\/2026\/05\/image-40.png\",\"datePublished\":\"2026-05-01T06:08:08+00:00\",\"author\":{\"@id\":\"https:\/\/radioportoseguro.com.br\/site\/#\/schema\/person\/7630acdc320186f13639d3c067ec089b\"},\"breadcrumb\":{\"@id\":\"https:\/\/radioportoseguro.com.br\/site\/2026\/05\/01\/lideres-cristaos-buscam-unidade-para-amparar-388-milhoes-de-perseguidos-no-mundo\/#breadcrumb\"},\"inLanguage\":\"pt-BR\",\"potentialAction\":[{\"@type\":\"ReadAction\",\"target\":[\"https:\/\/radioportoseguro.com.br\/site\/2026\/05\/01\/lideres-cristaos-buscam-unidade-para-amparar-388-milhoes-de-perseguidos-no-mundo\/\"]}]},{\"@type\":\"ImageObject\",\"inLanguage\":\"pt-BR\",\"@id\":\"https:\/\/radioportoseguro.com.br\/site\/2026\/05\/01\/lideres-cristaos-buscam-unidade-para-amparar-388-milhoes-de-perseguidos-no-mundo\/#primaryimage\",\"url\":\"https:\/\/radioportoseguro.com.br\/site\/wp-content\/uploads\/2026\/05\/image-40.png\",\"contentUrl\":\"https:\/\/radioportoseguro.com.br\/site\/wp-content\/uploads\/2026\/05\/image-40.png\",\"width\":768,\"height\":576},{\"@type\":\"BreadcrumbList\",\"@id\":\"https:\/\/radioportoseguro.com.br\/site\/2026\/05\/01\/lideres-cristaos-buscam-unidade-para-amparar-388-milhoes-de-perseguidos-no-mundo\/#breadcrumb\",\"itemListElement\":[{\"@type\":\"ListItem\",\"position\":1,\"name\":\"In\u00edcio\",\"item\":\"https:\/\/radioportoseguro.com.br\/site\/\"},{\"@type\":\"ListItem\",\"position\":2,\"name\":\"L\u00edderes crist\u00e3os buscam unidade para amparar 388 milh\u00f5es de perseguidos no mundo\"}]},{\"@type\":\"WebSite\",\"@id\":\"https:\/\/radioportoseguro.com.br\/site\/#website\",\"url\":\"https:\/\/radioportoseguro.com.br\/site\/\",\"name\":\"R\u00e1dio Porto Seguro\",\"description\":\"\",\"potentialAction\":[{\"@type\":\"SearchAction\",\"target\":{\"@type\":\"EntryPoint\",\"urlTemplate\":\"https:\/\/radioportoseguro.com.br\/site\/?s={search_term_string}\"},\"query-input\":{\"@type\":\"PropertyValueSpecification\",\"valueRequired\":true,\"valueName\":\"search_term_string\"}}],\"inLanguage\":\"pt-BR\"},{\"@type\":\"Person\",\"@id\":\"https:\/\/radioportoseguro.com.br\/site\/#\/schema\/person\/7630acdc320186f13639d3c067ec089b\",\"name\":\"admin\",\"image\":{\"@type\":\"ImageObject\",\"inLanguage\":\"pt-BR\",\"@id\":\"https:\/\/radioportoseguro.com.br\/site\/#\/schema\/person\/image\/\",\"url\":\"https:\/\/secure.gravatar.com\/avatar\/caacf4dc1eedb68fab0df8e1ed46c448e578b2466351bbcb61e47d2ac0caaef0?s=96&d=mm&r=g\",\"contentUrl\":\"https:\/\/secure.gravatar.com\/avatar\/caacf4dc1eedb68fab0df8e1ed46c448e578b2466351bbcb61e47d2ac0caaef0?s=96&d=mm&r=g\",\"caption\":\"admin\"},\"sameAs\":[\"https:\/\/radioportoseguro.com.br\/site\"],\"url\":\"https:\/\/radioportoseguro.com.br\/site\/author\/hezio\/\"}]}<\/script>\n<!-- \/ Yoast SEO plugin. -->","yoast_head_json":{"title":"L\u00edderes crist\u00e3os buscam unidade para amparar 388 milh\u00f5es de perseguidos no mundo - R\u00e1dio Porto Seguro","robots":{"index":"index","follow":"follow","max-snippet":"max-snippet:-1","max-image-preview":"max-image-preview:large","max-video-preview":"max-video-preview:-1"},"canonical":"https:\/\/radioportoseguro.com.br\/site\/2026\/05\/01\/lideres-cristaos-buscam-unidade-para-amparar-388-milhoes-de-perseguidos-no-mundo\/","og_locale":"pt_BR","og_type":"article","og_title":"L\u00edderes crist\u00e3os buscam unidade para amparar 388 milh\u00f5es de perseguidos no mundo - R\u00e1dio Porto Seguro","og_description":"L\u00edderes crist\u00e3os se re\u00fanem para para discutir o futuro do apoio a crist\u00e3os perseguidos (Foto: Reprodu\u00e7\u00e3o) Mais de 70 l\u00edderes de minist\u00e9rios se reuniram em uma cidade europeia, em um encontro anual da Religious Liberty Partnership (RLP), para discutir o futuro do apoio a crist\u00e3os perseguidos. O presidente da International Christian Concern (ICC), Shawn Wright, [&hellip;]","og_url":"https:\/\/radioportoseguro.com.br\/site\/2026\/05\/01\/lideres-cristaos-buscam-unidade-para-amparar-388-milhoes-de-perseguidos-no-mundo\/","og_site_name":"R\u00e1dio Porto Seguro","article_published_time":"2026-05-01T06:08:08+00:00","og_image":[{"url":"https:\/\/i0.wp.com\/folhagospel.com\/wp-content\/uploads\/2026\/04\/image-40.png?resize=696%2C522&amp;ssl=1","type":"","width":"","height":""}],"author":"admin","twitter_card":"summary_large_image","twitter_misc":{"Escrito por":"admin","Est. tempo de leitura":"1 minuto"},"schema":{"@context":"https:\/\/schema.org","@graph":[{"@type":"Article","@id":"https:\/\/radioportoseguro.com.br\/site\/2026\/05\/01\/lideres-cristaos-buscam-unidade-para-amparar-388-milhoes-de-perseguidos-no-mundo\/#article","isPartOf":{"@id":"https:\/\/radioportoseguro.com.br\/site\/2026\/05\/01\/lideres-cristaos-buscam-unidade-para-amparar-388-milhoes-de-perseguidos-no-mundo\/"},"author":{"name":"admin","@id":"https:\/\/radioportoseguro.com.br\/site\/#\/schema\/person\/7630acdc320186f13639d3c067ec089b"},"headline":"L\u00edderes crist\u00e3os buscam unidade para amparar 388 milh\u00f5es de perseguidos no mundo","datePublished":"2026-05-01T06:08:08+00:00","mainEntityOfPage":{"@id":"https:\/\/radioportoseguro.com.br\/site\/2026\/05\/01\/lideres-cristaos-buscam-unidade-para-amparar-388-milhoes-de-perseguidos-no-mundo\/"},"wordCount":145,"image":{"@id":"https:\/\/radioportoseguro.com.br\/site\/2026\/05\/01\/lideres-cristaos-buscam-unidade-para-amparar-388-milhoes-de-perseguidos-no-mundo\/#primaryimage"},"thumbnailUrl":"https:\/\/radioportoseguro.com.br\/site\/wp-content\/uploads\/2026\/05\/image-40.png","articleSection":["Gospel"],"inLanguage":"pt-BR"},{"@type":"WebPage","@id":"https:\/\/radioportoseguro.com.br\/site\/2026\/05\/01\/lideres-cristaos-buscam-unidade-para-amparar-388-milhoes-de-perseguidos-no-mundo\/","url":"https:\/\/radioportoseguro.com.br\/site\/2026\/05\/01\/lideres-cristaos-buscam-unidade-para-amparar-388-milhoes-de-perseguidos-no-mundo\/","name":"L\u00edderes crist\u00e3os buscam unidade para amparar 388 milh\u00f5es de perseguidos no mundo - R\u00e1dio Porto Seguro","isPartOf":{"@id":"https:\/\/radioportoseguro.com.br\/site\/#website"},"primaryImageOfPage":{"@id":"https:\/\/radioportoseguro.com.br\/site\/2026\/05\/01\/lideres-cristaos-buscam-unidade-para-amparar-388-milhoes-de-perseguidos-no-mundo\/#primaryimage"},"image":{"@id":"https:\/\/radioportoseguro.com.br\/site\/2026\/05\/01\/lideres-cristaos-buscam-unidade-para-amparar-388-milhoes-de-perseguidos-no-mundo\/#primaryimage"},"thumbnailUrl":"https:\/\/radioportoseguro.com.br\/site\/wp-content\/uploads\/2026\/05\/image-40.png","datePublished":"2026-05-01T06:08:08+00:00","author":{"@id":"https:\/\/radioportoseguro.com.br\/site\/#\/schema\/person\/7630acdc320186f13639d3c067ec089b"},"breadcrumb":{"@id":"https:\/\/radioportoseguro.com.br\/site\/2026\/05\/01\/lideres-cristaos-buscam-unidade-para-amparar-388-milhoes-de-perseguidos-no-mundo\/#breadcrumb"},"inLanguage":"pt-BR","potentialAction":[{"@type":"ReadAction","target":["https:\/\/radioportoseguro.com.br\/site\/2026\/05\/01\/lideres-cristaos-buscam-unidade-para-amparar-388-milhoes-de-perseguidos-no-mundo\/"]}]},{"@type":"ImageObject","inLanguage":"pt-BR","@id":"https:\/\/radioportoseguro.com.br\/site\/2026\/05\/01\/lideres-cristaos-buscam-unidade-para-amparar-388-milhoes-de-perseguidos-no-mundo\/#primaryimage","url":"https:\/\/radioportoseguro.com.br\/site\/wp-content\/uploads\/2026\/05\/image-40.png","contentUrl":"https:\/\/radioportoseguro.com.br\/site\/wp-content\/uploads\/2026\/05\/image-40.png","width":768,"height":576},{"@type":"BreadcrumbList","@id":"https:\/\/radioportoseguro.com.br\/site\/2026\/05\/01\/lideres-cristaos-buscam-unidade-para-amparar-388-milhoes-de-perseguidos-no-mundo\/#breadcrumb","itemListElement":[{"@type":"ListItem","position":1,"name":"In\u00edcio","item":"https:\/\/radioportoseguro.com.br\/site\/"},{"@type":"ListItem","position":2,"name":"L\u00edderes crist\u00e3os buscam unidade para amparar 388 milh\u00f5es de perseguidos no mundo"}]},{"@type":"WebSite","@id":"https:\/\/radioportoseguro.com.br\/site\/#website","url":"https:\/\/radioportoseguro.com.br\/site\/","name":"R\u00e1dio Porto Seguro","description":"","potentialAction":[{"@type":"SearchAction","target":{"@type":"EntryPoint","urlTemplate":"https:\/\/radioportoseguro.com.br\/site\/?s={search_term_string}"},"query-input":{"@type":"PropertyValueSpecification","valueRequired":true,"valueName":"search_term_string"}}],"inLanguage":"pt-BR"},{"@type":"Person","@id":"https:\/\/radioportoseguro.com.br\/site\/#\/schema\/person\/7630acdc320186f13639d3c067ec089b","name":"admin","image":{"@type":"ImageObject","inLanguage":"pt-BR","@id":"https:\/\/radioportoseguro.com.br\/site\/#\/schema\/person\/image\/","url":"https:\/\/secure.gravatar.com\/avatar\/caacf4dc1eedb68fab0df8e1ed46c448e578b2466351bbcb61e47d2ac0caaef0?s=96&d=mm&r=g","contentUrl":"https:\/\/secure.gravatar.com\/avatar\/caacf4dc1eedb68fab0df8e1ed46c448e578b2466351bbcb61e47d2ac0caaef0?s=96&d=mm&r=g","caption":"admin"},"sameAs":["https:\/\/radioportoseguro.com.br\/site"],"url":"https:\/\/radioportoseguro.com.br\/site\/author\/hezio\/"}]}},"_links":{"self":[{"href":"https:\/\/radioportoseguro.com.br\/site\/wp-json\/wp\/v2\/posts\/6538","targetHints":{"allow":["GET"]}}],"collection":[{"href":"https:\/\/radioportoseguro.com.br\/site\/wp-json\/wp\/v2\/posts"}],"about":[{"href":"https:\/\/radioportoseguro.com.br\/site\/wp-json\/wp\/v2\/types\/post"}],"author":[{"embeddable":true,"href":"https:\/\/radioportoseguro.com.br\/site\/wp-json\/wp\/v2\/users\/1"}],"replies":[{"embeddable":true,"href":"https:\/\/radioportoseguro.com.br\/site\/wp-json\/wp\/v2\/comments?post=6538"}],"version-history":[{"count":0,"href":"https:\/\/radioportoseguro.com.br\/site\/wp-json\/wp\/v2\/posts\/6538\/revisions"}],"wp:featuredmedia":[{"embeddable":true,"href":"https:\/\/radioportoseguro.com.br\/site\/wp-json\/wp\/v2\/media\/6539"}],"wp:attachment":[{"href":"https:\/\/radioportoseguro.com.br\/site\/wp-json\/wp\/v2\/media?parent=6538"}],"wp:term":[{"taxonomy":"category","embeddable":true,"href":"https:\/\/radioportoseguro.com.br\/site\/wp-json\/wp\/v2\/categories?post=6538"},{"taxonomy":"post_tag","embeddable":true,"href":"https:\/\/radioportoseguro.com.br\/site\/wp-json\/wp\/v2\/tags?post=6538"}],"curies":[{"name":"wp","href":"https:\/\/api.w.org\/{rel}","templated":true}]}}