{"id":6552,"date":"2026-05-01T11:22:08","date_gmt":"2026-05-01T14:22:08","guid":{"rendered":"https:\/\/radioportoseguro.com.br\/site\/2026\/05\/01\/igreja-vai-recorrer-da-proibicao-de-pregar-nas-ruas-da-inglaterra\/"},"modified":"2026-05-01T11:22:08","modified_gmt":"2026-05-01T14:22:08","slug":"igreja-vai-recorrer-da-proibicao-de-pregar-nas-ruas-da-inglaterra","status":"publish","type":"post","link":"https:\/\/radioportoseguro.com.br\/site\/2026\/05\/01\/igreja-vai-recorrer-da-proibicao-de-pregar-nas-ruas-da-inglaterra\/","title":{"rendered":"Igreja vai recorrer da proibi\u00e7\u00e3o de pregar nas ruas da Inglaterra"},"content":{"rendered":"<p><br \/>\n<\/p>\n<div>\n<div class=\"td-post-featured-image\">\n<figure><figcaption class=\"wp-caption-text\">Pastor Stephen Clayden durante prega\u00e7\u00e3o p\u00fablica em Colchester, na Inglaterra. (Foto: Christian Legal Centre)<\/figcaption><\/figure>\n<\/div>\n<p> <!-- A generated by theme --> <\/p>\n<p> <!-- end A --> <\/p>\n<p>Uma igreja na Inglaterra vai entrar com um recurso depois que as autoridades proibiram toda a congrega\u00e7\u00e3o de pregar no centro da cidade.<\/p>\n<p>O Tribunal de Magistrados de Colchester analisar\u00e1 o recurso contra uma Notifica\u00e7\u00e3o de Prote\u00e7\u00e3o Comunit\u00e1ria (CPN, na sigla em ingl\u00eas) emitida pelas autoridades \u00e0 Igreja Comunit\u00e1ria P\u00e3o da Vida, em Essex.<\/p>\n<p>O grupo de direitos humanos Christian Concern afirmou que as autoridades usaram seus poderes de ordem p\u00fablica de forma in\u00e9dita, visando uma igreja inteira em vez de evangelistas individuais. Segundo o grupo, a notifica\u00e7\u00e3o criminaliza tanto o conte\u00fado da mensagem quanto a maneira de pregar.<\/p>\n<p>O reverendo Stephen Clayden, pastor da Igreja Comunit\u00e1ria P\u00e3o da Vida, disse que a igreja prega de forma legal e pac\u00edfica em Colchester h\u00e1 seis anos.<\/p>\n<p>\u201cN\u00e3o prejudicamos ningu\u00e9m\u201d, disse Clayden. \u201cN\u00e3o nos deixaremos intimidar a ponto de abandonar a Grande Comiss\u00e3o.\u201d<\/p>\n<p>Clayden rejeitou as alega\u00e7\u00f5es de que a igreja agiu ilegalmente e confirmou que ir\u00e1 contestar a decis\u00e3o do CPN. O Centro Jur\u00eddico Crist\u00e3o est\u00e1 apoiando o caso.<\/p>\n<p> <!-- A generated by theme --> <\/p>\n<p> <!-- end A --> <\/p>\n<p>\u201cRespeitamos a lei. Mas n\u00e3o podemos e n\u00e3o vamos parar de pregar o evangelho de Jesus Cristo\u201d, disse ele. \u201cNenhum conselho tem autoridade para silenciar a Igreja.\u201d<\/p>\n<p>A organiza\u00e7\u00e3o Christian Concern afirmou que os fiscais da prefeitura impuseram a Ordem de Prote\u00e7\u00e3o ao Consumidor (CPN) ap\u00f3s pressionarem a igreja, inclusive proibindo o uso de amplifica\u00e7\u00e3o durante as atividades evangel\u00edsticas semanais. N\u00e3o h\u00e1 nenhuma Ordem de Prote\u00e7\u00e3o do Espa\u00e7o P\u00fablico que restrinja o som amplificado no local, no centro da cidade.<\/p>\n<p>O descumprimento da notifica\u00e7\u00e3o constitui um crime, o que significa que Clayden e outros membros da igreja podem ser processados \u200b\u200bcaso n\u00e3o a cumpram.<\/p>\n<p>A organiza\u00e7\u00e3o Christian Concern acrescentou que ningu\u00e9m havia reclamado anteriormente do trabalho de evangeliza\u00e7\u00e3o da igreja, incluindo a prega\u00e7\u00e3o e as conversas com o p\u00fablico.<\/p>\n<p>Em novembro, os respons\u00e1veis \u200b\u200bemitiram um alerta de prote\u00e7\u00e3o comunit\u00e1ria e, posteriormente, amea\u00e7aram aplicar multas. Na sequ\u00eancia, manifestaram preocupa\u00e7\u00e3o n\u00e3o s\u00f3 com o volume, mas tamb\u00e9m com o conte\u00fado da prega\u00e7\u00e3o, incluindo refer\u00eancias ao julgamento e ao inferno, que, segundo o conselho, poderiam perturbar os ouvintes.<\/p>\n<p>A CPN acusa a igreja de usar amplifica\u00e7\u00e3o e \u201cmensagens religiosas\u201d que mencionam o \u201cinferno\u201d e causam \u201cass\u00e9dio, alarme e ang\u00fastia\u201d. Afirma ainda que os respons\u00e1veis \u200b\u200bpela pris\u00e3o \u201ctentaram orientar\u201d os pregadores, mas consideraram a atividade \u201cirrazo\u00e1vel\u201d e \u201cprejudicial\u201d \u00e0 comunidade.<\/p>\n<p>O Centro Jur\u00eddico Crist\u00e3o argumentar\u00e1 em ju\u00edzo, com base na se\u00e7\u00e3o 46 da Lei de Comportamento Antissocial, Crime e Policiamento de 2014, que a CPN \u00e9 ilegal. A igreja nega que qualquer das condutas alegadas tenha ocorrido e rejeita as acusa\u00e7\u00f5es de que tenha se envolvido em comportamento amea\u00e7ador, de ass\u00e9dio ou intimida\u00e7\u00e3o. Afirma que descrever o ensinamento b\u00edblico sobre o inferno como \u201cintimida\u00e7\u00e3o\u201d deturpa a pr\u00e1tica rotineira do evangelismo crist\u00e3o.<\/p>\n<p>A igreja registra e transmite ao vivo todas as suas atividades de evangeliza\u00e7\u00e3o e afirma que n\u00e3o h\u00e1 evid\u00eancias de amea\u00e7as ou ass\u00e9dio. Argumentar\u00e1 tamb\u00e9m que o caso diz respeito a um desconforto com sua mensagem, e n\u00e3o a qualquer perturba\u00e7\u00e3o genu\u00edna \u2013 uma quest\u00e3o protegida pelos Artigos 9 e 10 da Lei de Direitos Humanos.<\/p>\n<p>O recurso afirma ainda que o conselho n\u00e3o demonstrou qualquer efeito prejudicial real na qualidade de vida da \u00e1rea, conforme exige a lei.<\/p>\n<p>A igreja argumenta ainda que as autoridades n\u00e3o apresentaram provas objetivas de danos e nega que sua conduta tenha sido persistente ou irracional.<\/p>\n<p>A organiza\u00e7\u00e3o Christian Concern afirmou que a CPN \u00e9 \u201cvaga e desproporcional\u201d, particularmente em sua proibi\u00e7\u00e3o de \u201ccomportamento intimidat\u00f3rio\u201d n\u00e3o definido. A igreja argumenta que as tentativas de restringir declara\u00e7\u00f5es doutrin\u00e1rias, como advert\u00eancias sobre o julgamento de Deus, equivalem \u00e0 censura ilegal de discursos religiosos protegidos.<\/p>\n<p>Na audi\u00eancia, a igreja pedir\u00e1 ao tribunal que cancele integralmente o CPN ou, alternativamente, que remova quaisquer exig\u00eancias que restrinjam ilegalmente a express\u00e3o religiosa.<\/p>\n<p>Andrea Williams, diretora executiva do Centro Jur\u00eddico Crist\u00e3o, descreveu o caso como um \u201cdesenvolvimento profundamente alarmante\u201d.<\/p>\n<p>\u201cOs poderes de ordem p\u00fablica concebidos para lidar com comportamentos antissociais genu\u00ednos est\u00e3o agora sendo usados \u200b\u200bpara reprimir a prega\u00e7\u00e3o crist\u00e3\u201d, disse ela. \u201cHoje \u00e9 a amplifica\u00e7\u00e3o; amanh\u00e3 ser\u00e1 o conte\u00fado da pr\u00f3pria mensagem. Estamos testemunhando uma ladeira escorregadia, da gest\u00e3o do ru\u00eddo \u00e0 vigil\u00e2ncia da teologia.\u201d<\/p>\n<p>Williams afirmou que a prega\u00e7\u00e3o e o testemunho p\u00fablico s\u00e3o essenciais \u00e0 f\u00e9 crist\u00e3 e permanecem protegidos por lei.<\/p>\n<p>\u201cSe uma igreja pode ser criminalizada simplesmente por proclamar o evangelho, ent\u00e3o a liberdade de religi\u00e3o e de express\u00e3o no Reino Unido est\u00e1 seriamente amea\u00e7ada\u201d, disse ela. \u201cEsta igreja leva as Boas Novas de Jesus Cristo ao cora\u00e7\u00e3o desta comunidade, e n\u00f3s a apoiaremos enquanto ela contesta a notifica\u00e7\u00e3o.\u201d<\/p>\n<p><strong>Folha Gospel com informa\u00e7\u00f5es de Christian daily<\/strong><\/p>\n<p> <!-- A generated by theme --> <\/p>\n<p> <!-- end A --> <\/p><\/div>\n<p><script>(function (d, s, id) {\n                var js, fjs = d.getElementsByTagName(s)[0];\n                if (d.getElementById(id)) return;\n                js = d.createElement(s);\n                js.id = id;\n                js.src=\"https:\/\/connect.facebook.net\/pt_BR\/sdk.js#xfbml=1&version=v2.11&appId=264312870658742&autoLogAppEvents=1\";\n                fjs.parentNode.insertBefore(js, fjs);\n            }(document, 'script', 'facebook-jssdk'));<\/script><br \/>\n<br \/><br \/>\n<br \/>Fonte: Folha Gospel<\/p>\n","protected":false},"excerpt":{"rendered":"<p>Pastor Stephen Clayden durante prega\u00e7\u00e3o p\u00fablica em Colchester, na Inglaterra. (Foto: Christian Legal Centre) Uma igreja na Inglaterra vai entrar com um recurso depois que as autoridades proibiram toda a congrega\u00e7\u00e3o de pregar no centro da cidade. O Tribunal de Magistrados de Colchester analisar\u00e1 o recurso contra uma Notifica\u00e7\u00e3o de Prote\u00e7\u00e3o Comunit\u00e1ria (CPN, na sigla [&hellip;]<\/p>\n","protected":false},"author":1,"featured_media":6553,"comment_status":"","ping_status":"open","sticky":false,"template":"","format":"standard","meta":{"footnotes":""},"categories":[3],"tags":[],"class_list":["post-6552","post","type-post","status-publish","format-standard","has-post-thumbnail","hentry","category-gospel"],"yoast_head":"<!-- This site is optimized with the Yoast SEO plugin v26.8 - https:\/\/yoast.com\/product\/yoast-seo-wordpress\/ -->\n<title>Igreja vai recorrer da proibi\u00e7\u00e3o de pregar nas ruas da Inglaterra - R\u00e1dio Porto Seguro<\/title>\n<meta name=\"robots\" content=\"index, follow, max-snippet:-1, max-image-preview:large, max-video-preview:-1\" \/>\n<link rel=\"canonical\" href=\"https:\/\/radioportoseguro.com.br\/site\/2026\/05\/01\/igreja-vai-recorrer-da-proibicao-de-pregar-nas-ruas-da-inglaterra\/\" \/>\n<meta property=\"og:locale\" content=\"pt_BR\" \/>\n<meta property=\"og:type\" content=\"article\" \/>\n<meta property=\"og:title\" content=\"Igreja vai recorrer da proibi\u00e7\u00e3o de pregar nas ruas da Inglaterra - R\u00e1dio Porto Seguro\" \/>\n<meta property=\"og:description\" content=\"Pastor Stephen Clayden durante prega\u00e7\u00e3o p\u00fablica em Colchester, na Inglaterra. (Foto: Christian Legal Centre) Uma igreja na Inglaterra vai entrar com um recurso depois que as autoridades proibiram toda a congrega\u00e7\u00e3o de pregar no centro da cidade. O Tribunal de Magistrados de Colchester analisar\u00e1 o recurso contra uma Notifica\u00e7\u00e3o de Prote\u00e7\u00e3o Comunit\u00e1ria (CPN, na sigla [&hellip;]\" \/>\n<meta property=\"og:url\" content=\"https:\/\/radioportoseguro.com.br\/site\/2026\/05\/01\/igreja-vai-recorrer-da-proibicao-de-pregar-nas-ruas-da-inglaterra\/\" \/>\n<meta property=\"og:site_name\" content=\"R\u00e1dio Porto Seguro\" \/>\n<meta property=\"article:published_time\" content=\"2026-05-01T14:22:08+00:00\" \/>\n<meta property=\"og:image\" content=\"https:\/\/i0.wp.com\/folhagospel.com\/wp-content\/uploads\/2026\/05\/image-2.png?resize=696%2C414&amp;ssl=1\" \/>\n<meta name=\"author\" content=\"admin\" \/>\n<meta name=\"twitter:card\" content=\"summary_large_image\" \/>\n<meta name=\"twitter:label1\" content=\"Escrito por\" \/>\n\t<meta name=\"twitter:data1\" content=\"admin\" \/>\n\t<meta name=\"twitter:label2\" content=\"Est. tempo de leitura\" \/>\n\t<meta name=\"twitter:data2\" content=\"4 minutos\" \/>\n<script type=\"application\/ld+json\" class=\"yoast-schema-graph\">{\"@context\":\"https:\/\/schema.org\",\"@graph\":[{\"@type\":\"Article\",\"@id\":\"https:\/\/radioportoseguro.com.br\/site\/2026\/05\/01\/igreja-vai-recorrer-da-proibicao-de-pregar-nas-ruas-da-inglaterra\/#article\",\"isPartOf\":{\"@id\":\"https:\/\/radioportoseguro.com.br\/site\/2026\/05\/01\/igreja-vai-recorrer-da-proibicao-de-pregar-nas-ruas-da-inglaterra\/\"},\"author\":{\"name\":\"admin\",\"@id\":\"https:\/\/radioportoseguro.com.br\/site\/#\/schema\/person\/7630acdc320186f13639d3c067ec089b\"},\"headline\":\"Igreja vai recorrer da proibi\u00e7\u00e3o de pregar nas ruas da Inglaterra\",\"datePublished\":\"2026-05-01T14:22:08+00:00\",\"mainEntityOfPage\":{\"@id\":\"https:\/\/radioportoseguro.com.br\/site\/2026\/05\/01\/igreja-vai-recorrer-da-proibicao-de-pregar-nas-ruas-da-inglaterra\/\"},\"wordCount\":899,\"image\":{\"@id\":\"https:\/\/radioportoseguro.com.br\/site\/2026\/05\/01\/igreja-vai-recorrer-da-proibicao-de-pregar-nas-ruas-da-inglaterra\/#primaryimage\"},\"thumbnailUrl\":\"https:\/\/radioportoseguro.com.br\/site\/wp-content\/uploads\/2026\/05\/image-2.png\",\"articleSection\":[\"Gospel\"],\"inLanguage\":\"pt-BR\"},{\"@type\":\"WebPage\",\"@id\":\"https:\/\/radioportoseguro.com.br\/site\/2026\/05\/01\/igreja-vai-recorrer-da-proibicao-de-pregar-nas-ruas-da-inglaterra\/\",\"url\":\"https:\/\/radioportoseguro.com.br\/site\/2026\/05\/01\/igreja-vai-recorrer-da-proibicao-de-pregar-nas-ruas-da-inglaterra\/\",\"name\":\"Igreja vai recorrer da proibi\u00e7\u00e3o de pregar nas ruas da Inglaterra - R\u00e1dio Porto Seguro\",\"isPartOf\":{\"@id\":\"https:\/\/radioportoseguro.com.br\/site\/#website\"},\"primaryImageOfPage\":{\"@id\":\"https:\/\/radioportoseguro.com.br\/site\/2026\/05\/01\/igreja-vai-recorrer-da-proibicao-de-pregar-nas-ruas-da-inglaterra\/#primaryimage\"},\"image\":{\"@id\":\"https:\/\/radioportoseguro.com.br\/site\/2026\/05\/01\/igreja-vai-recorrer-da-proibicao-de-pregar-nas-ruas-da-inglaterra\/#primaryimage\"},\"thumbnailUrl\":\"https:\/\/radioportoseguro.com.br\/site\/wp-content\/uploads\/2026\/05\/image-2.png\",\"datePublished\":\"2026-05-01T14:22:08+00:00\",\"author\":{\"@id\":\"https:\/\/radioportoseguro.com.br\/site\/#\/schema\/person\/7630acdc320186f13639d3c067ec089b\"},\"breadcrumb\":{\"@id\":\"https:\/\/radioportoseguro.com.br\/site\/2026\/05\/01\/igreja-vai-recorrer-da-proibicao-de-pregar-nas-ruas-da-inglaterra\/#breadcrumb\"},\"inLanguage\":\"pt-BR\",\"potentialAction\":[{\"@type\":\"ReadAction\",\"target\":[\"https:\/\/radioportoseguro.com.br\/site\/2026\/05\/01\/igreja-vai-recorrer-da-proibicao-de-pregar-nas-ruas-da-inglaterra\/\"]}]},{\"@type\":\"ImageObject\",\"inLanguage\":\"pt-BR\",\"@id\":\"https:\/\/radioportoseguro.com.br\/site\/2026\/05\/01\/igreja-vai-recorrer-da-proibicao-de-pregar-nas-ruas-da-inglaterra\/#primaryimage\",\"url\":\"https:\/\/radioportoseguro.com.br\/site\/wp-content\/uploads\/2026\/05\/image-2.png\",\"contentUrl\":\"https:\/\/radioportoseguro.com.br\/site\/wp-content\/uploads\/2026\/05\/image-2.png\",\"width\":840,\"height\":500},{\"@type\":\"BreadcrumbList\",\"@id\":\"https:\/\/radioportoseguro.com.br\/site\/2026\/05\/01\/igreja-vai-recorrer-da-proibicao-de-pregar-nas-ruas-da-inglaterra\/#breadcrumb\",\"itemListElement\":[{\"@type\":\"ListItem\",\"position\":1,\"name\":\"In\u00edcio\",\"item\":\"https:\/\/radioportoseguro.com.br\/site\/\"},{\"@type\":\"ListItem\",\"position\":2,\"name\":\"Igreja vai recorrer da proibi\u00e7\u00e3o de pregar nas ruas da Inglaterra\"}]},{\"@type\":\"WebSite\",\"@id\":\"https:\/\/radioportoseguro.com.br\/site\/#website\",\"url\":\"https:\/\/radioportoseguro.com.br\/site\/\",\"name\":\"R\u00e1dio Porto Seguro\",\"description\":\"\",\"potentialAction\":[{\"@type\":\"SearchAction\",\"target\":{\"@type\":\"EntryPoint\",\"urlTemplate\":\"https:\/\/radioportoseguro.com.br\/site\/?s={search_term_string}\"},\"query-input\":{\"@type\":\"PropertyValueSpecification\",\"valueRequired\":true,\"valueName\":\"search_term_string\"}}],\"inLanguage\":\"pt-BR\"},{\"@type\":\"Person\",\"@id\":\"https:\/\/radioportoseguro.com.br\/site\/#\/schema\/person\/7630acdc320186f13639d3c067ec089b\",\"name\":\"admin\",\"image\":{\"@type\":\"ImageObject\",\"inLanguage\":\"pt-BR\",\"@id\":\"https:\/\/radioportoseguro.com.br\/site\/#\/schema\/person\/image\/\",\"url\":\"https:\/\/secure.gravatar.com\/avatar\/caacf4dc1eedb68fab0df8e1ed46c448e578b2466351bbcb61e47d2ac0caaef0?s=96&d=mm&r=g\",\"contentUrl\":\"https:\/\/secure.gravatar.com\/avatar\/caacf4dc1eedb68fab0df8e1ed46c448e578b2466351bbcb61e47d2ac0caaef0?s=96&d=mm&r=g\",\"caption\":\"admin\"},\"sameAs\":[\"https:\/\/radioportoseguro.com.br\/site\"],\"url\":\"https:\/\/radioportoseguro.com.br\/site\/author\/hezio\/\"}]}<\/script>\n<!-- \/ Yoast SEO plugin. -->","yoast_head_json":{"title":"Igreja vai recorrer da proibi\u00e7\u00e3o de pregar nas ruas da Inglaterra - R\u00e1dio Porto Seguro","robots":{"index":"index","follow":"follow","max-snippet":"max-snippet:-1","max-image-preview":"max-image-preview:large","max-video-preview":"max-video-preview:-1"},"canonical":"https:\/\/radioportoseguro.com.br\/site\/2026\/05\/01\/igreja-vai-recorrer-da-proibicao-de-pregar-nas-ruas-da-inglaterra\/","og_locale":"pt_BR","og_type":"article","og_title":"Igreja vai recorrer da proibi\u00e7\u00e3o de pregar nas ruas da Inglaterra - R\u00e1dio Porto Seguro","og_description":"Pastor Stephen Clayden durante prega\u00e7\u00e3o p\u00fablica em Colchester, na Inglaterra. (Foto: Christian Legal Centre) Uma igreja na Inglaterra vai entrar com um recurso depois que as autoridades proibiram toda a congrega\u00e7\u00e3o de pregar no centro da cidade. O Tribunal de Magistrados de Colchester analisar\u00e1 o recurso contra uma Notifica\u00e7\u00e3o de Prote\u00e7\u00e3o Comunit\u00e1ria (CPN, na sigla [&hellip;]","og_url":"https:\/\/radioportoseguro.com.br\/site\/2026\/05\/01\/igreja-vai-recorrer-da-proibicao-de-pregar-nas-ruas-da-inglaterra\/","og_site_name":"R\u00e1dio Porto Seguro","article_published_time":"2026-05-01T14:22:08+00:00","og_image":[{"url":"https:\/\/i0.wp.com\/folhagospel.com\/wp-content\/uploads\/2026\/05\/image-2.png?resize=696%2C414&amp;ssl=1","type":"","width":"","height":""}],"author":"admin","twitter_card":"summary_large_image","twitter_misc":{"Escrito por":"admin","Est. tempo de leitura":"4 minutos"},"schema":{"@context":"https:\/\/schema.org","@graph":[{"@type":"Article","@id":"https:\/\/radioportoseguro.com.br\/site\/2026\/05\/01\/igreja-vai-recorrer-da-proibicao-de-pregar-nas-ruas-da-inglaterra\/#article","isPartOf":{"@id":"https:\/\/radioportoseguro.com.br\/site\/2026\/05\/01\/igreja-vai-recorrer-da-proibicao-de-pregar-nas-ruas-da-inglaterra\/"},"author":{"name":"admin","@id":"https:\/\/radioportoseguro.com.br\/site\/#\/schema\/person\/7630acdc320186f13639d3c067ec089b"},"headline":"Igreja vai recorrer da proibi\u00e7\u00e3o de pregar nas ruas da Inglaterra","datePublished":"2026-05-01T14:22:08+00:00","mainEntityOfPage":{"@id":"https:\/\/radioportoseguro.com.br\/site\/2026\/05\/01\/igreja-vai-recorrer-da-proibicao-de-pregar-nas-ruas-da-inglaterra\/"},"wordCount":899,"image":{"@id":"https:\/\/radioportoseguro.com.br\/site\/2026\/05\/01\/igreja-vai-recorrer-da-proibicao-de-pregar-nas-ruas-da-inglaterra\/#primaryimage"},"thumbnailUrl":"https:\/\/radioportoseguro.com.br\/site\/wp-content\/uploads\/2026\/05\/image-2.png","articleSection":["Gospel"],"inLanguage":"pt-BR"},{"@type":"WebPage","@id":"https:\/\/radioportoseguro.com.br\/site\/2026\/05\/01\/igreja-vai-recorrer-da-proibicao-de-pregar-nas-ruas-da-inglaterra\/","url":"https:\/\/radioportoseguro.com.br\/site\/2026\/05\/01\/igreja-vai-recorrer-da-proibicao-de-pregar-nas-ruas-da-inglaterra\/","name":"Igreja vai recorrer da proibi\u00e7\u00e3o de pregar nas ruas da Inglaterra - R\u00e1dio Porto Seguro","isPartOf":{"@id":"https:\/\/radioportoseguro.com.br\/site\/#website"},"primaryImageOfPage":{"@id":"https:\/\/radioportoseguro.com.br\/site\/2026\/05\/01\/igreja-vai-recorrer-da-proibicao-de-pregar-nas-ruas-da-inglaterra\/#primaryimage"},"image":{"@id":"https:\/\/radioportoseguro.com.br\/site\/2026\/05\/01\/igreja-vai-recorrer-da-proibicao-de-pregar-nas-ruas-da-inglaterra\/#primaryimage"},"thumbnailUrl":"https:\/\/radioportoseguro.com.br\/site\/wp-content\/uploads\/2026\/05\/image-2.png","datePublished":"2026-05-01T14:22:08+00:00","author":{"@id":"https:\/\/radioportoseguro.com.br\/site\/#\/schema\/person\/7630acdc320186f13639d3c067ec089b"},"breadcrumb":{"@id":"https:\/\/radioportoseguro.com.br\/site\/2026\/05\/01\/igreja-vai-recorrer-da-proibicao-de-pregar-nas-ruas-da-inglaterra\/#breadcrumb"},"inLanguage":"pt-BR","potentialAction":[{"@type":"ReadAction","target":["https:\/\/radioportoseguro.com.br\/site\/2026\/05\/01\/igreja-vai-recorrer-da-proibicao-de-pregar-nas-ruas-da-inglaterra\/"]}]},{"@type":"ImageObject","inLanguage":"pt-BR","@id":"https:\/\/radioportoseguro.com.br\/site\/2026\/05\/01\/igreja-vai-recorrer-da-proibicao-de-pregar-nas-ruas-da-inglaterra\/#primaryimage","url":"https:\/\/radioportoseguro.com.br\/site\/wp-content\/uploads\/2026\/05\/image-2.png","contentUrl":"https:\/\/radioportoseguro.com.br\/site\/wp-content\/uploads\/2026\/05\/image-2.png","width":840,"height":500},{"@type":"BreadcrumbList","@id":"https:\/\/radioportoseguro.com.br\/site\/2026\/05\/01\/igreja-vai-recorrer-da-proibicao-de-pregar-nas-ruas-da-inglaterra\/#breadcrumb","itemListElement":[{"@type":"ListItem","position":1,"name":"In\u00edcio","item":"https:\/\/radioportoseguro.com.br\/site\/"},{"@type":"ListItem","position":2,"name":"Igreja vai recorrer da proibi\u00e7\u00e3o de pregar nas ruas da Inglaterra"}]},{"@type":"WebSite","@id":"https:\/\/radioportoseguro.com.br\/site\/#website","url":"https:\/\/radioportoseguro.com.br\/site\/","name":"R\u00e1dio Porto Seguro","description":"","potentialAction":[{"@type":"SearchAction","target":{"@type":"EntryPoint","urlTemplate":"https:\/\/radioportoseguro.com.br\/site\/?s={search_term_string}"},"query-input":{"@type":"PropertyValueSpecification","valueRequired":true,"valueName":"search_term_string"}}],"inLanguage":"pt-BR"},{"@type":"Person","@id":"https:\/\/radioportoseguro.com.br\/site\/#\/schema\/person\/7630acdc320186f13639d3c067ec089b","name":"admin","image":{"@type":"ImageObject","inLanguage":"pt-BR","@id":"https:\/\/radioportoseguro.com.br\/site\/#\/schema\/person\/image\/","url":"https:\/\/secure.gravatar.com\/avatar\/caacf4dc1eedb68fab0df8e1ed46c448e578b2466351bbcb61e47d2ac0caaef0?s=96&d=mm&r=g","contentUrl":"https:\/\/secure.gravatar.com\/avatar\/caacf4dc1eedb68fab0df8e1ed46c448e578b2466351bbcb61e47d2ac0caaef0?s=96&d=mm&r=g","caption":"admin"},"sameAs":["https:\/\/radioportoseguro.com.br\/site"],"url":"https:\/\/radioportoseguro.com.br\/site\/author\/hezio\/"}]}},"_links":{"self":[{"href":"https:\/\/radioportoseguro.com.br\/site\/wp-json\/wp\/v2\/posts\/6552","targetHints":{"allow":["GET"]}}],"collection":[{"href":"https:\/\/radioportoseguro.com.br\/site\/wp-json\/wp\/v2\/posts"}],"about":[{"href":"https:\/\/radioportoseguro.com.br\/site\/wp-json\/wp\/v2\/types\/post"}],"author":[{"embeddable":true,"href":"https:\/\/radioportoseguro.com.br\/site\/wp-json\/wp\/v2\/users\/1"}],"replies":[{"embeddable":true,"href":"https:\/\/radioportoseguro.com.br\/site\/wp-json\/wp\/v2\/comments?post=6552"}],"version-history":[{"count":0,"href":"https:\/\/radioportoseguro.com.br\/site\/wp-json\/wp\/v2\/posts\/6552\/revisions"}],"wp:featuredmedia":[{"embeddable":true,"href":"https:\/\/radioportoseguro.com.br\/site\/wp-json\/wp\/v2\/media\/6553"}],"wp:attachment":[{"href":"https:\/\/radioportoseguro.com.br\/site\/wp-json\/wp\/v2\/media?parent=6552"}],"wp:term":[{"taxonomy":"category","embeddable":true,"href":"https:\/\/radioportoseguro.com.br\/site\/wp-json\/wp\/v2\/categories?post=6552"},{"taxonomy":"post_tag","embeddable":true,"href":"https:\/\/radioportoseguro.com.br\/site\/wp-json\/wp\/v2\/tags?post=6552"}],"curies":[{"name":"wp","href":"https:\/\/api.w.org\/{rel}","templated":true}]}}