{"id":6556,"date":"2026-05-01T14:03:47","date_gmt":"2026-05-01T17:03:47","guid":{"rendered":"https:\/\/radioportoseguro.com.br\/site\/2026\/05\/01\/escolas-podem-ampliar-transmissao-de-virus-respiratorios-entre-criancas\/"},"modified":"2026-05-01T14:03:47","modified_gmt":"2026-05-01T17:03:47","slug":"escolas-podem-ampliar-transmissao-de-virus-respiratorios-entre-criancas","status":"publish","type":"post","link":"https:\/\/radioportoseguro.com.br\/site\/2026\/05\/01\/escolas-podem-ampliar-transmissao-de-virus-respiratorios-entre-criancas\/","title":{"rendered":"Escolas podem ampliar transmiss\u00e3o de v\u00edrus respirat\u00f3rios entre crian\u00e7as"},"content":{"rendered":"<p><br \/>\n<br \/><\/p>\n<div>\n<p><span class=\"news_capital_letter\">A<\/span> circula\u00e7\u00e3o de v\u00edrus respirat\u00f3rios come\u00e7ou mais cedo e mais intensa em 2026. Dados divulgados pelo Minist\u00e9rio da Sa\u00fade mostram que os casos de gripe quase dobraram no pa\u00eds antes mesmo da chegada do inverno, acendendo um alerta importante, principalmente entre crian\u00e7as em idade escolar.<\/p>\n<p>Em ambientes fechados, com pouca ventila\u00e7\u00e3o e contato pr\u00f3ximo, como salas de aula, o cen\u00e1rio se torna ideal para a transmiss\u00e3o. Mas, h\u00e1 um fator silencioso que tem contribu\u00eddo para esse aumento: o retorno precoce de crian\u00e7as ainda em recupera\u00e7\u00e3o.<\/p>\n<p>\u201c\u00c9 muito comum ouvir dos pais: \u2018dei antit\u00e9rmico, a febre passou e mandei para a escola\u2019. Mas, isso n\u00e3o significa que a crian\u00e7a est\u00e1 realmente bem ou que deixou de transmitir o v\u00edrus\u201d, explica Dra. Roberta Pilla Otorrinolaringologista, membro da ABORL-CCF.<\/p>\n<p>Segundo a especialista, o uso de medicamentos pode mascarar sintomas, especialmente a febre, criando uma falsa sensa\u00e7\u00e3o de melhora. \u201cA crian\u00e7a ainda pode estar doente, eliminando v\u00edrus e com o organismo em recupera\u00e7\u00e3o. Quando volta cedo demais para a escola, ela n\u00e3o s\u00f3 prolonga o pr\u00f3prio quadro como tamb\u00e9m facilita a transmiss\u00e3o para outras crian\u00e7as\u201d, alerta.<\/p>\n<p>Entre os quadros mais comuns nesse cen\u00e1rio est\u00e3o gripe, resfriado, bronquiolite, sinusite e at\u00e9 pneumonias, al\u00e9m de crises de asma desencadeadas por infec\u00e7\u00f5es virais.<\/p>\n<p>A Dra. Maura Neves Otorrinolaringologista pela USP, refor\u00e7a que esse ciclo se repete com frequ\u00eancia. \u201cUma crian\u00e7a vai antes do tempo adequado, transmite para outras, que levam para casa, e isso mant\u00e9m o v\u00edrus circulando por muito mais tempo do que deveria\u201d, explica.<\/p>\n<h3 class=\"news_h3\" style=\"font-size: 1.2em; font-weight: bold; color: #006da6;\">Quando a crian\u00e7a pode voltar para a escola com seguran\u00e7a?<\/h3>\n<p>De forma pr\u00e1tica, os especialistas orientam alguns crit\u00e9rios b\u00e1sicos:<\/p>\n<p>-Estar h\u00e1 pelo menos 24 horas sem febre<br \/>-N\u00e3o estar em uso de antit\u00e9rmicos<br \/>-Apresentar melhora clara do estado geral<\/p>\n<p>\u201cA recupera\u00e7\u00e3o faz parte do tratamento. Respeitar esse tempo \u00e9 essencial para proteger a pr\u00f3pria crian\u00e7a e evitar novas transmiss\u00f5es\u201d, refor\u00e7a Dra. Roberta.<\/p>\n<h3 class=\"news_h3\" style=\"font-size: 1.2em; font-weight: bold; color: #006da6;\">Sinais de alerta que n\u00e3o devem ser ignorados<\/h3>\n<p>-Febre persistente ou que retorna ap\u00f3s melhora<br \/>-Respira\u00e7\u00e3o r\u00e1pida ou dificuldade para respirar<br \/>-Chiado no peito<br \/>-Cansa\u00e7o excessivo<br \/>-Tosse que piora, especialmente \u00e0 noite<br \/>-Recusa alimentar<\/p>\n<p>Nesses casos, a avalia\u00e7\u00e3o m\u00e9dica \u00e9 essencial para descartar agravamentos ou infec\u00e7\u00f5es secund\u00e1rias.<\/p>\n<h3 class=\"news_h3\" style=\"font-size: 1.2em; font-weight: bold; color: #006da6;\">Preven\u00e7\u00e3o ainda \u00e9 o caminho mais eficaz<\/h3>\n<p>-Vacina\u00e7\u00e3o em dia, especialmente contra a gripe<br \/>-Higiene frequente das m\u00e3os<br \/>-Ambientes ventilados<br \/>-Evitar compartilhar objetos pessoais<br \/>-Manter a crian\u00e7a em casa durante a fase ativa da doen\u00e7a<\/p>\n<p><span class=\"news_bold news_italic\">\u201cMais do que evitar faltas, o foco precisa ser interromper o ciclo de transmiss\u00e3o dentro das escolas\u201d<\/span>, finaliza Dra. Maura Neves.<\/p>\n<p>Leia Tamb\u00e9m: Tosse, febre e coriza: doen\u00e7as respirat\u00f3rias aumentam no outono<\/p>\n<\/p><\/div>\n<p><br \/>\n<br \/>Fonte: Not\u00edcias Ao Minuto<\/p>\n","protected":false},"excerpt":{"rendered":"<p>A circula\u00e7\u00e3o de v\u00edrus respirat\u00f3rios come\u00e7ou mais cedo e mais intensa em 2026. Dados divulgados pelo Minist\u00e9rio da Sa\u00fade mostram que os casos de gripe quase dobraram no pa\u00eds antes mesmo da chegada do inverno, acendendo um alerta importante, principalmente entre crian\u00e7as em idade escolar. Em ambientes fechados, com pouca ventila\u00e7\u00e3o e contato pr\u00f3ximo, como [&hellip;]<\/p>\n","protected":false},"author":1,"featured_media":6557,"comment_status":"","ping_status":"open","sticky":false,"template":"","format":"standard","meta":{"footnotes":""},"categories":[44],"tags":[],"class_list":["post-6556","post","type-post","status-publish","format-standard","has-post-thumbnail","hentry","category-vida-estilo"],"yoast_head":"<!-- This site is optimized with the Yoast SEO plugin v26.8 - https:\/\/yoast.com\/product\/yoast-seo-wordpress\/ -->\n<title>Escolas podem ampliar transmiss\u00e3o de v\u00edrus respirat\u00f3rios entre crian\u00e7as - R\u00e1dio Porto Seguro<\/title>\n<meta name=\"robots\" content=\"index, follow, max-snippet:-1, max-image-preview:large, max-video-preview:-1\" \/>\n<link rel=\"canonical\" href=\"https:\/\/radioportoseguro.com.br\/site\/2026\/05\/01\/escolas-podem-ampliar-transmissao-de-virus-respiratorios-entre-criancas\/\" \/>\n<meta property=\"og:locale\" content=\"pt_BR\" \/>\n<meta property=\"og:type\" content=\"article\" \/>\n<meta property=\"og:title\" content=\"Escolas podem ampliar transmiss\u00e3o de v\u00edrus respirat\u00f3rios entre crian\u00e7as - R\u00e1dio Porto Seguro\" \/>\n<meta property=\"og:description\" content=\"A circula\u00e7\u00e3o de v\u00edrus respirat\u00f3rios come\u00e7ou mais cedo e mais intensa em 2026. Dados divulgados pelo Minist\u00e9rio da Sa\u00fade mostram que os casos de gripe quase dobraram no pa\u00eds antes mesmo da chegada do inverno, acendendo um alerta importante, principalmente entre crian\u00e7as em idade escolar. Em ambientes fechados, com pouca ventila\u00e7\u00e3o e contato pr\u00f3ximo, como [&hellip;]\" \/>\n<meta property=\"og:url\" content=\"https:\/\/radioportoseguro.com.br\/site\/2026\/05\/01\/escolas-podem-ampliar-transmissao-de-virus-respiratorios-entre-criancas\/\" \/>\n<meta property=\"og:site_name\" content=\"R\u00e1dio Porto Seguro\" \/>\n<meta property=\"article:published_time\" content=\"2026-05-01T17:03:47+00:00\" \/>\n<meta property=\"og:image\" content=\"https:\/\/media-manager.noticiasaominuto.com.br\/640\/naom_5ea1b77976457.webp\" \/>\n<meta name=\"author\" content=\"admin\" \/>\n<meta name=\"twitter:card\" content=\"summary_large_image\" \/>\n<meta name=\"twitter:label1\" content=\"Escrito por\" \/>\n\t<meta name=\"twitter:data1\" content=\"admin\" \/>\n\t<meta name=\"twitter:label2\" content=\"Est. tempo de leitura\" \/>\n\t<meta name=\"twitter:data2\" content=\"2 minutos\" \/>\n<script type=\"application\/ld+json\" class=\"yoast-schema-graph\">{\"@context\":\"https:\/\/schema.org\",\"@graph\":[{\"@type\":\"Article\",\"@id\":\"https:\/\/radioportoseguro.com.br\/site\/2026\/05\/01\/escolas-podem-ampliar-transmissao-de-virus-respiratorios-entre-criancas\/#article\",\"isPartOf\":{\"@id\":\"https:\/\/radioportoseguro.com.br\/site\/2026\/05\/01\/escolas-podem-ampliar-transmissao-de-virus-respiratorios-entre-criancas\/\"},\"author\":{\"name\":\"admin\",\"@id\":\"https:\/\/radioportoseguro.com.br\/site\/#\/schema\/person\/7630acdc320186f13639d3c067ec089b\"},\"headline\":\"Escolas podem ampliar transmiss\u00e3o de v\u00edrus respirat\u00f3rios entre crian\u00e7as\",\"datePublished\":\"2026-05-01T17:03:47+00:00\",\"mainEntityOfPage\":{\"@id\":\"https:\/\/radioportoseguro.com.br\/site\/2026\/05\/01\/escolas-podem-ampliar-transmissao-de-virus-respiratorios-entre-criancas\/\"},\"wordCount\":494,\"image\":{\"@id\":\"https:\/\/radioportoseguro.com.br\/site\/2026\/05\/01\/escolas-podem-ampliar-transmissao-de-virus-respiratorios-entre-criancas\/#primaryimage\"},\"thumbnailUrl\":\"https:\/\/radioportoseguro.com.br\/site\/wp-content\/uploads\/2026\/05\/naom_5ea1b77976457.webp.webp\",\"articleSection\":[\"Vida &amp; Estilo\"],\"inLanguage\":\"pt-BR\"},{\"@type\":\"WebPage\",\"@id\":\"https:\/\/radioportoseguro.com.br\/site\/2026\/05\/01\/escolas-podem-ampliar-transmissao-de-virus-respiratorios-entre-criancas\/\",\"url\":\"https:\/\/radioportoseguro.com.br\/site\/2026\/05\/01\/escolas-podem-ampliar-transmissao-de-virus-respiratorios-entre-criancas\/\",\"name\":\"Escolas podem ampliar transmiss\u00e3o de v\u00edrus respirat\u00f3rios entre crian\u00e7as - R\u00e1dio Porto Seguro\",\"isPartOf\":{\"@id\":\"https:\/\/radioportoseguro.com.br\/site\/#website\"},\"primaryImageOfPage\":{\"@id\":\"https:\/\/radioportoseguro.com.br\/site\/2026\/05\/01\/escolas-podem-ampliar-transmissao-de-virus-respiratorios-entre-criancas\/#primaryimage\"},\"image\":{\"@id\":\"https:\/\/radioportoseguro.com.br\/site\/2026\/05\/01\/escolas-podem-ampliar-transmissao-de-virus-respiratorios-entre-criancas\/#primaryimage\"},\"thumbnailUrl\":\"https:\/\/radioportoseguro.com.br\/site\/wp-content\/uploads\/2026\/05\/naom_5ea1b77976457.webp.webp\",\"datePublished\":\"2026-05-01T17:03:47+00:00\",\"author\":{\"@id\":\"https:\/\/radioportoseguro.com.br\/site\/#\/schema\/person\/7630acdc320186f13639d3c067ec089b\"},\"breadcrumb\":{\"@id\":\"https:\/\/radioportoseguro.com.br\/site\/2026\/05\/01\/escolas-podem-ampliar-transmissao-de-virus-respiratorios-entre-criancas\/#breadcrumb\"},\"inLanguage\":\"pt-BR\",\"potentialAction\":[{\"@type\":\"ReadAction\",\"target\":[\"https:\/\/radioportoseguro.com.br\/site\/2026\/05\/01\/escolas-podem-ampliar-transmissao-de-virus-respiratorios-entre-criancas\/\"]}]},{\"@type\":\"ImageObject\",\"inLanguage\":\"pt-BR\",\"@id\":\"https:\/\/radioportoseguro.com.br\/site\/2026\/05\/01\/escolas-podem-ampliar-transmissao-de-virus-respiratorios-entre-criancas\/#primaryimage\",\"url\":\"https:\/\/radioportoseguro.com.br\/site\/wp-content\/uploads\/2026\/05\/naom_5ea1b77976457.webp.webp\",\"contentUrl\":\"https:\/\/radioportoseguro.com.br\/site\/wp-content\/uploads\/2026\/05\/naom_5ea1b77976457.webp.webp\",\"width\":960,\"height\":540},{\"@type\":\"BreadcrumbList\",\"@id\":\"https:\/\/radioportoseguro.com.br\/site\/2026\/05\/01\/escolas-podem-ampliar-transmissao-de-virus-respiratorios-entre-criancas\/#breadcrumb\",\"itemListElement\":[{\"@type\":\"ListItem\",\"position\":1,\"name\":\"In\u00edcio\",\"item\":\"https:\/\/radioportoseguro.com.br\/site\/\"},{\"@type\":\"ListItem\",\"position\":2,\"name\":\"Escolas podem ampliar transmiss\u00e3o de v\u00edrus respirat\u00f3rios entre crian\u00e7as\"}]},{\"@type\":\"WebSite\",\"@id\":\"https:\/\/radioportoseguro.com.br\/site\/#website\",\"url\":\"https:\/\/radioportoseguro.com.br\/site\/\",\"name\":\"R\u00e1dio Porto Seguro\",\"description\":\"\",\"potentialAction\":[{\"@type\":\"SearchAction\",\"target\":{\"@type\":\"EntryPoint\",\"urlTemplate\":\"https:\/\/radioportoseguro.com.br\/site\/?s={search_term_string}\"},\"query-input\":{\"@type\":\"PropertyValueSpecification\",\"valueRequired\":true,\"valueName\":\"search_term_string\"}}],\"inLanguage\":\"pt-BR\"},{\"@type\":\"Person\",\"@id\":\"https:\/\/radioportoseguro.com.br\/site\/#\/schema\/person\/7630acdc320186f13639d3c067ec089b\",\"name\":\"admin\",\"image\":{\"@type\":\"ImageObject\",\"inLanguage\":\"pt-BR\",\"@id\":\"https:\/\/radioportoseguro.com.br\/site\/#\/schema\/person\/image\/\",\"url\":\"https:\/\/secure.gravatar.com\/avatar\/caacf4dc1eedb68fab0df8e1ed46c448e578b2466351bbcb61e47d2ac0caaef0?s=96&d=mm&r=g\",\"contentUrl\":\"https:\/\/secure.gravatar.com\/avatar\/caacf4dc1eedb68fab0df8e1ed46c448e578b2466351bbcb61e47d2ac0caaef0?s=96&d=mm&r=g\",\"caption\":\"admin\"},\"sameAs\":[\"https:\/\/radioportoseguro.com.br\/site\"],\"url\":\"https:\/\/radioportoseguro.com.br\/site\/author\/hezio\/\"}]}<\/script>\n<!-- \/ Yoast SEO plugin. -->","yoast_head_json":{"title":"Escolas podem ampliar transmiss\u00e3o de v\u00edrus respirat\u00f3rios entre crian\u00e7as - R\u00e1dio Porto Seguro","robots":{"index":"index","follow":"follow","max-snippet":"max-snippet:-1","max-image-preview":"max-image-preview:large","max-video-preview":"max-video-preview:-1"},"canonical":"https:\/\/radioportoseguro.com.br\/site\/2026\/05\/01\/escolas-podem-ampliar-transmissao-de-virus-respiratorios-entre-criancas\/","og_locale":"pt_BR","og_type":"article","og_title":"Escolas podem ampliar transmiss\u00e3o de v\u00edrus respirat\u00f3rios entre crian\u00e7as - R\u00e1dio Porto Seguro","og_description":"A circula\u00e7\u00e3o de v\u00edrus respirat\u00f3rios come\u00e7ou mais cedo e mais intensa em 2026. Dados divulgados pelo Minist\u00e9rio da Sa\u00fade mostram que os casos de gripe quase dobraram no pa\u00eds antes mesmo da chegada do inverno, acendendo um alerta importante, principalmente entre crian\u00e7as em idade escolar. Em ambientes fechados, com pouca ventila\u00e7\u00e3o e contato pr\u00f3ximo, como [&hellip;]","og_url":"https:\/\/radioportoseguro.com.br\/site\/2026\/05\/01\/escolas-podem-ampliar-transmissao-de-virus-respiratorios-entre-criancas\/","og_site_name":"R\u00e1dio Porto Seguro","article_published_time":"2026-05-01T17:03:47+00:00","og_image":[{"url":"https:\/\/media-manager.noticiasaominuto.com.br\/640\/naom_5ea1b77976457.webp","type":"","width":"","height":""}],"author":"admin","twitter_card":"summary_large_image","twitter_misc":{"Escrito por":"admin","Est. tempo de leitura":"2 minutos"},"schema":{"@context":"https:\/\/schema.org","@graph":[{"@type":"Article","@id":"https:\/\/radioportoseguro.com.br\/site\/2026\/05\/01\/escolas-podem-ampliar-transmissao-de-virus-respiratorios-entre-criancas\/#article","isPartOf":{"@id":"https:\/\/radioportoseguro.com.br\/site\/2026\/05\/01\/escolas-podem-ampliar-transmissao-de-virus-respiratorios-entre-criancas\/"},"author":{"name":"admin","@id":"https:\/\/radioportoseguro.com.br\/site\/#\/schema\/person\/7630acdc320186f13639d3c067ec089b"},"headline":"Escolas podem ampliar transmiss\u00e3o de v\u00edrus respirat\u00f3rios entre crian\u00e7as","datePublished":"2026-05-01T17:03:47+00:00","mainEntityOfPage":{"@id":"https:\/\/radioportoseguro.com.br\/site\/2026\/05\/01\/escolas-podem-ampliar-transmissao-de-virus-respiratorios-entre-criancas\/"},"wordCount":494,"image":{"@id":"https:\/\/radioportoseguro.com.br\/site\/2026\/05\/01\/escolas-podem-ampliar-transmissao-de-virus-respiratorios-entre-criancas\/#primaryimage"},"thumbnailUrl":"https:\/\/radioportoseguro.com.br\/site\/wp-content\/uploads\/2026\/05\/naom_5ea1b77976457.webp.webp","articleSection":["Vida &amp; Estilo"],"inLanguage":"pt-BR"},{"@type":"WebPage","@id":"https:\/\/radioportoseguro.com.br\/site\/2026\/05\/01\/escolas-podem-ampliar-transmissao-de-virus-respiratorios-entre-criancas\/","url":"https:\/\/radioportoseguro.com.br\/site\/2026\/05\/01\/escolas-podem-ampliar-transmissao-de-virus-respiratorios-entre-criancas\/","name":"Escolas podem ampliar transmiss\u00e3o de v\u00edrus respirat\u00f3rios entre crian\u00e7as - R\u00e1dio Porto Seguro","isPartOf":{"@id":"https:\/\/radioportoseguro.com.br\/site\/#website"},"primaryImageOfPage":{"@id":"https:\/\/radioportoseguro.com.br\/site\/2026\/05\/01\/escolas-podem-ampliar-transmissao-de-virus-respiratorios-entre-criancas\/#primaryimage"},"image":{"@id":"https:\/\/radioportoseguro.com.br\/site\/2026\/05\/01\/escolas-podem-ampliar-transmissao-de-virus-respiratorios-entre-criancas\/#primaryimage"},"thumbnailUrl":"https:\/\/radioportoseguro.com.br\/site\/wp-content\/uploads\/2026\/05\/naom_5ea1b77976457.webp.webp","datePublished":"2026-05-01T17:03:47+00:00","author":{"@id":"https:\/\/radioportoseguro.com.br\/site\/#\/schema\/person\/7630acdc320186f13639d3c067ec089b"},"breadcrumb":{"@id":"https:\/\/radioportoseguro.com.br\/site\/2026\/05\/01\/escolas-podem-ampliar-transmissao-de-virus-respiratorios-entre-criancas\/#breadcrumb"},"inLanguage":"pt-BR","potentialAction":[{"@type":"ReadAction","target":["https:\/\/radioportoseguro.com.br\/site\/2026\/05\/01\/escolas-podem-ampliar-transmissao-de-virus-respiratorios-entre-criancas\/"]}]},{"@type":"ImageObject","inLanguage":"pt-BR","@id":"https:\/\/radioportoseguro.com.br\/site\/2026\/05\/01\/escolas-podem-ampliar-transmissao-de-virus-respiratorios-entre-criancas\/#primaryimage","url":"https:\/\/radioportoseguro.com.br\/site\/wp-content\/uploads\/2026\/05\/naom_5ea1b77976457.webp.webp","contentUrl":"https:\/\/radioportoseguro.com.br\/site\/wp-content\/uploads\/2026\/05\/naom_5ea1b77976457.webp.webp","width":960,"height":540},{"@type":"BreadcrumbList","@id":"https:\/\/radioportoseguro.com.br\/site\/2026\/05\/01\/escolas-podem-ampliar-transmissao-de-virus-respiratorios-entre-criancas\/#breadcrumb","itemListElement":[{"@type":"ListItem","position":1,"name":"In\u00edcio","item":"https:\/\/radioportoseguro.com.br\/site\/"},{"@type":"ListItem","position":2,"name":"Escolas podem ampliar transmiss\u00e3o de v\u00edrus respirat\u00f3rios entre crian\u00e7as"}]},{"@type":"WebSite","@id":"https:\/\/radioportoseguro.com.br\/site\/#website","url":"https:\/\/radioportoseguro.com.br\/site\/","name":"R\u00e1dio Porto Seguro","description":"","potentialAction":[{"@type":"SearchAction","target":{"@type":"EntryPoint","urlTemplate":"https:\/\/radioportoseguro.com.br\/site\/?s={search_term_string}"},"query-input":{"@type":"PropertyValueSpecification","valueRequired":true,"valueName":"search_term_string"}}],"inLanguage":"pt-BR"},{"@type":"Person","@id":"https:\/\/radioportoseguro.com.br\/site\/#\/schema\/person\/7630acdc320186f13639d3c067ec089b","name":"admin","image":{"@type":"ImageObject","inLanguage":"pt-BR","@id":"https:\/\/radioportoseguro.com.br\/site\/#\/schema\/person\/image\/","url":"https:\/\/secure.gravatar.com\/avatar\/caacf4dc1eedb68fab0df8e1ed46c448e578b2466351bbcb61e47d2ac0caaef0?s=96&d=mm&r=g","contentUrl":"https:\/\/secure.gravatar.com\/avatar\/caacf4dc1eedb68fab0df8e1ed46c448e578b2466351bbcb61e47d2ac0caaef0?s=96&d=mm&r=g","caption":"admin"},"sameAs":["https:\/\/radioportoseguro.com.br\/site"],"url":"https:\/\/radioportoseguro.com.br\/site\/author\/hezio\/"}]}},"_links":{"self":[{"href":"https:\/\/radioportoseguro.com.br\/site\/wp-json\/wp\/v2\/posts\/6556","targetHints":{"allow":["GET"]}}],"collection":[{"href":"https:\/\/radioportoseguro.com.br\/site\/wp-json\/wp\/v2\/posts"}],"about":[{"href":"https:\/\/radioportoseguro.com.br\/site\/wp-json\/wp\/v2\/types\/post"}],"author":[{"embeddable":true,"href":"https:\/\/radioportoseguro.com.br\/site\/wp-json\/wp\/v2\/users\/1"}],"replies":[{"embeddable":true,"href":"https:\/\/radioportoseguro.com.br\/site\/wp-json\/wp\/v2\/comments?post=6556"}],"version-history":[{"count":0,"href":"https:\/\/radioportoseguro.com.br\/site\/wp-json\/wp\/v2\/posts\/6556\/revisions"}],"wp:featuredmedia":[{"embeddable":true,"href":"https:\/\/radioportoseguro.com.br\/site\/wp-json\/wp\/v2\/media\/6557"}],"wp:attachment":[{"href":"https:\/\/radioportoseguro.com.br\/site\/wp-json\/wp\/v2\/media?parent=6556"}],"wp:term":[{"taxonomy":"category","embeddable":true,"href":"https:\/\/radioportoseguro.com.br\/site\/wp-json\/wp\/v2\/categories?post=6556"},{"taxonomy":"post_tag","embeddable":true,"href":"https:\/\/radioportoseguro.com.br\/site\/wp-json\/wp\/v2\/tags?post=6556"}],"curies":[{"name":"wp","href":"https:\/\/api.w.org\/{rel}","templated":true}]}}