{"id":6558,"date":"2026-05-01T14:37:29","date_gmt":"2026-05-01T17:37:29","guid":{"rendered":"https:\/\/radioportoseguro.com.br\/site\/2026\/05\/01\/luiza-possi-fala-na-tv-sobre-transformacao-apos-conversao-fui-alcancada-por-jesus\/"},"modified":"2026-05-01T14:37:29","modified_gmt":"2026-05-01T17:37:29","slug":"luiza-possi-fala-na-tv-sobre-transformacao-apos-conversao-fui-alcancada-por-jesus","status":"publish","type":"post","link":"https:\/\/radioportoseguro.com.br\/site\/2026\/05\/01\/luiza-possi-fala-na-tv-sobre-transformacao-apos-conversao-fui-alcancada-por-jesus\/","title":{"rendered":"Luiza Possi fala na TV sobre transforma\u00e7\u00e3o ap\u00f3s convers\u00e3o: \u201cFui alcan\u00e7ada por Jesus\u201d"},"content":{"rendered":"<p><br \/>\n<br \/><\/p>\n<div>\n<p><span style=\"font-weight: 400;\">Na \u00faltima ter\u00e7a-feira (28), <\/span><span style=\"color: #993300;\"><strong>Luiza Possi<\/strong><\/span><span style=\"font-weight: 400;\"> participou do programa Mais Voc\u00ea, apresentado por Ana Maria Braga, na Rede Globo. A cantora falou sobre sua convers\u00e3o ao cristianismo, a nova fase da carreira e testemunhou sobre Jesus.<\/span><\/p>\n<p><span style=\"font-weight: 400;\">Durante a participa\u00e7\u00e3o, Ana Maria perguntou qual foi a principal mudan\u00e7a na vida da cantora ap\u00f3s sua convers\u00e3o.<\/span><\/p>\n<p><span style=\"font-weight: 400;\">\u201cO que mais mudou, Ana, de verdade, s\u00e3o mudan\u00e7as muito mais internas do que externas\u201d, afirmou Luiza.<\/span><\/p>\n<p><span style=\"font-weight: 400;\">&#8220;\u00c9 t\u00e3o bom poder falar isso, porque as pessoas tendem a achar que voc\u00ea vira um alien. N\u00e3o, gente, \u00e9 a mesma pessoa. A mesma pessoa, mas, gra\u00e7as a Deus, posso dizer isso, muito melhor\u201d, acrescentou.\u00a0<\/span><\/p>\n<p><span style=\"font-weight: 400;\">A cantora destacou que n\u00e3o cresceu em um lar crist\u00e3o nem teve essa base familiar. Sua caminhada com Jesus come\u00e7ou quando decidiu se aproximar de Deus ao lado do marido, Cris Gomes.<\/span><\/p>\n<p><span style=\"font-weight: 400;\">&#8220;Eu e meu marido, numa busca; a gente sempre buscou muito por Deus na nossa vida, na nossa casa, at\u00e9 que a gente chegou nesse ser maravilhoso e apaixonante que \u00e9 Jesus. E com toda a intensidade do mundo\u201d, declarou Luiza.<\/span><\/p>\n<p><strong>\u2018Fui alcan\u00e7ada por Jesus\u2019<\/strong><\/p>\n<p><span style=\"font-weight: 400;\">Em seguida, Luiza refletiu sobre a gra\u00e7a e o amor de Deus, que atraem aqueles que Ele escolheu.\u00a0<\/span><\/p>\n<p><span style=\"font-weight: 400;\">\u201cN\u00e3o \u00e9 a gente que escolhe, a gente \u00e9 escolhido. E tem gente que quer muito conhecer e talvez n\u00e3o tenha sido alcan\u00e7ada ainda. E eu sinto, sei, posso afirmar que fui alcan\u00e7ada por Jesus e que hoje Ele \u00e9 o centro da minha casa, da minha fam\u00edlia, dos meus filhos&#8221;, disse ela.\u00a0<\/span><\/p>\n<p><span style=\"font-weight: 400;\">E continuou: \u201cVer os meus filhos falando em nome de Jesus \u00e9 a coisa mais linda. Criar crian\u00e7as nesse caminho de valores, de princ\u00edpios, de amar ao pr\u00f3ximo, n\u00e3o julgar, ter carinho, empatia e solidariedade\u201d.\u00a0<\/span><\/p>\n<blockquote class=\"instagram-media\" style=\"background: #FFF; border: 0; border-radius: 3px; box-shadow: 0 0 1px 0 rgba(0,0,0,0.5),0 1px 10px 0 rgba(0,0,0,0.15); margin: 1px; max-width: 540px; min-width: 326px; padding: 0; width: calc(100% - 2px);\" data-instgrm-permalink=\"https:\/\/www.instagram.com\/reel\/DXuGU3mCC6V\/?utm_source=ig_embed&amp;utm_campaign=loading\" data-instgrm-version=\"14\"><p>&#13;<br \/>\n&#13;\n<\/p><\/blockquote>\n<p><span style=\"font-weight: 400;\">Na ocasi\u00e3o, Luiza, que se rendeu a Jesus em julho de 2024, explicou o que significa viver com a \u201cconsci\u00eancia do perd\u00e3o\u201d ap\u00f3s a convers\u00e3o:<\/span><\/p>\n<p><span style=\"font-weight: 400;\">&#8220;O que \u00e9 se converter? \u00c9 voc\u00ea ter a consci\u00eancia de que pode se arrepender de coisas que fez, no sentido de n\u00e3o se culpar, mas pedir perd\u00e3o por isso. Que h\u00e1 um Redentor, um Salvador, e que voc\u00ea n\u00e3o est\u00e1 sozinha nunca mais na vida, que tenha algu\u00e9m por voc\u00ea&#8221;.\u00a0<\/span><\/p>\n<p><span style=\"font-weight: 400;\">\u201cEu sinto que o grande problema de todos n\u00f3s \u00e9, em algum momento, se sentir abandonado, se sentir sozinho, sem for\u00e7a, sem ter como continuar, pensando em desistir \u00e0s vezes da vida, do trabalho, de uma rela\u00e7\u00e3o. E, quando voc\u00ea tem esse encontro com Jesus, voc\u00ea sabe que voc\u00ea tem algu\u00e9m ali por voc\u00ea\u201d, acrescentou.<\/span><\/p>\n<p><span style=\"font-weight: 400;\">Luiza ressaltou que essa experi\u00eancia n\u00e3o impede as pessoas de passarem por momentos dif\u00edceis.\u00a0<\/span><\/p>\n<p><span style=\"font-weight: 400;\">\u201cPelo contr\u00e1rio, eu tenho passado por muitas prova\u00e7\u00f5es, p\u00fablicas, inclusive. Mas com Deus, \u00e9 diferente. Com <\/span><span style=\"color: #993300;\"><strong>Jesus, \u00e9 diferente<\/strong><\/span><span style=\"font-weight: 400;\">. Voc\u00ea se sente protegido, voc\u00ea se sente amado\u201d, afirmou a cantora.<\/span><\/p>\n<p><strong>\u2018Hoje sou uma adoradora\u2019<\/strong><\/p>\n<p><span style=\"font-weight: 400;\">Ao relembrar o dia de seu <\/span><span style=\"color: #993300;\"><strong>batismo<\/strong><\/span><span style=\"font-weight: 400;\">, onde desceu \u00e0s \u00e1guas ao lado do marido em sua resid\u00eancia, Luiza compartilhou:\u00a0<\/span><\/p>\n<p><span style=\"font-weight: 400;\">\u201cO batismo muda a vida. Voc\u00ea entende as coisas de outra maneira. Foi muito especial, \u00e9 uma entrega de cora\u00e7\u00e3o, de alma e de esp\u00edrito. Voc\u00ea entende que as coisas n\u00e3o s\u00e3o sobre o seu pr\u00f3prio entendimento, mas s\u00e3o coisas que voc\u00ea aprende atrav\u00e9s do Esp\u00edrito\u201d.\u00a0<\/span><\/p>\n<p><span style=\"font-weight: 400;\">E continuou: \u201cPor exemplo, coisas que me deixariam com raiva, hoje eu consigo orar por essas coisas. Consigo perdoar mais f\u00e1cil as pessoas, consigo orar pelos meus inimigos, pelas pessoas que n\u00e3o me querem t\u00e3o bem. Eu n\u00e3o devolvo mal com mal. Quando voc\u00ea se batiza, come\u00e7a uma nova vida, uma nova chance, voc\u00ea nasce de novo\u201d.<\/span><\/p>\n<p><span style=\"font-weight: 400;\">Por fim, Luiza afirmou que tem orgulho de toda a sua trajet\u00f3ria profissional e demonstrou gratid\u00e3o por tudo o que construiu ao longo da carreira. No entanto, destacou que vive uma nova esta\u00e7\u00e3o.\u00a0<\/span><\/p>\n<p><span style=\"font-weight: 400;\">\u201c\u00c9 o momento em que <\/span><span style=\"color: #993300;\"><strong>Jesus me chamou<\/strong><\/span><span style=\"font-weight: 400;\">, e eu senti isso muito forte: que era para eu louvar, para estar aqui como uma adoradora hoje e louvar mesmo. N\u00e3o \u00e9 cantar um louvor, \u00e9 louvar de cora\u00e7\u00e3o\u201d.\u00a0<\/span><\/p>\n<\/div>\n<p><script async src=\"\/\/www.instagram.com\/embed.js\"><\/script><br \/>\n<br \/><br \/>\n<br \/>Fonte: Guiame <\/p>\n","protected":false},"excerpt":{"rendered":"<p>Na \u00faltima ter\u00e7a-feira (28), Luiza Possi participou do programa Mais Voc\u00ea, apresentado por Ana Maria Braga, na Rede Globo. A cantora falou sobre sua convers\u00e3o ao cristianismo, a nova fase da carreira e testemunhou sobre Jesus. Durante a participa\u00e7\u00e3o, Ana Maria perguntou qual foi a principal mudan\u00e7a na vida da cantora ap\u00f3s sua convers\u00e3o. \u201cO [&hellip;]<\/p>\n","protected":false},"author":1,"featured_media":6559,"comment_status":"","ping_status":"open","sticky":false,"template":"","format":"standard","meta":{"footnotes":""},"categories":[43],"tags":[],"class_list":["post-6558","post","type-post","status-publish","format-standard","has-post-thumbnail","hentry","category-destaques"],"yoast_head":"<!-- This site is optimized with the Yoast SEO plugin v26.8 - https:\/\/yoast.com\/product\/yoast-seo-wordpress\/ -->\n<title>Luiza Possi fala na TV sobre transforma\u00e7\u00e3o ap\u00f3s convers\u00e3o: \u201cFui alcan\u00e7ada por Jesus\u201d - R\u00e1dio Porto Seguro<\/title>\n<meta name=\"robots\" content=\"index, follow, max-snippet:-1, max-image-preview:large, max-video-preview:-1\" \/>\n<link rel=\"canonical\" href=\"https:\/\/radioportoseguro.com.br\/site\/2026\/05\/01\/luiza-possi-fala-na-tv-sobre-transformacao-apos-conversao-fui-alcancada-por-jesus\/\" \/>\n<meta property=\"og:locale\" content=\"pt_BR\" \/>\n<meta property=\"og:type\" content=\"article\" \/>\n<meta property=\"og:title\" content=\"Luiza Possi fala na TV sobre transforma\u00e7\u00e3o ap\u00f3s convers\u00e3o: \u201cFui alcan\u00e7ada por Jesus\u201d - R\u00e1dio Porto Seguro\" \/>\n<meta property=\"og:description\" content=\"Na \u00faltima ter\u00e7a-feira (28), Luiza Possi participou do programa Mais Voc\u00ea, apresentado por Ana Maria Braga, na Rede Globo. A cantora falou sobre sua convers\u00e3o ao cristianismo, a nova fase da carreira e testemunhou sobre Jesus. Durante a participa\u00e7\u00e3o, Ana Maria perguntou qual foi a principal mudan\u00e7a na vida da cantora ap\u00f3s sua convers\u00e3o. \u201cO [&hellip;]\" \/>\n<meta property=\"og:url\" content=\"https:\/\/radioportoseguro.com.br\/site\/2026\/05\/01\/luiza-possi-fala-na-tv-sobre-transformacao-apos-conversao-fui-alcancada-por-jesus\/\" \/>\n<meta property=\"og:site_name\" content=\"R\u00e1dio Porto Seguro\" \/>\n<meta property=\"article:published_time\" content=\"2026-05-01T17:37:29+00:00\" \/>\n<meta property=\"og:image\" content=\"https:\/\/media.guiame.com.br\/archives\/2026\/04\/29\/22064836-luiza-possi.jpeg\" \/>\n<meta name=\"author\" content=\"admin\" \/>\n<meta name=\"twitter:card\" content=\"summary_large_image\" \/>\n<meta name=\"twitter:label1\" content=\"Escrito por\" \/>\n\t<meta name=\"twitter:data1\" content=\"admin\" \/>\n\t<meta name=\"twitter:label2\" content=\"Est. tempo de leitura\" \/>\n\t<meta name=\"twitter:data2\" content=\"4 minutos\" \/>\n<script type=\"application\/ld+json\" class=\"yoast-schema-graph\">{\"@context\":\"https:\/\/schema.org\",\"@graph\":[{\"@type\":\"Article\",\"@id\":\"https:\/\/radioportoseguro.com.br\/site\/2026\/05\/01\/luiza-possi-fala-na-tv-sobre-transformacao-apos-conversao-fui-alcancada-por-jesus\/#article\",\"isPartOf\":{\"@id\":\"https:\/\/radioportoseguro.com.br\/site\/2026\/05\/01\/luiza-possi-fala-na-tv-sobre-transformacao-apos-conversao-fui-alcancada-por-jesus\/\"},\"author\":{\"name\":\"admin\",\"@id\":\"https:\/\/radioportoseguro.com.br\/site\/#\/schema\/person\/7630acdc320186f13639d3c067ec089b\"},\"headline\":\"Luiza Possi fala na TV sobre transforma\u00e7\u00e3o ap\u00f3s convers\u00e3o: \u201cFui alcan\u00e7ada por Jesus\u201d\",\"datePublished\":\"2026-05-01T17:37:29+00:00\",\"mainEntityOfPage\":{\"@id\":\"https:\/\/radioportoseguro.com.br\/site\/2026\/05\/01\/luiza-possi-fala-na-tv-sobre-transformacao-apos-conversao-fui-alcancada-por-jesus\/\"},\"wordCount\":730,\"image\":{\"@id\":\"https:\/\/radioportoseguro.com.br\/site\/2026\/05\/01\/luiza-possi-fala-na-tv-sobre-transformacao-apos-conversao-fui-alcancada-por-jesus\/#primaryimage\"},\"thumbnailUrl\":\"https:\/\/radioportoseguro.com.br\/site\/wp-content\/uploads\/2026\/05\/22064836-luiza-possi.jpeg\",\"articleSection\":[\"Destaques\"],\"inLanguage\":\"pt-BR\"},{\"@type\":\"WebPage\",\"@id\":\"https:\/\/radioportoseguro.com.br\/site\/2026\/05\/01\/luiza-possi-fala-na-tv-sobre-transformacao-apos-conversao-fui-alcancada-por-jesus\/\",\"url\":\"https:\/\/radioportoseguro.com.br\/site\/2026\/05\/01\/luiza-possi-fala-na-tv-sobre-transformacao-apos-conversao-fui-alcancada-por-jesus\/\",\"name\":\"Luiza Possi fala na TV sobre transforma\u00e7\u00e3o ap\u00f3s convers\u00e3o: \u201cFui alcan\u00e7ada por Jesus\u201d - R\u00e1dio Porto Seguro\",\"isPartOf\":{\"@id\":\"https:\/\/radioportoseguro.com.br\/site\/#website\"},\"primaryImageOfPage\":{\"@id\":\"https:\/\/radioportoseguro.com.br\/site\/2026\/05\/01\/luiza-possi-fala-na-tv-sobre-transformacao-apos-conversao-fui-alcancada-por-jesus\/#primaryimage\"},\"image\":{\"@id\":\"https:\/\/radioportoseguro.com.br\/site\/2026\/05\/01\/luiza-possi-fala-na-tv-sobre-transformacao-apos-conversao-fui-alcancada-por-jesus\/#primaryimage\"},\"thumbnailUrl\":\"https:\/\/radioportoseguro.com.br\/site\/wp-content\/uploads\/2026\/05\/22064836-luiza-possi.jpeg\",\"datePublished\":\"2026-05-01T17:37:29+00:00\",\"author\":{\"@id\":\"https:\/\/radioportoseguro.com.br\/site\/#\/schema\/person\/7630acdc320186f13639d3c067ec089b\"},\"breadcrumb\":{\"@id\":\"https:\/\/radioportoseguro.com.br\/site\/2026\/05\/01\/luiza-possi-fala-na-tv-sobre-transformacao-apos-conversao-fui-alcancada-por-jesus\/#breadcrumb\"},\"inLanguage\":\"pt-BR\",\"potentialAction\":[{\"@type\":\"ReadAction\",\"target\":[\"https:\/\/radioportoseguro.com.br\/site\/2026\/05\/01\/luiza-possi-fala-na-tv-sobre-transformacao-apos-conversao-fui-alcancada-por-jesus\/\"]}]},{\"@type\":\"ImageObject\",\"inLanguage\":\"pt-BR\",\"@id\":\"https:\/\/radioportoseguro.com.br\/site\/2026\/05\/01\/luiza-possi-fala-na-tv-sobre-transformacao-apos-conversao-fui-alcancada-por-jesus\/#primaryimage\",\"url\":\"https:\/\/radioportoseguro.com.br\/site\/wp-content\/uploads\/2026\/05\/22064836-luiza-possi.jpeg\",\"contentUrl\":\"https:\/\/radioportoseguro.com.br\/site\/wp-content\/uploads\/2026\/05\/22064836-luiza-possi.jpeg\",\"width\":1200,\"height\":600},{\"@type\":\"BreadcrumbList\",\"@id\":\"https:\/\/radioportoseguro.com.br\/site\/2026\/05\/01\/luiza-possi-fala-na-tv-sobre-transformacao-apos-conversao-fui-alcancada-por-jesus\/#breadcrumb\",\"itemListElement\":[{\"@type\":\"ListItem\",\"position\":1,\"name\":\"In\u00edcio\",\"item\":\"https:\/\/radioportoseguro.com.br\/site\/\"},{\"@type\":\"ListItem\",\"position\":2,\"name\":\"Luiza Possi fala na TV sobre transforma\u00e7\u00e3o ap\u00f3s convers\u00e3o: \u201cFui alcan\u00e7ada por Jesus\u201d\"}]},{\"@type\":\"WebSite\",\"@id\":\"https:\/\/radioportoseguro.com.br\/site\/#website\",\"url\":\"https:\/\/radioportoseguro.com.br\/site\/\",\"name\":\"R\u00e1dio Porto Seguro\",\"description\":\"\",\"potentialAction\":[{\"@type\":\"SearchAction\",\"target\":{\"@type\":\"EntryPoint\",\"urlTemplate\":\"https:\/\/radioportoseguro.com.br\/site\/?s={search_term_string}\"},\"query-input\":{\"@type\":\"PropertyValueSpecification\",\"valueRequired\":true,\"valueName\":\"search_term_string\"}}],\"inLanguage\":\"pt-BR\"},{\"@type\":\"Person\",\"@id\":\"https:\/\/radioportoseguro.com.br\/site\/#\/schema\/person\/7630acdc320186f13639d3c067ec089b\",\"name\":\"admin\",\"image\":{\"@type\":\"ImageObject\",\"inLanguage\":\"pt-BR\",\"@id\":\"https:\/\/radioportoseguro.com.br\/site\/#\/schema\/person\/image\/\",\"url\":\"https:\/\/secure.gravatar.com\/avatar\/caacf4dc1eedb68fab0df8e1ed46c448e578b2466351bbcb61e47d2ac0caaef0?s=96&d=mm&r=g\",\"contentUrl\":\"https:\/\/secure.gravatar.com\/avatar\/caacf4dc1eedb68fab0df8e1ed46c448e578b2466351bbcb61e47d2ac0caaef0?s=96&d=mm&r=g\",\"caption\":\"admin\"},\"sameAs\":[\"https:\/\/radioportoseguro.com.br\/site\"],\"url\":\"https:\/\/radioportoseguro.com.br\/site\/author\/hezio\/\"}]}<\/script>\n<!-- \/ Yoast SEO plugin. -->","yoast_head_json":{"title":"Luiza Possi fala na TV sobre transforma\u00e7\u00e3o ap\u00f3s convers\u00e3o: \u201cFui alcan\u00e7ada por Jesus\u201d - R\u00e1dio Porto Seguro","robots":{"index":"index","follow":"follow","max-snippet":"max-snippet:-1","max-image-preview":"max-image-preview:large","max-video-preview":"max-video-preview:-1"},"canonical":"https:\/\/radioportoseguro.com.br\/site\/2026\/05\/01\/luiza-possi-fala-na-tv-sobre-transformacao-apos-conversao-fui-alcancada-por-jesus\/","og_locale":"pt_BR","og_type":"article","og_title":"Luiza Possi fala na TV sobre transforma\u00e7\u00e3o ap\u00f3s convers\u00e3o: \u201cFui alcan\u00e7ada por Jesus\u201d - R\u00e1dio Porto Seguro","og_description":"Na \u00faltima ter\u00e7a-feira (28), Luiza Possi participou do programa Mais Voc\u00ea, apresentado por Ana Maria Braga, na Rede Globo. A cantora falou sobre sua convers\u00e3o ao cristianismo, a nova fase da carreira e testemunhou sobre Jesus. Durante a participa\u00e7\u00e3o, Ana Maria perguntou qual foi a principal mudan\u00e7a na vida da cantora ap\u00f3s sua convers\u00e3o. \u201cO [&hellip;]","og_url":"https:\/\/radioportoseguro.com.br\/site\/2026\/05\/01\/luiza-possi-fala-na-tv-sobre-transformacao-apos-conversao-fui-alcancada-por-jesus\/","og_site_name":"R\u00e1dio Porto Seguro","article_published_time":"2026-05-01T17:37:29+00:00","og_image":[{"url":"https:\/\/media.guiame.com.br\/archives\/2026\/04\/29\/22064836-luiza-possi.jpeg","type":"","width":"","height":""}],"author":"admin","twitter_card":"summary_large_image","twitter_misc":{"Escrito por":"admin","Est. tempo de leitura":"4 minutos"},"schema":{"@context":"https:\/\/schema.org","@graph":[{"@type":"Article","@id":"https:\/\/radioportoseguro.com.br\/site\/2026\/05\/01\/luiza-possi-fala-na-tv-sobre-transformacao-apos-conversao-fui-alcancada-por-jesus\/#article","isPartOf":{"@id":"https:\/\/radioportoseguro.com.br\/site\/2026\/05\/01\/luiza-possi-fala-na-tv-sobre-transformacao-apos-conversao-fui-alcancada-por-jesus\/"},"author":{"name":"admin","@id":"https:\/\/radioportoseguro.com.br\/site\/#\/schema\/person\/7630acdc320186f13639d3c067ec089b"},"headline":"Luiza Possi fala na TV sobre transforma\u00e7\u00e3o ap\u00f3s convers\u00e3o: \u201cFui alcan\u00e7ada por Jesus\u201d","datePublished":"2026-05-01T17:37:29+00:00","mainEntityOfPage":{"@id":"https:\/\/radioportoseguro.com.br\/site\/2026\/05\/01\/luiza-possi-fala-na-tv-sobre-transformacao-apos-conversao-fui-alcancada-por-jesus\/"},"wordCount":730,"image":{"@id":"https:\/\/radioportoseguro.com.br\/site\/2026\/05\/01\/luiza-possi-fala-na-tv-sobre-transformacao-apos-conversao-fui-alcancada-por-jesus\/#primaryimage"},"thumbnailUrl":"https:\/\/radioportoseguro.com.br\/site\/wp-content\/uploads\/2026\/05\/22064836-luiza-possi.jpeg","articleSection":["Destaques"],"inLanguage":"pt-BR"},{"@type":"WebPage","@id":"https:\/\/radioportoseguro.com.br\/site\/2026\/05\/01\/luiza-possi-fala-na-tv-sobre-transformacao-apos-conversao-fui-alcancada-por-jesus\/","url":"https:\/\/radioportoseguro.com.br\/site\/2026\/05\/01\/luiza-possi-fala-na-tv-sobre-transformacao-apos-conversao-fui-alcancada-por-jesus\/","name":"Luiza Possi fala na TV sobre transforma\u00e7\u00e3o ap\u00f3s convers\u00e3o: \u201cFui alcan\u00e7ada por Jesus\u201d - R\u00e1dio Porto Seguro","isPartOf":{"@id":"https:\/\/radioportoseguro.com.br\/site\/#website"},"primaryImageOfPage":{"@id":"https:\/\/radioportoseguro.com.br\/site\/2026\/05\/01\/luiza-possi-fala-na-tv-sobre-transformacao-apos-conversao-fui-alcancada-por-jesus\/#primaryimage"},"image":{"@id":"https:\/\/radioportoseguro.com.br\/site\/2026\/05\/01\/luiza-possi-fala-na-tv-sobre-transformacao-apos-conversao-fui-alcancada-por-jesus\/#primaryimage"},"thumbnailUrl":"https:\/\/radioportoseguro.com.br\/site\/wp-content\/uploads\/2026\/05\/22064836-luiza-possi.jpeg","datePublished":"2026-05-01T17:37:29+00:00","author":{"@id":"https:\/\/radioportoseguro.com.br\/site\/#\/schema\/person\/7630acdc320186f13639d3c067ec089b"},"breadcrumb":{"@id":"https:\/\/radioportoseguro.com.br\/site\/2026\/05\/01\/luiza-possi-fala-na-tv-sobre-transformacao-apos-conversao-fui-alcancada-por-jesus\/#breadcrumb"},"inLanguage":"pt-BR","potentialAction":[{"@type":"ReadAction","target":["https:\/\/radioportoseguro.com.br\/site\/2026\/05\/01\/luiza-possi-fala-na-tv-sobre-transformacao-apos-conversao-fui-alcancada-por-jesus\/"]}]},{"@type":"ImageObject","inLanguage":"pt-BR","@id":"https:\/\/radioportoseguro.com.br\/site\/2026\/05\/01\/luiza-possi-fala-na-tv-sobre-transformacao-apos-conversao-fui-alcancada-por-jesus\/#primaryimage","url":"https:\/\/radioportoseguro.com.br\/site\/wp-content\/uploads\/2026\/05\/22064836-luiza-possi.jpeg","contentUrl":"https:\/\/radioportoseguro.com.br\/site\/wp-content\/uploads\/2026\/05\/22064836-luiza-possi.jpeg","width":1200,"height":600},{"@type":"BreadcrumbList","@id":"https:\/\/radioportoseguro.com.br\/site\/2026\/05\/01\/luiza-possi-fala-na-tv-sobre-transformacao-apos-conversao-fui-alcancada-por-jesus\/#breadcrumb","itemListElement":[{"@type":"ListItem","position":1,"name":"In\u00edcio","item":"https:\/\/radioportoseguro.com.br\/site\/"},{"@type":"ListItem","position":2,"name":"Luiza Possi fala na TV sobre transforma\u00e7\u00e3o ap\u00f3s convers\u00e3o: \u201cFui alcan\u00e7ada por Jesus\u201d"}]},{"@type":"WebSite","@id":"https:\/\/radioportoseguro.com.br\/site\/#website","url":"https:\/\/radioportoseguro.com.br\/site\/","name":"R\u00e1dio Porto Seguro","description":"","potentialAction":[{"@type":"SearchAction","target":{"@type":"EntryPoint","urlTemplate":"https:\/\/radioportoseguro.com.br\/site\/?s={search_term_string}"},"query-input":{"@type":"PropertyValueSpecification","valueRequired":true,"valueName":"search_term_string"}}],"inLanguage":"pt-BR"},{"@type":"Person","@id":"https:\/\/radioportoseguro.com.br\/site\/#\/schema\/person\/7630acdc320186f13639d3c067ec089b","name":"admin","image":{"@type":"ImageObject","inLanguage":"pt-BR","@id":"https:\/\/radioportoseguro.com.br\/site\/#\/schema\/person\/image\/","url":"https:\/\/secure.gravatar.com\/avatar\/caacf4dc1eedb68fab0df8e1ed46c448e578b2466351bbcb61e47d2ac0caaef0?s=96&d=mm&r=g","contentUrl":"https:\/\/secure.gravatar.com\/avatar\/caacf4dc1eedb68fab0df8e1ed46c448e578b2466351bbcb61e47d2ac0caaef0?s=96&d=mm&r=g","caption":"admin"},"sameAs":["https:\/\/radioportoseguro.com.br\/site"],"url":"https:\/\/radioportoseguro.com.br\/site\/author\/hezio\/"}]}},"_links":{"self":[{"href":"https:\/\/radioportoseguro.com.br\/site\/wp-json\/wp\/v2\/posts\/6558","targetHints":{"allow":["GET"]}}],"collection":[{"href":"https:\/\/radioportoseguro.com.br\/site\/wp-json\/wp\/v2\/posts"}],"about":[{"href":"https:\/\/radioportoseguro.com.br\/site\/wp-json\/wp\/v2\/types\/post"}],"author":[{"embeddable":true,"href":"https:\/\/radioportoseguro.com.br\/site\/wp-json\/wp\/v2\/users\/1"}],"replies":[{"embeddable":true,"href":"https:\/\/radioportoseguro.com.br\/site\/wp-json\/wp\/v2\/comments?post=6558"}],"version-history":[{"count":0,"href":"https:\/\/radioportoseguro.com.br\/site\/wp-json\/wp\/v2\/posts\/6558\/revisions"}],"wp:featuredmedia":[{"embeddable":true,"href":"https:\/\/radioportoseguro.com.br\/site\/wp-json\/wp\/v2\/media\/6559"}],"wp:attachment":[{"href":"https:\/\/radioportoseguro.com.br\/site\/wp-json\/wp\/v2\/media?parent=6558"}],"wp:term":[{"taxonomy":"category","embeddable":true,"href":"https:\/\/radioportoseguro.com.br\/site\/wp-json\/wp\/v2\/categories?post=6558"},{"taxonomy":"post_tag","embeddable":true,"href":"https:\/\/radioportoseguro.com.br\/site\/wp-json\/wp\/v2\/tags?post=6558"}],"curies":[{"name":"wp","href":"https:\/\/api.w.org\/{rel}","templated":true}]}}