{"id":6560,"date":"2026-05-01T15:28:32","date_gmt":"2026-05-01T18:28:32","guid":{"rendered":"https:\/\/radioportoseguro.com.br\/site\/2026\/05\/01\/nick-vujicic-responde-aos-rumores-de-sua-morte-confirmando-que-esta-vivo-e-bem\/"},"modified":"2026-05-01T15:28:32","modified_gmt":"2026-05-01T18:28:32","slug":"nick-vujicic-responde-aos-rumores-de-sua-morte-confirmando-que-esta-vivo-e-bem","status":"publish","type":"post","link":"https:\/\/radioportoseguro.com.br\/site\/2026\/05\/01\/nick-vujicic-responde-aos-rumores-de-sua-morte-confirmando-que-esta-vivo-e-bem\/","title":{"rendered":"Nick Vujicic responde aos rumores de sua morte confirmando que est\u00e1 vivo e bem"},"content":{"rendered":"<p><br \/>\n<\/p>\n<div>\n<div class=\"td-post-featured-image\">\n<figure><figcaption class=\"wp-caption-text\">Evangelista Nick Vujicic (Foto: Gage Skidmore\/Wikimedia Commons)<\/figcaption><\/figure>\n<\/div>\n<p> <!-- A generated by theme --> <\/p>\n<p> <!-- end A --> <\/p>\n<p>Em meio a alega\u00e7\u00f5es virais de que estaria gravemente doente ou morto, o fundador da Life Without Limbs, <strong>Nick Vujicic<\/strong>, esclareceu que est\u00e1 \u201ccom boa sa\u00fade\u201d e desmentiu tais not\u00edcias, classificando-as como \u201cfalsas\u201d.<\/p>\n<p>\u201c\u00c9 com grande satisfa\u00e7\u00e3o que informo que estou com boa sa\u00fade e gostaria de esclarecer que existem muitas not\u00edcias, artigos e publica\u00e7\u00f5es falsas afirmando que fui diagnosticado com c\u00e2ncer e at\u00e9 mesmo que faleci. Embora eu deseje ir para Casa, ainda h\u00e1 muito trabalho a ser feito\u201d, disse o australiano de 43 anos ao The Christian Post.<\/p>\n<p>Diversos relatos sobre a morte ou doen\u00e7a do evangelista circularam em v\u00e1rias plataformas de m\u00eddia social esta semana e foram compartilhados por milhares de pessoas, juntamente com coment\u00e1rios de solidariedade. Muitas das postagens apresentavam imagens geradas por intelig\u00eancia artificial de Vujicic em um leito de hospital.<\/p>\n<p>O marido e pai de quatro filhos, conhecido mundialmente por sua mensagem de resili\u00eancia e f\u00e9 apesar de ter nascido sem membros, j\u00e1 foi alvo de boatos semelhantes na internet no passado, parte de um padr\u00e3o mais amplo de desinforma\u00e7\u00e3o direcionada a figuras p\u00fablicas de destaque.<\/p>\n<p>Em sua declara\u00e7\u00e3o \u00e0 CP, Vujicic, que lidera o NickV Ministries, uma organiza\u00e7\u00e3o internacional sem fins lucrativos dedicada a compartilhar o Evangelho e unir o corpo de Cristo, disse que \u201cespecialmente\u201d deseja estar presente para assistir ao seu novo filme, \u201cNo Limbs, No Limits\u201d, com sua fam\u00edlia no cinema.<\/p>\n<p>\u201cSabemos que a vida \u00e9 curta, e fico feliz em informar que ainda estou aqui, fazendo o que posso para ajudar mais uma pessoa a encontrar esperan\u00e7a em Deus!\u201d, disse ele.<\/p>\n<p> <!-- A generated by theme --> <\/p>\n<p> <!-- end A --> <\/p>\n<p>O filme, que estreia nos cinemas em 25 de setembro, conta a hist\u00f3ria de Vujicic, que superou uma profunda depress\u00e3o e tentativas de suic\u00eddio para alcan\u00e7ar bilh\u00f5es de pessoas com uma mensagem de esperan\u00e7a e f\u00e9. O australiano nasceu com s\u00edndrome de tetra-amelia, uma doen\u00e7a rara caracterizada pela aus\u00eancia dos quatro membros.<\/p>\n<p>\u201cPoder ver ao menos uma pessoa sentir que n\u00e3o h\u00e1 esperan\u00e7a, mas que ela existe, \u00e9 realmente incr\u00edvel. \u00c9 emocionante, honroso e inspirador\u201d, disse ele ao CP sobre o motivo de ter dedicado sua vida a compartilhar a esperan\u00e7a do Evangelho.<\/p>\n<p>Al\u00e9m de seu minist\u00e9rio de palestras, Vujicic expandiu seus neg\u00f3cios para empreendimentos financeiros alinhados com sua defesa da vida. Em 2025, ele lan\u00e7ou a ProLifeFintech, uma alternativa banc\u00e1ria crist\u00e3 com o objetivo de oferecer servi\u00e7os consistentes com os valores pr\u00f3-vida.<\/p>\n<p>A iniciativa surge de preocupa\u00e7\u00f5es que ele expressou em 2021 sobre grandes institui\u00e7\u00f5es financeiras que supostamente apoiam cl\u00ednicas de aborto, como a Planned Parenthood.<\/p>\n<p>\u201cAssim como No\u00e9 salvou vidas, n\u00f3s tamb\u00e9m vamos salvar vidas com o ProLife Bank\u201d, disse ele ao CP na \u00e9poca . \u201cBaseia-se no entendimento de que Deus quer retomar o Seu papel e redistribu\u00ed-lo por meio de Seus fi\u00e9is disc\u00edpulos.\u201d<\/p>\n<p>\u201cNos Estados Unidos, foram realizados 77 milh\u00f5es de abortos \u2014 isso representa 23% da nossa popula\u00e7\u00e3o. E uma em cada tr\u00eas crist\u00e3s j\u00e1 fez um aborto. Estou fazendo a minha parte para pressionar a Igreja a dizer: \u2018Voc\u00eas n\u00e3o podem se dar ao luxo de n\u00e3o dizer \u00e0s pessoas que metade dos abortos nos Estados Unidos s\u00e3o realizados por crist\u00e3s.\u2019\u201d<\/p>\n<p><strong>Folha Gospel com informa\u00e7\u00f5es de The Christian Today<\/strong><\/p>\n<p> <!-- A generated by theme --> <\/p>\n<p> <!-- end A --> <\/p><\/div>\n<p><script>(function (d, s, id) {\n                var js, fjs = d.getElementsByTagName(s)[0];\n                if (d.getElementById(id)) return;\n                js = d.createElement(s);\n                js.id = id;\n                js.src=\"https:\/\/connect.facebook.net\/pt_BR\/sdk.js#xfbml=1&version=v2.11&appId=264312870658742&autoLogAppEvents=1\";\n                fjs.parentNode.insertBefore(js, fjs);\n            }(document, 'script', 'facebook-jssdk'));<\/script><br \/>\n<br \/><br \/>\n<br \/>Fonte: Folha Gospel<\/p>\n","protected":false},"excerpt":{"rendered":"<p>Evangelista Nick Vujicic (Foto: Gage Skidmore\/Wikimedia Commons) Em meio a alega\u00e7\u00f5es virais de que estaria gravemente doente ou morto, o fundador da Life Without Limbs, Nick Vujicic, esclareceu que est\u00e1 \u201ccom boa sa\u00fade\u201d e desmentiu tais not\u00edcias, classificando-as como \u201cfalsas\u201d. \u201c\u00c9 com grande satisfa\u00e7\u00e3o que informo que estou com boa sa\u00fade e gostaria de esclarecer [&hellip;]<\/p>\n","protected":false},"author":1,"featured_media":6561,"comment_status":"","ping_status":"open","sticky":false,"template":"","format":"standard","meta":{"footnotes":""},"categories":[3],"tags":[],"class_list":["post-6560","post","type-post","status-publish","format-standard","has-post-thumbnail","hentry","category-gospel"],"yoast_head":"<!-- This site is optimized with the Yoast SEO plugin v26.8 - https:\/\/yoast.com\/product\/yoast-seo-wordpress\/ -->\n<title>Nick Vujicic responde aos rumores de sua morte confirmando que est\u00e1 vivo e bem - R\u00e1dio Porto Seguro<\/title>\n<meta name=\"robots\" content=\"index, follow, max-snippet:-1, max-image-preview:large, max-video-preview:-1\" \/>\n<link rel=\"canonical\" href=\"https:\/\/radioportoseguro.com.br\/site\/2026\/05\/01\/nick-vujicic-responde-aos-rumores-de-sua-morte-confirmando-que-esta-vivo-e-bem\/\" \/>\n<meta property=\"og:locale\" content=\"pt_BR\" \/>\n<meta property=\"og:type\" content=\"article\" \/>\n<meta property=\"og:title\" content=\"Nick Vujicic responde aos rumores de sua morte confirmando que est\u00e1 vivo e bem - R\u00e1dio Porto Seguro\" \/>\n<meta property=\"og:description\" content=\"Evangelista Nick Vujicic (Foto: Gage Skidmore\/Wikimedia Commons) Em meio a alega\u00e7\u00f5es virais de que estaria gravemente doente ou morto, o fundador da Life Without Limbs, Nick Vujicic, esclareceu que est\u00e1 \u201ccom boa sa\u00fade\u201d e desmentiu tais not\u00edcias, classificando-as como \u201cfalsas\u201d. \u201c\u00c9 com grande satisfa\u00e7\u00e3o que informo que estou com boa sa\u00fade e gostaria de esclarecer [&hellip;]\" \/>\n<meta property=\"og:url\" content=\"https:\/\/radioportoseguro.com.br\/site\/2026\/05\/01\/nick-vujicic-responde-aos-rumores-de-sua-morte-confirmando-que-esta-vivo-e-bem\/\" \/>\n<meta property=\"og:site_name\" content=\"R\u00e1dio Porto Seguro\" \/>\n<meta property=\"article:published_time\" content=\"2026-05-01T18:28:32+00:00\" \/>\n<meta property=\"og:image\" content=\"https:\/\/i0.wp.com\/folhagospel.com\/wp-content\/uploads\/2023\/07\/Evangelista-Nick-Vujicic-Foto-Gage-SkidmoreWikimedia-Commons.jpg?resize=696%2C497&amp;ssl=1\" \/>\n<meta name=\"author\" content=\"admin\" \/>\n<meta name=\"twitter:card\" content=\"summary_large_image\" \/>\n<meta name=\"twitter:label1\" content=\"Escrito por\" \/>\n\t<meta name=\"twitter:data1\" content=\"admin\" \/>\n\t<meta name=\"twitter:label2\" content=\"Est. tempo de leitura\" \/>\n\t<meta name=\"twitter:data2\" content=\"3 minutos\" \/>\n<script type=\"application\/ld+json\" class=\"yoast-schema-graph\">{\"@context\":\"https:\/\/schema.org\",\"@graph\":[{\"@type\":\"Article\",\"@id\":\"https:\/\/radioportoseguro.com.br\/site\/2026\/05\/01\/nick-vujicic-responde-aos-rumores-de-sua-morte-confirmando-que-esta-vivo-e-bem\/#article\",\"isPartOf\":{\"@id\":\"https:\/\/radioportoseguro.com.br\/site\/2026\/05\/01\/nick-vujicic-responde-aos-rumores-de-sua-morte-confirmando-que-esta-vivo-e-bem\/\"},\"author\":{\"name\":\"admin\",\"@id\":\"https:\/\/radioportoseguro.com.br\/site\/#\/schema\/person\/7630acdc320186f13639d3c067ec089b\"},\"headline\":\"Nick Vujicic responde aos rumores de sua morte confirmando que est\u00e1 vivo e bem\",\"datePublished\":\"2026-05-01T18:28:32+00:00\",\"mainEntityOfPage\":{\"@id\":\"https:\/\/radioportoseguro.com.br\/site\/2026\/05\/01\/nick-vujicic-responde-aos-rumores-de-sua-morte-confirmando-que-esta-vivo-e-bem\/\"},\"wordCount\":600,\"image\":{\"@id\":\"https:\/\/radioportoseguro.com.br\/site\/2026\/05\/01\/nick-vujicic-responde-aos-rumores-de-sua-morte-confirmando-que-esta-vivo-e-bem\/#primaryimage\"},\"thumbnailUrl\":\"https:\/\/radioportoseguro.com.br\/site\/wp-content\/uploads\/2026\/05\/Evangelista-Nick-Vujicic-Foto-Gage-SkidmoreWikimedia-Commons.jpg\",\"articleSection\":[\"Gospel\"],\"inLanguage\":\"pt-BR\"},{\"@type\":\"WebPage\",\"@id\":\"https:\/\/radioportoseguro.com.br\/site\/2026\/05\/01\/nick-vujicic-responde-aos-rumores-de-sua-morte-confirmando-que-esta-vivo-e-bem\/\",\"url\":\"https:\/\/radioportoseguro.com.br\/site\/2026\/05\/01\/nick-vujicic-responde-aos-rumores-de-sua-morte-confirmando-que-esta-vivo-e-bem\/\",\"name\":\"Nick Vujicic responde aos rumores de sua morte confirmando que est\u00e1 vivo e bem - R\u00e1dio Porto Seguro\",\"isPartOf\":{\"@id\":\"https:\/\/radioportoseguro.com.br\/site\/#website\"},\"primaryImageOfPage\":{\"@id\":\"https:\/\/radioportoseguro.com.br\/site\/2026\/05\/01\/nick-vujicic-responde-aos-rumores-de-sua-morte-confirmando-que-esta-vivo-e-bem\/#primaryimage\"},\"image\":{\"@id\":\"https:\/\/radioportoseguro.com.br\/site\/2026\/05\/01\/nick-vujicic-responde-aos-rumores-de-sua-morte-confirmando-que-esta-vivo-e-bem\/#primaryimage\"},\"thumbnailUrl\":\"https:\/\/radioportoseguro.com.br\/site\/wp-content\/uploads\/2026\/05\/Evangelista-Nick-Vujicic-Foto-Gage-SkidmoreWikimedia-Commons.jpg\",\"datePublished\":\"2026-05-01T18:28:32+00:00\",\"author\":{\"@id\":\"https:\/\/radioportoseguro.com.br\/site\/#\/schema\/person\/7630acdc320186f13639d3c067ec089b\"},\"breadcrumb\":{\"@id\":\"https:\/\/radioportoseguro.com.br\/site\/2026\/05\/01\/nick-vujicic-responde-aos-rumores-de-sua-morte-confirmando-que-esta-vivo-e-bem\/#breadcrumb\"},\"inLanguage\":\"pt-BR\",\"potentialAction\":[{\"@type\":\"ReadAction\",\"target\":[\"https:\/\/radioportoseguro.com.br\/site\/2026\/05\/01\/nick-vujicic-responde-aos-rumores-de-sua-morte-confirmando-que-esta-vivo-e-bem\/\"]}]},{\"@type\":\"ImageObject\",\"inLanguage\":\"pt-BR\",\"@id\":\"https:\/\/radioportoseguro.com.br\/site\/2026\/05\/01\/nick-vujicic-responde-aos-rumores-de-sua-morte-confirmando-que-esta-vivo-e-bem\/#primaryimage\",\"url\":\"https:\/\/radioportoseguro.com.br\/site\/wp-content\/uploads\/2026\/05\/Evangelista-Nick-Vujicic-Foto-Gage-SkidmoreWikimedia-Commons.jpg\",\"contentUrl\":\"https:\/\/radioportoseguro.com.br\/site\/wp-content\/uploads\/2026\/05\/Evangelista-Nick-Vujicic-Foto-Gage-SkidmoreWikimedia-Commons.jpg\",\"width\":700,\"height\":500},{\"@type\":\"BreadcrumbList\",\"@id\":\"https:\/\/radioportoseguro.com.br\/site\/2026\/05\/01\/nick-vujicic-responde-aos-rumores-de-sua-morte-confirmando-que-esta-vivo-e-bem\/#breadcrumb\",\"itemListElement\":[{\"@type\":\"ListItem\",\"position\":1,\"name\":\"In\u00edcio\",\"item\":\"https:\/\/radioportoseguro.com.br\/site\/\"},{\"@type\":\"ListItem\",\"position\":2,\"name\":\"Nick Vujicic responde aos rumores de sua morte confirmando que est\u00e1 vivo e bem\"}]},{\"@type\":\"WebSite\",\"@id\":\"https:\/\/radioportoseguro.com.br\/site\/#website\",\"url\":\"https:\/\/radioportoseguro.com.br\/site\/\",\"name\":\"R\u00e1dio Porto Seguro\",\"description\":\"\",\"potentialAction\":[{\"@type\":\"SearchAction\",\"target\":{\"@type\":\"EntryPoint\",\"urlTemplate\":\"https:\/\/radioportoseguro.com.br\/site\/?s={search_term_string}\"},\"query-input\":{\"@type\":\"PropertyValueSpecification\",\"valueRequired\":true,\"valueName\":\"search_term_string\"}}],\"inLanguage\":\"pt-BR\"},{\"@type\":\"Person\",\"@id\":\"https:\/\/radioportoseguro.com.br\/site\/#\/schema\/person\/7630acdc320186f13639d3c067ec089b\",\"name\":\"admin\",\"image\":{\"@type\":\"ImageObject\",\"inLanguage\":\"pt-BR\",\"@id\":\"https:\/\/radioportoseguro.com.br\/site\/#\/schema\/person\/image\/\",\"url\":\"https:\/\/secure.gravatar.com\/avatar\/caacf4dc1eedb68fab0df8e1ed46c448e578b2466351bbcb61e47d2ac0caaef0?s=96&d=mm&r=g\",\"contentUrl\":\"https:\/\/secure.gravatar.com\/avatar\/caacf4dc1eedb68fab0df8e1ed46c448e578b2466351bbcb61e47d2ac0caaef0?s=96&d=mm&r=g\",\"caption\":\"admin\"},\"sameAs\":[\"https:\/\/radioportoseguro.com.br\/site\"],\"url\":\"https:\/\/radioportoseguro.com.br\/site\/author\/hezio\/\"}]}<\/script>\n<!-- \/ Yoast SEO plugin. -->","yoast_head_json":{"title":"Nick Vujicic responde aos rumores de sua morte confirmando que est\u00e1 vivo e bem - R\u00e1dio Porto Seguro","robots":{"index":"index","follow":"follow","max-snippet":"max-snippet:-1","max-image-preview":"max-image-preview:large","max-video-preview":"max-video-preview:-1"},"canonical":"https:\/\/radioportoseguro.com.br\/site\/2026\/05\/01\/nick-vujicic-responde-aos-rumores-de-sua-morte-confirmando-que-esta-vivo-e-bem\/","og_locale":"pt_BR","og_type":"article","og_title":"Nick Vujicic responde aos rumores de sua morte confirmando que est\u00e1 vivo e bem - R\u00e1dio Porto Seguro","og_description":"Evangelista Nick Vujicic (Foto: Gage Skidmore\/Wikimedia Commons) Em meio a alega\u00e7\u00f5es virais de que estaria gravemente doente ou morto, o fundador da Life Without Limbs, Nick Vujicic, esclareceu que est\u00e1 \u201ccom boa sa\u00fade\u201d e desmentiu tais not\u00edcias, classificando-as como \u201cfalsas\u201d. \u201c\u00c9 com grande satisfa\u00e7\u00e3o que informo que estou com boa sa\u00fade e gostaria de esclarecer [&hellip;]","og_url":"https:\/\/radioportoseguro.com.br\/site\/2026\/05\/01\/nick-vujicic-responde-aos-rumores-de-sua-morte-confirmando-que-esta-vivo-e-bem\/","og_site_name":"R\u00e1dio Porto Seguro","article_published_time":"2026-05-01T18:28:32+00:00","og_image":[{"url":"https:\/\/i0.wp.com\/folhagospel.com\/wp-content\/uploads\/2023\/07\/Evangelista-Nick-Vujicic-Foto-Gage-SkidmoreWikimedia-Commons.jpg?resize=696%2C497&amp;ssl=1","type":"","width":"","height":""}],"author":"admin","twitter_card":"summary_large_image","twitter_misc":{"Escrito por":"admin","Est. tempo de leitura":"3 minutos"},"schema":{"@context":"https:\/\/schema.org","@graph":[{"@type":"Article","@id":"https:\/\/radioportoseguro.com.br\/site\/2026\/05\/01\/nick-vujicic-responde-aos-rumores-de-sua-morte-confirmando-que-esta-vivo-e-bem\/#article","isPartOf":{"@id":"https:\/\/radioportoseguro.com.br\/site\/2026\/05\/01\/nick-vujicic-responde-aos-rumores-de-sua-morte-confirmando-que-esta-vivo-e-bem\/"},"author":{"name":"admin","@id":"https:\/\/radioportoseguro.com.br\/site\/#\/schema\/person\/7630acdc320186f13639d3c067ec089b"},"headline":"Nick Vujicic responde aos rumores de sua morte confirmando que est\u00e1 vivo e bem","datePublished":"2026-05-01T18:28:32+00:00","mainEntityOfPage":{"@id":"https:\/\/radioportoseguro.com.br\/site\/2026\/05\/01\/nick-vujicic-responde-aos-rumores-de-sua-morte-confirmando-que-esta-vivo-e-bem\/"},"wordCount":600,"image":{"@id":"https:\/\/radioportoseguro.com.br\/site\/2026\/05\/01\/nick-vujicic-responde-aos-rumores-de-sua-morte-confirmando-que-esta-vivo-e-bem\/#primaryimage"},"thumbnailUrl":"https:\/\/radioportoseguro.com.br\/site\/wp-content\/uploads\/2026\/05\/Evangelista-Nick-Vujicic-Foto-Gage-SkidmoreWikimedia-Commons.jpg","articleSection":["Gospel"],"inLanguage":"pt-BR"},{"@type":"WebPage","@id":"https:\/\/radioportoseguro.com.br\/site\/2026\/05\/01\/nick-vujicic-responde-aos-rumores-de-sua-morte-confirmando-que-esta-vivo-e-bem\/","url":"https:\/\/radioportoseguro.com.br\/site\/2026\/05\/01\/nick-vujicic-responde-aos-rumores-de-sua-morte-confirmando-que-esta-vivo-e-bem\/","name":"Nick Vujicic responde aos rumores de sua morte confirmando que est\u00e1 vivo e bem - R\u00e1dio Porto Seguro","isPartOf":{"@id":"https:\/\/radioportoseguro.com.br\/site\/#website"},"primaryImageOfPage":{"@id":"https:\/\/radioportoseguro.com.br\/site\/2026\/05\/01\/nick-vujicic-responde-aos-rumores-de-sua-morte-confirmando-que-esta-vivo-e-bem\/#primaryimage"},"image":{"@id":"https:\/\/radioportoseguro.com.br\/site\/2026\/05\/01\/nick-vujicic-responde-aos-rumores-de-sua-morte-confirmando-que-esta-vivo-e-bem\/#primaryimage"},"thumbnailUrl":"https:\/\/radioportoseguro.com.br\/site\/wp-content\/uploads\/2026\/05\/Evangelista-Nick-Vujicic-Foto-Gage-SkidmoreWikimedia-Commons.jpg","datePublished":"2026-05-01T18:28:32+00:00","author":{"@id":"https:\/\/radioportoseguro.com.br\/site\/#\/schema\/person\/7630acdc320186f13639d3c067ec089b"},"breadcrumb":{"@id":"https:\/\/radioportoseguro.com.br\/site\/2026\/05\/01\/nick-vujicic-responde-aos-rumores-de-sua-morte-confirmando-que-esta-vivo-e-bem\/#breadcrumb"},"inLanguage":"pt-BR","potentialAction":[{"@type":"ReadAction","target":["https:\/\/radioportoseguro.com.br\/site\/2026\/05\/01\/nick-vujicic-responde-aos-rumores-de-sua-morte-confirmando-que-esta-vivo-e-bem\/"]}]},{"@type":"ImageObject","inLanguage":"pt-BR","@id":"https:\/\/radioportoseguro.com.br\/site\/2026\/05\/01\/nick-vujicic-responde-aos-rumores-de-sua-morte-confirmando-que-esta-vivo-e-bem\/#primaryimage","url":"https:\/\/radioportoseguro.com.br\/site\/wp-content\/uploads\/2026\/05\/Evangelista-Nick-Vujicic-Foto-Gage-SkidmoreWikimedia-Commons.jpg","contentUrl":"https:\/\/radioportoseguro.com.br\/site\/wp-content\/uploads\/2026\/05\/Evangelista-Nick-Vujicic-Foto-Gage-SkidmoreWikimedia-Commons.jpg","width":700,"height":500},{"@type":"BreadcrumbList","@id":"https:\/\/radioportoseguro.com.br\/site\/2026\/05\/01\/nick-vujicic-responde-aos-rumores-de-sua-morte-confirmando-que-esta-vivo-e-bem\/#breadcrumb","itemListElement":[{"@type":"ListItem","position":1,"name":"In\u00edcio","item":"https:\/\/radioportoseguro.com.br\/site\/"},{"@type":"ListItem","position":2,"name":"Nick Vujicic responde aos rumores de sua morte confirmando que est\u00e1 vivo e bem"}]},{"@type":"WebSite","@id":"https:\/\/radioportoseguro.com.br\/site\/#website","url":"https:\/\/radioportoseguro.com.br\/site\/","name":"R\u00e1dio Porto Seguro","description":"","potentialAction":[{"@type":"SearchAction","target":{"@type":"EntryPoint","urlTemplate":"https:\/\/radioportoseguro.com.br\/site\/?s={search_term_string}"},"query-input":{"@type":"PropertyValueSpecification","valueRequired":true,"valueName":"search_term_string"}}],"inLanguage":"pt-BR"},{"@type":"Person","@id":"https:\/\/radioportoseguro.com.br\/site\/#\/schema\/person\/7630acdc320186f13639d3c067ec089b","name":"admin","image":{"@type":"ImageObject","inLanguage":"pt-BR","@id":"https:\/\/radioportoseguro.com.br\/site\/#\/schema\/person\/image\/","url":"https:\/\/secure.gravatar.com\/avatar\/caacf4dc1eedb68fab0df8e1ed46c448e578b2466351bbcb61e47d2ac0caaef0?s=96&d=mm&r=g","contentUrl":"https:\/\/secure.gravatar.com\/avatar\/caacf4dc1eedb68fab0df8e1ed46c448e578b2466351bbcb61e47d2ac0caaef0?s=96&d=mm&r=g","caption":"admin"},"sameAs":["https:\/\/radioportoseguro.com.br\/site"],"url":"https:\/\/radioportoseguro.com.br\/site\/author\/hezio\/"}]}},"_links":{"self":[{"href":"https:\/\/radioportoseguro.com.br\/site\/wp-json\/wp\/v2\/posts\/6560","targetHints":{"allow":["GET"]}}],"collection":[{"href":"https:\/\/radioportoseguro.com.br\/site\/wp-json\/wp\/v2\/posts"}],"about":[{"href":"https:\/\/radioportoseguro.com.br\/site\/wp-json\/wp\/v2\/types\/post"}],"author":[{"embeddable":true,"href":"https:\/\/radioportoseguro.com.br\/site\/wp-json\/wp\/v2\/users\/1"}],"replies":[{"embeddable":true,"href":"https:\/\/radioportoseguro.com.br\/site\/wp-json\/wp\/v2\/comments?post=6560"}],"version-history":[{"count":0,"href":"https:\/\/radioportoseguro.com.br\/site\/wp-json\/wp\/v2\/posts\/6560\/revisions"}],"wp:featuredmedia":[{"embeddable":true,"href":"https:\/\/radioportoseguro.com.br\/site\/wp-json\/wp\/v2\/media\/6561"}],"wp:attachment":[{"href":"https:\/\/radioportoseguro.com.br\/site\/wp-json\/wp\/v2\/media?parent=6560"}],"wp:term":[{"taxonomy":"category","embeddable":true,"href":"https:\/\/radioportoseguro.com.br\/site\/wp-json\/wp\/v2\/categories?post=6560"},{"taxonomy":"post_tag","embeddable":true,"href":"https:\/\/radioportoseguro.com.br\/site\/wp-json\/wp\/v2\/tags?post=6560"}],"curies":[{"name":"wp","href":"https:\/\/api.w.org\/{rel}","templated":true}]}}