{"id":6562,"date":"2026-05-01T16:43:59","date_gmt":"2026-05-01T19:43:59","guid":{"rendered":"https:\/\/radioportoseguro.com.br\/site\/2026\/05\/01\/cassia-kis-e-denunciada-por-transfobia-apos-criticar-presenca-de-trans-em-banheiro-feminino\/"},"modified":"2026-05-01T16:43:59","modified_gmt":"2026-05-01T19:43:59","slug":"cassia-kis-e-denunciada-por-transfobia-apos-criticar-presenca-de-trans-em-banheiro-feminino","status":"publish","type":"post","link":"https:\/\/radioportoseguro.com.br\/site\/2026\/05\/01\/cassia-kis-e-denunciada-por-transfobia-apos-criticar-presenca-de-trans-em-banheiro-feminino\/","title":{"rendered":"C\u00e1ssia Kis \u00e9 denunciada por transfobia ap\u00f3s criticar presen\u00e7a de trans em banheiro feminino"},"content":{"rendered":"<p><br \/>\n<br \/><\/p>\n<div>\n<p>A atriz <span style=\"color: #800000;\"><strong>C\u00e1ssia Kis<\/strong><\/span> foi alvo de uma den\u00fancia encaminhada ao Minist\u00e9rio P\u00fablico do Rio de Janeiro (MP-RJ) por suposta transfobia, ap\u00f3s um epis\u00f3dio ocorrido no Barra Shopping, na sexta-feira (24).<\/p>\n<p>A representa\u00e7\u00e3o questiona declara\u00e7\u00f5es p\u00fablicas atribu\u00eddas \u00e0 artista sobre <span style=\"color: #800000;\"><strong>identidade de g\u00eanero<\/strong> <\/span>e pede que o caso seja analisado pelas autoridades competentes.<\/p>\n<p>O caso foi registrado na pol\u00edcia nesta segunda-feira (27). Roberta Santana afirma que chegava ao trabalho na sexta-feira quando, segundo ela, a atriz teria feito coment\u00e1rios transf\u00f3bicos enquanto ambas aguardavam na fila do banheiro feminino.<\/p>\n<p>De acordo com o relato, a atriz de 68 anos teria dito que \u201co Brasil estava perdido porque tinha \u2018homem\u2019 no banheiro\u201d.<\/p>\n<p>M\u00e3e de quatro filhos, o direito \u00e0 opini\u00e3o de C\u00e1ssia foi defendido pelo senador Jorge Seif (PL-SC) e pelo deputado federal Otoni de Paula (PSD-RJ), que declarou em sua rede social que \u201ca intimidade das nossas mulheres n\u00e3o \u00e9 negoci\u00e1vel.\u201d<\/p>\n<p>\u201cQuando permitimos que espa\u00e7os reservados \u00e0 privacidade feminina sejam invadidos, n\u00e3o estamos tratando de progresso, mas de uma afronta direta \u00e0 seguran\u00e7a e ao bom senso\u201d, disse.<\/p>\n<p>\u201cA prote\u00e7\u00e3o das nossas filhas, m\u00e3es e esposas \u00e9 um dever. N\u00e3o podemos aceitar que o direito \u00e0 privacidade seja sacrificado no altar de agendas ideol\u00f3gicas. Minha solidariedade \u00e0 atriz C\u00e1ssia Kis \u00e9 o reflexo de uma luta maior: garantir que nossas mulheres ocupem seus espa\u00e7os com total seguran\u00e7a, sem medo de serem invadidas em sua intimidade.\u201d<\/p>\n<p><strong>Den\u00fancia anterior ao MP<\/strong><\/p>\n<p>Em 2022, as <span style=\"color: #800000;\"><strong>declara\u00e7\u00f5es da atriz sobre sexualidade<\/strong><\/span> e fam\u00edlia tamb\u00e9m foram alvo de uma nota de rep\u00fadio da TV Globo e de uma den\u00fancia no Minist\u00e9rio P\u00fablico do Rio de Janeiro.<\/p>\n<p>Em uma live com a jornalista Leda Nagle, realizada no Instagram, C\u00e1ssia falou sobre as amea\u00e7as ao conceito de fam\u00edlia.\u00a0<\/p>\n<p>\u201c(&#8230;) Desconstruir fam\u00edlia, se voc\u00ea fomenta o feminismo, esse mundo onde n\u00e3o existe mais o homem e a mulher, mas \u00e9 a mulher com a mulher e o homem com o homem, onde tem essa ideologia de g\u00eanero que j\u00e1 estamos vendo dentro das escolas\u201d, disse C\u00e1ssia.<\/p>\n<p>\u201cEu recebo imagens inacredit\u00e1veis de crian\u00e7as de 6, 7 anos se beijando, duas meninas dentro da escola se beijando, onde h\u00e1 inclusive um espa\u00e7o chamado beij\u00f3dromo. O que est\u00e1 por tr\u00e1s disso? Destruir a fam\u00edlia sem d\u00favida nenhuma. Mas destruir a fam\u00edlia s\u00f3? N\u00e3o. Destruir a vida humana, porque que eu saiba homem com homem n\u00e3o d\u00e1 filho, mulher com mulher tamb\u00e9m n\u00e3o d\u00e1 filho\u201d, a atriz acrescentou.<\/p>\n<\/div>\n<p><br \/>\n<br \/>Fonte: Guiame <\/p>\n","protected":false},"excerpt":{"rendered":"<p>A atriz C\u00e1ssia Kis foi alvo de uma den\u00fancia encaminhada ao Minist\u00e9rio P\u00fablico do Rio de Janeiro (MP-RJ) por suposta transfobia, ap\u00f3s um epis\u00f3dio ocorrido no Barra Shopping, na sexta-feira (24). A representa\u00e7\u00e3o questiona declara\u00e7\u00f5es p\u00fablicas atribu\u00eddas \u00e0 artista sobre identidade de g\u00eanero e pede que o caso seja analisado pelas autoridades competentes. O caso [&hellip;]<\/p>\n","protected":false},"author":1,"featured_media":6563,"comment_status":"","ping_status":"open","sticky":false,"template":"","format":"standard","meta":{"footnotes":""},"categories":[43],"tags":[],"class_list":["post-6562","post","type-post","status-publish","format-standard","has-post-thumbnail","hentry","category-destaques"],"yoast_head":"<!-- This site is optimized with the Yoast SEO plugin v26.8 - https:\/\/yoast.com\/product\/yoast-seo-wordpress\/ -->\n<title>C\u00e1ssia Kis \u00e9 denunciada por transfobia ap\u00f3s criticar presen\u00e7a de trans em banheiro feminino - R\u00e1dio Porto Seguro<\/title>\n<meta name=\"robots\" content=\"index, follow, max-snippet:-1, max-image-preview:large, max-video-preview:-1\" \/>\n<link rel=\"canonical\" href=\"https:\/\/radioportoseguro.com.br\/site\/2026\/05\/01\/cassia-kis-e-denunciada-por-transfobia-apos-criticar-presenca-de-trans-em-banheiro-feminino\/\" \/>\n<meta property=\"og:locale\" content=\"pt_BR\" \/>\n<meta property=\"og:type\" content=\"article\" \/>\n<meta property=\"og:title\" content=\"C\u00e1ssia Kis \u00e9 denunciada por transfobia ap\u00f3s criticar presen\u00e7a de trans em banheiro feminino - R\u00e1dio Porto Seguro\" \/>\n<meta property=\"og:description\" content=\"A atriz C\u00e1ssia Kis foi alvo de uma den\u00fancia encaminhada ao Minist\u00e9rio P\u00fablico do Rio de Janeiro (MP-RJ) por suposta transfobia, ap\u00f3s um epis\u00f3dio ocorrido no Barra Shopping, na sexta-feira (24). A representa\u00e7\u00e3o questiona declara\u00e7\u00f5es p\u00fablicas atribu\u00eddas \u00e0 artista sobre identidade de g\u00eanero e pede que o caso seja analisado pelas autoridades competentes. O caso [&hellip;]\" \/>\n<meta property=\"og:url\" content=\"https:\/\/radioportoseguro.com.br\/site\/2026\/05\/01\/cassia-kis-e-denunciada-por-transfobia-apos-criticar-presenca-de-trans-em-banheiro-feminino\/\" \/>\n<meta property=\"og:site_name\" content=\"R\u00e1dio Porto Seguro\" \/>\n<meta property=\"article:published_time\" content=\"2026-05-01T19:43:59+00:00\" \/>\n<meta property=\"og:image\" content=\"https:\/\/media.guiame.com.br\/archives\/2026\/04\/29\/3060499180-cassia-kis.png\" \/>\n<meta name=\"author\" content=\"admin\" \/>\n<meta name=\"twitter:card\" content=\"summary_large_image\" \/>\n<meta name=\"twitter:label1\" content=\"Escrito por\" \/>\n\t<meta name=\"twitter:data1\" content=\"admin\" \/>\n\t<meta name=\"twitter:label2\" content=\"Est. tempo de leitura\" \/>\n\t<meta name=\"twitter:data2\" content=\"2 minutos\" \/>\n<script type=\"application\/ld+json\" class=\"yoast-schema-graph\">{\"@context\":\"https:\/\/schema.org\",\"@graph\":[{\"@type\":\"Article\",\"@id\":\"https:\/\/radioportoseguro.com.br\/site\/2026\/05\/01\/cassia-kis-e-denunciada-por-transfobia-apos-criticar-presenca-de-trans-em-banheiro-feminino\/#article\",\"isPartOf\":{\"@id\":\"https:\/\/radioportoseguro.com.br\/site\/2026\/05\/01\/cassia-kis-e-denunciada-por-transfobia-apos-criticar-presenca-de-trans-em-banheiro-feminino\/\"},\"author\":{\"name\":\"admin\",\"@id\":\"https:\/\/radioportoseguro.com.br\/site\/#\/schema\/person\/7630acdc320186f13639d3c067ec089b\"},\"headline\":\"C\u00e1ssia Kis \u00e9 denunciada por transfobia ap\u00f3s criticar presen\u00e7a de trans em banheiro feminino\",\"datePublished\":\"2026-05-01T19:43:59+00:00\",\"mainEntityOfPage\":{\"@id\":\"https:\/\/radioportoseguro.com.br\/site\/2026\/05\/01\/cassia-kis-e-denunciada-por-transfobia-apos-criticar-presenca-de-trans-em-banheiro-feminino\/\"},\"wordCount\":464,\"image\":{\"@id\":\"https:\/\/radioportoseguro.com.br\/site\/2026\/05\/01\/cassia-kis-e-denunciada-por-transfobia-apos-criticar-presenca-de-trans-em-banheiro-feminino\/#primaryimage\"},\"thumbnailUrl\":\"https:\/\/radioportoseguro.com.br\/site\/wp-content\/uploads\/2026\/05\/3060499180-cassia-kis.png\",\"articleSection\":[\"Destaques\"],\"inLanguage\":\"pt-BR\"},{\"@type\":\"WebPage\",\"@id\":\"https:\/\/radioportoseguro.com.br\/site\/2026\/05\/01\/cassia-kis-e-denunciada-por-transfobia-apos-criticar-presenca-de-trans-em-banheiro-feminino\/\",\"url\":\"https:\/\/radioportoseguro.com.br\/site\/2026\/05\/01\/cassia-kis-e-denunciada-por-transfobia-apos-criticar-presenca-de-trans-em-banheiro-feminino\/\",\"name\":\"C\u00e1ssia Kis \u00e9 denunciada por transfobia ap\u00f3s criticar presen\u00e7a de trans em banheiro feminino - R\u00e1dio Porto Seguro\",\"isPartOf\":{\"@id\":\"https:\/\/radioportoseguro.com.br\/site\/#website\"},\"primaryImageOfPage\":{\"@id\":\"https:\/\/radioportoseguro.com.br\/site\/2026\/05\/01\/cassia-kis-e-denunciada-por-transfobia-apos-criticar-presenca-de-trans-em-banheiro-feminino\/#primaryimage\"},\"image\":{\"@id\":\"https:\/\/radioportoseguro.com.br\/site\/2026\/05\/01\/cassia-kis-e-denunciada-por-transfobia-apos-criticar-presenca-de-trans-em-banheiro-feminino\/#primaryimage\"},\"thumbnailUrl\":\"https:\/\/radioportoseguro.com.br\/site\/wp-content\/uploads\/2026\/05\/3060499180-cassia-kis.png\",\"datePublished\":\"2026-05-01T19:43:59+00:00\",\"author\":{\"@id\":\"https:\/\/radioportoseguro.com.br\/site\/#\/schema\/person\/7630acdc320186f13639d3c067ec089b\"},\"breadcrumb\":{\"@id\":\"https:\/\/radioportoseguro.com.br\/site\/2026\/05\/01\/cassia-kis-e-denunciada-por-transfobia-apos-criticar-presenca-de-trans-em-banheiro-feminino\/#breadcrumb\"},\"inLanguage\":\"pt-BR\",\"potentialAction\":[{\"@type\":\"ReadAction\",\"target\":[\"https:\/\/radioportoseguro.com.br\/site\/2026\/05\/01\/cassia-kis-e-denunciada-por-transfobia-apos-criticar-presenca-de-trans-em-banheiro-feminino\/\"]}]},{\"@type\":\"ImageObject\",\"inLanguage\":\"pt-BR\",\"@id\":\"https:\/\/radioportoseguro.com.br\/site\/2026\/05\/01\/cassia-kis-e-denunciada-por-transfobia-apos-criticar-presenca-de-trans-em-banheiro-feminino\/#primaryimage\",\"url\":\"https:\/\/radioportoseguro.com.br\/site\/wp-content\/uploads\/2026\/05\/3060499180-cassia-kis.png\",\"contentUrl\":\"https:\/\/radioportoseguro.com.br\/site\/wp-content\/uploads\/2026\/05\/3060499180-cassia-kis.png\",\"width\":1200,\"height\":600},{\"@type\":\"BreadcrumbList\",\"@id\":\"https:\/\/radioportoseguro.com.br\/site\/2026\/05\/01\/cassia-kis-e-denunciada-por-transfobia-apos-criticar-presenca-de-trans-em-banheiro-feminino\/#breadcrumb\",\"itemListElement\":[{\"@type\":\"ListItem\",\"position\":1,\"name\":\"In\u00edcio\",\"item\":\"https:\/\/radioportoseguro.com.br\/site\/\"},{\"@type\":\"ListItem\",\"position\":2,\"name\":\"C\u00e1ssia Kis \u00e9 denunciada por transfobia ap\u00f3s criticar presen\u00e7a de trans em banheiro feminino\"}]},{\"@type\":\"WebSite\",\"@id\":\"https:\/\/radioportoseguro.com.br\/site\/#website\",\"url\":\"https:\/\/radioportoseguro.com.br\/site\/\",\"name\":\"R\u00e1dio Porto Seguro\",\"description\":\"\",\"potentialAction\":[{\"@type\":\"SearchAction\",\"target\":{\"@type\":\"EntryPoint\",\"urlTemplate\":\"https:\/\/radioportoseguro.com.br\/site\/?s={search_term_string}\"},\"query-input\":{\"@type\":\"PropertyValueSpecification\",\"valueRequired\":true,\"valueName\":\"search_term_string\"}}],\"inLanguage\":\"pt-BR\"},{\"@type\":\"Person\",\"@id\":\"https:\/\/radioportoseguro.com.br\/site\/#\/schema\/person\/7630acdc320186f13639d3c067ec089b\",\"name\":\"admin\",\"image\":{\"@type\":\"ImageObject\",\"inLanguage\":\"pt-BR\",\"@id\":\"https:\/\/radioportoseguro.com.br\/site\/#\/schema\/person\/image\/\",\"url\":\"https:\/\/secure.gravatar.com\/avatar\/caacf4dc1eedb68fab0df8e1ed46c448e578b2466351bbcb61e47d2ac0caaef0?s=96&d=mm&r=g\",\"contentUrl\":\"https:\/\/secure.gravatar.com\/avatar\/caacf4dc1eedb68fab0df8e1ed46c448e578b2466351bbcb61e47d2ac0caaef0?s=96&d=mm&r=g\",\"caption\":\"admin\"},\"sameAs\":[\"https:\/\/radioportoseguro.com.br\/site\"],\"url\":\"https:\/\/radioportoseguro.com.br\/site\/author\/hezio\/\"}]}<\/script>\n<!-- \/ Yoast SEO plugin. -->","yoast_head_json":{"title":"C\u00e1ssia Kis \u00e9 denunciada por transfobia ap\u00f3s criticar presen\u00e7a de trans em banheiro feminino - R\u00e1dio Porto Seguro","robots":{"index":"index","follow":"follow","max-snippet":"max-snippet:-1","max-image-preview":"max-image-preview:large","max-video-preview":"max-video-preview:-1"},"canonical":"https:\/\/radioportoseguro.com.br\/site\/2026\/05\/01\/cassia-kis-e-denunciada-por-transfobia-apos-criticar-presenca-de-trans-em-banheiro-feminino\/","og_locale":"pt_BR","og_type":"article","og_title":"C\u00e1ssia Kis \u00e9 denunciada por transfobia ap\u00f3s criticar presen\u00e7a de trans em banheiro feminino - R\u00e1dio Porto Seguro","og_description":"A atriz C\u00e1ssia Kis foi alvo de uma den\u00fancia encaminhada ao Minist\u00e9rio P\u00fablico do Rio de Janeiro (MP-RJ) por suposta transfobia, ap\u00f3s um epis\u00f3dio ocorrido no Barra Shopping, na sexta-feira (24). A representa\u00e7\u00e3o questiona declara\u00e7\u00f5es p\u00fablicas atribu\u00eddas \u00e0 artista sobre identidade de g\u00eanero e pede que o caso seja analisado pelas autoridades competentes. O caso [&hellip;]","og_url":"https:\/\/radioportoseguro.com.br\/site\/2026\/05\/01\/cassia-kis-e-denunciada-por-transfobia-apos-criticar-presenca-de-trans-em-banheiro-feminino\/","og_site_name":"R\u00e1dio Porto Seguro","article_published_time":"2026-05-01T19:43:59+00:00","og_image":[{"url":"https:\/\/media.guiame.com.br\/archives\/2026\/04\/29\/3060499180-cassia-kis.png","type":"","width":"","height":""}],"author":"admin","twitter_card":"summary_large_image","twitter_misc":{"Escrito por":"admin","Est. tempo de leitura":"2 minutos"},"schema":{"@context":"https:\/\/schema.org","@graph":[{"@type":"Article","@id":"https:\/\/radioportoseguro.com.br\/site\/2026\/05\/01\/cassia-kis-e-denunciada-por-transfobia-apos-criticar-presenca-de-trans-em-banheiro-feminino\/#article","isPartOf":{"@id":"https:\/\/radioportoseguro.com.br\/site\/2026\/05\/01\/cassia-kis-e-denunciada-por-transfobia-apos-criticar-presenca-de-trans-em-banheiro-feminino\/"},"author":{"name":"admin","@id":"https:\/\/radioportoseguro.com.br\/site\/#\/schema\/person\/7630acdc320186f13639d3c067ec089b"},"headline":"C\u00e1ssia Kis \u00e9 denunciada por transfobia ap\u00f3s criticar presen\u00e7a de trans em banheiro feminino","datePublished":"2026-05-01T19:43:59+00:00","mainEntityOfPage":{"@id":"https:\/\/radioportoseguro.com.br\/site\/2026\/05\/01\/cassia-kis-e-denunciada-por-transfobia-apos-criticar-presenca-de-trans-em-banheiro-feminino\/"},"wordCount":464,"image":{"@id":"https:\/\/radioportoseguro.com.br\/site\/2026\/05\/01\/cassia-kis-e-denunciada-por-transfobia-apos-criticar-presenca-de-trans-em-banheiro-feminino\/#primaryimage"},"thumbnailUrl":"https:\/\/radioportoseguro.com.br\/site\/wp-content\/uploads\/2026\/05\/3060499180-cassia-kis.png","articleSection":["Destaques"],"inLanguage":"pt-BR"},{"@type":"WebPage","@id":"https:\/\/radioportoseguro.com.br\/site\/2026\/05\/01\/cassia-kis-e-denunciada-por-transfobia-apos-criticar-presenca-de-trans-em-banheiro-feminino\/","url":"https:\/\/radioportoseguro.com.br\/site\/2026\/05\/01\/cassia-kis-e-denunciada-por-transfobia-apos-criticar-presenca-de-trans-em-banheiro-feminino\/","name":"C\u00e1ssia Kis \u00e9 denunciada por transfobia ap\u00f3s criticar presen\u00e7a de trans em banheiro feminino - R\u00e1dio Porto Seguro","isPartOf":{"@id":"https:\/\/radioportoseguro.com.br\/site\/#website"},"primaryImageOfPage":{"@id":"https:\/\/radioportoseguro.com.br\/site\/2026\/05\/01\/cassia-kis-e-denunciada-por-transfobia-apos-criticar-presenca-de-trans-em-banheiro-feminino\/#primaryimage"},"image":{"@id":"https:\/\/radioportoseguro.com.br\/site\/2026\/05\/01\/cassia-kis-e-denunciada-por-transfobia-apos-criticar-presenca-de-trans-em-banheiro-feminino\/#primaryimage"},"thumbnailUrl":"https:\/\/radioportoseguro.com.br\/site\/wp-content\/uploads\/2026\/05\/3060499180-cassia-kis.png","datePublished":"2026-05-01T19:43:59+00:00","author":{"@id":"https:\/\/radioportoseguro.com.br\/site\/#\/schema\/person\/7630acdc320186f13639d3c067ec089b"},"breadcrumb":{"@id":"https:\/\/radioportoseguro.com.br\/site\/2026\/05\/01\/cassia-kis-e-denunciada-por-transfobia-apos-criticar-presenca-de-trans-em-banheiro-feminino\/#breadcrumb"},"inLanguage":"pt-BR","potentialAction":[{"@type":"ReadAction","target":["https:\/\/radioportoseguro.com.br\/site\/2026\/05\/01\/cassia-kis-e-denunciada-por-transfobia-apos-criticar-presenca-de-trans-em-banheiro-feminino\/"]}]},{"@type":"ImageObject","inLanguage":"pt-BR","@id":"https:\/\/radioportoseguro.com.br\/site\/2026\/05\/01\/cassia-kis-e-denunciada-por-transfobia-apos-criticar-presenca-de-trans-em-banheiro-feminino\/#primaryimage","url":"https:\/\/radioportoseguro.com.br\/site\/wp-content\/uploads\/2026\/05\/3060499180-cassia-kis.png","contentUrl":"https:\/\/radioportoseguro.com.br\/site\/wp-content\/uploads\/2026\/05\/3060499180-cassia-kis.png","width":1200,"height":600},{"@type":"BreadcrumbList","@id":"https:\/\/radioportoseguro.com.br\/site\/2026\/05\/01\/cassia-kis-e-denunciada-por-transfobia-apos-criticar-presenca-de-trans-em-banheiro-feminino\/#breadcrumb","itemListElement":[{"@type":"ListItem","position":1,"name":"In\u00edcio","item":"https:\/\/radioportoseguro.com.br\/site\/"},{"@type":"ListItem","position":2,"name":"C\u00e1ssia Kis \u00e9 denunciada por transfobia ap\u00f3s criticar presen\u00e7a de trans em banheiro feminino"}]},{"@type":"WebSite","@id":"https:\/\/radioportoseguro.com.br\/site\/#website","url":"https:\/\/radioportoseguro.com.br\/site\/","name":"R\u00e1dio Porto Seguro","description":"","potentialAction":[{"@type":"SearchAction","target":{"@type":"EntryPoint","urlTemplate":"https:\/\/radioportoseguro.com.br\/site\/?s={search_term_string}"},"query-input":{"@type":"PropertyValueSpecification","valueRequired":true,"valueName":"search_term_string"}}],"inLanguage":"pt-BR"},{"@type":"Person","@id":"https:\/\/radioportoseguro.com.br\/site\/#\/schema\/person\/7630acdc320186f13639d3c067ec089b","name":"admin","image":{"@type":"ImageObject","inLanguage":"pt-BR","@id":"https:\/\/radioportoseguro.com.br\/site\/#\/schema\/person\/image\/","url":"https:\/\/secure.gravatar.com\/avatar\/caacf4dc1eedb68fab0df8e1ed46c448e578b2466351bbcb61e47d2ac0caaef0?s=96&d=mm&r=g","contentUrl":"https:\/\/secure.gravatar.com\/avatar\/caacf4dc1eedb68fab0df8e1ed46c448e578b2466351bbcb61e47d2ac0caaef0?s=96&d=mm&r=g","caption":"admin"},"sameAs":["https:\/\/radioportoseguro.com.br\/site"],"url":"https:\/\/radioportoseguro.com.br\/site\/author\/hezio\/"}]}},"_links":{"self":[{"href":"https:\/\/radioportoseguro.com.br\/site\/wp-json\/wp\/v2\/posts\/6562","targetHints":{"allow":["GET"]}}],"collection":[{"href":"https:\/\/radioportoseguro.com.br\/site\/wp-json\/wp\/v2\/posts"}],"about":[{"href":"https:\/\/radioportoseguro.com.br\/site\/wp-json\/wp\/v2\/types\/post"}],"author":[{"embeddable":true,"href":"https:\/\/radioportoseguro.com.br\/site\/wp-json\/wp\/v2\/users\/1"}],"replies":[{"embeddable":true,"href":"https:\/\/radioportoseguro.com.br\/site\/wp-json\/wp\/v2\/comments?post=6562"}],"version-history":[{"count":0,"href":"https:\/\/radioportoseguro.com.br\/site\/wp-json\/wp\/v2\/posts\/6562\/revisions"}],"wp:featuredmedia":[{"embeddable":true,"href":"https:\/\/radioportoseguro.com.br\/site\/wp-json\/wp\/v2\/media\/6563"}],"wp:attachment":[{"href":"https:\/\/radioportoseguro.com.br\/site\/wp-json\/wp\/v2\/media?parent=6562"}],"wp:term":[{"taxonomy":"category","embeddable":true,"href":"https:\/\/radioportoseguro.com.br\/site\/wp-json\/wp\/v2\/categories?post=6562"},{"taxonomy":"post_tag","embeddable":true,"href":"https:\/\/radioportoseguro.com.br\/site\/wp-json\/wp\/v2\/tags?post=6562"}],"curies":[{"name":"wp","href":"https:\/\/api.w.org\/{rel}","templated":true}]}}