{"id":6567,"date":"2026-05-01T20:05:16","date_gmt":"2026-05-01T23:05:16","guid":{"rendered":"https:\/\/radioportoseguro.com.br\/site\/2026\/05\/01\/afinal-deve-ou-nao-lavar-o-cabelo-todos-os-dias\/"},"modified":"2026-05-01T20:05:16","modified_gmt":"2026-05-01T23:05:16","slug":"afinal-deve-ou-nao-lavar-o-cabelo-todos-os-dias","status":"publish","type":"post","link":"https:\/\/radioportoseguro.com.br\/site\/2026\/05\/01\/afinal-deve-ou-nao-lavar-o-cabelo-todos-os-dias\/","title":{"rendered":"Afinal, deve ou n\u00e3o lavar o cabelo todos os dias?"},"content":{"rendered":"<p><br \/>\n<br \/><\/p>\n<div>\n<p><span class=\"news_capital_letter\">A<\/span>final, o cabelo deve ou n\u00e3o ser lavado todos os dias? Especialistas ouvidos pelo Today responderam a essa d\u00favida que ainda gera muitas incertezas, especialmente entre mulheres.<\/p>\n<p>O artigo explica que lavar o cabelo \u00e9 como lavar o rosto: faz parte da rotina, mas o excesso pode desequilibrar a produ\u00e7\u00e3o natural de \u00f3leos essenciais que hidratam o couro cabeludo.<\/p>\n<p>Ou seja, lavar o cabelo com muita frequ\u00eancia \u2014 mais do que o recomendado \u2014 pode causar danos.<\/p>\n<p>\u201cLavar o cabelo com muita frequ\u00eancia pode deix\u00e1-lo seco e quebradi\u00e7o, al\u00e9m de provocar irrita\u00e7\u00e3o no couro cabeludo\u201d, afirmou o dermatologista Joshua Zeichner.<\/p>\n<p>Segundo Perry Romanowski, um dos fundadores da The Beauty Brains, quando o cabelo est\u00e1 molhado ele incha, tornando-se mais vulner\u00e1vel. \u201cO ato de espalhar shampoo ou condicionador pode danificar a cut\u00edcula capilar (camada externa). Quando seca, o cabelo n\u00e3o fica totalmente liso, o que pode deix\u00e1-lo opaco, mais dif\u00edcil de pentear e mais propenso a pontas duplas\u201d, explica.<\/p>\n<p>Por isso, pessoas com couro cabeludo mais sens\u00edvel devem ter aten\u00e7\u00e3o redobrada. \u201cA exposi\u00e7\u00e3o frequente a produtos pode causar irrita\u00e7\u00e3o. Em alguns casos, lavar o cabelo muitas vezes pode provocar coceira e at\u00e9 erup\u00e7\u00f5es cut\u00e2neas\u201d, destaca Romanowski.<\/p>\n<h3 class=\"news_h3\" style=\"font-size: 1.2em; font-weight: bold; color: #006da6;\">Com que frequ\u00eancia lavar o cabelo?<\/h3>\n<p>De acordo com a cabeleireira Kasey Bertucci, a frequ\u00eancia ideal varia de acordo com fatores como tipo de cabelo, textura e rotina individual.<\/p>\n<p>Para quem prefere lavar o cabelo com mais frequ\u00eancia, o ideal \u00e9 esperar pelo menos dois a tr\u00eas dias entre as lavagens. Esse intervalo pode ser maior para cabelos cacheados ou crespos, que tendem a ser mais secos.<\/p>\n<p>J\u00e1 quem tem cabelo fino pode precisar lavar com mais frequ\u00eancia. Nesse caso, \u00e9 importante evitar certos tipos de shampoo. \u201cA dimeticona pode se acumular e deixar o cabelo pesado. J\u00e1 a ciclometicona \u00e9 uma boa op\u00e7\u00e3o, pois evapora com o tempo\u201d, explica a especialista.<\/p>\n<h3 class=\"news_h3\" style=\"font-size: 1.2em; font-weight: bold; color: #006da6;\">Como lavar o cabelo corretamente?<\/h3>\n<p>Bertucci recomenda focar o shampoo no couro cabeludo, sem se preocupar tanto com o comprimento e as pontas. E, ao contr\u00e1rio do que muitos pensam, uma \u00fanica aplica\u00e7\u00e3o de shampoo j\u00e1 \u00e9 suficiente.<\/p>\n<p>Tamb\u00e9m n\u00e3o \u00e9 necess\u00e1rio trocar constantemente de produto \u2014 \u00e9 mito que o cabelo \u201cse acostuma\u201d com determinada marca.<\/p>\n<p>O uso de condicionador \u00e9 essencial, pois ajuda a deixar os fios mais macios. Segundo os especialistas, vale mais investir em um bom condicionador do que em shampoos caros.<\/p>\n<\/p><\/div>\n<p><br \/>\n<br \/>Fonte: Not\u00edcias Ao Minuto<\/p>\n","protected":false},"excerpt":{"rendered":"<p>Afinal, o cabelo deve ou n\u00e3o ser lavado todos os dias? Especialistas ouvidos pelo Today responderam a essa d\u00favida que ainda gera muitas incertezas, especialmente entre mulheres. O artigo explica que lavar o cabelo \u00e9 como lavar o rosto: faz parte da rotina, mas o excesso pode desequilibrar a produ\u00e7\u00e3o natural de \u00f3leos essenciais que [&hellip;]<\/p>\n","protected":false},"author":1,"featured_media":6568,"comment_status":"","ping_status":"open","sticky":false,"template":"","format":"standard","meta":{"footnotes":""},"categories":[44],"tags":[],"class_list":["post-6567","post","type-post","status-publish","format-standard","has-post-thumbnail","hentry","category-vida-estilo"],"yoast_head":"<!-- This site is optimized with the Yoast SEO plugin v26.8 - https:\/\/yoast.com\/product\/yoast-seo-wordpress\/ -->\n<title>Afinal, deve ou n\u00e3o lavar o cabelo todos os dias? - R\u00e1dio Porto Seguro<\/title>\n<meta name=\"robots\" content=\"index, follow, max-snippet:-1, max-image-preview:large, max-video-preview:-1\" \/>\n<link rel=\"canonical\" href=\"https:\/\/radioportoseguro.com.br\/site\/2026\/05\/01\/afinal-deve-ou-nao-lavar-o-cabelo-todos-os-dias\/\" \/>\n<meta property=\"og:locale\" content=\"pt_BR\" \/>\n<meta property=\"og:type\" content=\"article\" \/>\n<meta property=\"og:title\" content=\"Afinal, deve ou n\u00e3o lavar o cabelo todos os dias? - R\u00e1dio Porto Seguro\" \/>\n<meta property=\"og:description\" content=\"Afinal, o cabelo deve ou n\u00e3o ser lavado todos os dias? Especialistas ouvidos pelo Today responderam a essa d\u00favida que ainda gera muitas incertezas, especialmente entre mulheres. O artigo explica que lavar o cabelo \u00e9 como lavar o rosto: faz parte da rotina, mas o excesso pode desequilibrar a produ\u00e7\u00e3o natural de \u00f3leos essenciais que [&hellip;]\" \/>\n<meta property=\"og:url\" content=\"https:\/\/radioportoseguro.com.br\/site\/2026\/05\/01\/afinal-deve-ou-nao-lavar-o-cabelo-todos-os-dias\/\" \/>\n<meta property=\"og:site_name\" content=\"R\u00e1dio Porto Seguro\" \/>\n<meta property=\"article:published_time\" content=\"2026-05-01T23:05:16+00:00\" \/>\n<meta property=\"og:image\" content=\"https:\/\/media-manager.noticiasaominuto.com.br\/640\/naom_69ef6f539e619.webp\" \/>\n<meta name=\"author\" content=\"admin\" \/>\n<meta name=\"twitter:card\" content=\"summary_large_image\" \/>\n<meta name=\"twitter:label1\" content=\"Escrito por\" \/>\n\t<meta name=\"twitter:data1\" content=\"admin\" \/>\n\t<meta name=\"twitter:label2\" content=\"Est. tempo de leitura\" \/>\n\t<meta name=\"twitter:data2\" content=\"2 minutos\" \/>\n<script type=\"application\/ld+json\" class=\"yoast-schema-graph\">{\"@context\":\"https:\/\/schema.org\",\"@graph\":[{\"@type\":\"Article\",\"@id\":\"https:\/\/radioportoseguro.com.br\/site\/2026\/05\/01\/afinal-deve-ou-nao-lavar-o-cabelo-todos-os-dias\/#article\",\"isPartOf\":{\"@id\":\"https:\/\/radioportoseguro.com.br\/site\/2026\/05\/01\/afinal-deve-ou-nao-lavar-o-cabelo-todos-os-dias\/\"},\"author\":{\"name\":\"admin\",\"@id\":\"https:\/\/radioportoseguro.com.br\/site\/#\/schema\/person\/7630acdc320186f13639d3c067ec089b\"},\"headline\":\"Afinal, deve ou n\u00e3o lavar o cabelo todos os dias?\",\"datePublished\":\"2026-05-01T23:05:16+00:00\",\"mainEntityOfPage\":{\"@id\":\"https:\/\/radioportoseguro.com.br\/site\/2026\/05\/01\/afinal-deve-ou-nao-lavar-o-cabelo-todos-os-dias\/\"},\"wordCount\":431,\"image\":{\"@id\":\"https:\/\/radioportoseguro.com.br\/site\/2026\/05\/01\/afinal-deve-ou-nao-lavar-o-cabelo-todos-os-dias\/#primaryimage\"},\"thumbnailUrl\":\"https:\/\/radioportoseguro.com.br\/site\/wp-content\/uploads\/2026\/05\/naom_69ef6f539e619.webp.webp\",\"articleSection\":[\"Vida &amp; Estilo\"],\"inLanguage\":\"pt-BR\"},{\"@type\":\"WebPage\",\"@id\":\"https:\/\/radioportoseguro.com.br\/site\/2026\/05\/01\/afinal-deve-ou-nao-lavar-o-cabelo-todos-os-dias\/\",\"url\":\"https:\/\/radioportoseguro.com.br\/site\/2026\/05\/01\/afinal-deve-ou-nao-lavar-o-cabelo-todos-os-dias\/\",\"name\":\"Afinal, deve ou n\u00e3o lavar o cabelo todos os dias? - R\u00e1dio Porto Seguro\",\"isPartOf\":{\"@id\":\"https:\/\/radioportoseguro.com.br\/site\/#website\"},\"primaryImageOfPage\":{\"@id\":\"https:\/\/radioportoseguro.com.br\/site\/2026\/05\/01\/afinal-deve-ou-nao-lavar-o-cabelo-todos-os-dias\/#primaryimage\"},\"image\":{\"@id\":\"https:\/\/radioportoseguro.com.br\/site\/2026\/05\/01\/afinal-deve-ou-nao-lavar-o-cabelo-todos-os-dias\/#primaryimage\"},\"thumbnailUrl\":\"https:\/\/radioportoseguro.com.br\/site\/wp-content\/uploads\/2026\/05\/naom_69ef6f539e619.webp.webp\",\"datePublished\":\"2026-05-01T23:05:16+00:00\",\"author\":{\"@id\":\"https:\/\/radioportoseguro.com.br\/site\/#\/schema\/person\/7630acdc320186f13639d3c067ec089b\"},\"breadcrumb\":{\"@id\":\"https:\/\/radioportoseguro.com.br\/site\/2026\/05\/01\/afinal-deve-ou-nao-lavar-o-cabelo-todos-os-dias\/#breadcrumb\"},\"inLanguage\":\"pt-BR\",\"potentialAction\":[{\"@type\":\"ReadAction\",\"target\":[\"https:\/\/radioportoseguro.com.br\/site\/2026\/05\/01\/afinal-deve-ou-nao-lavar-o-cabelo-todos-os-dias\/\"]}]},{\"@type\":\"ImageObject\",\"inLanguage\":\"pt-BR\",\"@id\":\"https:\/\/radioportoseguro.com.br\/site\/2026\/05\/01\/afinal-deve-ou-nao-lavar-o-cabelo-todos-os-dias\/#primaryimage\",\"url\":\"https:\/\/radioportoseguro.com.br\/site\/wp-content\/uploads\/2026\/05\/naom_69ef6f539e619.webp.webp\",\"contentUrl\":\"https:\/\/radioportoseguro.com.br\/site\/wp-content\/uploads\/2026\/05\/naom_69ef6f539e619.webp.webp\",\"width\":960,\"height\":540},{\"@type\":\"BreadcrumbList\",\"@id\":\"https:\/\/radioportoseguro.com.br\/site\/2026\/05\/01\/afinal-deve-ou-nao-lavar-o-cabelo-todos-os-dias\/#breadcrumb\",\"itemListElement\":[{\"@type\":\"ListItem\",\"position\":1,\"name\":\"In\u00edcio\",\"item\":\"https:\/\/radioportoseguro.com.br\/site\/\"},{\"@type\":\"ListItem\",\"position\":2,\"name\":\"Afinal, deve ou n\u00e3o lavar o cabelo todos os dias?\"}]},{\"@type\":\"WebSite\",\"@id\":\"https:\/\/radioportoseguro.com.br\/site\/#website\",\"url\":\"https:\/\/radioportoseguro.com.br\/site\/\",\"name\":\"R\u00e1dio Porto Seguro\",\"description\":\"\",\"potentialAction\":[{\"@type\":\"SearchAction\",\"target\":{\"@type\":\"EntryPoint\",\"urlTemplate\":\"https:\/\/radioportoseguro.com.br\/site\/?s={search_term_string}\"},\"query-input\":{\"@type\":\"PropertyValueSpecification\",\"valueRequired\":true,\"valueName\":\"search_term_string\"}}],\"inLanguage\":\"pt-BR\"},{\"@type\":\"Person\",\"@id\":\"https:\/\/radioportoseguro.com.br\/site\/#\/schema\/person\/7630acdc320186f13639d3c067ec089b\",\"name\":\"admin\",\"image\":{\"@type\":\"ImageObject\",\"inLanguage\":\"pt-BR\",\"@id\":\"https:\/\/radioportoseguro.com.br\/site\/#\/schema\/person\/image\/\",\"url\":\"https:\/\/secure.gravatar.com\/avatar\/caacf4dc1eedb68fab0df8e1ed46c448e578b2466351bbcb61e47d2ac0caaef0?s=96&d=mm&r=g\",\"contentUrl\":\"https:\/\/secure.gravatar.com\/avatar\/caacf4dc1eedb68fab0df8e1ed46c448e578b2466351bbcb61e47d2ac0caaef0?s=96&d=mm&r=g\",\"caption\":\"admin\"},\"sameAs\":[\"https:\/\/radioportoseguro.com.br\/site\"],\"url\":\"https:\/\/radioportoseguro.com.br\/site\/author\/hezio\/\"}]}<\/script>\n<!-- \/ Yoast SEO plugin. -->","yoast_head_json":{"title":"Afinal, deve ou n\u00e3o lavar o cabelo todos os dias? - R\u00e1dio Porto Seguro","robots":{"index":"index","follow":"follow","max-snippet":"max-snippet:-1","max-image-preview":"max-image-preview:large","max-video-preview":"max-video-preview:-1"},"canonical":"https:\/\/radioportoseguro.com.br\/site\/2026\/05\/01\/afinal-deve-ou-nao-lavar-o-cabelo-todos-os-dias\/","og_locale":"pt_BR","og_type":"article","og_title":"Afinal, deve ou n\u00e3o lavar o cabelo todos os dias? - R\u00e1dio Porto Seguro","og_description":"Afinal, o cabelo deve ou n\u00e3o ser lavado todos os dias? Especialistas ouvidos pelo Today responderam a essa d\u00favida que ainda gera muitas incertezas, especialmente entre mulheres. O artigo explica que lavar o cabelo \u00e9 como lavar o rosto: faz parte da rotina, mas o excesso pode desequilibrar a produ\u00e7\u00e3o natural de \u00f3leos essenciais que [&hellip;]","og_url":"https:\/\/radioportoseguro.com.br\/site\/2026\/05\/01\/afinal-deve-ou-nao-lavar-o-cabelo-todos-os-dias\/","og_site_name":"R\u00e1dio Porto Seguro","article_published_time":"2026-05-01T23:05:16+00:00","og_image":[{"url":"https:\/\/media-manager.noticiasaominuto.com.br\/640\/naom_69ef6f539e619.webp","type":"","width":"","height":""}],"author":"admin","twitter_card":"summary_large_image","twitter_misc":{"Escrito por":"admin","Est. tempo de leitura":"2 minutos"},"schema":{"@context":"https:\/\/schema.org","@graph":[{"@type":"Article","@id":"https:\/\/radioportoseguro.com.br\/site\/2026\/05\/01\/afinal-deve-ou-nao-lavar-o-cabelo-todos-os-dias\/#article","isPartOf":{"@id":"https:\/\/radioportoseguro.com.br\/site\/2026\/05\/01\/afinal-deve-ou-nao-lavar-o-cabelo-todos-os-dias\/"},"author":{"name":"admin","@id":"https:\/\/radioportoseguro.com.br\/site\/#\/schema\/person\/7630acdc320186f13639d3c067ec089b"},"headline":"Afinal, deve ou n\u00e3o lavar o cabelo todos os dias?","datePublished":"2026-05-01T23:05:16+00:00","mainEntityOfPage":{"@id":"https:\/\/radioportoseguro.com.br\/site\/2026\/05\/01\/afinal-deve-ou-nao-lavar-o-cabelo-todos-os-dias\/"},"wordCount":431,"image":{"@id":"https:\/\/radioportoseguro.com.br\/site\/2026\/05\/01\/afinal-deve-ou-nao-lavar-o-cabelo-todos-os-dias\/#primaryimage"},"thumbnailUrl":"https:\/\/radioportoseguro.com.br\/site\/wp-content\/uploads\/2026\/05\/naom_69ef6f539e619.webp.webp","articleSection":["Vida &amp; Estilo"],"inLanguage":"pt-BR"},{"@type":"WebPage","@id":"https:\/\/radioportoseguro.com.br\/site\/2026\/05\/01\/afinal-deve-ou-nao-lavar-o-cabelo-todos-os-dias\/","url":"https:\/\/radioportoseguro.com.br\/site\/2026\/05\/01\/afinal-deve-ou-nao-lavar-o-cabelo-todos-os-dias\/","name":"Afinal, deve ou n\u00e3o lavar o cabelo todos os dias? - R\u00e1dio Porto Seguro","isPartOf":{"@id":"https:\/\/radioportoseguro.com.br\/site\/#website"},"primaryImageOfPage":{"@id":"https:\/\/radioportoseguro.com.br\/site\/2026\/05\/01\/afinal-deve-ou-nao-lavar-o-cabelo-todos-os-dias\/#primaryimage"},"image":{"@id":"https:\/\/radioportoseguro.com.br\/site\/2026\/05\/01\/afinal-deve-ou-nao-lavar-o-cabelo-todos-os-dias\/#primaryimage"},"thumbnailUrl":"https:\/\/radioportoseguro.com.br\/site\/wp-content\/uploads\/2026\/05\/naom_69ef6f539e619.webp.webp","datePublished":"2026-05-01T23:05:16+00:00","author":{"@id":"https:\/\/radioportoseguro.com.br\/site\/#\/schema\/person\/7630acdc320186f13639d3c067ec089b"},"breadcrumb":{"@id":"https:\/\/radioportoseguro.com.br\/site\/2026\/05\/01\/afinal-deve-ou-nao-lavar-o-cabelo-todos-os-dias\/#breadcrumb"},"inLanguage":"pt-BR","potentialAction":[{"@type":"ReadAction","target":["https:\/\/radioportoseguro.com.br\/site\/2026\/05\/01\/afinal-deve-ou-nao-lavar-o-cabelo-todos-os-dias\/"]}]},{"@type":"ImageObject","inLanguage":"pt-BR","@id":"https:\/\/radioportoseguro.com.br\/site\/2026\/05\/01\/afinal-deve-ou-nao-lavar-o-cabelo-todos-os-dias\/#primaryimage","url":"https:\/\/radioportoseguro.com.br\/site\/wp-content\/uploads\/2026\/05\/naom_69ef6f539e619.webp.webp","contentUrl":"https:\/\/radioportoseguro.com.br\/site\/wp-content\/uploads\/2026\/05\/naom_69ef6f539e619.webp.webp","width":960,"height":540},{"@type":"BreadcrumbList","@id":"https:\/\/radioportoseguro.com.br\/site\/2026\/05\/01\/afinal-deve-ou-nao-lavar-o-cabelo-todos-os-dias\/#breadcrumb","itemListElement":[{"@type":"ListItem","position":1,"name":"In\u00edcio","item":"https:\/\/radioportoseguro.com.br\/site\/"},{"@type":"ListItem","position":2,"name":"Afinal, deve ou n\u00e3o lavar o cabelo todos os dias?"}]},{"@type":"WebSite","@id":"https:\/\/radioportoseguro.com.br\/site\/#website","url":"https:\/\/radioportoseguro.com.br\/site\/","name":"R\u00e1dio Porto Seguro","description":"","potentialAction":[{"@type":"SearchAction","target":{"@type":"EntryPoint","urlTemplate":"https:\/\/radioportoseguro.com.br\/site\/?s={search_term_string}"},"query-input":{"@type":"PropertyValueSpecification","valueRequired":true,"valueName":"search_term_string"}}],"inLanguage":"pt-BR"},{"@type":"Person","@id":"https:\/\/radioportoseguro.com.br\/site\/#\/schema\/person\/7630acdc320186f13639d3c067ec089b","name":"admin","image":{"@type":"ImageObject","inLanguage":"pt-BR","@id":"https:\/\/radioportoseguro.com.br\/site\/#\/schema\/person\/image\/","url":"https:\/\/secure.gravatar.com\/avatar\/caacf4dc1eedb68fab0df8e1ed46c448e578b2466351bbcb61e47d2ac0caaef0?s=96&d=mm&r=g","contentUrl":"https:\/\/secure.gravatar.com\/avatar\/caacf4dc1eedb68fab0df8e1ed46c448e578b2466351bbcb61e47d2ac0caaef0?s=96&d=mm&r=g","caption":"admin"},"sameAs":["https:\/\/radioportoseguro.com.br\/site"],"url":"https:\/\/radioportoseguro.com.br\/site\/author\/hezio\/"}]}},"_links":{"self":[{"href":"https:\/\/radioportoseguro.com.br\/site\/wp-json\/wp\/v2\/posts\/6567","targetHints":{"allow":["GET"]}}],"collection":[{"href":"https:\/\/radioportoseguro.com.br\/site\/wp-json\/wp\/v2\/posts"}],"about":[{"href":"https:\/\/radioportoseguro.com.br\/site\/wp-json\/wp\/v2\/types\/post"}],"author":[{"embeddable":true,"href":"https:\/\/radioportoseguro.com.br\/site\/wp-json\/wp\/v2\/users\/1"}],"replies":[{"embeddable":true,"href":"https:\/\/radioportoseguro.com.br\/site\/wp-json\/wp\/v2\/comments?post=6567"}],"version-history":[{"count":0,"href":"https:\/\/radioportoseguro.com.br\/site\/wp-json\/wp\/v2\/posts\/6567\/revisions"}],"wp:featuredmedia":[{"embeddable":true,"href":"https:\/\/radioportoseguro.com.br\/site\/wp-json\/wp\/v2\/media\/6568"}],"wp:attachment":[{"href":"https:\/\/radioportoseguro.com.br\/site\/wp-json\/wp\/v2\/media?parent=6567"}],"wp:term":[{"taxonomy":"category","embeddable":true,"href":"https:\/\/radioportoseguro.com.br\/site\/wp-json\/wp\/v2\/categories?post=6567"},{"taxonomy":"post_tag","embeddable":true,"href":"https:\/\/radioportoseguro.com.br\/site\/wp-json\/wp\/v2\/tags?post=6567"}],"curies":[{"name":"wp","href":"https:\/\/api.w.org\/{rel}","templated":true}]}}