{"id":6571,"date":"2026-05-01T22:52:23","date_gmt":"2026-05-02T01:52:23","guid":{"rendered":"https:\/\/radioportoseguro.com.br\/site\/2026\/05\/01\/pastor-de-66-anos-e-preso-apos-criticar-isla-em-evangelismo-de-rua-na-inglaterra\/"},"modified":"2026-05-01T22:52:23","modified_gmt":"2026-05-02T01:52:23","slug":"pastor-de-66-anos-e-preso-apos-criticar-isla-em-evangelismo-de-rua-na-inglaterra","status":"publish","type":"post","link":"https:\/\/radioportoseguro.com.br\/site\/2026\/05\/01\/pastor-de-66-anos-e-preso-apos-criticar-isla-em-evangelismo-de-rua-na-inglaterra\/","title":{"rendered":"Pastor de 66 anos \u00e9 preso ap\u00f3s criticar Isl\u00e3 em evangelismo de rua na Inglaterra"},"content":{"rendered":"<p><br \/>\n<br \/><\/p>\n<div>\n<p><span style=\"font-weight: 400;\">Um pastor de 66 anos foi <\/span><span style=\"color: #800000;\"><strong>preso<\/strong><\/span><span style=\"font-weight: 400;\"> ap\u00f3s criticar o <\/span><span style=\"color: #800000;\"><strong>Isl\u00e3<\/strong><\/span><span style=\"font-weight: 400;\"> durante um evangelismo de rua na <\/span><span style=\"color: #800000;\"><strong>Inglaterra<\/strong><\/span><span style=\"font-weight: 400;\">, segundo o Christian Concern.<\/span><\/p>\n<p><span style=\"font-weight: 400;\">Steve Maile pregou o Evangelho e cantou louvores no centro da cidade de Watford, no dia 18 de abril.<\/span><\/p>\n<p><span style=\"font-weight: 400;\">Ele ministrou sobre passagens b\u00edblicas e chamou as pessoas ao arrependimento por cerca de 10 minutos. Em seguida, Steve criticou a viol\u00eancia do Isl\u00e3, afirmando que n\u00e3o era uma religi\u00e3o de paz e que queria que os mu\u00e7ulmanos fossem alcan\u00e7ados por Jesus.<\/span><\/p>\n<p><span style=\"font-weight: 400;\">De repente, ele foi cercado por um grupo de policiais e preso sob suspeita de crime de \u00f3dio e perturba\u00e7\u00e3o p\u00fablica.<\/span><\/p>\n<p><span style=\"font-weight: 400;\">O momento da pris\u00e3o foi gravado em v\u00eddeo e compartilhado nas redes sociais. As imagens mostram que o pastor Steve protestou contra sua deten\u00e7\u00e3o: \u201cNenhuma ofensa foi cometida aqui, nenhuma de jeito nenhum. Voc\u00eas deveriam se envergonhar por prenderem um ministro do Evangelho!&#8221;.<\/span><\/p>\n<p><span style=\"font-weight: 400;\">Maile ainda pregou aos policiais, dizendo: \u201cSe voc\u00ea se arrepender e crer no Senhor Jesus Cristo, voc\u00ea ser\u00e1 salvo!\u201d.<\/span><\/p>\n<p><span style=\"font-weight: 400;\">Ent\u00e3o, um dos policiais responde zombando: \u201cEm nome de Jesus, entre no carro!\u201d.<\/span><\/p>\n<blockquote class=\"instagram-media\" style=\"background: #FFF; border: 0; border-radius: 3px; box-shadow: 0 0 1px 0 rgba(0,0,0,0.5),0 1px 10px 0 rgba(0,0,0,0.15); margin: 1px; max-width: 540px; min-width: 326px; padding: 0; width: calc(100% - 2px);\" data-instgrm-captioned=\"\" data-instgrm-permalink=\"https:\/\/www.instagram.com\/reel\/DXhQTSegDcW\/?utm_source=ig_embed&amp;utm_campaign=loading\" data-instgrm-version=\"14\"><p>&#13;<br \/>\n&#13;\n<\/p><\/blockquote>\n<p><span style=\"font-weight: 400;\">O pregador foi colocado \u00e0 for\u00e7a dentro do carro da pol\u00edcia e levado a delegacia de Watford e depois foi transferido para a delegacia de Hatfield.<\/span><\/p>\n<p><strong>Investigado por perturba\u00e7\u00e3o p\u00fablica<\/strong><\/p>\n<p><span style=\"font-weight: 400;\">Inicialmente, a pol\u00edcia acusou Steve de agredir um adolescente. Ele declarou que n\u00e3o agrediu ningu\u00e9m e a acusa\u00e7\u00e3o foi retirada.<\/span><\/p>\n<p><span style=\"font-weight: 400;\">O pastor relatou que foi mantido preso por cerca de 12 horas, ficou algemado por uma hora e meia e teve acesso ao banheiro negado por um longo per\u00edodo. Sua fam\u00edlia tamb\u00e9m n\u00e3o foi informada para onde ele havia sido levado.<\/span><\/p>\n<p><span style=\"font-weight: 400;\">\u201cNum momento eu estava pregando o Evangelho, no momento seguinte estava cercado e algemado. Eu soube imediatamente que isso estava errado. Fiquei t\u00e3o chocado. Eu sabia que era ilegal e fiquei com raiva justa\u201d, lembrou ele, ao Christian Concern.<\/span><\/p>\n<p><span style=\"font-weight: 400;\">Mais tarde, Steve Maile foi libertado e agora est\u00e1 sendo investigado por supostos crimes de perturba\u00e7\u00e3o p\u00fablica por criticar o Isl\u00e3 e o estilo de vida LGBT.\u00a0<\/span><\/p>\n<p><span style=\"font-weight: 400;\">O pastor declarou que apenas pregou sobre a B\u00edblia e n\u00e3o incitou o \u00f3dio e a viol\u00eancia em suas prega\u00e7\u00f5es.<\/span><\/p>\n<p><span style=\"font-weight: 400;\">&#8220;Eu s\u00f3 prego ou parafraseio a B\u00edblia. Suplico \u00e0s pessoas que venham a Jesus. Eu n\u00e3o ataco indiv\u00edduos. Eu amo todo mundo\u201d, disse.<\/span><\/p>\n<p><strong>\u201cContinuarei pregando\u201d<\/strong><\/p>\n<p><span style=\"font-weight: 400;\">Steve relatou que a pris\u00e3o afetou ele e sua fam\u00edlia, enfrentando ins\u00f4nia e exaust\u00e3o emocional. Al\u00e9m disso, o l\u00edder precisou de atendimento m\u00e9dico devido a ferimentos que as algemas causaram em suas m\u00e3os.<\/span><\/p>\n<p><span style=\"font-weight: 400;\">&#8220;Eles escolheram o homem errado. Foi uma experi\u00eancia horr\u00edvel ser preso na frente da minha fam\u00edlia e dos meus filhos. Isso \u00e9 uma injusti\u00e7a grave&#8221;, protestou ele.<\/span><\/p>\n<p><span style=\"font-weight: 400;\">&#8220;Quero ser absolvido. Quero um pedido de desculpas. E quero garantir que isso n\u00e3o aconte\u00e7a com mais ningu\u00e9m. Continuarei pregando em Watford e n\u00e3o tenho medo\u201d, garantiu.<\/span><\/p>\n<p><span style=\"font-weight: 400;\">A defesa do pastor est\u00e1 sendo feita por advogados do Christian Legal Centre, uma organiza\u00e7\u00e3o que defende a liberdade religiosa.<\/span><\/p>\n<p><span style=\"font-weight: 400;\">\u201cA pris\u00e3o de Steve \u00e9 profundamente preocupante. Um pregador crist\u00e3o pac\u00edfico \u00e9 tratado como um criminoso s\u00e9rio por expressar suas cren\u00e7as crist\u00e3s e por afirmar que o Isl\u00e3 \u00e9 uma religi\u00e3o falsa em locais p\u00fablicos. As imagens levantam quest\u00f5es fundamentais sobre se a pol\u00edcia neste pa\u00eds est\u00e1 criminalizando o cristianismo enquanto n\u00e3o aplica a lei de forma igual e consistente\u201d, afirmou Andrea Williams, diretora executiva do Christian Legal Centre.<\/span><\/p>\n<p><strong>Pregadores de rua sem liberdade<\/strong><\/p>\n<p><span style=\"font-weight: 400;\">A prega\u00e7\u00e3o crist\u00e3 ao ar livre tem uma tradi\u00e7\u00e3o de s\u00e9culos no Reino Unido e \u00e9 considerada um s\u00edmbolo fundamental da liberdade de express\u00e3o no pa\u00eds.<\/span><\/p>\n<p><span style=\"font-weight: 400;\">Por\u00e9m, nos \u00faltimos anos, pregadores de rua t\u00eam enfrentado restri\u00e7\u00f5es das autoridades por anunciar o Evangelho, incluindo pris\u00f5es, multas e proibi\u00e7\u00e3o de evangelizar em espa\u00e7os p\u00fablicos.<\/span><\/p>\n<\/div>\n<p><script async src=\"\/\/www.instagram.com\/embed.js\"><\/script><br \/>\n<br \/><br \/>\n<br \/>Fonte: Guiame <\/p>\n","protected":false},"excerpt":{"rendered":"<p>Um pastor de 66 anos foi preso ap\u00f3s criticar o Isl\u00e3 durante um evangelismo de rua na Inglaterra, segundo o Christian Concern. Steve Maile pregou o Evangelho e cantou louvores no centro da cidade de Watford, no dia 18 de abril. Ele ministrou sobre passagens b\u00edblicas e chamou as pessoas ao arrependimento por cerca de [&hellip;]<\/p>\n","protected":false},"author":1,"featured_media":6572,"comment_status":"","ping_status":"open","sticky":false,"template":"","format":"standard","meta":{"footnotes":""},"categories":[43],"tags":[],"class_list":["post-6571","post","type-post","status-publish","format-standard","has-post-thumbnail","hentry","category-destaques"],"yoast_head":"<!-- This site is optimized with the Yoast SEO plugin v26.8 - https:\/\/yoast.com\/product\/yoast-seo-wordpress\/ -->\n<title>Pastor de 66 anos \u00e9 preso ap\u00f3s criticar Isl\u00e3 em evangelismo de rua na Inglaterra - R\u00e1dio Porto Seguro<\/title>\n<meta name=\"robots\" content=\"index, follow, max-snippet:-1, max-image-preview:large, max-video-preview:-1\" \/>\n<link rel=\"canonical\" href=\"https:\/\/radioportoseguro.com.br\/site\/2026\/05\/01\/pastor-de-66-anos-e-preso-apos-criticar-isla-em-evangelismo-de-rua-na-inglaterra\/\" \/>\n<meta property=\"og:locale\" content=\"pt_BR\" \/>\n<meta property=\"og:type\" content=\"article\" \/>\n<meta property=\"og:title\" content=\"Pastor de 66 anos \u00e9 preso ap\u00f3s criticar Isl\u00e3 em evangelismo de rua na Inglaterra - R\u00e1dio Porto Seguro\" \/>\n<meta property=\"og:description\" content=\"Um pastor de 66 anos foi preso ap\u00f3s criticar o Isl\u00e3 durante um evangelismo de rua na Inglaterra, segundo o Christian Concern. Steve Maile pregou o Evangelho e cantou louvores no centro da cidade de Watford, no dia 18 de abril. Ele ministrou sobre passagens b\u00edblicas e chamou as pessoas ao arrependimento por cerca de [&hellip;]\" \/>\n<meta property=\"og:url\" content=\"https:\/\/radioportoseguro.com.br\/site\/2026\/05\/01\/pastor-de-66-anos-e-preso-apos-criticar-isla-em-evangelismo-de-rua-na-inglaterra\/\" \/>\n<meta property=\"og:site_name\" content=\"R\u00e1dio Porto Seguro\" \/>\n<meta property=\"article:published_time\" content=\"2026-05-02T01:52:23+00:00\" \/>\n<meta property=\"og:image\" content=\"https:\/\/media.guiame.com.br\/archives\/2026\/04\/28\/2923421955-steve-maile.jpeg\" \/>\n<meta name=\"author\" content=\"admin\" \/>\n<meta name=\"twitter:card\" content=\"summary_large_image\" \/>\n<meta name=\"twitter:label1\" content=\"Escrito por\" \/>\n\t<meta name=\"twitter:data1\" content=\"admin\" \/>\n\t<meta name=\"twitter:label2\" content=\"Est. tempo de leitura\" \/>\n\t<meta name=\"twitter:data2\" content=\"3 minutos\" \/>\n<script type=\"application\/ld+json\" class=\"yoast-schema-graph\">{\"@context\":\"https:\/\/schema.org\",\"@graph\":[{\"@type\":\"Article\",\"@id\":\"https:\/\/radioportoseguro.com.br\/site\/2026\/05\/01\/pastor-de-66-anos-e-preso-apos-criticar-isla-em-evangelismo-de-rua-na-inglaterra\/#article\",\"isPartOf\":{\"@id\":\"https:\/\/radioportoseguro.com.br\/site\/2026\/05\/01\/pastor-de-66-anos-e-preso-apos-criticar-isla-em-evangelismo-de-rua-na-inglaterra\/\"},\"author\":{\"name\":\"admin\",\"@id\":\"https:\/\/radioportoseguro.com.br\/site\/#\/schema\/person\/7630acdc320186f13639d3c067ec089b\"},\"headline\":\"Pastor de 66 anos \u00e9 preso ap\u00f3s criticar Isl\u00e3 em evangelismo de rua na Inglaterra\",\"datePublished\":\"2026-05-02T01:52:23+00:00\",\"mainEntityOfPage\":{\"@id\":\"https:\/\/radioportoseguro.com.br\/site\/2026\/05\/01\/pastor-de-66-anos-e-preso-apos-criticar-isla-em-evangelismo-de-rua-na-inglaterra\/\"},\"wordCount\":700,\"image\":{\"@id\":\"https:\/\/radioportoseguro.com.br\/site\/2026\/05\/01\/pastor-de-66-anos-e-preso-apos-criticar-isla-em-evangelismo-de-rua-na-inglaterra\/#primaryimage\"},\"thumbnailUrl\":\"https:\/\/radioportoseguro.com.br\/site\/wp-content\/uploads\/2026\/05\/2923421955-steve-maile.jpeg\",\"articleSection\":[\"Destaques\"],\"inLanguage\":\"pt-BR\"},{\"@type\":\"WebPage\",\"@id\":\"https:\/\/radioportoseguro.com.br\/site\/2026\/05\/01\/pastor-de-66-anos-e-preso-apos-criticar-isla-em-evangelismo-de-rua-na-inglaterra\/\",\"url\":\"https:\/\/radioportoseguro.com.br\/site\/2026\/05\/01\/pastor-de-66-anos-e-preso-apos-criticar-isla-em-evangelismo-de-rua-na-inglaterra\/\",\"name\":\"Pastor de 66 anos \u00e9 preso ap\u00f3s criticar Isl\u00e3 em evangelismo de rua na Inglaterra - R\u00e1dio Porto Seguro\",\"isPartOf\":{\"@id\":\"https:\/\/radioportoseguro.com.br\/site\/#website\"},\"primaryImageOfPage\":{\"@id\":\"https:\/\/radioportoseguro.com.br\/site\/2026\/05\/01\/pastor-de-66-anos-e-preso-apos-criticar-isla-em-evangelismo-de-rua-na-inglaterra\/#primaryimage\"},\"image\":{\"@id\":\"https:\/\/radioportoseguro.com.br\/site\/2026\/05\/01\/pastor-de-66-anos-e-preso-apos-criticar-isla-em-evangelismo-de-rua-na-inglaterra\/#primaryimage\"},\"thumbnailUrl\":\"https:\/\/radioportoseguro.com.br\/site\/wp-content\/uploads\/2026\/05\/2923421955-steve-maile.jpeg\",\"datePublished\":\"2026-05-02T01:52:23+00:00\",\"author\":{\"@id\":\"https:\/\/radioportoseguro.com.br\/site\/#\/schema\/person\/7630acdc320186f13639d3c067ec089b\"},\"breadcrumb\":{\"@id\":\"https:\/\/radioportoseguro.com.br\/site\/2026\/05\/01\/pastor-de-66-anos-e-preso-apos-criticar-isla-em-evangelismo-de-rua-na-inglaterra\/#breadcrumb\"},\"inLanguage\":\"pt-BR\",\"potentialAction\":[{\"@type\":\"ReadAction\",\"target\":[\"https:\/\/radioportoseguro.com.br\/site\/2026\/05\/01\/pastor-de-66-anos-e-preso-apos-criticar-isla-em-evangelismo-de-rua-na-inglaterra\/\"]}]},{\"@type\":\"ImageObject\",\"inLanguage\":\"pt-BR\",\"@id\":\"https:\/\/radioportoseguro.com.br\/site\/2026\/05\/01\/pastor-de-66-anos-e-preso-apos-criticar-isla-em-evangelismo-de-rua-na-inglaterra\/#primaryimage\",\"url\":\"https:\/\/radioportoseguro.com.br\/site\/wp-content\/uploads\/2026\/05\/2923421955-steve-maile.jpeg\",\"contentUrl\":\"https:\/\/radioportoseguro.com.br\/site\/wp-content\/uploads\/2026\/05\/2923421955-steve-maile.jpeg\",\"width\":1200,\"height\":600},{\"@type\":\"BreadcrumbList\",\"@id\":\"https:\/\/radioportoseguro.com.br\/site\/2026\/05\/01\/pastor-de-66-anos-e-preso-apos-criticar-isla-em-evangelismo-de-rua-na-inglaterra\/#breadcrumb\",\"itemListElement\":[{\"@type\":\"ListItem\",\"position\":1,\"name\":\"In\u00edcio\",\"item\":\"https:\/\/radioportoseguro.com.br\/site\/\"},{\"@type\":\"ListItem\",\"position\":2,\"name\":\"Pastor de 66 anos \u00e9 preso ap\u00f3s criticar Isl\u00e3 em evangelismo de rua na Inglaterra\"}]},{\"@type\":\"WebSite\",\"@id\":\"https:\/\/radioportoseguro.com.br\/site\/#website\",\"url\":\"https:\/\/radioportoseguro.com.br\/site\/\",\"name\":\"R\u00e1dio Porto Seguro\",\"description\":\"\",\"potentialAction\":[{\"@type\":\"SearchAction\",\"target\":{\"@type\":\"EntryPoint\",\"urlTemplate\":\"https:\/\/radioportoseguro.com.br\/site\/?s={search_term_string}\"},\"query-input\":{\"@type\":\"PropertyValueSpecification\",\"valueRequired\":true,\"valueName\":\"search_term_string\"}}],\"inLanguage\":\"pt-BR\"},{\"@type\":\"Person\",\"@id\":\"https:\/\/radioportoseguro.com.br\/site\/#\/schema\/person\/7630acdc320186f13639d3c067ec089b\",\"name\":\"admin\",\"image\":{\"@type\":\"ImageObject\",\"inLanguage\":\"pt-BR\",\"@id\":\"https:\/\/radioportoseguro.com.br\/site\/#\/schema\/person\/image\/\",\"url\":\"https:\/\/secure.gravatar.com\/avatar\/caacf4dc1eedb68fab0df8e1ed46c448e578b2466351bbcb61e47d2ac0caaef0?s=96&d=mm&r=g\",\"contentUrl\":\"https:\/\/secure.gravatar.com\/avatar\/caacf4dc1eedb68fab0df8e1ed46c448e578b2466351bbcb61e47d2ac0caaef0?s=96&d=mm&r=g\",\"caption\":\"admin\"},\"sameAs\":[\"https:\/\/radioportoseguro.com.br\/site\"],\"url\":\"https:\/\/radioportoseguro.com.br\/site\/author\/hezio\/\"}]}<\/script>\n<!-- \/ Yoast SEO plugin. -->","yoast_head_json":{"title":"Pastor de 66 anos \u00e9 preso ap\u00f3s criticar Isl\u00e3 em evangelismo de rua na Inglaterra - R\u00e1dio Porto Seguro","robots":{"index":"index","follow":"follow","max-snippet":"max-snippet:-1","max-image-preview":"max-image-preview:large","max-video-preview":"max-video-preview:-1"},"canonical":"https:\/\/radioportoseguro.com.br\/site\/2026\/05\/01\/pastor-de-66-anos-e-preso-apos-criticar-isla-em-evangelismo-de-rua-na-inglaterra\/","og_locale":"pt_BR","og_type":"article","og_title":"Pastor de 66 anos \u00e9 preso ap\u00f3s criticar Isl\u00e3 em evangelismo de rua na Inglaterra - R\u00e1dio Porto Seguro","og_description":"Um pastor de 66 anos foi preso ap\u00f3s criticar o Isl\u00e3 durante um evangelismo de rua na Inglaterra, segundo o Christian Concern. Steve Maile pregou o Evangelho e cantou louvores no centro da cidade de Watford, no dia 18 de abril. Ele ministrou sobre passagens b\u00edblicas e chamou as pessoas ao arrependimento por cerca de [&hellip;]","og_url":"https:\/\/radioportoseguro.com.br\/site\/2026\/05\/01\/pastor-de-66-anos-e-preso-apos-criticar-isla-em-evangelismo-de-rua-na-inglaterra\/","og_site_name":"R\u00e1dio Porto Seguro","article_published_time":"2026-05-02T01:52:23+00:00","og_image":[{"url":"https:\/\/media.guiame.com.br\/archives\/2026\/04\/28\/2923421955-steve-maile.jpeg","type":"","width":"","height":""}],"author":"admin","twitter_card":"summary_large_image","twitter_misc":{"Escrito por":"admin","Est. tempo de leitura":"3 minutos"},"schema":{"@context":"https:\/\/schema.org","@graph":[{"@type":"Article","@id":"https:\/\/radioportoseguro.com.br\/site\/2026\/05\/01\/pastor-de-66-anos-e-preso-apos-criticar-isla-em-evangelismo-de-rua-na-inglaterra\/#article","isPartOf":{"@id":"https:\/\/radioportoseguro.com.br\/site\/2026\/05\/01\/pastor-de-66-anos-e-preso-apos-criticar-isla-em-evangelismo-de-rua-na-inglaterra\/"},"author":{"name":"admin","@id":"https:\/\/radioportoseguro.com.br\/site\/#\/schema\/person\/7630acdc320186f13639d3c067ec089b"},"headline":"Pastor de 66 anos \u00e9 preso ap\u00f3s criticar Isl\u00e3 em evangelismo de rua na Inglaterra","datePublished":"2026-05-02T01:52:23+00:00","mainEntityOfPage":{"@id":"https:\/\/radioportoseguro.com.br\/site\/2026\/05\/01\/pastor-de-66-anos-e-preso-apos-criticar-isla-em-evangelismo-de-rua-na-inglaterra\/"},"wordCount":700,"image":{"@id":"https:\/\/radioportoseguro.com.br\/site\/2026\/05\/01\/pastor-de-66-anos-e-preso-apos-criticar-isla-em-evangelismo-de-rua-na-inglaterra\/#primaryimage"},"thumbnailUrl":"https:\/\/radioportoseguro.com.br\/site\/wp-content\/uploads\/2026\/05\/2923421955-steve-maile.jpeg","articleSection":["Destaques"],"inLanguage":"pt-BR"},{"@type":"WebPage","@id":"https:\/\/radioportoseguro.com.br\/site\/2026\/05\/01\/pastor-de-66-anos-e-preso-apos-criticar-isla-em-evangelismo-de-rua-na-inglaterra\/","url":"https:\/\/radioportoseguro.com.br\/site\/2026\/05\/01\/pastor-de-66-anos-e-preso-apos-criticar-isla-em-evangelismo-de-rua-na-inglaterra\/","name":"Pastor de 66 anos \u00e9 preso ap\u00f3s criticar Isl\u00e3 em evangelismo de rua na Inglaterra - R\u00e1dio Porto Seguro","isPartOf":{"@id":"https:\/\/radioportoseguro.com.br\/site\/#website"},"primaryImageOfPage":{"@id":"https:\/\/radioportoseguro.com.br\/site\/2026\/05\/01\/pastor-de-66-anos-e-preso-apos-criticar-isla-em-evangelismo-de-rua-na-inglaterra\/#primaryimage"},"image":{"@id":"https:\/\/radioportoseguro.com.br\/site\/2026\/05\/01\/pastor-de-66-anos-e-preso-apos-criticar-isla-em-evangelismo-de-rua-na-inglaterra\/#primaryimage"},"thumbnailUrl":"https:\/\/radioportoseguro.com.br\/site\/wp-content\/uploads\/2026\/05\/2923421955-steve-maile.jpeg","datePublished":"2026-05-02T01:52:23+00:00","author":{"@id":"https:\/\/radioportoseguro.com.br\/site\/#\/schema\/person\/7630acdc320186f13639d3c067ec089b"},"breadcrumb":{"@id":"https:\/\/radioportoseguro.com.br\/site\/2026\/05\/01\/pastor-de-66-anos-e-preso-apos-criticar-isla-em-evangelismo-de-rua-na-inglaterra\/#breadcrumb"},"inLanguage":"pt-BR","potentialAction":[{"@type":"ReadAction","target":["https:\/\/radioportoseguro.com.br\/site\/2026\/05\/01\/pastor-de-66-anos-e-preso-apos-criticar-isla-em-evangelismo-de-rua-na-inglaterra\/"]}]},{"@type":"ImageObject","inLanguage":"pt-BR","@id":"https:\/\/radioportoseguro.com.br\/site\/2026\/05\/01\/pastor-de-66-anos-e-preso-apos-criticar-isla-em-evangelismo-de-rua-na-inglaterra\/#primaryimage","url":"https:\/\/radioportoseguro.com.br\/site\/wp-content\/uploads\/2026\/05\/2923421955-steve-maile.jpeg","contentUrl":"https:\/\/radioportoseguro.com.br\/site\/wp-content\/uploads\/2026\/05\/2923421955-steve-maile.jpeg","width":1200,"height":600},{"@type":"BreadcrumbList","@id":"https:\/\/radioportoseguro.com.br\/site\/2026\/05\/01\/pastor-de-66-anos-e-preso-apos-criticar-isla-em-evangelismo-de-rua-na-inglaterra\/#breadcrumb","itemListElement":[{"@type":"ListItem","position":1,"name":"In\u00edcio","item":"https:\/\/radioportoseguro.com.br\/site\/"},{"@type":"ListItem","position":2,"name":"Pastor de 66 anos \u00e9 preso ap\u00f3s criticar Isl\u00e3 em evangelismo de rua na Inglaterra"}]},{"@type":"WebSite","@id":"https:\/\/radioportoseguro.com.br\/site\/#website","url":"https:\/\/radioportoseguro.com.br\/site\/","name":"R\u00e1dio Porto Seguro","description":"","potentialAction":[{"@type":"SearchAction","target":{"@type":"EntryPoint","urlTemplate":"https:\/\/radioportoseguro.com.br\/site\/?s={search_term_string}"},"query-input":{"@type":"PropertyValueSpecification","valueRequired":true,"valueName":"search_term_string"}}],"inLanguage":"pt-BR"},{"@type":"Person","@id":"https:\/\/radioportoseguro.com.br\/site\/#\/schema\/person\/7630acdc320186f13639d3c067ec089b","name":"admin","image":{"@type":"ImageObject","inLanguage":"pt-BR","@id":"https:\/\/radioportoseguro.com.br\/site\/#\/schema\/person\/image\/","url":"https:\/\/secure.gravatar.com\/avatar\/caacf4dc1eedb68fab0df8e1ed46c448e578b2466351bbcb61e47d2ac0caaef0?s=96&d=mm&r=g","contentUrl":"https:\/\/secure.gravatar.com\/avatar\/caacf4dc1eedb68fab0df8e1ed46c448e578b2466351bbcb61e47d2ac0caaef0?s=96&d=mm&r=g","caption":"admin"},"sameAs":["https:\/\/radioportoseguro.com.br\/site"],"url":"https:\/\/radioportoseguro.com.br\/site\/author\/hezio\/"}]}},"_links":{"self":[{"href":"https:\/\/radioportoseguro.com.br\/site\/wp-json\/wp\/v2\/posts\/6571","targetHints":{"allow":["GET"]}}],"collection":[{"href":"https:\/\/radioportoseguro.com.br\/site\/wp-json\/wp\/v2\/posts"}],"about":[{"href":"https:\/\/radioportoseguro.com.br\/site\/wp-json\/wp\/v2\/types\/post"}],"author":[{"embeddable":true,"href":"https:\/\/radioportoseguro.com.br\/site\/wp-json\/wp\/v2\/users\/1"}],"replies":[{"embeddable":true,"href":"https:\/\/radioportoseguro.com.br\/site\/wp-json\/wp\/v2\/comments?post=6571"}],"version-history":[{"count":0,"href":"https:\/\/radioportoseguro.com.br\/site\/wp-json\/wp\/v2\/posts\/6571\/revisions"}],"wp:featuredmedia":[{"embeddable":true,"href":"https:\/\/radioportoseguro.com.br\/site\/wp-json\/wp\/v2\/media\/6572"}],"wp:attachment":[{"href":"https:\/\/radioportoseguro.com.br\/site\/wp-json\/wp\/v2\/media?parent=6571"}],"wp:term":[{"taxonomy":"category","embeddable":true,"href":"https:\/\/radioportoseguro.com.br\/site\/wp-json\/wp\/v2\/categories?post=6571"},{"taxonomy":"post_tag","embeddable":true,"href":"https:\/\/radioportoseguro.com.br\/site\/wp-json\/wp\/v2\/tags?post=6571"}],"curies":[{"name":"wp","href":"https:\/\/api.w.org\/{rel}","templated":true}]}}