{"id":6573,"date":"2026-05-01T23:36:56","date_gmt":"2026-05-02T02:36:56","guid":{"rendered":"https:\/\/radioportoseguro.com.br\/site\/2026\/05\/01\/estudo-global-indica-perda-de-catolicos-e-ganho-de-protestantes-em-algumas-regioes\/"},"modified":"2026-05-01T23:36:56","modified_gmt":"2026-05-02T02:36:56","slug":"estudo-global-indica-perda-de-catolicos-e-ganho-de-protestantes-em-algumas-regioes","status":"publish","type":"post","link":"https:\/\/radioportoseguro.com.br\/site\/2026\/05\/01\/estudo-global-indica-perda-de-catolicos-e-ganho-de-protestantes-em-algumas-regioes\/","title":{"rendered":"Estudo global indica perda de cat\u00f3licos e ganho de protestantes em algumas regi\u00f5es"},"content":{"rendered":"<p><br \/>\n<\/p>\n<div>\n<div class=\"td-post-featured-image\">\n<figure><figcaption class=\"wp-caption-text\">Culto evang\u00e9lico (Imagem: Canva Pro)<\/figcaption><\/figure>\n<\/div>\n<p> <!-- A generated by theme --> <\/p>\n<p> <!-- end A --> <\/p>\n<p>Um estudo internacional divulgado pelo Pew Research Center indica que a Igreja Cat\u00f3lica tem sofrido perdas l\u00edquidas em quase todos os pa\u00edses analisados, em contraste com o crescimento do protestantismo em diversas partes do mundo, notadamente na Am\u00e9rica Latina. A pesquisa, parte do projeto Global Religious Futures, examinou as transforma\u00e7\u00f5es na afilia\u00e7\u00e3o religiosa de adultos que mudaram de sua religi\u00e3o de origem.<\/p>\n<p>A an\u00e1lise abrangeu dados de 24 pa\u00edses da Europa, Am\u00e9rica Latina, Am\u00e9rica do Norte, \u00c1frica e \u00c1sia-Pac\u00edfico, focando em adultos que adotaram uma f\u00e9 diferente daquela em que foram criados ou que se tornaram n\u00e3o afiliados religiosamente. Os resultados apontam que o cristianismo, em seu conjunto, figura entre os grupos religiosos com maiores sa\u00eddas devido \u00e0 mudan\u00e7a de afilia\u00e7\u00e3o. Contudo, as din\u00e2micas entre cat\u00f3licos e protestantes apresentaram varia\u00e7\u00f5es significativas.<\/p>\n<p>Em 21 das 24 na\u00e7\u00f5es investigadas, mais indiv\u00edduos deixaram o catolicismo do que o aderiram. A Hungria foi a \u00fanica exce\u00e7\u00e3o, onde os novos adeptos superaram os que deixaram a igreja. Qu\u00eania e Coreia do Sul registraram um movimento de entrada e sa\u00edda relativamente equilibrado. A pesquisa define \u201cmudan\u00e7a religiosa\u201d como a transi\u00e7\u00e3o entre a religi\u00e3o de cria\u00e7\u00e3o e a f\u00e9 (ou a aus\u00eancia dela) identificada na vida adulta, incluindo a passagem de uma tradi\u00e7\u00e3o crist\u00e3 para outra ou para a n\u00e3o afilia\u00e7\u00e3o religiosa.<\/p>\n<p>Os dados, coletados na primavera de 2024 e complementados por estudos de 2023-24 nos Estados Unidos, mostram que em pa\u00edses historicamente cat\u00f3licos, uma parcela consider\u00e1vel da popula\u00e7\u00e3o declara n\u00e3o seguir mais a f\u00e9 de sua inf\u00e2ncia. A It\u00e1lia, por exemplo, registrou uma das maiores perdas l\u00edquidas para o catolicismo, com 22% dos adultos que foram criados como cat\u00f3licos n\u00e3o se identificando mais com a religi\u00e3o, enquanto apenas 1% aderiu ao catolicismo ap\u00f3s ter outra cria\u00e7\u00e3o religiosa ou nenhuma. Esse cen\u00e1rio resultou em um decl\u00ednio l\u00edquido de 21 pontos percentuais atribu\u00eddo \u00e0s mudan\u00e7as religiosas.<\/p>\n<p><strong>Espanha<\/strong>, <strong>Chile <\/strong>e v\u00e1rios pa\u00edses latino-americanos tamb\u00e9m apresentaram perdas substanciais. Em contrapartida, a identidade cat\u00f3lica na Pol\u00f4nia manteve-se notavelmente est\u00e1vel, com 92% dos adultos sendo cat\u00f3licos vital\u00edcios e 96% tendo sido criados na igreja. Na Europa e na Am\u00e9rica Latina, muitos ex-cat\u00f3licos tornaram-se n\u00e3o afiliados religiosamente, declarando-se ateus, agn\u00f3sticos ou \u201cnada em particular\u201d. No Chile, 19% dos adultos s\u00e3o descritos como ex-cat\u00f3licos sem afilia\u00e7\u00e3o religiosa.<\/p>\n<p>Na \u00c1frica e em outras regi\u00f5es, os padr\u00f5es foram distintos. Em na\u00e7\u00f5es como Brasil, Gana, Qu\u00eania, Nig\u00e9ria e Filipinas, ex-cat\u00f3licos tenderam a se tornar protestantes em vez de n\u00e3o afiliados. Apesar das sa\u00eddas, o catolicismo ainda representa a religi\u00e3o majorit\u00e1ria em oito dos pa\u00edses estudados, com a Pol\u00f4nia liderando (92%), seguida pelas Filipinas (80%) e It\u00e1lia (69%).<\/p>\n<p> <!-- A generated by theme --> <\/p>\n<p> <!-- end A --> <\/p>\n<p>O estudo tamb\u00e9m revelou tend\u00eancias contrastantes dentro do protestantismo, que registrou ganhos l\u00edquidos em quase tantos pa\u00edses quanto perdas. As maiores expans\u00f5es concentraram-se na <strong>Am\u00e9rica Latina<\/strong>, com o Brasil apresentando um caso exemplar. Quinze por cento dos brasileiros aderiram ao protestantismo ap\u00f3s terem sido criados fora dessa tradi\u00e7\u00e3o, enquanto apenas 6% dos criados como protestantes deixaram a f\u00e9. A maioria dos novos adeptos protestantes no Brasil eram ex-cat\u00f3licos. M\u00e9xico, Nig\u00e9ria, Gana e Filipinas tamb\u00e9m indicaram ganhos protestantes por mudan\u00e7a religiosa.<\/p>\n<p>Em contrapartida, Su\u00e9cia, Alemanha e Reino Unido figuraram entre os pa\u00edses onde o protestantismo sofreu maiores perdas l\u00edquidas. Nesse contexto, adultos que deixaram igrejas protestantes frequentemente se tornaram n\u00e3o religiosos, em vez de ingressar em outra tradi\u00e7\u00e3o crist\u00e3. Na Austr\u00e1lia, por exemplo, 15% dos adultos identificaram-se como ex-protestantes sem afilia\u00e7\u00e3o religiosa atual. Gana e Qu\u00eania se destacaram como exce\u00e7\u00f5es, com protestantes compondo maiorias populacionais de 62% e 55%, respectivamente.<\/p>\n<p>A pesquisa foi financiada pelo projeto Pew-Templeton Global Religious Futures, com apoio das funda\u00e7\u00f5es The Pew Charitable Trusts e John Templeton, al\u00e9m de outras organiza\u00e7\u00f5es filantr\u00f3picas para o estudo nos EUA.<\/p>\n<p><strong>Folha Gospel com informa\u00e7\u00f5es de Christian Daily<\/strong><\/p>\n<p> <!-- A generated by theme --> <\/p>\n<p> <!-- end A --> <\/p><\/div>\n<p><script>(function (d, s, id) {\n                var js, fjs = d.getElementsByTagName(s)[0];\n                if (d.getElementById(id)) return;\n                js = d.createElement(s);\n                js.id = id;\n                js.src=\"https:\/\/connect.facebook.net\/pt_BR\/sdk.js#xfbml=1&version=v2.11&appId=264312870658742&autoLogAppEvents=1\";\n                fjs.parentNode.insertBefore(js, fjs);\n            }(document, 'script', 'facebook-jssdk'));<\/script><br \/>\n<br \/><br \/>\n<br \/>Fonte: Folha Gospel<\/p>\n","protected":false},"excerpt":{"rendered":"<p>Culto evang\u00e9lico (Imagem: Canva Pro) Um estudo internacional divulgado pelo Pew Research Center indica que a Igreja Cat\u00f3lica tem sofrido perdas l\u00edquidas em quase todos os pa\u00edses analisados, em contraste com o crescimento do protestantismo em diversas partes do mundo, notadamente na Am\u00e9rica Latina. A pesquisa, parte do projeto Global Religious Futures, examinou as transforma\u00e7\u00f5es [&hellip;]<\/p>\n","protected":false},"author":1,"featured_media":4585,"comment_status":"","ping_status":"open","sticky":false,"template":"","format":"standard","meta":{"footnotes":""},"categories":[3],"tags":[],"class_list":["post-6573","post","type-post","status-publish","format-standard","has-post-thumbnail","hentry","category-gospel"],"yoast_head":"<!-- This site is optimized with the Yoast SEO plugin v26.8 - https:\/\/yoast.com\/product\/yoast-seo-wordpress\/ -->\n<title>Estudo global indica perda de cat\u00f3licos e ganho de protestantes em algumas regi\u00f5es - R\u00e1dio Porto Seguro<\/title>\n<meta name=\"robots\" content=\"index, follow, max-snippet:-1, max-image-preview:large, max-video-preview:-1\" \/>\n<link rel=\"canonical\" href=\"https:\/\/radioportoseguro.com.br\/site\/2026\/05\/01\/estudo-global-indica-perda-de-catolicos-e-ganho-de-protestantes-em-algumas-regioes\/\" \/>\n<meta property=\"og:locale\" content=\"pt_BR\" \/>\n<meta property=\"og:type\" content=\"article\" \/>\n<meta property=\"og:title\" content=\"Estudo global indica perda de cat\u00f3licos e ganho de protestantes em algumas regi\u00f5es - R\u00e1dio Porto Seguro\" \/>\n<meta property=\"og:description\" content=\"Culto evang\u00e9lico (Imagem: Canva Pro) Um estudo internacional divulgado pelo Pew Research Center indica que a Igreja Cat\u00f3lica tem sofrido perdas l\u00edquidas em quase todos os pa\u00edses analisados, em contraste com o crescimento do protestantismo em diversas partes do mundo, notadamente na Am\u00e9rica Latina. A pesquisa, parte do projeto Global Religious Futures, examinou as transforma\u00e7\u00f5es [&hellip;]\" \/>\n<meta property=\"og:url\" content=\"https:\/\/radioportoseguro.com.br\/site\/2026\/05\/01\/estudo-global-indica-perda-de-catolicos-e-ganho-de-protestantes-em-algumas-regioes\/\" \/>\n<meta property=\"og:site_name\" content=\"R\u00e1dio Porto Seguro\" \/>\n<meta property=\"article:published_time\" content=\"2026-05-02T02:36:56+00:00\" \/>\n<meta property=\"og:image\" content=\"https:\/\/i0.wp.com\/folhagospel.com\/wp-content\/uploads\/2022\/11\/Culto-evangelico-Imagem-Canva-Pro.jpg?resize=696%2C497&amp;ssl=1\" \/>\n<meta name=\"author\" content=\"admin\" \/>\n<meta name=\"twitter:card\" content=\"summary_large_image\" \/>\n<meta name=\"twitter:label1\" content=\"Escrito por\" \/>\n\t<meta name=\"twitter:data1\" content=\"admin\" \/>\n\t<meta name=\"twitter:label2\" content=\"Est. tempo de leitura\" \/>\n\t<meta name=\"twitter:data2\" content=\"4 minutos\" \/>\n<script type=\"application\/ld+json\" class=\"yoast-schema-graph\">{\"@context\":\"https:\/\/schema.org\",\"@graph\":[{\"@type\":\"Article\",\"@id\":\"https:\/\/radioportoseguro.com.br\/site\/2026\/05\/01\/estudo-global-indica-perda-de-catolicos-e-ganho-de-protestantes-em-algumas-regioes\/#article\",\"isPartOf\":{\"@id\":\"https:\/\/radioportoseguro.com.br\/site\/2026\/05\/01\/estudo-global-indica-perda-de-catolicos-e-ganho-de-protestantes-em-algumas-regioes\/\"},\"author\":{\"name\":\"admin\",\"@id\":\"https:\/\/radioportoseguro.com.br\/site\/#\/schema\/person\/7630acdc320186f13639d3c067ec089b\"},\"headline\":\"Estudo global indica perda de cat\u00f3licos e ganho de protestantes em algumas regi\u00f5es\",\"datePublished\":\"2026-05-02T02:36:56+00:00\",\"mainEntityOfPage\":{\"@id\":\"https:\/\/radioportoseguro.com.br\/site\/2026\/05\/01\/estudo-global-indica-perda-de-catolicos-e-ganho-de-protestantes-em-algumas-regioes\/\"},\"wordCount\":730,\"image\":{\"@id\":\"https:\/\/radioportoseguro.com.br\/site\/2026\/05\/01\/estudo-global-indica-perda-de-catolicos-e-ganho-de-protestantes-em-algumas-regioes\/#primaryimage\"},\"thumbnailUrl\":\"https:\/\/radioportoseguro.com.br\/site\/wp-content\/uploads\/2026\/03\/Culto-evangelico-Imagem-Canva-Pro.jpg\",\"articleSection\":[\"Gospel\"],\"inLanguage\":\"pt-BR\"},{\"@type\":\"WebPage\",\"@id\":\"https:\/\/radioportoseguro.com.br\/site\/2026\/05\/01\/estudo-global-indica-perda-de-catolicos-e-ganho-de-protestantes-em-algumas-regioes\/\",\"url\":\"https:\/\/radioportoseguro.com.br\/site\/2026\/05\/01\/estudo-global-indica-perda-de-catolicos-e-ganho-de-protestantes-em-algumas-regioes\/\",\"name\":\"Estudo global indica perda de cat\u00f3licos e ganho de protestantes em algumas regi\u00f5es - R\u00e1dio Porto Seguro\",\"isPartOf\":{\"@id\":\"https:\/\/radioportoseguro.com.br\/site\/#website\"},\"primaryImageOfPage\":{\"@id\":\"https:\/\/radioportoseguro.com.br\/site\/2026\/05\/01\/estudo-global-indica-perda-de-catolicos-e-ganho-de-protestantes-em-algumas-regioes\/#primaryimage\"},\"image\":{\"@id\":\"https:\/\/radioportoseguro.com.br\/site\/2026\/05\/01\/estudo-global-indica-perda-de-catolicos-e-ganho-de-protestantes-em-algumas-regioes\/#primaryimage\"},\"thumbnailUrl\":\"https:\/\/radioportoseguro.com.br\/site\/wp-content\/uploads\/2026\/03\/Culto-evangelico-Imagem-Canva-Pro.jpg\",\"datePublished\":\"2026-05-02T02:36:56+00:00\",\"author\":{\"@id\":\"https:\/\/radioportoseguro.com.br\/site\/#\/schema\/person\/7630acdc320186f13639d3c067ec089b\"},\"breadcrumb\":{\"@id\":\"https:\/\/radioportoseguro.com.br\/site\/2026\/05\/01\/estudo-global-indica-perda-de-catolicos-e-ganho-de-protestantes-em-algumas-regioes\/#breadcrumb\"},\"inLanguage\":\"pt-BR\",\"potentialAction\":[{\"@type\":\"ReadAction\",\"target\":[\"https:\/\/radioportoseguro.com.br\/site\/2026\/05\/01\/estudo-global-indica-perda-de-catolicos-e-ganho-de-protestantes-em-algumas-regioes\/\"]}]},{\"@type\":\"ImageObject\",\"inLanguage\":\"pt-BR\",\"@id\":\"https:\/\/radioportoseguro.com.br\/site\/2026\/05\/01\/estudo-global-indica-perda-de-catolicos-e-ganho-de-protestantes-em-algumas-regioes\/#primaryimage\",\"url\":\"https:\/\/radioportoseguro.com.br\/site\/wp-content\/uploads\/2026\/03\/Culto-evangelico-Imagem-Canva-Pro.jpg\",\"contentUrl\":\"https:\/\/radioportoseguro.com.br\/site\/wp-content\/uploads\/2026\/03\/Culto-evangelico-Imagem-Canva-Pro.jpg\",\"width\":700,\"height\":500},{\"@type\":\"BreadcrumbList\",\"@id\":\"https:\/\/radioportoseguro.com.br\/site\/2026\/05\/01\/estudo-global-indica-perda-de-catolicos-e-ganho-de-protestantes-em-algumas-regioes\/#breadcrumb\",\"itemListElement\":[{\"@type\":\"ListItem\",\"position\":1,\"name\":\"In\u00edcio\",\"item\":\"https:\/\/radioportoseguro.com.br\/site\/\"},{\"@type\":\"ListItem\",\"position\":2,\"name\":\"Estudo global indica perda de cat\u00f3licos e ganho de protestantes em algumas regi\u00f5es\"}]},{\"@type\":\"WebSite\",\"@id\":\"https:\/\/radioportoseguro.com.br\/site\/#website\",\"url\":\"https:\/\/radioportoseguro.com.br\/site\/\",\"name\":\"R\u00e1dio Porto Seguro\",\"description\":\"\",\"potentialAction\":[{\"@type\":\"SearchAction\",\"target\":{\"@type\":\"EntryPoint\",\"urlTemplate\":\"https:\/\/radioportoseguro.com.br\/site\/?s={search_term_string}\"},\"query-input\":{\"@type\":\"PropertyValueSpecification\",\"valueRequired\":true,\"valueName\":\"search_term_string\"}}],\"inLanguage\":\"pt-BR\"},{\"@type\":\"Person\",\"@id\":\"https:\/\/radioportoseguro.com.br\/site\/#\/schema\/person\/7630acdc320186f13639d3c067ec089b\",\"name\":\"admin\",\"image\":{\"@type\":\"ImageObject\",\"inLanguage\":\"pt-BR\",\"@id\":\"https:\/\/radioportoseguro.com.br\/site\/#\/schema\/person\/image\/\",\"url\":\"https:\/\/secure.gravatar.com\/avatar\/caacf4dc1eedb68fab0df8e1ed46c448e578b2466351bbcb61e47d2ac0caaef0?s=96&d=mm&r=g\",\"contentUrl\":\"https:\/\/secure.gravatar.com\/avatar\/caacf4dc1eedb68fab0df8e1ed46c448e578b2466351bbcb61e47d2ac0caaef0?s=96&d=mm&r=g\",\"caption\":\"admin\"},\"sameAs\":[\"https:\/\/radioportoseguro.com.br\/site\"],\"url\":\"https:\/\/radioportoseguro.com.br\/site\/author\/hezio\/\"}]}<\/script>\n<!-- \/ Yoast SEO plugin. -->","yoast_head_json":{"title":"Estudo global indica perda de cat\u00f3licos e ganho de protestantes em algumas regi\u00f5es - R\u00e1dio Porto Seguro","robots":{"index":"index","follow":"follow","max-snippet":"max-snippet:-1","max-image-preview":"max-image-preview:large","max-video-preview":"max-video-preview:-1"},"canonical":"https:\/\/radioportoseguro.com.br\/site\/2026\/05\/01\/estudo-global-indica-perda-de-catolicos-e-ganho-de-protestantes-em-algumas-regioes\/","og_locale":"pt_BR","og_type":"article","og_title":"Estudo global indica perda de cat\u00f3licos e ganho de protestantes em algumas regi\u00f5es - R\u00e1dio Porto Seguro","og_description":"Culto evang\u00e9lico (Imagem: Canva Pro) Um estudo internacional divulgado pelo Pew Research Center indica que a Igreja Cat\u00f3lica tem sofrido perdas l\u00edquidas em quase todos os pa\u00edses analisados, em contraste com o crescimento do protestantismo em diversas partes do mundo, notadamente na Am\u00e9rica Latina. A pesquisa, parte do projeto Global Religious Futures, examinou as transforma\u00e7\u00f5es [&hellip;]","og_url":"https:\/\/radioportoseguro.com.br\/site\/2026\/05\/01\/estudo-global-indica-perda-de-catolicos-e-ganho-de-protestantes-em-algumas-regioes\/","og_site_name":"R\u00e1dio Porto Seguro","article_published_time":"2026-05-02T02:36:56+00:00","og_image":[{"url":"https:\/\/i0.wp.com\/folhagospel.com\/wp-content\/uploads\/2022\/11\/Culto-evangelico-Imagem-Canva-Pro.jpg?resize=696%2C497&amp;ssl=1","type":"","width":"","height":""}],"author":"admin","twitter_card":"summary_large_image","twitter_misc":{"Escrito por":"admin","Est. tempo de leitura":"4 minutos"},"schema":{"@context":"https:\/\/schema.org","@graph":[{"@type":"Article","@id":"https:\/\/radioportoseguro.com.br\/site\/2026\/05\/01\/estudo-global-indica-perda-de-catolicos-e-ganho-de-protestantes-em-algumas-regioes\/#article","isPartOf":{"@id":"https:\/\/radioportoseguro.com.br\/site\/2026\/05\/01\/estudo-global-indica-perda-de-catolicos-e-ganho-de-protestantes-em-algumas-regioes\/"},"author":{"name":"admin","@id":"https:\/\/radioportoseguro.com.br\/site\/#\/schema\/person\/7630acdc320186f13639d3c067ec089b"},"headline":"Estudo global indica perda de cat\u00f3licos e ganho de protestantes em algumas regi\u00f5es","datePublished":"2026-05-02T02:36:56+00:00","mainEntityOfPage":{"@id":"https:\/\/radioportoseguro.com.br\/site\/2026\/05\/01\/estudo-global-indica-perda-de-catolicos-e-ganho-de-protestantes-em-algumas-regioes\/"},"wordCount":730,"image":{"@id":"https:\/\/radioportoseguro.com.br\/site\/2026\/05\/01\/estudo-global-indica-perda-de-catolicos-e-ganho-de-protestantes-em-algumas-regioes\/#primaryimage"},"thumbnailUrl":"https:\/\/radioportoseguro.com.br\/site\/wp-content\/uploads\/2026\/03\/Culto-evangelico-Imagem-Canva-Pro.jpg","articleSection":["Gospel"],"inLanguage":"pt-BR"},{"@type":"WebPage","@id":"https:\/\/radioportoseguro.com.br\/site\/2026\/05\/01\/estudo-global-indica-perda-de-catolicos-e-ganho-de-protestantes-em-algumas-regioes\/","url":"https:\/\/radioportoseguro.com.br\/site\/2026\/05\/01\/estudo-global-indica-perda-de-catolicos-e-ganho-de-protestantes-em-algumas-regioes\/","name":"Estudo global indica perda de cat\u00f3licos e ganho de protestantes em algumas regi\u00f5es - R\u00e1dio Porto Seguro","isPartOf":{"@id":"https:\/\/radioportoseguro.com.br\/site\/#website"},"primaryImageOfPage":{"@id":"https:\/\/radioportoseguro.com.br\/site\/2026\/05\/01\/estudo-global-indica-perda-de-catolicos-e-ganho-de-protestantes-em-algumas-regioes\/#primaryimage"},"image":{"@id":"https:\/\/radioportoseguro.com.br\/site\/2026\/05\/01\/estudo-global-indica-perda-de-catolicos-e-ganho-de-protestantes-em-algumas-regioes\/#primaryimage"},"thumbnailUrl":"https:\/\/radioportoseguro.com.br\/site\/wp-content\/uploads\/2026\/03\/Culto-evangelico-Imagem-Canva-Pro.jpg","datePublished":"2026-05-02T02:36:56+00:00","author":{"@id":"https:\/\/radioportoseguro.com.br\/site\/#\/schema\/person\/7630acdc320186f13639d3c067ec089b"},"breadcrumb":{"@id":"https:\/\/radioportoseguro.com.br\/site\/2026\/05\/01\/estudo-global-indica-perda-de-catolicos-e-ganho-de-protestantes-em-algumas-regioes\/#breadcrumb"},"inLanguage":"pt-BR","potentialAction":[{"@type":"ReadAction","target":["https:\/\/radioportoseguro.com.br\/site\/2026\/05\/01\/estudo-global-indica-perda-de-catolicos-e-ganho-de-protestantes-em-algumas-regioes\/"]}]},{"@type":"ImageObject","inLanguage":"pt-BR","@id":"https:\/\/radioportoseguro.com.br\/site\/2026\/05\/01\/estudo-global-indica-perda-de-catolicos-e-ganho-de-protestantes-em-algumas-regioes\/#primaryimage","url":"https:\/\/radioportoseguro.com.br\/site\/wp-content\/uploads\/2026\/03\/Culto-evangelico-Imagem-Canva-Pro.jpg","contentUrl":"https:\/\/radioportoseguro.com.br\/site\/wp-content\/uploads\/2026\/03\/Culto-evangelico-Imagem-Canva-Pro.jpg","width":700,"height":500},{"@type":"BreadcrumbList","@id":"https:\/\/radioportoseguro.com.br\/site\/2026\/05\/01\/estudo-global-indica-perda-de-catolicos-e-ganho-de-protestantes-em-algumas-regioes\/#breadcrumb","itemListElement":[{"@type":"ListItem","position":1,"name":"In\u00edcio","item":"https:\/\/radioportoseguro.com.br\/site\/"},{"@type":"ListItem","position":2,"name":"Estudo global indica perda de cat\u00f3licos e ganho de protestantes em algumas regi\u00f5es"}]},{"@type":"WebSite","@id":"https:\/\/radioportoseguro.com.br\/site\/#website","url":"https:\/\/radioportoseguro.com.br\/site\/","name":"R\u00e1dio Porto Seguro","description":"","potentialAction":[{"@type":"SearchAction","target":{"@type":"EntryPoint","urlTemplate":"https:\/\/radioportoseguro.com.br\/site\/?s={search_term_string}"},"query-input":{"@type":"PropertyValueSpecification","valueRequired":true,"valueName":"search_term_string"}}],"inLanguage":"pt-BR"},{"@type":"Person","@id":"https:\/\/radioportoseguro.com.br\/site\/#\/schema\/person\/7630acdc320186f13639d3c067ec089b","name":"admin","image":{"@type":"ImageObject","inLanguage":"pt-BR","@id":"https:\/\/radioportoseguro.com.br\/site\/#\/schema\/person\/image\/","url":"https:\/\/secure.gravatar.com\/avatar\/caacf4dc1eedb68fab0df8e1ed46c448e578b2466351bbcb61e47d2ac0caaef0?s=96&d=mm&r=g","contentUrl":"https:\/\/secure.gravatar.com\/avatar\/caacf4dc1eedb68fab0df8e1ed46c448e578b2466351bbcb61e47d2ac0caaef0?s=96&d=mm&r=g","caption":"admin"},"sameAs":["https:\/\/radioportoseguro.com.br\/site"],"url":"https:\/\/radioportoseguro.com.br\/site\/author\/hezio\/"}]}},"_links":{"self":[{"href":"https:\/\/radioportoseguro.com.br\/site\/wp-json\/wp\/v2\/posts\/6573","targetHints":{"allow":["GET"]}}],"collection":[{"href":"https:\/\/radioportoseguro.com.br\/site\/wp-json\/wp\/v2\/posts"}],"about":[{"href":"https:\/\/radioportoseguro.com.br\/site\/wp-json\/wp\/v2\/types\/post"}],"author":[{"embeddable":true,"href":"https:\/\/radioportoseguro.com.br\/site\/wp-json\/wp\/v2\/users\/1"}],"replies":[{"embeddable":true,"href":"https:\/\/radioportoseguro.com.br\/site\/wp-json\/wp\/v2\/comments?post=6573"}],"version-history":[{"count":0,"href":"https:\/\/radioportoseguro.com.br\/site\/wp-json\/wp\/v2\/posts\/6573\/revisions"}],"wp:featuredmedia":[{"embeddable":true,"href":"https:\/\/radioportoseguro.com.br\/site\/wp-json\/wp\/v2\/media\/4585"}],"wp:attachment":[{"href":"https:\/\/radioportoseguro.com.br\/site\/wp-json\/wp\/v2\/media?parent=6573"}],"wp:term":[{"taxonomy":"category","embeddable":true,"href":"https:\/\/radioportoseguro.com.br\/site\/wp-json\/wp\/v2\/categories?post=6573"},{"taxonomy":"post_tag","embeddable":true,"href":"https:\/\/radioportoseguro.com.br\/site\/wp-json\/wp\/v2\/tags?post=6573"}],"curies":[{"name":"wp","href":"https:\/\/api.w.org\/{rel}","templated":true}]}}