{"id":6578,"date":"2026-05-02T07:40:03","date_gmt":"2026-05-02T10:40:03","guid":{"rendered":"https:\/\/radioportoseguro.com.br\/site\/2026\/05\/02\/silas-malafaia-vira-reu-no-stf-por-injuria-pastor-alega-perseguicao-politica\/"},"modified":"2026-05-02T07:40:03","modified_gmt":"2026-05-02T10:40:03","slug":"silas-malafaia-vira-reu-no-stf-por-injuria-pastor-alega-perseguicao-politica","status":"publish","type":"post","link":"https:\/\/radioportoseguro.com.br\/site\/2026\/05\/02\/silas-malafaia-vira-reu-no-stf-por-injuria-pastor-alega-perseguicao-politica\/","title":{"rendered":"Silas Malafaia vira r\u00e9u no STF por inj\u00faria; pastor alega persegui\u00e7\u00e3o pol\u00edtica"},"content":{"rendered":"<p><br \/>\n<\/p>\n<div>\n<div class=\"td-post-featured-image\">\n<figure><figcaption class=\"wp-caption-text\">Pastor Silas Malafaia durante ato pol\u00edtico na Avenida Paulista, em S\u00e3o Paulo em abril de 2025. (Foto: Reprodu\u00e7\u00e3o\/redes sociais)<\/figcaption><\/figure>\n<\/div>\n<p> <!-- A generated by theme --> <\/p>\n<p> <!-- end A --> <\/p>\n<p>O pastor <strong>Silas Malafaia<\/strong> foi formalmente aceito como r\u00e9u pela Primeira Turma do Supremo Tribunal Federal (STF) nesta ter\u00e7a-feira, 28 de abril. A decis\u00e3o, referente a declara\u00e7\u00f5es feitas em abril de 2025 durante um ato pol\u00edtico na Avenida Paulista, em S\u00e3o Paulo, acata parcialmente den\u00fancia da Procuradoria-Geral da Rep\u00fablica (PGR) por crime de inj\u00faria contra o comandante do Ex\u00e9rcito, Tom\u00e1s Paiva. <\/p>\n<p>Nas redes sociais, Malafaia se manifestou classificando o processo como uma persegui\u00e7\u00e3o pol\u00edtica e questionando seu foro no STF.<\/p>\n<p>A acusa\u00e7\u00e3o centraliza-se em falas proferidas pelo pastor durante uma manifesta\u00e7\u00e3o em apoio ao ex-presidente Jair Bolsonaro, onde ele teria chamado integrantes da\u2026 (<strong>Leia a \u00edntegra clicando aqui<\/strong>)<\/p>\n<p> <!-- A generated by theme --> <\/p>\n<p> <!-- end A --> <\/p><\/div>\n<p><script>(function (d, s, id) {\n                var js, fjs = d.getElementsByTagName(s)[0];\n                if (d.getElementById(id)) return;\n                js = d.createElement(s);\n                js.id = id;\n                js.src=\"https:\/\/connect.facebook.net\/pt_BR\/sdk.js#xfbml=1&version=v2.11&appId=264312870658742&autoLogAppEvents=1\";\n                fjs.parentNode.insertBefore(js, fjs);\n            }(document, 'script', 'facebook-jssdk'));<\/script><br \/>\n<br \/><br \/>\n<br \/>Fonte: Folha Gospel<\/p>\n","protected":false},"excerpt":{"rendered":"<p>Pastor Silas Malafaia durante ato pol\u00edtico na Avenida Paulista, em S\u00e3o Paulo em abril de 2025. (Foto: Reprodu\u00e7\u00e3o\/redes sociais) O pastor Silas Malafaia foi formalmente aceito como r\u00e9u pela Primeira Turma do Supremo Tribunal Federal (STF) nesta ter\u00e7a-feira, 28 de abril. A decis\u00e3o, referente a declara\u00e7\u00f5es feitas em abril de 2025 durante um ato pol\u00edtico [&hellip;]<\/p>\n","protected":false},"author":1,"featured_media":6579,"comment_status":"","ping_status":"open","sticky":false,"template":"","format":"standard","meta":{"footnotes":""},"categories":[3],"tags":[],"class_list":["post-6578","post","type-post","status-publish","format-standard","has-post-thumbnail","hentry","category-gospel"],"yoast_head":"<!-- This site is optimized with the Yoast SEO plugin v26.8 - https:\/\/yoast.com\/product\/yoast-seo-wordpress\/ -->\n<title>Silas Malafaia vira r\u00e9u no STF por inj\u00faria; pastor alega persegui\u00e7\u00e3o pol\u00edtica - R\u00e1dio Porto Seguro<\/title>\n<meta name=\"robots\" content=\"index, follow, max-snippet:-1, max-image-preview:large, max-video-preview:-1\" \/>\n<link rel=\"canonical\" href=\"https:\/\/radioportoseguro.com.br\/site\/2026\/05\/02\/silas-malafaia-vira-reu-no-stf-por-injuria-pastor-alega-perseguicao-politica\/\" \/>\n<meta property=\"og:locale\" content=\"pt_BR\" \/>\n<meta property=\"og:type\" content=\"article\" \/>\n<meta property=\"og:title\" content=\"Silas Malafaia vira r\u00e9u no STF por inj\u00faria; pastor alega persegui\u00e7\u00e3o pol\u00edtica - R\u00e1dio Porto Seguro\" \/>\n<meta property=\"og:description\" content=\"Pastor Silas Malafaia durante ato pol\u00edtico na Avenida Paulista, em S\u00e3o Paulo em abril de 2025. (Foto: Reprodu\u00e7\u00e3o\/redes sociais) O pastor Silas Malafaia foi formalmente aceito como r\u00e9u pela Primeira Turma do Supremo Tribunal Federal (STF) nesta ter\u00e7a-feira, 28 de abril. A decis\u00e3o, referente a declara\u00e7\u00f5es feitas em abril de 2025 durante um ato pol\u00edtico [&hellip;]\" \/>\n<meta property=\"og:url\" content=\"https:\/\/radioportoseguro.com.br\/site\/2026\/05\/02\/silas-malafaia-vira-reu-no-stf-por-injuria-pastor-alega-perseguicao-politica\/\" \/>\n<meta property=\"og:site_name\" content=\"R\u00e1dio Porto Seguro\" \/>\n<meta property=\"article:published_time\" content=\"2026-05-02T10:40:03+00:00\" \/>\n<meta property=\"og:image\" content=\"https:\/\/i0.wp.com\/folhagospel.com\/wp-content\/uploads\/2026\/04\/image-39-e1777542508863.png?resize=631%2C420&amp;ssl=1\" \/>\n<meta name=\"author\" content=\"admin\" \/>\n<meta name=\"twitter:card\" content=\"summary_large_image\" \/>\n<meta name=\"twitter:label1\" content=\"Escrito por\" \/>\n\t<meta name=\"twitter:data1\" content=\"admin\" \/>\n\t<meta name=\"twitter:label2\" content=\"Est. tempo de leitura\" \/>\n\t<meta name=\"twitter:data2\" content=\"1 minuto\" \/>\n<script type=\"application\/ld+json\" class=\"yoast-schema-graph\">{\"@context\":\"https:\/\/schema.org\",\"@graph\":[{\"@type\":\"Article\",\"@id\":\"https:\/\/radioportoseguro.com.br\/site\/2026\/05\/02\/silas-malafaia-vira-reu-no-stf-por-injuria-pastor-alega-perseguicao-politica\/#article\",\"isPartOf\":{\"@id\":\"https:\/\/radioportoseguro.com.br\/site\/2026\/05\/02\/silas-malafaia-vira-reu-no-stf-por-injuria-pastor-alega-perseguicao-politica\/\"},\"author\":{\"name\":\"admin\",\"@id\":\"https:\/\/radioportoseguro.com.br\/site\/#\/schema\/person\/7630acdc320186f13639d3c067ec089b\"},\"headline\":\"Silas Malafaia vira r\u00e9u no STF por inj\u00faria; pastor alega persegui\u00e7\u00e3o pol\u00edtica\",\"datePublished\":\"2026-05-02T10:40:03+00:00\",\"mainEntityOfPage\":{\"@id\":\"https:\/\/radioportoseguro.com.br\/site\/2026\/05\/02\/silas-malafaia-vira-reu-no-stf-por-injuria-pastor-alega-perseguicao-politica\/\"},\"wordCount\":164,\"image\":{\"@id\":\"https:\/\/radioportoseguro.com.br\/site\/2026\/05\/02\/silas-malafaia-vira-reu-no-stf-por-injuria-pastor-alega-perseguicao-politica\/#primaryimage\"},\"thumbnailUrl\":\"https:\/\/radioportoseguro.com.br\/site\/wp-content\/uploads\/2026\/05\/image-39-e1777542508863.png\",\"articleSection\":[\"Gospel\"],\"inLanguage\":\"pt-BR\"},{\"@type\":\"WebPage\",\"@id\":\"https:\/\/radioportoseguro.com.br\/site\/2026\/05\/02\/silas-malafaia-vira-reu-no-stf-por-injuria-pastor-alega-perseguicao-politica\/\",\"url\":\"https:\/\/radioportoseguro.com.br\/site\/2026\/05\/02\/silas-malafaia-vira-reu-no-stf-por-injuria-pastor-alega-perseguicao-politica\/\",\"name\":\"Silas Malafaia vira r\u00e9u no STF por inj\u00faria; pastor alega persegui\u00e7\u00e3o pol\u00edtica - R\u00e1dio Porto Seguro\",\"isPartOf\":{\"@id\":\"https:\/\/radioportoseguro.com.br\/site\/#website\"},\"primaryImageOfPage\":{\"@id\":\"https:\/\/radioportoseguro.com.br\/site\/2026\/05\/02\/silas-malafaia-vira-reu-no-stf-por-injuria-pastor-alega-perseguicao-politica\/#primaryimage\"},\"image\":{\"@id\":\"https:\/\/radioportoseguro.com.br\/site\/2026\/05\/02\/silas-malafaia-vira-reu-no-stf-por-injuria-pastor-alega-perseguicao-politica\/#primaryimage\"},\"thumbnailUrl\":\"https:\/\/radioportoseguro.com.br\/site\/wp-content\/uploads\/2026\/05\/image-39-e1777542508863.png\",\"datePublished\":\"2026-05-02T10:40:03+00:00\",\"author\":{\"@id\":\"https:\/\/radioportoseguro.com.br\/site\/#\/schema\/person\/7630acdc320186f13639d3c067ec089b\"},\"breadcrumb\":{\"@id\":\"https:\/\/radioportoseguro.com.br\/site\/2026\/05\/02\/silas-malafaia-vira-reu-no-stf-por-injuria-pastor-alega-perseguicao-politica\/#breadcrumb\"},\"inLanguage\":\"pt-BR\",\"potentialAction\":[{\"@type\":\"ReadAction\",\"target\":[\"https:\/\/radioportoseguro.com.br\/site\/2026\/05\/02\/silas-malafaia-vira-reu-no-stf-por-injuria-pastor-alega-perseguicao-politica\/\"]}]},{\"@type\":\"ImageObject\",\"inLanguage\":\"pt-BR\",\"@id\":\"https:\/\/radioportoseguro.com.br\/site\/2026\/05\/02\/silas-malafaia-vira-reu-no-stf-por-injuria-pastor-alega-perseguicao-politica\/#primaryimage\",\"url\":\"https:\/\/radioportoseguro.com.br\/site\/wp-content\/uploads\/2026\/05\/image-39-e1777542508863.png\",\"contentUrl\":\"https:\/\/radioportoseguro.com.br\/site\/wp-content\/uploads\/2026\/05\/image-39-e1777542508863.png\",\"width\":631,\"height\":420},{\"@type\":\"BreadcrumbList\",\"@id\":\"https:\/\/radioportoseguro.com.br\/site\/2026\/05\/02\/silas-malafaia-vira-reu-no-stf-por-injuria-pastor-alega-perseguicao-politica\/#breadcrumb\",\"itemListElement\":[{\"@type\":\"ListItem\",\"position\":1,\"name\":\"In\u00edcio\",\"item\":\"https:\/\/radioportoseguro.com.br\/site\/\"},{\"@type\":\"ListItem\",\"position\":2,\"name\":\"Silas Malafaia vira r\u00e9u no STF por inj\u00faria; pastor alega persegui\u00e7\u00e3o pol\u00edtica\"}]},{\"@type\":\"WebSite\",\"@id\":\"https:\/\/radioportoseguro.com.br\/site\/#website\",\"url\":\"https:\/\/radioportoseguro.com.br\/site\/\",\"name\":\"R\u00e1dio Porto Seguro\",\"description\":\"\",\"potentialAction\":[{\"@type\":\"SearchAction\",\"target\":{\"@type\":\"EntryPoint\",\"urlTemplate\":\"https:\/\/radioportoseguro.com.br\/site\/?s={search_term_string}\"},\"query-input\":{\"@type\":\"PropertyValueSpecification\",\"valueRequired\":true,\"valueName\":\"search_term_string\"}}],\"inLanguage\":\"pt-BR\"},{\"@type\":\"Person\",\"@id\":\"https:\/\/radioportoseguro.com.br\/site\/#\/schema\/person\/7630acdc320186f13639d3c067ec089b\",\"name\":\"admin\",\"image\":{\"@type\":\"ImageObject\",\"inLanguage\":\"pt-BR\",\"@id\":\"https:\/\/radioportoseguro.com.br\/site\/#\/schema\/person\/image\/\",\"url\":\"https:\/\/secure.gravatar.com\/avatar\/caacf4dc1eedb68fab0df8e1ed46c448e578b2466351bbcb61e47d2ac0caaef0?s=96&d=mm&r=g\",\"contentUrl\":\"https:\/\/secure.gravatar.com\/avatar\/caacf4dc1eedb68fab0df8e1ed46c448e578b2466351bbcb61e47d2ac0caaef0?s=96&d=mm&r=g\",\"caption\":\"admin\"},\"sameAs\":[\"https:\/\/radioportoseguro.com.br\/site\"],\"url\":\"https:\/\/radioportoseguro.com.br\/site\/author\/hezio\/\"}]}<\/script>\n<!-- \/ Yoast SEO plugin. -->","yoast_head_json":{"title":"Silas Malafaia vira r\u00e9u no STF por inj\u00faria; pastor alega persegui\u00e7\u00e3o pol\u00edtica - R\u00e1dio Porto Seguro","robots":{"index":"index","follow":"follow","max-snippet":"max-snippet:-1","max-image-preview":"max-image-preview:large","max-video-preview":"max-video-preview:-1"},"canonical":"https:\/\/radioportoseguro.com.br\/site\/2026\/05\/02\/silas-malafaia-vira-reu-no-stf-por-injuria-pastor-alega-perseguicao-politica\/","og_locale":"pt_BR","og_type":"article","og_title":"Silas Malafaia vira r\u00e9u no STF por inj\u00faria; pastor alega persegui\u00e7\u00e3o pol\u00edtica - R\u00e1dio Porto Seguro","og_description":"Pastor Silas Malafaia durante ato pol\u00edtico na Avenida Paulista, em S\u00e3o Paulo em abril de 2025. (Foto: Reprodu\u00e7\u00e3o\/redes sociais) O pastor Silas Malafaia foi formalmente aceito como r\u00e9u pela Primeira Turma do Supremo Tribunal Federal (STF) nesta ter\u00e7a-feira, 28 de abril. A decis\u00e3o, referente a declara\u00e7\u00f5es feitas em abril de 2025 durante um ato pol\u00edtico [&hellip;]","og_url":"https:\/\/radioportoseguro.com.br\/site\/2026\/05\/02\/silas-malafaia-vira-reu-no-stf-por-injuria-pastor-alega-perseguicao-politica\/","og_site_name":"R\u00e1dio Porto Seguro","article_published_time":"2026-05-02T10:40:03+00:00","og_image":[{"url":"https:\/\/i0.wp.com\/folhagospel.com\/wp-content\/uploads\/2026\/04\/image-39-e1777542508863.png?resize=631%2C420&amp;ssl=1","type":"","width":"","height":""}],"author":"admin","twitter_card":"summary_large_image","twitter_misc":{"Escrito por":"admin","Est. tempo de leitura":"1 minuto"},"schema":{"@context":"https:\/\/schema.org","@graph":[{"@type":"Article","@id":"https:\/\/radioportoseguro.com.br\/site\/2026\/05\/02\/silas-malafaia-vira-reu-no-stf-por-injuria-pastor-alega-perseguicao-politica\/#article","isPartOf":{"@id":"https:\/\/radioportoseguro.com.br\/site\/2026\/05\/02\/silas-malafaia-vira-reu-no-stf-por-injuria-pastor-alega-perseguicao-politica\/"},"author":{"name":"admin","@id":"https:\/\/radioportoseguro.com.br\/site\/#\/schema\/person\/7630acdc320186f13639d3c067ec089b"},"headline":"Silas Malafaia vira r\u00e9u no STF por inj\u00faria; pastor alega persegui\u00e7\u00e3o pol\u00edtica","datePublished":"2026-05-02T10:40:03+00:00","mainEntityOfPage":{"@id":"https:\/\/radioportoseguro.com.br\/site\/2026\/05\/02\/silas-malafaia-vira-reu-no-stf-por-injuria-pastor-alega-perseguicao-politica\/"},"wordCount":164,"image":{"@id":"https:\/\/radioportoseguro.com.br\/site\/2026\/05\/02\/silas-malafaia-vira-reu-no-stf-por-injuria-pastor-alega-perseguicao-politica\/#primaryimage"},"thumbnailUrl":"https:\/\/radioportoseguro.com.br\/site\/wp-content\/uploads\/2026\/05\/image-39-e1777542508863.png","articleSection":["Gospel"],"inLanguage":"pt-BR"},{"@type":"WebPage","@id":"https:\/\/radioportoseguro.com.br\/site\/2026\/05\/02\/silas-malafaia-vira-reu-no-stf-por-injuria-pastor-alega-perseguicao-politica\/","url":"https:\/\/radioportoseguro.com.br\/site\/2026\/05\/02\/silas-malafaia-vira-reu-no-stf-por-injuria-pastor-alega-perseguicao-politica\/","name":"Silas Malafaia vira r\u00e9u no STF por inj\u00faria; pastor alega persegui\u00e7\u00e3o pol\u00edtica - R\u00e1dio Porto Seguro","isPartOf":{"@id":"https:\/\/radioportoseguro.com.br\/site\/#website"},"primaryImageOfPage":{"@id":"https:\/\/radioportoseguro.com.br\/site\/2026\/05\/02\/silas-malafaia-vira-reu-no-stf-por-injuria-pastor-alega-perseguicao-politica\/#primaryimage"},"image":{"@id":"https:\/\/radioportoseguro.com.br\/site\/2026\/05\/02\/silas-malafaia-vira-reu-no-stf-por-injuria-pastor-alega-perseguicao-politica\/#primaryimage"},"thumbnailUrl":"https:\/\/radioportoseguro.com.br\/site\/wp-content\/uploads\/2026\/05\/image-39-e1777542508863.png","datePublished":"2026-05-02T10:40:03+00:00","author":{"@id":"https:\/\/radioportoseguro.com.br\/site\/#\/schema\/person\/7630acdc320186f13639d3c067ec089b"},"breadcrumb":{"@id":"https:\/\/radioportoseguro.com.br\/site\/2026\/05\/02\/silas-malafaia-vira-reu-no-stf-por-injuria-pastor-alega-perseguicao-politica\/#breadcrumb"},"inLanguage":"pt-BR","potentialAction":[{"@type":"ReadAction","target":["https:\/\/radioportoseguro.com.br\/site\/2026\/05\/02\/silas-malafaia-vira-reu-no-stf-por-injuria-pastor-alega-perseguicao-politica\/"]}]},{"@type":"ImageObject","inLanguage":"pt-BR","@id":"https:\/\/radioportoseguro.com.br\/site\/2026\/05\/02\/silas-malafaia-vira-reu-no-stf-por-injuria-pastor-alega-perseguicao-politica\/#primaryimage","url":"https:\/\/radioportoseguro.com.br\/site\/wp-content\/uploads\/2026\/05\/image-39-e1777542508863.png","contentUrl":"https:\/\/radioportoseguro.com.br\/site\/wp-content\/uploads\/2026\/05\/image-39-e1777542508863.png","width":631,"height":420},{"@type":"BreadcrumbList","@id":"https:\/\/radioportoseguro.com.br\/site\/2026\/05\/02\/silas-malafaia-vira-reu-no-stf-por-injuria-pastor-alega-perseguicao-politica\/#breadcrumb","itemListElement":[{"@type":"ListItem","position":1,"name":"In\u00edcio","item":"https:\/\/radioportoseguro.com.br\/site\/"},{"@type":"ListItem","position":2,"name":"Silas Malafaia vira r\u00e9u no STF por inj\u00faria; pastor alega persegui\u00e7\u00e3o pol\u00edtica"}]},{"@type":"WebSite","@id":"https:\/\/radioportoseguro.com.br\/site\/#website","url":"https:\/\/radioportoseguro.com.br\/site\/","name":"R\u00e1dio Porto Seguro","description":"","potentialAction":[{"@type":"SearchAction","target":{"@type":"EntryPoint","urlTemplate":"https:\/\/radioportoseguro.com.br\/site\/?s={search_term_string}"},"query-input":{"@type":"PropertyValueSpecification","valueRequired":true,"valueName":"search_term_string"}}],"inLanguage":"pt-BR"},{"@type":"Person","@id":"https:\/\/radioportoseguro.com.br\/site\/#\/schema\/person\/7630acdc320186f13639d3c067ec089b","name":"admin","image":{"@type":"ImageObject","inLanguage":"pt-BR","@id":"https:\/\/radioportoseguro.com.br\/site\/#\/schema\/person\/image\/","url":"https:\/\/secure.gravatar.com\/avatar\/caacf4dc1eedb68fab0df8e1ed46c448e578b2466351bbcb61e47d2ac0caaef0?s=96&d=mm&r=g","contentUrl":"https:\/\/secure.gravatar.com\/avatar\/caacf4dc1eedb68fab0df8e1ed46c448e578b2466351bbcb61e47d2ac0caaef0?s=96&d=mm&r=g","caption":"admin"},"sameAs":["https:\/\/radioportoseguro.com.br\/site"],"url":"https:\/\/radioportoseguro.com.br\/site\/author\/hezio\/"}]}},"_links":{"self":[{"href":"https:\/\/radioportoseguro.com.br\/site\/wp-json\/wp\/v2\/posts\/6578","targetHints":{"allow":["GET"]}}],"collection":[{"href":"https:\/\/radioportoseguro.com.br\/site\/wp-json\/wp\/v2\/posts"}],"about":[{"href":"https:\/\/radioportoseguro.com.br\/site\/wp-json\/wp\/v2\/types\/post"}],"author":[{"embeddable":true,"href":"https:\/\/radioportoseguro.com.br\/site\/wp-json\/wp\/v2\/users\/1"}],"replies":[{"embeddable":true,"href":"https:\/\/radioportoseguro.com.br\/site\/wp-json\/wp\/v2\/comments?post=6578"}],"version-history":[{"count":0,"href":"https:\/\/radioportoseguro.com.br\/site\/wp-json\/wp\/v2\/posts\/6578\/revisions"}],"wp:featuredmedia":[{"embeddable":true,"href":"https:\/\/radioportoseguro.com.br\/site\/wp-json\/wp\/v2\/media\/6579"}],"wp:attachment":[{"href":"https:\/\/radioportoseguro.com.br\/site\/wp-json\/wp\/v2\/media?parent=6578"}],"wp:term":[{"taxonomy":"category","embeddable":true,"href":"https:\/\/radioportoseguro.com.br\/site\/wp-json\/wp\/v2\/categories?post=6578"},{"taxonomy":"post_tag","embeddable":true,"href":"https:\/\/radioportoseguro.com.br\/site\/wp-json\/wp\/v2\/tags?post=6578"}],"curies":[{"name":"wp","href":"https:\/\/api.w.org\/{rel}","templated":true}]}}