{"id":6580,"date":"2026-05-02T08:12:22","date_gmt":"2026-05-02T11:12:22","guid":{"rendered":"https:\/\/radioportoseguro.com.br\/site\/2026\/05\/02\/insuficiencia-cardiaca-sinais-e-fatores-de-risco-desta-doenca-grave\/"},"modified":"2026-05-02T08:12:22","modified_gmt":"2026-05-02T11:12:22","slug":"insuficiencia-cardiaca-sinais-e-fatores-de-risco-desta-doenca-grave","status":"publish","type":"post","link":"https:\/\/radioportoseguro.com.br\/site\/2026\/05\/02\/insuficiencia-cardiaca-sinais-e-fatores-de-risco-desta-doenca-grave\/","title":{"rendered":"Insufici\u00eancia card\u00edaca: Sinais e fatores de risco desta doen\u00e7a grave"},"content":{"rendered":"<p><br \/>\n<br \/><\/p>\n<div>\n<p><span class=\"news_capital_letter\">Q<\/span>uando falamos de insufici\u00eancia card\u00edaca, voc\u00ea sabe do que se trata? Essa \u00e9 uma doen\u00e7a grave e cr\u00f4nica que precisa de tratamento e acompanhamento. Ficar atento aos sinais e fatores de risco pode ser fundamental. Saiba mais sobre essa condi\u00e7\u00e3o.<\/p>\n<p>De acordo com o Atlas da Sa\u00fade, nesta sexta-feira, 1\u00ba de maio, \u00e9 celebrado o Dia Europeu da Insufici\u00eancia Card\u00edaca. Ao longo do m\u00eas, diversas iniciativas s\u00e3o realizadas com o objetivo de conscientizar sobre o problema.<\/p>\n<h3 class=\"news_h3\" style=\"font-size: 1.2em; font-weight: bold; color: #006da6;\">Insufici\u00eancia card\u00edaca: o que \u00e9 e os tipos<\/h3>\n<p>\u201cA insufici\u00eancia card\u00edaca \u00e9 uma doen\u00e7a grave e cr\u00f4nica, que ocorre quando o cora\u00e7\u00e3o \u00e9 incapaz de bombear sangue para o corpo na quantidade necess\u00e1ria ou de relaxar e receber o sangue de forma adequada\u201d, explica o site do SNS24.<\/p>\n<p>Nessa situa\u00e7\u00e3o, o sangue pode n\u00e3o fornecer os nutrientes e o oxig\u00eanio necess\u00e1rios para o bom funcionamento do organismo. E, ao contr\u00e1rio do que muitos pensam, existem diferentes tipos de insufici\u00eancia card\u00edaca.<\/p>\n<p>\u201cA insufici\u00eancia card\u00edaca pode ser classificada com base em um par\u00e2metro obtido por exames de imagem: a Fra\u00e7\u00e3o de Eje\u00e7\u00e3o do Ventr\u00edculo Esquerdo (FEVE), que mede a capacidade do cora\u00e7\u00e3o de bombear sangue para o corpo\u201d, detalha o SNS24.<\/p>\n<p>Assim, existe a insufici\u00eancia card\u00edaca com FEVE reduzida, quando a capacidade de bombeamento est\u00e1 comprometida (valor inferior a 40%), sendo a forma mais preocupante e associada a maiores riscos.<\/p>\n<p>H\u00e1 tamb\u00e9m a insufici\u00eancia card\u00edaca com FEVE intermedi\u00e1ria, quando o valor est\u00e1 entre 40% e 49%, indicando leve redu\u00e7\u00e3o da fun\u00e7\u00e3o card\u00edaca. J\u00e1 na insufici\u00eancia card\u00edaca com FEVE preservada, a capacidade de bombeamento permanece dentro da normalidade.<\/p>\n<h3 class=\"news_h3\" style=\"font-size: 1.2em; font-weight: bold; color: #006da6;\">Sinais e fatores de risco<\/h3>\n<p>Alguns sinais podem indicar insufici\u00eancia card\u00edaca, embora o diagn\u00f3stico deva ser feito por um m\u00e9dico. Entre eles est\u00e3o: cansa\u00e7o extremo, falta de ar (que pode limitar atividades ou exigir dormir com mais travesseiros), taquicardia constante, incha\u00e7o nas pernas ou no abd\u00f4men, aumento da necessidade de urinar \u00e0 noite, tonturas, desmaios e ganho de peso.<\/p>\n<p>\u201cQuando os pacientes apresentam esses sintomas, devem procurar um m\u00e9dico para avaliar a possibilidade de insufici\u00eancia card\u00edaca.\u201d<\/p>\n<p>Entre os principais fatores de risco est\u00e3o doen\u00e7as das art\u00e9rias coron\u00e1rias, infarto e press\u00e3o alta. Tamb\u00e9m aumentam o risco condi\u00e7\u00f5es como colesterol elevado, diabetes, obesidade, tabagismo, sedentarismo, hist\u00f3rico familiar de doen\u00e7a card\u00edaca e altera\u00e7\u00f5es gen\u00e9ticas.<\/p>\n<p>Por isso, ficar atento aos sinais e buscar tratamento adequado \u00e9 essencial para prevenir e controlar a insufici\u00eancia card\u00edaca.<\/p>\n<h3 class=\"news_h3\" style=\"font-size: 1.2em; font-weight: bold; color: #006da6;\">Tratamento<\/h3>\n<p>O tratamento deve ser individualizado, pois depende da gravidade da doen\u00e7a e da sua evolu\u00e7\u00e3o, segundo o SNS24.<\/p>\n<p>Mudan\u00e7as no estilo de vida \u2014 como alimenta\u00e7\u00e3o saud\u00e1vel e abandono do tabagismo \u2014, uso correto de medicamentos e procedimentos como o cateterismo podem fazer parte do tratamento.<\/p>\n<p>\u201cNos casos mais graves, quando a insufici\u00eancia card\u00edaca n\u00e3o responde ao tratamento, pode ser indicado o transplante de cora\u00e7\u00e3o.\u201d<\/p>\n<p>Leia Tamb\u00e9m: Perfume perfeito: quanto usar e onde aplicar para durar mais<\/p>\n<\/p><\/div>\n<p><br \/>\n<br \/>Fonte: Not\u00edcias Ao Minuto<\/p>\n","protected":false},"excerpt":{"rendered":"<p>Quando falamos de insufici\u00eancia card\u00edaca, voc\u00ea sabe do que se trata? Essa \u00e9 uma doen\u00e7a grave e cr\u00f4nica que precisa de tratamento e acompanhamento. Ficar atento aos sinais e fatores de risco pode ser fundamental. Saiba mais sobre essa condi\u00e7\u00e3o. De acordo com o Atlas da Sa\u00fade, nesta sexta-feira, 1\u00ba de maio, \u00e9 celebrado o [&hellip;]<\/p>\n","protected":false},"author":1,"featured_media":6581,"comment_status":"","ping_status":"open","sticky":false,"template":"","format":"standard","meta":{"footnotes":""},"categories":[44],"tags":[],"class_list":["post-6580","post","type-post","status-publish","format-standard","has-post-thumbnail","hentry","category-vida-estilo"],"yoast_head":"<!-- This site is optimized with the Yoast SEO plugin v26.8 - https:\/\/yoast.com\/product\/yoast-seo-wordpress\/ -->\n<title>Insufici\u00eancia card\u00edaca: Sinais e fatores de risco desta doen\u00e7a grave - R\u00e1dio Porto Seguro<\/title>\n<meta name=\"robots\" content=\"index, follow, max-snippet:-1, max-image-preview:large, max-video-preview:-1\" \/>\n<link rel=\"canonical\" href=\"https:\/\/radioportoseguro.com.br\/site\/2026\/05\/02\/insuficiencia-cardiaca-sinais-e-fatores-de-risco-desta-doenca-grave\/\" \/>\n<meta property=\"og:locale\" content=\"pt_BR\" \/>\n<meta property=\"og:type\" content=\"article\" \/>\n<meta property=\"og:title\" content=\"Insufici\u00eancia card\u00edaca: Sinais e fatores de risco desta doen\u00e7a grave - R\u00e1dio Porto Seguro\" \/>\n<meta property=\"og:description\" content=\"Quando falamos de insufici\u00eancia card\u00edaca, voc\u00ea sabe do que se trata? Essa \u00e9 uma doen\u00e7a grave e cr\u00f4nica que precisa de tratamento e acompanhamento. Ficar atento aos sinais e fatores de risco pode ser fundamental. Saiba mais sobre essa condi\u00e7\u00e3o. De acordo com o Atlas da Sa\u00fade, nesta sexta-feira, 1\u00ba de maio, \u00e9 celebrado o [&hellip;]\" \/>\n<meta property=\"og:url\" content=\"https:\/\/radioportoseguro.com.br\/site\/2026\/05\/02\/insuficiencia-cardiaca-sinais-e-fatores-de-risco-desta-doenca-grave\/\" \/>\n<meta property=\"og:site_name\" content=\"R\u00e1dio Porto Seguro\" \/>\n<meta property=\"article:published_time\" content=\"2026-05-02T11:12:22+00:00\" \/>\n<meta property=\"og:image\" content=\"https:\/\/media-manager.noticiasaominuto.com.br\/640\/naom_69ef422a34abd.webp\" \/>\n<meta name=\"author\" content=\"admin\" \/>\n<meta name=\"twitter:card\" content=\"summary_large_image\" \/>\n<meta name=\"twitter:label1\" content=\"Escrito por\" \/>\n\t<meta name=\"twitter:data1\" content=\"admin\" \/>\n\t<meta name=\"twitter:label2\" content=\"Est. tempo de leitura\" \/>\n\t<meta name=\"twitter:data2\" content=\"3 minutos\" \/>\n<script type=\"application\/ld+json\" class=\"yoast-schema-graph\">{\"@context\":\"https:\/\/schema.org\",\"@graph\":[{\"@type\":\"Article\",\"@id\":\"https:\/\/radioportoseguro.com.br\/site\/2026\/05\/02\/insuficiencia-cardiaca-sinais-e-fatores-de-risco-desta-doenca-grave\/#article\",\"isPartOf\":{\"@id\":\"https:\/\/radioportoseguro.com.br\/site\/2026\/05\/02\/insuficiencia-cardiaca-sinais-e-fatores-de-risco-desta-doenca-grave\/\"},\"author\":{\"name\":\"admin\",\"@id\":\"https:\/\/radioportoseguro.com.br\/site\/#\/schema\/person\/7630acdc320186f13639d3c067ec089b\"},\"headline\":\"Insufici\u00eancia card\u00edaca: Sinais e fatores de risco desta doen\u00e7a grave\",\"datePublished\":\"2026-05-02T11:12:22+00:00\",\"mainEntityOfPage\":{\"@id\":\"https:\/\/radioportoseguro.com.br\/site\/2026\/05\/02\/insuficiencia-cardiaca-sinais-e-fatores-de-risco-desta-doenca-grave\/\"},\"wordCount\":554,\"image\":{\"@id\":\"https:\/\/radioportoseguro.com.br\/site\/2026\/05\/02\/insuficiencia-cardiaca-sinais-e-fatores-de-risco-desta-doenca-grave\/#primaryimage\"},\"thumbnailUrl\":\"https:\/\/radioportoseguro.com.br\/site\/wp-content\/uploads\/2026\/05\/naom_69ef422a34abd.webp.webp\",\"articleSection\":[\"Vida &amp; Estilo\"],\"inLanguage\":\"pt-BR\"},{\"@type\":\"WebPage\",\"@id\":\"https:\/\/radioportoseguro.com.br\/site\/2026\/05\/02\/insuficiencia-cardiaca-sinais-e-fatores-de-risco-desta-doenca-grave\/\",\"url\":\"https:\/\/radioportoseguro.com.br\/site\/2026\/05\/02\/insuficiencia-cardiaca-sinais-e-fatores-de-risco-desta-doenca-grave\/\",\"name\":\"Insufici\u00eancia card\u00edaca: Sinais e fatores de risco desta doen\u00e7a grave - R\u00e1dio Porto Seguro\",\"isPartOf\":{\"@id\":\"https:\/\/radioportoseguro.com.br\/site\/#website\"},\"primaryImageOfPage\":{\"@id\":\"https:\/\/radioportoseguro.com.br\/site\/2026\/05\/02\/insuficiencia-cardiaca-sinais-e-fatores-de-risco-desta-doenca-grave\/#primaryimage\"},\"image\":{\"@id\":\"https:\/\/radioportoseguro.com.br\/site\/2026\/05\/02\/insuficiencia-cardiaca-sinais-e-fatores-de-risco-desta-doenca-grave\/#primaryimage\"},\"thumbnailUrl\":\"https:\/\/radioportoseguro.com.br\/site\/wp-content\/uploads\/2026\/05\/naom_69ef422a34abd.webp.webp\",\"datePublished\":\"2026-05-02T11:12:22+00:00\",\"author\":{\"@id\":\"https:\/\/radioportoseguro.com.br\/site\/#\/schema\/person\/7630acdc320186f13639d3c067ec089b\"},\"breadcrumb\":{\"@id\":\"https:\/\/radioportoseguro.com.br\/site\/2026\/05\/02\/insuficiencia-cardiaca-sinais-e-fatores-de-risco-desta-doenca-grave\/#breadcrumb\"},\"inLanguage\":\"pt-BR\",\"potentialAction\":[{\"@type\":\"ReadAction\",\"target\":[\"https:\/\/radioportoseguro.com.br\/site\/2026\/05\/02\/insuficiencia-cardiaca-sinais-e-fatores-de-risco-desta-doenca-grave\/\"]}]},{\"@type\":\"ImageObject\",\"inLanguage\":\"pt-BR\",\"@id\":\"https:\/\/radioportoseguro.com.br\/site\/2026\/05\/02\/insuficiencia-cardiaca-sinais-e-fatores-de-risco-desta-doenca-grave\/#primaryimage\",\"url\":\"https:\/\/radioportoseguro.com.br\/site\/wp-content\/uploads\/2026\/05\/naom_69ef422a34abd.webp.webp\",\"contentUrl\":\"https:\/\/radioportoseguro.com.br\/site\/wp-content\/uploads\/2026\/05\/naom_69ef422a34abd.webp.webp\",\"width\":960,\"height\":540},{\"@type\":\"BreadcrumbList\",\"@id\":\"https:\/\/radioportoseguro.com.br\/site\/2026\/05\/02\/insuficiencia-cardiaca-sinais-e-fatores-de-risco-desta-doenca-grave\/#breadcrumb\",\"itemListElement\":[{\"@type\":\"ListItem\",\"position\":1,\"name\":\"In\u00edcio\",\"item\":\"https:\/\/radioportoseguro.com.br\/site\/\"},{\"@type\":\"ListItem\",\"position\":2,\"name\":\"Insufici\u00eancia card\u00edaca: Sinais e fatores de risco desta doen\u00e7a grave\"}]},{\"@type\":\"WebSite\",\"@id\":\"https:\/\/radioportoseguro.com.br\/site\/#website\",\"url\":\"https:\/\/radioportoseguro.com.br\/site\/\",\"name\":\"R\u00e1dio Porto Seguro\",\"description\":\"\",\"potentialAction\":[{\"@type\":\"SearchAction\",\"target\":{\"@type\":\"EntryPoint\",\"urlTemplate\":\"https:\/\/radioportoseguro.com.br\/site\/?s={search_term_string}\"},\"query-input\":{\"@type\":\"PropertyValueSpecification\",\"valueRequired\":true,\"valueName\":\"search_term_string\"}}],\"inLanguage\":\"pt-BR\"},{\"@type\":\"Person\",\"@id\":\"https:\/\/radioportoseguro.com.br\/site\/#\/schema\/person\/7630acdc320186f13639d3c067ec089b\",\"name\":\"admin\",\"image\":{\"@type\":\"ImageObject\",\"inLanguage\":\"pt-BR\",\"@id\":\"https:\/\/radioportoseguro.com.br\/site\/#\/schema\/person\/image\/\",\"url\":\"https:\/\/secure.gravatar.com\/avatar\/caacf4dc1eedb68fab0df8e1ed46c448e578b2466351bbcb61e47d2ac0caaef0?s=96&d=mm&r=g\",\"contentUrl\":\"https:\/\/secure.gravatar.com\/avatar\/caacf4dc1eedb68fab0df8e1ed46c448e578b2466351bbcb61e47d2ac0caaef0?s=96&d=mm&r=g\",\"caption\":\"admin\"},\"sameAs\":[\"https:\/\/radioportoseguro.com.br\/site\"],\"url\":\"https:\/\/radioportoseguro.com.br\/site\/author\/hezio\/\"}]}<\/script>\n<!-- \/ Yoast SEO plugin. -->","yoast_head_json":{"title":"Insufici\u00eancia card\u00edaca: Sinais e fatores de risco desta doen\u00e7a grave - R\u00e1dio Porto Seguro","robots":{"index":"index","follow":"follow","max-snippet":"max-snippet:-1","max-image-preview":"max-image-preview:large","max-video-preview":"max-video-preview:-1"},"canonical":"https:\/\/radioportoseguro.com.br\/site\/2026\/05\/02\/insuficiencia-cardiaca-sinais-e-fatores-de-risco-desta-doenca-grave\/","og_locale":"pt_BR","og_type":"article","og_title":"Insufici\u00eancia card\u00edaca: Sinais e fatores de risco desta doen\u00e7a grave - R\u00e1dio Porto Seguro","og_description":"Quando falamos de insufici\u00eancia card\u00edaca, voc\u00ea sabe do que se trata? Essa \u00e9 uma doen\u00e7a grave e cr\u00f4nica que precisa de tratamento e acompanhamento. Ficar atento aos sinais e fatores de risco pode ser fundamental. Saiba mais sobre essa condi\u00e7\u00e3o. De acordo com o Atlas da Sa\u00fade, nesta sexta-feira, 1\u00ba de maio, \u00e9 celebrado o [&hellip;]","og_url":"https:\/\/radioportoseguro.com.br\/site\/2026\/05\/02\/insuficiencia-cardiaca-sinais-e-fatores-de-risco-desta-doenca-grave\/","og_site_name":"R\u00e1dio Porto Seguro","article_published_time":"2026-05-02T11:12:22+00:00","og_image":[{"url":"https:\/\/media-manager.noticiasaominuto.com.br\/640\/naom_69ef422a34abd.webp","type":"","width":"","height":""}],"author":"admin","twitter_card":"summary_large_image","twitter_misc":{"Escrito por":"admin","Est. tempo de leitura":"3 minutos"},"schema":{"@context":"https:\/\/schema.org","@graph":[{"@type":"Article","@id":"https:\/\/radioportoseguro.com.br\/site\/2026\/05\/02\/insuficiencia-cardiaca-sinais-e-fatores-de-risco-desta-doenca-grave\/#article","isPartOf":{"@id":"https:\/\/radioportoseguro.com.br\/site\/2026\/05\/02\/insuficiencia-cardiaca-sinais-e-fatores-de-risco-desta-doenca-grave\/"},"author":{"name":"admin","@id":"https:\/\/radioportoseguro.com.br\/site\/#\/schema\/person\/7630acdc320186f13639d3c067ec089b"},"headline":"Insufici\u00eancia card\u00edaca: Sinais e fatores de risco desta doen\u00e7a grave","datePublished":"2026-05-02T11:12:22+00:00","mainEntityOfPage":{"@id":"https:\/\/radioportoseguro.com.br\/site\/2026\/05\/02\/insuficiencia-cardiaca-sinais-e-fatores-de-risco-desta-doenca-grave\/"},"wordCount":554,"image":{"@id":"https:\/\/radioportoseguro.com.br\/site\/2026\/05\/02\/insuficiencia-cardiaca-sinais-e-fatores-de-risco-desta-doenca-grave\/#primaryimage"},"thumbnailUrl":"https:\/\/radioportoseguro.com.br\/site\/wp-content\/uploads\/2026\/05\/naom_69ef422a34abd.webp.webp","articleSection":["Vida &amp; Estilo"],"inLanguage":"pt-BR"},{"@type":"WebPage","@id":"https:\/\/radioportoseguro.com.br\/site\/2026\/05\/02\/insuficiencia-cardiaca-sinais-e-fatores-de-risco-desta-doenca-grave\/","url":"https:\/\/radioportoseguro.com.br\/site\/2026\/05\/02\/insuficiencia-cardiaca-sinais-e-fatores-de-risco-desta-doenca-grave\/","name":"Insufici\u00eancia card\u00edaca: Sinais e fatores de risco desta doen\u00e7a grave - R\u00e1dio Porto Seguro","isPartOf":{"@id":"https:\/\/radioportoseguro.com.br\/site\/#website"},"primaryImageOfPage":{"@id":"https:\/\/radioportoseguro.com.br\/site\/2026\/05\/02\/insuficiencia-cardiaca-sinais-e-fatores-de-risco-desta-doenca-grave\/#primaryimage"},"image":{"@id":"https:\/\/radioportoseguro.com.br\/site\/2026\/05\/02\/insuficiencia-cardiaca-sinais-e-fatores-de-risco-desta-doenca-grave\/#primaryimage"},"thumbnailUrl":"https:\/\/radioportoseguro.com.br\/site\/wp-content\/uploads\/2026\/05\/naom_69ef422a34abd.webp.webp","datePublished":"2026-05-02T11:12:22+00:00","author":{"@id":"https:\/\/radioportoseguro.com.br\/site\/#\/schema\/person\/7630acdc320186f13639d3c067ec089b"},"breadcrumb":{"@id":"https:\/\/radioportoseguro.com.br\/site\/2026\/05\/02\/insuficiencia-cardiaca-sinais-e-fatores-de-risco-desta-doenca-grave\/#breadcrumb"},"inLanguage":"pt-BR","potentialAction":[{"@type":"ReadAction","target":["https:\/\/radioportoseguro.com.br\/site\/2026\/05\/02\/insuficiencia-cardiaca-sinais-e-fatores-de-risco-desta-doenca-grave\/"]}]},{"@type":"ImageObject","inLanguage":"pt-BR","@id":"https:\/\/radioportoseguro.com.br\/site\/2026\/05\/02\/insuficiencia-cardiaca-sinais-e-fatores-de-risco-desta-doenca-grave\/#primaryimage","url":"https:\/\/radioportoseguro.com.br\/site\/wp-content\/uploads\/2026\/05\/naom_69ef422a34abd.webp.webp","contentUrl":"https:\/\/radioportoseguro.com.br\/site\/wp-content\/uploads\/2026\/05\/naom_69ef422a34abd.webp.webp","width":960,"height":540},{"@type":"BreadcrumbList","@id":"https:\/\/radioportoseguro.com.br\/site\/2026\/05\/02\/insuficiencia-cardiaca-sinais-e-fatores-de-risco-desta-doenca-grave\/#breadcrumb","itemListElement":[{"@type":"ListItem","position":1,"name":"In\u00edcio","item":"https:\/\/radioportoseguro.com.br\/site\/"},{"@type":"ListItem","position":2,"name":"Insufici\u00eancia card\u00edaca: Sinais e fatores de risco desta doen\u00e7a grave"}]},{"@type":"WebSite","@id":"https:\/\/radioportoseguro.com.br\/site\/#website","url":"https:\/\/radioportoseguro.com.br\/site\/","name":"R\u00e1dio Porto Seguro","description":"","potentialAction":[{"@type":"SearchAction","target":{"@type":"EntryPoint","urlTemplate":"https:\/\/radioportoseguro.com.br\/site\/?s={search_term_string}"},"query-input":{"@type":"PropertyValueSpecification","valueRequired":true,"valueName":"search_term_string"}}],"inLanguage":"pt-BR"},{"@type":"Person","@id":"https:\/\/radioportoseguro.com.br\/site\/#\/schema\/person\/7630acdc320186f13639d3c067ec089b","name":"admin","image":{"@type":"ImageObject","inLanguage":"pt-BR","@id":"https:\/\/radioportoseguro.com.br\/site\/#\/schema\/person\/image\/","url":"https:\/\/secure.gravatar.com\/avatar\/caacf4dc1eedb68fab0df8e1ed46c448e578b2466351bbcb61e47d2ac0caaef0?s=96&d=mm&r=g","contentUrl":"https:\/\/secure.gravatar.com\/avatar\/caacf4dc1eedb68fab0df8e1ed46c448e578b2466351bbcb61e47d2ac0caaef0?s=96&d=mm&r=g","caption":"admin"},"sameAs":["https:\/\/radioportoseguro.com.br\/site"],"url":"https:\/\/radioportoseguro.com.br\/site\/author\/hezio\/"}]}},"_links":{"self":[{"href":"https:\/\/radioportoseguro.com.br\/site\/wp-json\/wp\/v2\/posts\/6580","targetHints":{"allow":["GET"]}}],"collection":[{"href":"https:\/\/radioportoseguro.com.br\/site\/wp-json\/wp\/v2\/posts"}],"about":[{"href":"https:\/\/radioportoseguro.com.br\/site\/wp-json\/wp\/v2\/types\/post"}],"author":[{"embeddable":true,"href":"https:\/\/radioportoseguro.com.br\/site\/wp-json\/wp\/v2\/users\/1"}],"replies":[{"embeddable":true,"href":"https:\/\/radioportoseguro.com.br\/site\/wp-json\/wp\/v2\/comments?post=6580"}],"version-history":[{"count":0,"href":"https:\/\/radioportoseguro.com.br\/site\/wp-json\/wp\/v2\/posts\/6580\/revisions"}],"wp:featuredmedia":[{"embeddable":true,"href":"https:\/\/radioportoseguro.com.br\/site\/wp-json\/wp\/v2\/media\/6581"}],"wp:attachment":[{"href":"https:\/\/radioportoseguro.com.br\/site\/wp-json\/wp\/v2\/media?parent=6580"}],"wp:term":[{"taxonomy":"category","embeddable":true,"href":"https:\/\/radioportoseguro.com.br\/site\/wp-json\/wp\/v2\/categories?post=6580"},{"taxonomy":"post_tag","embeddable":true,"href":"https:\/\/radioportoseguro.com.br\/site\/wp-json\/wp\/v2\/tags?post=6580"}],"curies":[{"name":"wp","href":"https:\/\/api.w.org\/{rel}","templated":true}]}}